{"id":98424,"date":"2025-11-05T13:19:09","date_gmt":"2025-11-05T11:19:09","guid":{"rendered":"https:\/\/kibrisdakik.com\/index.php\/2025\/11\/05\/israil-saldirilari-gazzede-yaklasik-1400-yillik-buyuk-omeri-camisini-yikintiya-cevirdi\/"},"modified":"2025-11-05T13:19:09","modified_gmt":"2025-11-05T11:19:09","slug":"israil-saldirilari-gazzede-yaklasik-1400-yillik-buyuk-omeri-camisini-yikintiya-cevirdi","status":"publish","type":"post","link":"https:\/\/kibrisdakik.com\/?p=98424","title":{"rendered":"\u0130srail sald\u0131r\u0131lar\u0131, Gazze&#039;de yakla\u015f\u0131k 1400 y\u0131ll\u0131k B\u00fcy\u00fck \u00d6meri Camisini y\u0131k\u0131nt\u0131ya \u00e7evirdi"},"content":{"rendered":"<p><\/p>\n<div class=\"news-content\">\n<p>\n\tGazze\u2019nin eski \u015fehir merkezinde, y\u0131k\u0131ma direnen caminin minaresi, kentin en eski ve en k\u00f6kl\u00fc camilerinden birine a\u00e7\u0131lan &#8220;derin yaran\u0131n&#8221; tan\u0131\u011f\u0131 olarak ayakta duruyor.<\/p>\n<p>\n\tTarihi Filistin topraklar\u0131nda yerel dinler i\u00e7in mabed olarak kurulan yap\u0131, Bizansl\u0131lar taraf\u0131ndan 5. y\u00fczy\u0131lda kiliseye, 7. y\u00fczy\u0131lda Halife Hz. \u00d6mer d\u00f6neminde camiye \u00e7evrildi.<\/p>\n<p>\n\tGazze&#8217;nin &#8220;Ulu Camisi&#8221; olarak an\u0131lan mabed, y\u00fczy\u0131llard\u0131r Gazze kentinin kalbi konumunda, halk\u0131n ve alimlerin u\u011frak noktas\u0131 oldu.<\/p>\n<\/p>\n<p><\/p>\n<p>\n\tAncak \u0130srail ordusunun bombard\u0131manlar\u0131, caminin b\u00fcy\u00fck bir k\u0131sm\u0131n\u0131 yerle bir ederken, geni\u015f avlusu da &#8220;tarihin kokusunun tozlara kar\u0131\u015ft\u0131\u011f\u0131&#8221; bir ta\u015f y\u0131\u011f\u0131n\u0131na d\u00f6n\u00fc\u015ft\u00fc.<\/p>\n<p>\n\t\u0130srail, 2 y\u0131l s\u00fcren Gazze&#8217;deki soyk\u0131r\u0131m\u0131nda, 835\u2019ten fazla camiyi tamamen y\u0131karken, sald\u0131r\u0131larda 180\u2019den fazla cami de farkl\u0131 derecelerde k\u0131smi hasar g\u00f6rd\u00fc.<\/p>\n<h2>\n\tK\u00f6kl\u00fc bir dini ve tarihi eser<\/h2>\n<p>\n\tB\u00fcy\u00fck \u00d6meri Camisi, Gazze\u2019nin en eski camisi olarak kabul ediliyor ve kentin geleneksel \u00e7ar\u015f\u0131n\u0131n yak\u0131n\u0131nda yer al\u0131yor.<\/p>\n<p>\n\tCaminin toplam alan\u0131 yakla\u015f\u0131k 1600 metrekareyken, 410 metrekaresi i\u00e7 ibadet alan\u0131, 1190 metrekaresi ise binlerce ki\u015fiyi a\u011f\u0131rlayan geni\u015f avlu olarak kullan\u0131l\u0131yor.<\/p>\n<\/p>\n<p><img decoding=\"async\" alt=\"\u0130srail sald\u0131r\u0131lar\u0131, Gazze'de yakla\u015f\u0131k 1400 y\u0131ll\u0131k B\u00fcy\u00fck \u00d6meri Camisini &quot;y\u0131k\u0131nt\u0131ya&quot; \u00e7evirdi\" src=\"https:\/\/www.trthaber.com\/dosyalar\/images\/AA-20251101-39582533-39582527-ISRAIL_SALDIRILARINDA_YIKIMA_UGRAYAN_14_ASIRLIK_GAZZE_ULU_CAMISI.jpg\"><\/p>\n<p>\n\tEski mimari \u00fcslubu yans\u0131tan 38 sa\u011flam mermer s\u00fctun \u00fczerine in\u015fa edilen cami, bu \u00f6zelli\u011fiyle nesiller boyunca aktar\u0131lan bir mimari \u015faheser olarak biliniyor.<\/p>\n<p>\n\tB\u00fcy\u00fck \u00d6meri Camisi, Gazze\u2019nin en b\u00fcy\u00fck ve en k\u00f6kl\u00fc camilerinden biri olmas\u0131n\u0131n yan\u0131 s\u0131ra, Filistin\u2019de Mescid-i Aksa ve Akka\u2019daki Cezzar Ahmed Pa\u015fa Camisinden sonra \u00fc\u00e7\u00fcnc\u00fc en b\u00fcy\u00fck cami olarak kabul ediliyordu.<\/p>\n<h2>\n\tY\u00fczy\u0131llar boyunca ya\u015fanan dini d\u00f6n\u00fc\u015f\u00fcmler<\/h2>\n<p>\n\tFetihlerle an\u0131lan Halife Hz. \u00d6mer&#8217;in onuruna &#8220;\u00d6meri Camisi&#8221; olarak adland\u0131r\u0131lan yap\u0131, ayn\u0131 zamanda Gazze\u2019nin en b\u00fcy\u00fck camisi olma \u00f6zelli\u011fini ta\u015f\u0131yor; bu nedenle \u201cEl-Kebir\u201d (B\u00fcy\u00fck Cami) olarak da biliniyor.<\/p>\n<p>\n\tCaminin bulundu\u011fu yerin tarihi milattan \u00f6ncesine kadar uzan\u0131yor. Ba\u015flang\u0131\u00e7ta eski bir tap\u0131nak olan bu yap\u0131, 5. y\u00fczy\u0131lda Bizansl\u0131lar taraf\u0131ndan kiliseye d\u00f6n\u00fc\u015ft\u00fcr\u00fcl\u00fcyor.<\/p>\n<\/p>\n<p><img decoding=\"async\" alt=\"\u0130srail sald\u0131r\u0131lar\u0131, Gazze'de yakla\u015f\u0131k 1400 y\u0131ll\u0131k B\u00fcy\u00fck \u00d6meri Camisini &quot;y\u0131k\u0131nt\u0131ya&quot; \u00e7evirdi\" src=\"https:\/\/www.trthaber.com\/dosyalar\/images\/AA-20251101-39582533-39582517-ISRAIL_SALDIRILARINDA_YIKIMA_UGRAYAN_14_ASIRLIK_GAZZE_ULU_CAMISI.jpg\"><\/p>\n<p>\n\tM\u00fcsl\u00fcmanlar\u0131n 7. y\u00fczy\u0131ldaki fethi sonras\u0131nda yap\u0131 yeniden in\u015fa edilerek camiye \u00e7evriliyor ancak 1033 y\u0131l\u0131ndaki depremde minaresi \u00e7\u00f6k\u00fcyor.<\/p>\n<p>\n\tHa\u00e7l\u0131lar, 1149 y\u0131l\u0131nda camiyi Vaftizci Yahya\u2019ya adanan bir katedrale \u00e7eviriyor. Fakat 1187\u2019deki H\u0131ttin Sava\u015f\u0131 sonras\u0131nda Eyyubiler yap\u0131y\u0131 geri al\u0131p yeniden cami olarak in\u015fa ediyor.<\/p>\n<p>\n\tMeml\u00fckler taraf\u0131ndan 13. y\u00fczy\u0131lda restore edilen cami, 1260\u2019ta Mo\u011follar\u0131n sald\u0131r\u0131s\u0131yla tahrip ediliyor ancak k\u0131sa s\u00fcrede M\u00fcsl\u00fcmanlar\u0131n eline ge\u00e7erek yeniden ihya ediliyor.<\/p>\n<\/p>\n<p><img decoding=\"async\" alt=\"\u0130srail sald\u0131r\u0131lar\u0131, Gazze'de yakla\u015f\u0131k 1400 y\u0131ll\u0131k B\u00fcy\u00fck \u00d6meri Camisini &quot;y\u0131k\u0131nt\u0131ya&quot; \u00e7evirdi\" src=\"https:\/\/www.trthaber.com\/dosyalar\/images\/AA-20251101-39582533-39582525-ISRAIL_SALDIRILARINDA_YIKIMA_UGRAYAN_14_ASIRLIK_GAZZE_ULU_CAMISI.jpg\"><\/p>\n<p>\n\tY\u00fczy\u0131l\u0131n sonlar\u0131na do\u011fru b\u00f6lgeyi sarsan bir deprem, caminin bir kez daha y\u0131k\u0131lmas\u0131na yol a\u00e7\u0131yor.<\/p>\n<p>\n\t15. y\u00fczy\u0131lda, Osmanl\u0131lar camiyi depremlerin ard\u0131ndan restore ediyor ancak yap\u0131 I. D\u00fcnya Sava\u015f\u0131 s\u0131ras\u0131nda \u0130ngiliz bombard\u0131man\u0131nda yeniden hasar g\u00f6r\u00fcyor.<\/p>\n<p>\n\t1925 y\u0131l\u0131nda, Y\u00fcksek \u0130slam Konseyi camiyi bir kez daha onararak Gazze halk\u0131n\u0131n ya\u015fam\u0131nda merkezi bir simge haline getirdi. Ancak cami, \u0130srail\u2019in ate\u015fkese kadar s\u00fcren 2 y\u0131ll\u0131k sald\u0131r\u0131lar\u0131nda, birka\u00e7 kez isabet alarak tamamen harabeye d\u00f6nd\u00fc.<\/p>\n<div class=\"news-tags\">\n<div class=\"title\">ET\u0130KETLER<\/div>\n<div class=\"tags\">\n                                                                            Gazze<br \/>\n                                                                            \u0130srail<br \/>\n                                                                            \u0130srail&#8217;in Gazze Soyk\u0131r\u0131m\u0131\n                                                                    <\/div>\n<\/p><\/div>\n<\/p><\/div>\n","protected":false},"excerpt":{"rendered":"<p>Gazze\u2019nin eski \u015fehir merkezinde, y\u0131k\u0131ma direnen caminin minaresi, kentin en eski ve en k\u00f6kl\u00fc camilerinden birine a\u00e7\u0131lan &#8220;derin yaran\u0131n&#8221; tan\u0131\u011f\u0131 olarak ayakta duruyor. Tarihi Filistin topraklar\u0131nda yerel dinler i\u00e7in mabed olarak kurulan yap\u0131, Bizansl\u0131lar taraf\u0131ndan 5. y\u00fczy\u0131lda kiliseye, 7. y\u00fczy\u0131lda Halife Hz. \u00d6mer d\u00f6neminde camiye \u00e7evrildi. Gazze&#8217;nin &#8220;Ulu Camisi&#8221; olarak an\u0131lan mabed, y\u00fczy\u0131llard\u0131r Gazze kentinin<\/p>\n","protected":false},"author":1,"featured_media":98425,"comment_status":"open","ping_status":"open","sticky":false,"template":"","format":"standard","meta":{"footnotes":""},"categories":[306],"tags":[],"class_list":["post-98424","post","type-post","status-publish","format-standard","has-post-thumbnail","hentry","category-dunya"],"yoast_head":"<!-- This site is optimized with the Yoast SEO plugin v27.5 - https:\/\/yoast.com\/product\/yoast-seo-wordpress\/ -->\n<title>\u0130srail sald\u0131r\u0131lar\u0131, Gazze&#039;de yakla\u015f\u0131k 1400 y\u0131ll\u0131k B\u00fcy\u00fck \u00d6meri Camisini y\u0131k\u0131nt\u0131ya \u00e7evirdi -<\/title>\n<meta name=\"robots\" content=\"index, follow, max-snippet:-1, max-image-preview:large, max-video-preview:-1\" \/>\n<link rel=\"canonical\" href=\"https:\/\/kibrisdakik.com\/?p=98424\" \/>\n<meta property=\"og:locale\" content=\"tr_TR\" \/>\n<meta property=\"og:type\" content=\"article\" \/>\n<meta property=\"og:title\" content=\"\u0130srail sald\u0131r\u0131lar\u0131, Gazze&#039;de yakla\u015f\u0131k 1400 y\u0131ll\u0131k B\u00fcy\u00fck \u00d6meri Camisini y\u0131k\u0131nt\u0131ya \u00e7evirdi -\" \/>\n<meta property=\"og:description\" content=\"Gazze\u2019nin eski \u015fehir merkezinde, y\u0131k\u0131ma direnen caminin minaresi, kentin en eski ve en k\u00f6kl\u00fc camilerinden birine a\u00e7\u0131lan &#8220;derin yaran\u0131n&#8221; tan\u0131\u011f\u0131 olarak ayakta duruyor. Tarihi Filistin topraklar\u0131nda yerel dinler i\u00e7in mabed olarak kurulan yap\u0131, Bizansl\u0131lar taraf\u0131ndan 5. y\u00fczy\u0131lda kiliseye, 7. y\u00fczy\u0131lda Halife Hz. \u00d6mer d\u00f6neminde camiye \u00e7evrildi. Gazze&#8217;nin &#8220;Ulu Camisi&#8221; olarak an\u0131lan mabed, y\u00fczy\u0131llard\u0131r Gazze kentinin\" \/>\n<meta property=\"og:url\" content=\"https:\/\/kibrisdakik.com\/?p=98424\" \/>\n<meta property=\"article:published_time\" content=\"2025-11-05T11:19:09+00:00\" \/>\n<meta property=\"og:image\" content=\"https:\/\/kibrisdakik.com\/wp-content\/uploads\/2025\/11\/gazze-buyuk-omeri-camisi-aa-2414564.jpg\" \/>\n\t<meta property=\"og:image:width\" content=\"1280\" \/>\n\t<meta property=\"og:image:height\" content=\"720\" \/>\n\t<meta property=\"og:image:type\" content=\"image\/jpeg\" \/>\n<meta name=\"author\" content=\"admin\" \/>\n<meta name=\"twitter:card\" content=\"summary_large_image\" \/>\n<meta name=\"twitter:label1\" content=\"Yazan:\" \/>\n\t<meta name=\"twitter:data1\" content=\"admin\" \/>\n\t<meta name=\"twitter:label2\" content=\"Tahmini okuma s\u00fcresi\" \/>\n\t<meta name=\"twitter:data2\" content=\"3 dakika\" \/>\n<script type=\"application\/ld+json\" class=\"yoast-schema-graph\">{\"@context\":\"https:\\\/\\\/schema.org\",\"@graph\":[{\"@type\":\"Article\",\"@id\":\"https:\\\/\\\/kibrisdakik.com\\\/?p=98424#article\",\"isPartOf\":{\"@id\":\"https:\\\/\\\/kibrisdakik.com\\\/?p=98424\"},\"author\":{\"name\":\"admin\",\"@id\":\"https:\\\/\\\/kibrisdakik.com\\\/#\\\/schema\\\/person\\\/9cd9d437bbb44f72b73ba127e06d8e79\"},\"headline\":\"\u0130srail sald\u0131r\u0131lar\u0131, Gazze&#039;de yakla\u015f\u0131k 1400 y\u0131ll\u0131k B\u00fcy\u00fck \u00d6meri Camisini y\u0131k\u0131nt\u0131ya \u00e7evirdi\",\"datePublished\":\"2025-11-05T11:19:09+00:00\",\"mainEntityOfPage\":{\"@id\":\"https:\\\/\\\/kibrisdakik.com\\\/?p=98424\"},\"wordCount\":577,\"commentCount\":0,\"image\":{\"@id\":\"https:\\\/\\\/kibrisdakik.com\\\/?p=98424#primaryimage\"},\"thumbnailUrl\":\"https:\\\/\\\/kibrisdakik.com\\\/wp-content\\\/uploads\\\/2025\\\/11\\\/gazze-buyuk-omeri-camisi-aa-2414564.jpg\",\"articleSection\":[\"D\u00fcnya\"],\"inLanguage\":\"tr\",\"potentialAction\":[{\"@type\":\"CommentAction\",\"name\":\"Comment\",\"target\":[\"https:\\\/\\\/kibrisdakik.com\\\/?p=98424#respond\"]}]},{\"@type\":\"WebPage\",\"@id\":\"https:\\\/\\\/kibrisdakik.com\\\/?p=98424\",\"url\":\"https:\\\/\\\/kibrisdakik.com\\\/?p=98424\",\"name\":\"\u0130srail sald\u0131r\u0131lar\u0131, Gazze&#039;de yakla\u015f\u0131k 1400 y\u0131ll\u0131k B\u00fcy\u00fck \u00d6meri Camisini y\u0131k\u0131nt\u0131ya \u00e7evirdi -\",\"isPartOf\":{\"@id\":\"https:\\\/\\\/kibrisdakik.com\\\/#website\"},\"primaryImageOfPage\":{\"@id\":\"https:\\\/\\\/kibrisdakik.com\\\/?p=98424#primaryimage\"},\"image\":{\"@id\":\"https:\\\/\\\/kibrisdakik.com\\\/?p=98424#primaryimage\"},\"thumbnailUrl\":\"https:\\\/\\\/kibrisdakik.com\\\/wp-content\\\/uploads\\\/2025\\\/11\\\/gazze-buyuk-omeri-camisi-aa-2414564.jpg\",\"datePublished\":\"2025-11-05T11:19:09+00:00\",\"author\":{\"@id\":\"https:\\\/\\\/kibrisdakik.com\\\/#\\\/schema\\\/person\\\/9cd9d437bbb44f72b73ba127e06d8e79\"},\"breadcrumb\":{\"@id\":\"https:\\\/\\\/kibrisdakik.com\\\/?p=98424#breadcrumb\"},\"inLanguage\":\"tr\",\"potentialAction\":[{\"@type\":\"ReadAction\",\"target\":[\"https:\\\/\\\/kibrisdakik.com\\\/?p=98424\"]}]},{\"@type\":\"ImageObject\",\"inLanguage\":\"tr\",\"@id\":\"https:\\\/\\\/kibrisdakik.com\\\/?p=98424#primaryimage\",\"url\":\"https:\\\/\\\/kibrisdakik.com\\\/wp-content\\\/uploads\\\/2025\\\/11\\\/gazze-buyuk-omeri-camisi-aa-2414564.jpg\",\"contentUrl\":\"https:\\\/\\\/kibrisdakik.com\\\/wp-content\\\/uploads\\\/2025\\\/11\\\/gazze-buyuk-omeri-camisi-aa-2414564.jpg\",\"width\":1280,\"height\":720},{\"@type\":\"BreadcrumbList\",\"@id\":\"https:\\\/\\\/kibrisdakik.com\\\/?p=98424#breadcrumb\",\"itemListElement\":[{\"@type\":\"ListItem\",\"position\":1,\"name\":\"Home\",\"item\":\"https:\\\/\\\/kibrisdakik.com\\\/\"},{\"@type\":\"ListItem\",\"position\":2,\"name\":\"\u0130srail sald\u0131r\u0131lar\u0131, Gazze&#039;de yakla\u015f\u0131k 1400 y\u0131ll\u0131k B\u00fcy\u00fck \u00d6meri Camisini y\u0131k\u0131nt\u0131ya \u00e7evirdi\"}]},{\"@type\":\"WebSite\",\"@id\":\"https:\\\/\\\/kibrisdakik.com\\\/#website\",\"url\":\"https:\\\/\\\/kibrisdakik.com\\\/\",\"name\":\"\",\"description\":\"Tam vaktinde haber\",\"potentialAction\":[{\"@type\":\"SearchAction\",\"target\":{\"@type\":\"EntryPoint\",\"urlTemplate\":\"https:\\\/\\\/kibrisdakik.com\\\/?s={search_term_string}\"},\"query-input\":{\"@type\":\"PropertyValueSpecification\",\"valueRequired\":true,\"valueName\":\"search_term_string\"}}],\"inLanguage\":\"tr\"},{\"@type\":\"Person\",\"@id\":\"https:\\\/\\\/kibrisdakik.com\\\/#\\\/schema\\\/person\\\/9cd9d437bbb44f72b73ba127e06d8e79\",\"name\":\"admin\",\"image\":{\"@type\":\"ImageObject\",\"inLanguage\":\"tr\",\"@id\":\"https:\\\/\\\/secure.gravatar.com\\\/avatar\\\/ccc17943b9d660506c869530f897617f7cb1c21a4bf30023f252596d83e1f007?s=96&d=mm&r=g\",\"url\":\"https:\\\/\\\/secure.gravatar.com\\\/avatar\\\/ccc17943b9d660506c869530f897617f7cb1c21a4bf30023f252596d83e1f007?s=96&d=mm&r=g\",\"contentUrl\":\"https:\\\/\\\/secure.gravatar.com\\\/avatar\\\/ccc17943b9d660506c869530f897617f7cb1c21a4bf30023f252596d83e1f007?s=96&d=mm&r=g\",\"caption\":\"admin\"},\"sameAs\":[\"https:\\\/\\\/kibrisdakik.com\"],\"url\":\"https:\\\/\\\/kibrisdakik.com\\\/?author=1\"}]}<\/script>\n<!-- \/ Yoast SEO plugin. -->","yoast_head_json":{"title":"\u0130srail sald\u0131r\u0131lar\u0131, Gazze&#039;de yakla\u015f\u0131k 1400 y\u0131ll\u0131k B\u00fcy\u00fck \u00d6meri Camisini y\u0131k\u0131nt\u0131ya \u00e7evirdi -","robots":{"index":"index","follow":"follow","max-snippet":"max-snippet:-1","max-image-preview":"max-image-preview:large","max-video-preview":"max-video-preview:-1"},"canonical":"https:\/\/kibrisdakik.com\/?p=98424","og_locale":"tr_TR","og_type":"article","og_title":"\u0130srail sald\u0131r\u0131lar\u0131, Gazze&#039;de yakla\u015f\u0131k 1400 y\u0131ll\u0131k B\u00fcy\u00fck \u00d6meri Camisini y\u0131k\u0131nt\u0131ya \u00e7evirdi -","og_description":"Gazze\u2019nin eski \u015fehir merkezinde, y\u0131k\u0131ma direnen caminin minaresi, kentin en eski ve en k\u00f6kl\u00fc camilerinden birine a\u00e7\u0131lan &#8220;derin yaran\u0131n&#8221; tan\u0131\u011f\u0131 olarak ayakta duruyor. Tarihi Filistin topraklar\u0131nda yerel dinler i\u00e7in mabed olarak kurulan yap\u0131, Bizansl\u0131lar taraf\u0131ndan 5. y\u00fczy\u0131lda kiliseye, 7. y\u00fczy\u0131lda Halife Hz. \u00d6mer d\u00f6neminde camiye \u00e7evrildi. Gazze&#8217;nin &#8220;Ulu Camisi&#8221; olarak an\u0131lan mabed, y\u00fczy\u0131llard\u0131r Gazze kentinin","og_url":"https:\/\/kibrisdakik.com\/?p=98424","article_published_time":"2025-11-05T11:19:09+00:00","og_image":[{"width":1280,"height":720,"url":"https:\/\/kibrisdakik.com\/wp-content\/uploads\/2025\/11\/gazze-buyuk-omeri-camisi-aa-2414564.jpg","type":"image\/jpeg"}],"author":"admin","twitter_card":"summary_large_image","twitter_misc":{"Yazan:":"admin","Tahmini okuma s\u00fcresi":"3 dakika"},"schema":{"@context":"https:\/\/schema.org","@graph":[{"@type":"Article","@id":"https:\/\/kibrisdakik.com\/?p=98424#article","isPartOf":{"@id":"https:\/\/kibrisdakik.com\/?p=98424"},"author":{"name":"admin","@id":"https:\/\/kibrisdakik.com\/#\/schema\/person\/9cd9d437bbb44f72b73ba127e06d8e79"},"headline":"\u0130srail sald\u0131r\u0131lar\u0131, Gazze&#039;de yakla\u015f\u0131k 1400 y\u0131ll\u0131k B\u00fcy\u00fck \u00d6meri Camisini y\u0131k\u0131nt\u0131ya \u00e7evirdi","datePublished":"2025-11-05T11:19:09+00:00","mainEntityOfPage":{"@id":"https:\/\/kibrisdakik.com\/?p=98424"},"wordCount":577,"commentCount":0,"image":{"@id":"https:\/\/kibrisdakik.com\/?p=98424#primaryimage"},"thumbnailUrl":"https:\/\/kibrisdakik.com\/wp-content\/uploads\/2025\/11\/gazze-buyuk-omeri-camisi-aa-2414564.jpg","articleSection":["D\u00fcnya"],"inLanguage":"tr","potentialAction":[{"@type":"CommentAction","name":"Comment","target":["https:\/\/kibrisdakik.com\/?p=98424#respond"]}]},{"@type":"WebPage","@id":"https:\/\/kibrisdakik.com\/?p=98424","url":"https:\/\/kibrisdakik.com\/?p=98424","name":"\u0130srail sald\u0131r\u0131lar\u0131, Gazze&#039;de yakla\u015f\u0131k 1400 y\u0131ll\u0131k B\u00fcy\u00fck \u00d6meri Camisini y\u0131k\u0131nt\u0131ya \u00e7evirdi -","isPartOf":{"@id":"https:\/\/kibrisdakik.com\/#website"},"primaryImageOfPage":{"@id":"https:\/\/kibrisdakik.com\/?p=98424#primaryimage"},"image":{"@id":"https:\/\/kibrisdakik.com\/?p=98424#primaryimage"},"thumbnailUrl":"https:\/\/kibrisdakik.com\/wp-content\/uploads\/2025\/11\/gazze-buyuk-omeri-camisi-aa-2414564.jpg","datePublished":"2025-11-05T11:19:09+00:00","author":{"@id":"https:\/\/kibrisdakik.com\/#\/schema\/person\/9cd9d437bbb44f72b73ba127e06d8e79"},"breadcrumb":{"@id":"https:\/\/kibrisdakik.com\/?p=98424#breadcrumb"},"inLanguage":"tr","potentialAction":[{"@type":"ReadAction","target":["https:\/\/kibrisdakik.com\/?p=98424"]}]},{"@type":"ImageObject","inLanguage":"tr","@id":"https:\/\/kibrisdakik.com\/?p=98424#primaryimage","url":"https:\/\/kibrisdakik.com\/wp-content\/uploads\/2025\/11\/gazze-buyuk-omeri-camisi-aa-2414564.jpg","contentUrl":"https:\/\/kibrisdakik.com\/wp-content\/uploads\/2025\/11\/gazze-buyuk-omeri-camisi-aa-2414564.jpg","width":1280,"height":720},{"@type":"BreadcrumbList","@id":"https:\/\/kibrisdakik.com\/?p=98424#breadcrumb","itemListElement":[{"@type":"ListItem","position":1,"name":"Home","item":"https:\/\/kibrisdakik.com\/"},{"@type":"ListItem","position":2,"name":"\u0130srail sald\u0131r\u0131lar\u0131, Gazze&#039;de yakla\u015f\u0131k 1400 y\u0131ll\u0131k B\u00fcy\u00fck \u00d6meri Camisini y\u0131k\u0131nt\u0131ya \u00e7evirdi"}]},{"@type":"WebSite","@id":"https:\/\/kibrisdakik.com\/#website","url":"https:\/\/kibrisdakik.com\/","name":"","description":"Tam vaktinde haber","potentialAction":[{"@type":"SearchAction","target":{"@type":"EntryPoint","urlTemplate":"https:\/\/kibrisdakik.com\/?s={search_term_string}"},"query-input":{"@type":"PropertyValueSpecification","valueRequired":true,"valueName":"search_term_string"}}],"inLanguage":"tr"},{"@type":"Person","@id":"https:\/\/kibrisdakik.com\/#\/schema\/person\/9cd9d437bbb44f72b73ba127e06d8e79","name":"admin","image":{"@type":"ImageObject","inLanguage":"tr","@id":"https:\/\/secure.gravatar.com\/avatar\/ccc17943b9d660506c869530f897617f7cb1c21a4bf30023f252596d83e1f007?s=96&d=mm&r=g","url":"https:\/\/secure.gravatar.com\/avatar\/ccc17943b9d660506c869530f897617f7cb1c21a4bf30023f252596d83e1f007?s=96&d=mm&r=g","contentUrl":"https:\/\/secure.gravatar.com\/avatar\/ccc17943b9d660506c869530f897617f7cb1c21a4bf30023f252596d83e1f007?s=96&d=mm&r=g","caption":"admin"},"sameAs":["https:\/\/kibrisdakik.com"],"url":"https:\/\/kibrisdakik.com\/?author=1"}]}},"_links":{"self":[{"href":"https:\/\/kibrisdakik.com\/index.php?rest_route=\/wp\/v2\/posts\/98424","targetHints":{"allow":["GET"]}}],"collection":[{"href":"https:\/\/kibrisdakik.com\/index.php?rest_route=\/wp\/v2\/posts"}],"about":[{"href":"https:\/\/kibrisdakik.com\/index.php?rest_route=\/wp\/v2\/types\/post"}],"author":[{"embeddable":true,"href":"https:\/\/kibrisdakik.com\/index.php?rest_route=\/wp\/v2\/users\/1"}],"replies":[{"embeddable":true,"href":"https:\/\/kibrisdakik.com\/index.php?rest_route=%2Fwp%2Fv2%2Fcomments&post=98424"}],"version-history":[{"count":0,"href":"https:\/\/kibrisdakik.com\/index.php?rest_route=\/wp\/v2\/posts\/98424\/revisions"}],"wp:featuredmedia":[{"embeddable":true,"href":"https:\/\/kibrisdakik.com\/index.php?rest_route=\/wp\/v2\/media\/98425"}],"wp:attachment":[{"href":"https:\/\/kibrisdakik.com\/index.php?rest_route=%2Fwp%2Fv2%2Fmedia&parent=98424"}],"wp:term":[{"taxonomy":"category","embeddable":true,"href":"https:\/\/kibrisdakik.com\/index.php?rest_route=%2Fwp%2Fv2%2Fcategories&post=98424"},{"taxonomy":"post_tag","embeddable":true,"href":"https:\/\/kibrisdakik.com\/index.php?rest_route=%2Fwp%2Fv2%2Ftags&post=98424"}],"curies":[{"name":"wp","href":"https:\/\/api.w.org\/{rel}","templated":true}]}}