{"id":98470,"date":"2025-11-05T16:58:02","date_gmt":"2025-11-05T14:58:02","guid":{"rendered":"https:\/\/kibrisdakik.com\/index.php\/2025\/11\/05\/katil-israilin-yerinden-ettigi-filistinliler-bati-seriada-evlerine-donmek-icin-gosteri-duzenledi\/"},"modified":"2025-11-05T16:58:02","modified_gmt":"2025-11-05T14:58:02","slug":"katil-israilin-yerinden-ettigi-filistinliler-bati-seriada-evlerine-donmek-icin-gosteri-duzenledi","status":"publish","type":"post","link":"https:\/\/kibrisdakik.com\/?p=98470","title":{"rendered":"Katil \u0130srail&#039;in yerinden etti\u011fi Filistinliler, Bat\u0131 \u015eeria&#039;da evlerine d\u00f6nmek i\u00e7in g\u00f6steri d\u00fczenledi"},"content":{"rendered":"<p><\/p>\n<div class=\"news-content\">\n<p>\n\t\u00c7ok say\u0131da yerinden edilen Filistinli, Tulkerim kentindeki Nur \u015eems Kamp\u0131 \u00f6n\u00fcnde d\u00fczenlenen eyleme kat\u0131ld\u0131.<\/p>\n<p>\n\tFilistinliler, 2025&#8217;in ilk ay\u0131nda \u0130srail bask\u0131s\u0131yla terk etmek zorunda kald\u0131klar\u0131 kampa ula\u015fmaya \u00e7al\u0131\u015ft\u0131, ancak \u0130srail ordusu onlar\u0131n kampa girmesine izin vermedi.<\/p>\n<p>\n\t\u0130srail&#8217;in kampa sald\u0131r\u0131 ve bask\u0131nlar\u0131n\u0131 k\u0131nayan sloganlar atan Filistinliler pankartlar ta\u015f\u0131d\u0131 ve evlerine d\u00f6nme talebinde bulundu.<\/p>\n<p>\n\tYerinden edilen Filistinli kad\u0131n Enise Halil, AA&#8217;ya yapt\u0131\u011f\u0131 a\u00e7\u0131klamada, herkesten evlerine d\u00f6nmek i\u00e7in dayan\u0131\u015fma g\u00f6stermesini istediklerini ve evlerinden yoksun bir \u015fekilde zor bir hayat ya\u015fad\u0131klar\u0131n\u0131 s\u00f6yledi.<\/p>\n<p>\n\tEnise Halil, &#8220;Biz sadece evlerimize d\u00f6nmek istiyoruz. Yorgunuz ve durumumuz iyi de\u011fil.&#8221; diye konu\u015ftu.<\/p>\n<p>\n\tFilistinli Ala el-Kalnisve ise evlerinden uzak yerinden edilmi\u015f ki\u015filer olarak ya\u015fad\u0131klar\u0131n\u0131 ve geri d\u00f6nmek istediklerini belirterek, kamptan haks\u0131z yere tahliye edildiklerini ifade etmek amac\u0131yla bar\u0131\u015f\u00e7\u0131l bir g\u00f6steri i\u00e7in buraya geldiklerini aktard\u0131.<\/p>\n<p>\n\tKalnisve, &#8220;Bu kadar ac\u0131 yeter. Art\u0131k k\u0131\u015f mevsiminin e\u015fi\u011findeyiz, evlerimizin d\u0131\u015f\u0131nda duram\u0131yoruz.&#8221; dedi.<\/p>\n<p>\n\t\u0130srail ordusu, 21 Ocak&#8217;tan bu yana Bat\u0131 \u015eeria&#8217;n\u0131n kuzeyinde, Cenin M\u00fclteci Kamp\u0131&#8217;ndan ba\u015flayarak Tulkerim ve Nur \u015eems kamplar\u0131na do\u011fru ilerleyen sald\u0131r\u0131lar\u0131n\u0131 s\u00fcrd\u00fcr\u00fcyor. Sald\u0131r\u0131larda y\u00fczlerce ev y\u0131k\u0131l\u0131rken, 40 binden fazla Filistinli yerinden edildi.<\/p>\n<p>\n\t\u0130srail&#8217;in Gazze \u015eeridi&#8217;ne sald\u0131r\u0131 ba\u015flatt\u0131\u011f\u0131 8 Ekim 2023&#8217;ten bu yana i\u015fgal alt\u0131ndaki Bat\u0131 \u015eeria ve Do\u011fu Kud\u00fcs&#8217;te de Filistinlilere y\u00f6nelik g\u00f6zalt\u0131, bask\u0131n ve sald\u0131r\u0131larda art\u0131\u015f ya\u015fan\u0131yor.<\/p>\n<div class=\"news-tags\">\n<div class=\"title\">ET\u0130KETLER<\/div>\n<div class=\"tags\">\n                                                                            \u0130srail<br \/>\n                                                                            \u0130srail&#8217;in Gazze Soyk\u0131r\u0131m\u0131<br \/>\n                                                                            Bat\u0131 \u015eeria\n                                                                    <\/div>\n<\/p><\/div>\n<\/p><\/div>\n","protected":false},"excerpt":{"rendered":"<p>\u00c7ok say\u0131da yerinden edilen Filistinli, Tulkerim kentindeki Nur \u015eems Kamp\u0131 \u00f6n\u00fcnde d\u00fczenlenen eyleme kat\u0131ld\u0131. Filistinliler, 2025&#8217;in ilk ay\u0131nda \u0130srail bask\u0131s\u0131yla terk etmek zorunda kald\u0131klar\u0131 kampa ula\u015fmaya \u00e7al\u0131\u015ft\u0131, ancak \u0130srail ordusu onlar\u0131n kampa girmesine izin vermedi. \u0130srail&#8217;in kampa sald\u0131r\u0131 ve bask\u0131nlar\u0131n\u0131 k\u0131nayan sloganlar atan Filistinliler pankartlar ta\u015f\u0131d\u0131 ve evlerine d\u00f6nme talebinde bulundu. Yerinden edilen Filistinli kad\u0131n<\/p>\n","protected":false},"author":1,"featured_media":98471,"comment_status":"open","ping_status":"open","sticky":false,"template":"","format":"standard","meta":{"footnotes":""},"categories":[306],"tags":[],"class_list":["post-98470","post","type-post","status-publish","format-standard","has-post-thumbnail","hentry","category-dunya"],"yoast_head":"<!-- This site is optimized with the Yoast SEO plugin v27.5 - https:\/\/yoast.com\/product\/yoast-seo-wordpress\/ -->\n<title>Katil \u0130srail&#039;in yerinden etti\u011fi Filistinliler, Bat\u0131 \u015eeria&#039;da evlerine d\u00f6nmek i\u00e7in g\u00f6steri d\u00fczenledi -<\/title>\n<meta name=\"robots\" content=\"index, follow, max-snippet:-1, max-image-preview:large, max-video-preview:-1\" \/>\n<link rel=\"canonical\" href=\"https:\/\/kibrisdakik.com\/?p=98470\" \/>\n<meta property=\"og:locale\" content=\"tr_TR\" \/>\n<meta property=\"og:type\" content=\"article\" \/>\n<meta property=\"og:title\" content=\"Katil \u0130srail&#039;in yerinden etti\u011fi Filistinliler, Bat\u0131 \u015eeria&#039;da evlerine d\u00f6nmek i\u00e7in g\u00f6steri d\u00fczenledi -\" \/>\n<meta property=\"og:description\" content=\"\u00c7ok say\u0131da yerinden edilen Filistinli, Tulkerim kentindeki Nur \u015eems Kamp\u0131 \u00f6n\u00fcnde d\u00fczenlenen eyleme kat\u0131ld\u0131. Filistinliler, 2025&#8217;in ilk ay\u0131nda \u0130srail bask\u0131s\u0131yla terk etmek zorunda kald\u0131klar\u0131 kampa ula\u015fmaya \u00e7al\u0131\u015ft\u0131, ancak \u0130srail ordusu onlar\u0131n kampa girmesine izin vermedi. \u0130srail&#8217;in kampa sald\u0131r\u0131 ve bask\u0131nlar\u0131n\u0131 k\u0131nayan sloganlar atan Filistinliler pankartlar ta\u015f\u0131d\u0131 ve evlerine d\u00f6nme talebinde bulundu. Yerinden edilen Filistinli kad\u0131n\" \/>\n<meta property=\"og:url\" content=\"https:\/\/kibrisdakik.com\/?p=98470\" \/>\n<meta property=\"article:published_time\" content=\"2025-11-05T14:58:02+00:00\" \/>\n<meta property=\"og:image\" content=\"https:\/\/kibrisdakik.com\/wp-content\/uploads\/2025\/11\/bati-seria-aa-2381725.jpg\" \/>\n\t<meta property=\"og:image:width\" content=\"1280\" \/>\n\t<meta property=\"og:image:height\" content=\"720\" \/>\n\t<meta property=\"og:image:type\" content=\"image\/jpeg\" \/>\n<meta name=\"author\" content=\"admin\" \/>\n<meta name=\"twitter:card\" content=\"summary_large_image\" \/>\n<meta name=\"twitter:label1\" content=\"Yazan:\" \/>\n\t<meta name=\"twitter:data1\" content=\"admin\" \/>\n\t<meta name=\"twitter:label2\" content=\"Tahmini okuma s\u00fcresi\" \/>\n\t<meta name=\"twitter:data2\" content=\"1 dakika\" \/>\n<script type=\"application\/ld+json\" class=\"yoast-schema-graph\">{\"@context\":\"https:\\\/\\\/schema.org\",\"@graph\":[{\"@type\":\"Article\",\"@id\":\"https:\\\/\\\/kibrisdakik.com\\\/?p=98470#article\",\"isPartOf\":{\"@id\":\"https:\\\/\\\/kibrisdakik.com\\\/?p=98470\"},\"author\":{\"name\":\"admin\",\"@id\":\"https:\\\/\\\/kibrisdakik.com\\\/#\\\/schema\\\/person\\\/9cd9d437bbb44f72b73ba127e06d8e79\"},\"headline\":\"Katil \u0130srail&#039;in yerinden etti\u011fi Filistinliler, Bat\u0131 \u015eeria&#039;da evlerine d\u00f6nmek i\u00e7in g\u00f6steri d\u00fczenledi\",\"datePublished\":\"2025-11-05T14:58:02+00:00\",\"mainEntityOfPage\":{\"@id\":\"https:\\\/\\\/kibrisdakik.com\\\/?p=98470\"},\"wordCount\":295,\"commentCount\":0,\"image\":{\"@id\":\"https:\\\/\\\/kibrisdakik.com\\\/?p=98470#primaryimage\"},\"thumbnailUrl\":\"https:\\\/\\\/kibrisdakik.com\\\/wp-content\\\/uploads\\\/2025\\\/11\\\/bati-seria-aa-2381725.jpg\",\"articleSection\":[\"D\u00fcnya\"],\"inLanguage\":\"tr\",\"potentialAction\":[{\"@type\":\"CommentAction\",\"name\":\"Comment\",\"target\":[\"https:\\\/\\\/kibrisdakik.com\\\/?p=98470#respond\"]}]},{\"@type\":\"WebPage\",\"@id\":\"https:\\\/\\\/kibrisdakik.com\\\/?p=98470\",\"url\":\"https:\\\/\\\/kibrisdakik.com\\\/?p=98470\",\"name\":\"Katil \u0130srail&#039;in yerinden etti\u011fi Filistinliler, Bat\u0131 \u015eeria&#039;da evlerine d\u00f6nmek i\u00e7in g\u00f6steri d\u00fczenledi -\",\"isPartOf\":{\"@id\":\"https:\\\/\\\/kibrisdakik.com\\\/#website\"},\"primaryImageOfPage\":{\"@id\":\"https:\\\/\\\/kibrisdakik.com\\\/?p=98470#primaryimage\"},\"image\":{\"@id\":\"https:\\\/\\\/kibrisdakik.com\\\/?p=98470#primaryimage\"},\"thumbnailUrl\":\"https:\\\/\\\/kibrisdakik.com\\\/wp-content\\\/uploads\\\/2025\\\/11\\\/bati-seria-aa-2381725.jpg\",\"datePublished\":\"2025-11-05T14:58:02+00:00\",\"author\":{\"@id\":\"https:\\\/\\\/kibrisdakik.com\\\/#\\\/schema\\\/person\\\/9cd9d437bbb44f72b73ba127e06d8e79\"},\"breadcrumb\":{\"@id\":\"https:\\\/\\\/kibrisdakik.com\\\/?p=98470#breadcrumb\"},\"inLanguage\":\"tr\",\"potentialAction\":[{\"@type\":\"ReadAction\",\"target\":[\"https:\\\/\\\/kibrisdakik.com\\\/?p=98470\"]}]},{\"@type\":\"ImageObject\",\"inLanguage\":\"tr\",\"@id\":\"https:\\\/\\\/kibrisdakik.com\\\/?p=98470#primaryimage\",\"url\":\"https:\\\/\\\/kibrisdakik.com\\\/wp-content\\\/uploads\\\/2025\\\/11\\\/bati-seria-aa-2381725.jpg\",\"contentUrl\":\"https:\\\/\\\/kibrisdakik.com\\\/wp-content\\\/uploads\\\/2025\\\/11\\\/bati-seria-aa-2381725.jpg\",\"width\":1280,\"height\":720},{\"@type\":\"BreadcrumbList\",\"@id\":\"https:\\\/\\\/kibrisdakik.com\\\/?p=98470#breadcrumb\",\"itemListElement\":[{\"@type\":\"ListItem\",\"position\":1,\"name\":\"Home\",\"item\":\"https:\\\/\\\/kibrisdakik.com\\\/\"},{\"@type\":\"ListItem\",\"position\":2,\"name\":\"Katil \u0130srail&#039;in yerinden etti\u011fi Filistinliler, Bat\u0131 \u015eeria&#039;da evlerine d\u00f6nmek i\u00e7in g\u00f6steri d\u00fczenledi\"}]},{\"@type\":\"WebSite\",\"@id\":\"https:\\\/\\\/kibrisdakik.com\\\/#website\",\"url\":\"https:\\\/\\\/kibrisdakik.com\\\/\",\"name\":\"\",\"description\":\"Tam vaktinde haber\",\"potentialAction\":[{\"@type\":\"SearchAction\",\"target\":{\"@type\":\"EntryPoint\",\"urlTemplate\":\"https:\\\/\\\/kibrisdakik.com\\\/?s={search_term_string}\"},\"query-input\":{\"@type\":\"PropertyValueSpecification\",\"valueRequired\":true,\"valueName\":\"search_term_string\"}}],\"inLanguage\":\"tr\"},{\"@type\":\"Person\",\"@id\":\"https:\\\/\\\/kibrisdakik.com\\\/#\\\/schema\\\/person\\\/9cd9d437bbb44f72b73ba127e06d8e79\",\"name\":\"admin\",\"image\":{\"@type\":\"ImageObject\",\"inLanguage\":\"tr\",\"@id\":\"https:\\\/\\\/secure.gravatar.com\\\/avatar\\\/ccc17943b9d660506c869530f897617f7cb1c21a4bf30023f252596d83e1f007?s=96&d=mm&r=g\",\"url\":\"https:\\\/\\\/secure.gravatar.com\\\/avatar\\\/ccc17943b9d660506c869530f897617f7cb1c21a4bf30023f252596d83e1f007?s=96&d=mm&r=g\",\"contentUrl\":\"https:\\\/\\\/secure.gravatar.com\\\/avatar\\\/ccc17943b9d660506c869530f897617f7cb1c21a4bf30023f252596d83e1f007?s=96&d=mm&r=g\",\"caption\":\"admin\"},\"sameAs\":[\"https:\\\/\\\/kibrisdakik.com\"],\"url\":\"https:\\\/\\\/kibrisdakik.com\\\/?author=1\"}]}<\/script>\n<!-- \/ Yoast SEO plugin. -->","yoast_head_json":{"title":"Katil \u0130srail&#039;in yerinden etti\u011fi Filistinliler, Bat\u0131 \u015eeria&#039;da evlerine d\u00f6nmek i\u00e7in g\u00f6steri d\u00fczenledi -","robots":{"index":"index","follow":"follow","max-snippet":"max-snippet:-1","max-image-preview":"max-image-preview:large","max-video-preview":"max-video-preview:-1"},"canonical":"https:\/\/kibrisdakik.com\/?p=98470","og_locale":"tr_TR","og_type":"article","og_title":"Katil \u0130srail&#039;in yerinden etti\u011fi Filistinliler, Bat\u0131 \u015eeria&#039;da evlerine d\u00f6nmek i\u00e7in g\u00f6steri d\u00fczenledi -","og_description":"\u00c7ok say\u0131da yerinden edilen Filistinli, Tulkerim kentindeki Nur \u015eems Kamp\u0131 \u00f6n\u00fcnde d\u00fczenlenen eyleme kat\u0131ld\u0131. Filistinliler, 2025&#8217;in ilk ay\u0131nda \u0130srail bask\u0131s\u0131yla terk etmek zorunda kald\u0131klar\u0131 kampa ula\u015fmaya \u00e7al\u0131\u015ft\u0131, ancak \u0130srail ordusu onlar\u0131n kampa girmesine izin vermedi. \u0130srail&#8217;in kampa sald\u0131r\u0131 ve bask\u0131nlar\u0131n\u0131 k\u0131nayan sloganlar atan Filistinliler pankartlar ta\u015f\u0131d\u0131 ve evlerine d\u00f6nme talebinde bulundu. Yerinden edilen Filistinli kad\u0131n","og_url":"https:\/\/kibrisdakik.com\/?p=98470","article_published_time":"2025-11-05T14:58:02+00:00","og_image":[{"width":1280,"height":720,"url":"https:\/\/kibrisdakik.com\/wp-content\/uploads\/2025\/11\/bati-seria-aa-2381725.jpg","type":"image\/jpeg"}],"author":"admin","twitter_card":"summary_large_image","twitter_misc":{"Yazan:":"admin","Tahmini okuma s\u00fcresi":"1 dakika"},"schema":{"@context":"https:\/\/schema.org","@graph":[{"@type":"Article","@id":"https:\/\/kibrisdakik.com\/?p=98470#article","isPartOf":{"@id":"https:\/\/kibrisdakik.com\/?p=98470"},"author":{"name":"admin","@id":"https:\/\/kibrisdakik.com\/#\/schema\/person\/9cd9d437bbb44f72b73ba127e06d8e79"},"headline":"Katil \u0130srail&#039;in yerinden etti\u011fi Filistinliler, Bat\u0131 \u015eeria&#039;da evlerine d\u00f6nmek i\u00e7in g\u00f6steri d\u00fczenledi","datePublished":"2025-11-05T14:58:02+00:00","mainEntityOfPage":{"@id":"https:\/\/kibrisdakik.com\/?p=98470"},"wordCount":295,"commentCount":0,"image":{"@id":"https:\/\/kibrisdakik.com\/?p=98470#primaryimage"},"thumbnailUrl":"https:\/\/kibrisdakik.com\/wp-content\/uploads\/2025\/11\/bati-seria-aa-2381725.jpg","articleSection":["D\u00fcnya"],"inLanguage":"tr","potentialAction":[{"@type":"CommentAction","name":"Comment","target":["https:\/\/kibrisdakik.com\/?p=98470#respond"]}]},{"@type":"WebPage","@id":"https:\/\/kibrisdakik.com\/?p=98470","url":"https:\/\/kibrisdakik.com\/?p=98470","name":"Katil \u0130srail&#039;in yerinden etti\u011fi Filistinliler, Bat\u0131 \u015eeria&#039;da evlerine d\u00f6nmek i\u00e7in g\u00f6steri d\u00fczenledi -","isPartOf":{"@id":"https:\/\/kibrisdakik.com\/#website"},"primaryImageOfPage":{"@id":"https:\/\/kibrisdakik.com\/?p=98470#primaryimage"},"image":{"@id":"https:\/\/kibrisdakik.com\/?p=98470#primaryimage"},"thumbnailUrl":"https:\/\/kibrisdakik.com\/wp-content\/uploads\/2025\/11\/bati-seria-aa-2381725.jpg","datePublished":"2025-11-05T14:58:02+00:00","author":{"@id":"https:\/\/kibrisdakik.com\/#\/schema\/person\/9cd9d437bbb44f72b73ba127e06d8e79"},"breadcrumb":{"@id":"https:\/\/kibrisdakik.com\/?p=98470#breadcrumb"},"inLanguage":"tr","potentialAction":[{"@type":"ReadAction","target":["https:\/\/kibrisdakik.com\/?p=98470"]}]},{"@type":"ImageObject","inLanguage":"tr","@id":"https:\/\/kibrisdakik.com\/?p=98470#primaryimage","url":"https:\/\/kibrisdakik.com\/wp-content\/uploads\/2025\/11\/bati-seria-aa-2381725.jpg","contentUrl":"https:\/\/kibrisdakik.com\/wp-content\/uploads\/2025\/11\/bati-seria-aa-2381725.jpg","width":1280,"height":720},{"@type":"BreadcrumbList","@id":"https:\/\/kibrisdakik.com\/?p=98470#breadcrumb","itemListElement":[{"@type":"ListItem","position":1,"name":"Home","item":"https:\/\/kibrisdakik.com\/"},{"@type":"ListItem","position":2,"name":"Katil \u0130srail&#039;in yerinden etti\u011fi Filistinliler, Bat\u0131 \u015eeria&#039;da evlerine d\u00f6nmek i\u00e7in g\u00f6steri d\u00fczenledi"}]},{"@type":"WebSite","@id":"https:\/\/kibrisdakik.com\/#website","url":"https:\/\/kibrisdakik.com\/","name":"","description":"Tam vaktinde haber","potentialAction":[{"@type":"SearchAction","target":{"@type":"EntryPoint","urlTemplate":"https:\/\/kibrisdakik.com\/?s={search_term_string}"},"query-input":{"@type":"PropertyValueSpecification","valueRequired":true,"valueName":"search_term_string"}}],"inLanguage":"tr"},{"@type":"Person","@id":"https:\/\/kibrisdakik.com\/#\/schema\/person\/9cd9d437bbb44f72b73ba127e06d8e79","name":"admin","image":{"@type":"ImageObject","inLanguage":"tr","@id":"https:\/\/secure.gravatar.com\/avatar\/ccc17943b9d660506c869530f897617f7cb1c21a4bf30023f252596d83e1f007?s=96&d=mm&r=g","url":"https:\/\/secure.gravatar.com\/avatar\/ccc17943b9d660506c869530f897617f7cb1c21a4bf30023f252596d83e1f007?s=96&d=mm&r=g","contentUrl":"https:\/\/secure.gravatar.com\/avatar\/ccc17943b9d660506c869530f897617f7cb1c21a4bf30023f252596d83e1f007?s=96&d=mm&r=g","caption":"admin"},"sameAs":["https:\/\/kibrisdakik.com"],"url":"https:\/\/kibrisdakik.com\/?author=1"}]}},"_links":{"self":[{"href":"https:\/\/kibrisdakik.com\/index.php?rest_route=\/wp\/v2\/posts\/98470","targetHints":{"allow":["GET"]}}],"collection":[{"href":"https:\/\/kibrisdakik.com\/index.php?rest_route=\/wp\/v2\/posts"}],"about":[{"href":"https:\/\/kibrisdakik.com\/index.php?rest_route=\/wp\/v2\/types\/post"}],"author":[{"embeddable":true,"href":"https:\/\/kibrisdakik.com\/index.php?rest_route=\/wp\/v2\/users\/1"}],"replies":[{"embeddable":true,"href":"https:\/\/kibrisdakik.com\/index.php?rest_route=%2Fwp%2Fv2%2Fcomments&post=98470"}],"version-history":[{"count":0,"href":"https:\/\/kibrisdakik.com\/index.php?rest_route=\/wp\/v2\/posts\/98470\/revisions"}],"wp:featuredmedia":[{"embeddable":true,"href":"https:\/\/kibrisdakik.com\/index.php?rest_route=\/wp\/v2\/media\/98471"}],"wp:attachment":[{"href":"https:\/\/kibrisdakik.com\/index.php?rest_route=%2Fwp%2Fv2%2Fmedia&parent=98470"}],"wp:term":[{"taxonomy":"category","embeddable":true,"href":"https:\/\/kibrisdakik.com\/index.php?rest_route=%2Fwp%2Fv2%2Fcategories&post=98470"},{"taxonomy":"post_tag","embeddable":true,"href":"https:\/\/kibrisdakik.com\/index.php?rest_route=%2Fwp%2Fv2%2Ftags&post=98470"}],"curies":[{"name":"wp","href":"https:\/\/api.w.org\/{rel}","templated":true}]}}