{"id":98497,"date":"2025-11-05T18:40:03","date_gmt":"2025-11-05T16:40:03","guid":{"rendered":"https:\/\/kibrisdakik.com\/index.php\/2025\/11\/05\/saglik-bakanligindan-9-yasindaki-cocugun-olumuyle-ilgili-aciklama\/"},"modified":"2025-11-05T18:40:03","modified_gmt":"2025-11-05T16:40:03","slug":"saglik-bakanligindan-9-yasindaki-cocugun-olumuyle-ilgili-aciklama","status":"publish","type":"post","link":"https:\/\/kibrisdakik.com\/?p=98497","title":{"rendered":"SA\u011eLIK BAKANLI\u011eI\u2019NDAN 9 YA\u015eINDAK\u0130 \u00c7OCU\u011eUN \u00d6L\u00dcM\u00dcYLE \u0130LG\u0130L\u0130 A\u00c7IKLAMA"},"content":{"rendered":"<p><\/p>\n<p>Sa\u011fl\u0131k Bakanl\u0131\u011f\u0131, 3 Kas\u0131m 2025 tarihinde Acil Durum Hastanesi ek binas\u0131 \u00e7ocuk acil servisinde 9 ya\u015f\u0131ndaki C.O.A.\u2019n\u0131n ya\u015fam\u0131n\u0131 yitirmesiyle ilgili a\u00e7\u0131klama yapt\u0131.<\/p>\n<p>Bakanl\u0131k, olay\u0131n ard\u0131ndan Dr. Burhan Nalbanto\u011flu Devlet Hastanesi Ba\u015fhekimi\u2019nin ivedilikle bir ara\u015ft\u0131rma yaparak rapor haz\u0131rlamas\u0131 i\u00e7in g\u00f6revlendirildi\u011fini duyurdu. Haz\u0131rlanacak rapor kapsam\u0131nda taraflardan yaz\u0131l\u0131 ifadelerin al\u0131naca\u011f\u0131, kamera kay\u0131tlar\u0131 ve hasta dosyas\u0131n\u0131n detayl\u0131 bi\u00e7imde incelenece\u011fi belirtildi.<\/p>\n<p>A\u00e7\u0131klamada, Nalbanto\u011flu Hastanesi\u2019nde otopsinin tamamland\u0131\u011f\u0131 ve kesin \u00f6l\u00fcm nedeninin belirlenmesi i\u00e7in detayl\u0131 \u00f6rneklemelerin T\u00fcrkiye Cumhuriyeti Adli T\u0131p Kurumu\u2019na g\u00f6nderildi\u011fi ifade edildi.<\/p>\n<p>Sa\u011fl\u0131k Bakanl\u0131\u011f\u0131, \u201cHayat\u0131n\u0131 kaybeden \u00e7ocu\u011fumuzun \u00f6l\u00fcm sebebinin bilinmesi kamuoyu vicdan\u0131n\u0131n ayd\u0131nlat\u0131lmas\u0131 i\u00e7in b\u00fcy\u00fck \u00f6nem ta\u015f\u0131maktad\u0131r. Detayl\u0131 bir \u015fekilde ara\u015ft\u0131rmalar titizlikle y\u00fcr\u00fct\u00fclmektedir. \u00c7\u0131kan sonu\u00e7lar kamuoyu ile payla\u015f\u0131lacakt\u0131r.\u201d ifadelerine yer verdi.<\/p>\n<p>Bakanl\u0131k, idari ara\u015ft\u0131rma ve kesin \u00f6l\u00fcm nedeninin belirlenmesinin ard\u0131ndan gerekli t\u00fcm ad\u0131mlar\u0131n at\u0131laca\u011f\u0131n\u0131 vurgularken, \u201cHayat\u0131n\u0131 kaybeden evlad\u0131m\u0131za Allah\u2019tan rahmet, t\u00fcm ailesi ve sevenlerine ba\u015fsa\u011fl\u0131\u011f\u0131 dileriz.\u201d a\u00e7\u0131klamas\u0131nda bulundu.<\/p>\n<p><strong>Ajoagu\u2019ya otopsi yap\u0131ld\u0131<\/strong><\/p>\n<p>\u00d6te yandan Polis, pazartesi g\u00fcn\u00fc Lefko\u015fa Acil Durum Hastanesi\u2019nde ya\u015fam\u0131n\u0131 yitiren 9 ya\u015f\u0131ndaki Chinyere Olivia Ajoagu\u2019ya bug\u00fcn otopsi yap\u0131ld\u0131\u011f\u0131n\u0131 a\u00e7\u0131klad\u0131.<\/p>\n<p>Polis Bas\u0131n Subayl\u0131\u011f\u0131ndan yap\u0131lan a\u00e7\u0131klamaya g\u00f6re, Ajoagu&#8217;nun otopsisinde, \u00f6l\u00fcm nedeninin belirlenebilmesi i\u00e7in kan ve doku \u00f6rnekleri al\u0131n\u0131rken, kesin \u00f6l\u00fcm sebebi yap\u0131lacak ileri tetkiklerin ard\u0131ndan belirlenecek.<\/p>\n","protected":false},"excerpt":{"rendered":"<p>Sa\u011fl\u0131k Bakanl\u0131\u011f\u0131, 3 Kas\u0131m 2025 tarihinde Acil Durum Hastanesi ek binas\u0131 \u00e7ocuk acil servisinde 9 ya\u015f\u0131ndaki C.O.A.\u2019n\u0131n ya\u015fam\u0131n\u0131 yitirmesiyle ilgili a\u00e7\u0131klama yapt\u0131. Bakanl\u0131k, olay\u0131n ard\u0131ndan Dr. Burhan Nalbanto\u011flu Devlet Hastanesi Ba\u015fhekimi\u2019nin ivedilikle bir ara\u015ft\u0131rma yaparak rapor haz\u0131rlamas\u0131 i\u00e7in g\u00f6revlendirildi\u011fini duyurdu. Haz\u0131rlanacak rapor kapsam\u0131nda taraflardan yaz\u0131l\u0131 ifadelerin al\u0131naca\u011f\u0131, kamera kay\u0131tlar\u0131 ve hasta dosyas\u0131n\u0131n detayl\u0131 bi\u00e7imde incelenece\u011fi<\/p>\n","protected":false},"author":1,"featured_media":98498,"comment_status":"open","ping_status":"open","sticky":false,"template":"","format":"standard","meta":{"footnotes":""},"categories":[81],"tags":[],"class_list":["post-98497","post","type-post","status-publish","format-standard","has-post-thumbnail","hentry","category-kibris"],"yoast_head":"<!-- This site is optimized with the Yoast SEO plugin v27.5 - https:\/\/yoast.com\/product\/yoast-seo-wordpress\/ -->\n<title>SA\u011eLIK BAKANLI\u011eI\u2019NDAN 9 YA\u015eINDAK\u0130 \u00c7OCU\u011eUN \u00d6L\u00dcM\u00dcYLE \u0130LG\u0130L\u0130 A\u00c7IKLAMA -<\/title>\n<meta name=\"robots\" content=\"index, follow, max-snippet:-1, max-image-preview:large, max-video-preview:-1\" \/>\n<link rel=\"canonical\" href=\"https:\/\/kibrisdakik.com\/?p=98497\" \/>\n<meta property=\"og:locale\" content=\"tr_TR\" \/>\n<meta property=\"og:type\" content=\"article\" \/>\n<meta property=\"og:title\" content=\"SA\u011eLIK BAKANLI\u011eI\u2019NDAN 9 YA\u015eINDAK\u0130 \u00c7OCU\u011eUN \u00d6L\u00dcM\u00dcYLE \u0130LG\u0130L\u0130 A\u00c7IKLAMA -\" \/>\n<meta property=\"og:description\" content=\"Sa\u011fl\u0131k Bakanl\u0131\u011f\u0131, 3 Kas\u0131m 2025 tarihinde Acil Durum Hastanesi ek binas\u0131 \u00e7ocuk acil servisinde 9 ya\u015f\u0131ndaki C.O.A.\u2019n\u0131n ya\u015fam\u0131n\u0131 yitirmesiyle ilgili a\u00e7\u0131klama yapt\u0131. Bakanl\u0131k, olay\u0131n ard\u0131ndan Dr. Burhan Nalbanto\u011flu Devlet Hastanesi Ba\u015fhekimi\u2019nin ivedilikle bir ara\u015ft\u0131rma yaparak rapor haz\u0131rlamas\u0131 i\u00e7in g\u00f6revlendirildi\u011fini duyurdu. Haz\u0131rlanacak rapor kapsam\u0131nda taraflardan yaz\u0131l\u0131 ifadelerin al\u0131naca\u011f\u0131, kamera kay\u0131tlar\u0131 ve hasta dosyas\u0131n\u0131n detayl\u0131 bi\u00e7imde incelenece\u011fi\" \/>\n<meta property=\"og:url\" content=\"https:\/\/kibrisdakik.com\/?p=98497\" \/>\n<meta property=\"article:published_time\" content=\"2025-11-05T16:40:03+00:00\" \/>\n<meta property=\"og:image\" content=\"https:\/\/kibrisdakik.com\/wp-content\/uploads\/2025\/11\/mha-sari-beyaz-568.png\" \/>\n\t<meta property=\"og:image:width\" content=\"1280\" \/>\n\t<meta property=\"og:image:height\" content=\"720\" \/>\n\t<meta property=\"og:image:type\" content=\"image\/png\" \/>\n<meta name=\"author\" content=\"admin\" \/>\n<meta name=\"twitter:card\" content=\"summary_large_image\" \/>\n<meta name=\"twitter:label1\" content=\"Yazan:\" \/>\n\t<meta name=\"twitter:data1\" content=\"admin\" \/>\n\t<meta name=\"twitter:label2\" content=\"Tahmini okuma s\u00fcresi\" \/>\n\t<meta name=\"twitter:data2\" content=\"1 dakika\" \/>\n<script type=\"application\/ld+json\" class=\"yoast-schema-graph\">{\"@context\":\"https:\\\/\\\/schema.org\",\"@graph\":[{\"@type\":\"Article\",\"@id\":\"https:\\\/\\\/kibrisdakik.com\\\/?p=98497#article\",\"isPartOf\":{\"@id\":\"https:\\\/\\\/kibrisdakik.com\\\/?p=98497\"},\"author\":{\"name\":\"admin\",\"@id\":\"https:\\\/\\\/kibrisdakik.com\\\/#\\\/schema\\\/person\\\/9cd9d437bbb44f72b73ba127e06d8e79\"},\"headline\":\"SA\u011eLIK BAKANLI\u011eI\u2019NDAN 9 YA\u015eINDAK\u0130 \u00c7OCU\u011eUN \u00d6L\u00dcM\u00dcYLE \u0130LG\u0130L\u0130 A\u00c7IKLAMA\",\"datePublished\":\"2025-11-05T16:40:03+00:00\",\"mainEntityOfPage\":{\"@id\":\"https:\\\/\\\/kibrisdakik.com\\\/?p=98497\"},\"wordCount\":301,\"commentCount\":0,\"image\":{\"@id\":\"https:\\\/\\\/kibrisdakik.com\\\/?p=98497#primaryimage\"},\"thumbnailUrl\":\"https:\\\/\\\/kibrisdakik.com\\\/wp-content\\\/uploads\\\/2025\\\/11\\\/mha-sari-beyaz-568.png\",\"articleSection\":[\"K\u0131br\u0131s\"],\"inLanguage\":\"tr\",\"potentialAction\":[{\"@type\":\"CommentAction\",\"name\":\"Comment\",\"target\":[\"https:\\\/\\\/kibrisdakik.com\\\/?p=98497#respond\"]}]},{\"@type\":\"WebPage\",\"@id\":\"https:\\\/\\\/kibrisdakik.com\\\/?p=98497\",\"url\":\"https:\\\/\\\/kibrisdakik.com\\\/?p=98497\",\"name\":\"SA\u011eLIK BAKANLI\u011eI\u2019NDAN 9 YA\u015eINDAK\u0130 \u00c7OCU\u011eUN \u00d6L\u00dcM\u00dcYLE \u0130LG\u0130L\u0130 A\u00c7IKLAMA -\",\"isPartOf\":{\"@id\":\"https:\\\/\\\/kibrisdakik.com\\\/#website\"},\"primaryImageOfPage\":{\"@id\":\"https:\\\/\\\/kibrisdakik.com\\\/?p=98497#primaryimage\"},\"image\":{\"@id\":\"https:\\\/\\\/kibrisdakik.com\\\/?p=98497#primaryimage\"},\"thumbnailUrl\":\"https:\\\/\\\/kibrisdakik.com\\\/wp-content\\\/uploads\\\/2025\\\/11\\\/mha-sari-beyaz-568.png\",\"datePublished\":\"2025-11-05T16:40:03+00:00\",\"author\":{\"@id\":\"https:\\\/\\\/kibrisdakik.com\\\/#\\\/schema\\\/person\\\/9cd9d437bbb44f72b73ba127e06d8e79\"},\"breadcrumb\":{\"@id\":\"https:\\\/\\\/kibrisdakik.com\\\/?p=98497#breadcrumb\"},\"inLanguage\":\"tr\",\"potentialAction\":[{\"@type\":\"ReadAction\",\"target\":[\"https:\\\/\\\/kibrisdakik.com\\\/?p=98497\"]}]},{\"@type\":\"ImageObject\",\"inLanguage\":\"tr\",\"@id\":\"https:\\\/\\\/kibrisdakik.com\\\/?p=98497#primaryimage\",\"url\":\"https:\\\/\\\/kibrisdakik.com\\\/wp-content\\\/uploads\\\/2025\\\/11\\\/mha-sari-beyaz-568.png\",\"contentUrl\":\"https:\\\/\\\/kibrisdakik.com\\\/wp-content\\\/uploads\\\/2025\\\/11\\\/mha-sari-beyaz-568.png\",\"width\":1280,\"height\":720},{\"@type\":\"BreadcrumbList\",\"@id\":\"https:\\\/\\\/kibrisdakik.com\\\/?p=98497#breadcrumb\",\"itemListElement\":[{\"@type\":\"ListItem\",\"position\":1,\"name\":\"Home\",\"item\":\"https:\\\/\\\/kibrisdakik.com\\\/\"},{\"@type\":\"ListItem\",\"position\":2,\"name\":\"SA\u011eLIK BAKANLI\u011eI\u2019NDAN 9 YA\u015eINDAK\u0130 \u00c7OCU\u011eUN \u00d6L\u00dcM\u00dcYLE \u0130LG\u0130L\u0130 A\u00c7IKLAMA\"}]},{\"@type\":\"WebSite\",\"@id\":\"https:\\\/\\\/kibrisdakik.com\\\/#website\",\"url\":\"https:\\\/\\\/kibrisdakik.com\\\/\",\"name\":\"\",\"description\":\"Tam vaktinde haber\",\"potentialAction\":[{\"@type\":\"SearchAction\",\"target\":{\"@type\":\"EntryPoint\",\"urlTemplate\":\"https:\\\/\\\/kibrisdakik.com\\\/?s={search_term_string}\"},\"query-input\":{\"@type\":\"PropertyValueSpecification\",\"valueRequired\":true,\"valueName\":\"search_term_string\"}}],\"inLanguage\":\"tr\"},{\"@type\":\"Person\",\"@id\":\"https:\\\/\\\/kibrisdakik.com\\\/#\\\/schema\\\/person\\\/9cd9d437bbb44f72b73ba127e06d8e79\",\"name\":\"admin\",\"image\":{\"@type\":\"ImageObject\",\"inLanguage\":\"tr\",\"@id\":\"https:\\\/\\\/secure.gravatar.com\\\/avatar\\\/ccc17943b9d660506c869530f897617f7cb1c21a4bf30023f252596d83e1f007?s=96&d=mm&r=g\",\"url\":\"https:\\\/\\\/secure.gravatar.com\\\/avatar\\\/ccc17943b9d660506c869530f897617f7cb1c21a4bf30023f252596d83e1f007?s=96&d=mm&r=g\",\"contentUrl\":\"https:\\\/\\\/secure.gravatar.com\\\/avatar\\\/ccc17943b9d660506c869530f897617f7cb1c21a4bf30023f252596d83e1f007?s=96&d=mm&r=g\",\"caption\":\"admin\"},\"sameAs\":[\"https:\\\/\\\/kibrisdakik.com\"],\"url\":\"https:\\\/\\\/kibrisdakik.com\\\/?author=1\"}]}<\/script>\n<!-- \/ Yoast SEO plugin. -->","yoast_head_json":{"title":"SA\u011eLIK BAKANLI\u011eI\u2019NDAN 9 YA\u015eINDAK\u0130 \u00c7OCU\u011eUN \u00d6L\u00dcM\u00dcYLE \u0130LG\u0130L\u0130 A\u00c7IKLAMA -","robots":{"index":"index","follow":"follow","max-snippet":"max-snippet:-1","max-image-preview":"max-image-preview:large","max-video-preview":"max-video-preview:-1"},"canonical":"https:\/\/kibrisdakik.com\/?p=98497","og_locale":"tr_TR","og_type":"article","og_title":"SA\u011eLIK BAKANLI\u011eI\u2019NDAN 9 YA\u015eINDAK\u0130 \u00c7OCU\u011eUN \u00d6L\u00dcM\u00dcYLE \u0130LG\u0130L\u0130 A\u00c7IKLAMA -","og_description":"Sa\u011fl\u0131k Bakanl\u0131\u011f\u0131, 3 Kas\u0131m 2025 tarihinde Acil Durum Hastanesi ek binas\u0131 \u00e7ocuk acil servisinde 9 ya\u015f\u0131ndaki C.O.A.\u2019n\u0131n ya\u015fam\u0131n\u0131 yitirmesiyle ilgili a\u00e7\u0131klama yapt\u0131. Bakanl\u0131k, olay\u0131n ard\u0131ndan Dr. Burhan Nalbanto\u011flu Devlet Hastanesi Ba\u015fhekimi\u2019nin ivedilikle bir ara\u015ft\u0131rma yaparak rapor haz\u0131rlamas\u0131 i\u00e7in g\u00f6revlendirildi\u011fini duyurdu. Haz\u0131rlanacak rapor kapsam\u0131nda taraflardan yaz\u0131l\u0131 ifadelerin al\u0131naca\u011f\u0131, kamera kay\u0131tlar\u0131 ve hasta dosyas\u0131n\u0131n detayl\u0131 bi\u00e7imde incelenece\u011fi","og_url":"https:\/\/kibrisdakik.com\/?p=98497","article_published_time":"2025-11-05T16:40:03+00:00","og_image":[{"width":1280,"height":720,"url":"https:\/\/kibrisdakik.com\/wp-content\/uploads\/2025\/11\/mha-sari-beyaz-568.png","type":"image\/png"}],"author":"admin","twitter_card":"summary_large_image","twitter_misc":{"Yazan:":"admin","Tahmini okuma s\u00fcresi":"1 dakika"},"schema":{"@context":"https:\/\/schema.org","@graph":[{"@type":"Article","@id":"https:\/\/kibrisdakik.com\/?p=98497#article","isPartOf":{"@id":"https:\/\/kibrisdakik.com\/?p=98497"},"author":{"name":"admin","@id":"https:\/\/kibrisdakik.com\/#\/schema\/person\/9cd9d437bbb44f72b73ba127e06d8e79"},"headline":"SA\u011eLIK BAKANLI\u011eI\u2019NDAN 9 YA\u015eINDAK\u0130 \u00c7OCU\u011eUN \u00d6L\u00dcM\u00dcYLE \u0130LG\u0130L\u0130 A\u00c7IKLAMA","datePublished":"2025-11-05T16:40:03+00:00","mainEntityOfPage":{"@id":"https:\/\/kibrisdakik.com\/?p=98497"},"wordCount":301,"commentCount":0,"image":{"@id":"https:\/\/kibrisdakik.com\/?p=98497#primaryimage"},"thumbnailUrl":"https:\/\/kibrisdakik.com\/wp-content\/uploads\/2025\/11\/mha-sari-beyaz-568.png","articleSection":["K\u0131br\u0131s"],"inLanguage":"tr","potentialAction":[{"@type":"CommentAction","name":"Comment","target":["https:\/\/kibrisdakik.com\/?p=98497#respond"]}]},{"@type":"WebPage","@id":"https:\/\/kibrisdakik.com\/?p=98497","url":"https:\/\/kibrisdakik.com\/?p=98497","name":"SA\u011eLIK BAKANLI\u011eI\u2019NDAN 9 YA\u015eINDAK\u0130 \u00c7OCU\u011eUN \u00d6L\u00dcM\u00dcYLE \u0130LG\u0130L\u0130 A\u00c7IKLAMA -","isPartOf":{"@id":"https:\/\/kibrisdakik.com\/#website"},"primaryImageOfPage":{"@id":"https:\/\/kibrisdakik.com\/?p=98497#primaryimage"},"image":{"@id":"https:\/\/kibrisdakik.com\/?p=98497#primaryimage"},"thumbnailUrl":"https:\/\/kibrisdakik.com\/wp-content\/uploads\/2025\/11\/mha-sari-beyaz-568.png","datePublished":"2025-11-05T16:40:03+00:00","author":{"@id":"https:\/\/kibrisdakik.com\/#\/schema\/person\/9cd9d437bbb44f72b73ba127e06d8e79"},"breadcrumb":{"@id":"https:\/\/kibrisdakik.com\/?p=98497#breadcrumb"},"inLanguage":"tr","potentialAction":[{"@type":"ReadAction","target":["https:\/\/kibrisdakik.com\/?p=98497"]}]},{"@type":"ImageObject","inLanguage":"tr","@id":"https:\/\/kibrisdakik.com\/?p=98497#primaryimage","url":"https:\/\/kibrisdakik.com\/wp-content\/uploads\/2025\/11\/mha-sari-beyaz-568.png","contentUrl":"https:\/\/kibrisdakik.com\/wp-content\/uploads\/2025\/11\/mha-sari-beyaz-568.png","width":1280,"height":720},{"@type":"BreadcrumbList","@id":"https:\/\/kibrisdakik.com\/?p=98497#breadcrumb","itemListElement":[{"@type":"ListItem","position":1,"name":"Home","item":"https:\/\/kibrisdakik.com\/"},{"@type":"ListItem","position":2,"name":"SA\u011eLIK BAKANLI\u011eI\u2019NDAN 9 YA\u015eINDAK\u0130 \u00c7OCU\u011eUN \u00d6L\u00dcM\u00dcYLE \u0130LG\u0130L\u0130 A\u00c7IKLAMA"}]},{"@type":"WebSite","@id":"https:\/\/kibrisdakik.com\/#website","url":"https:\/\/kibrisdakik.com\/","name":"","description":"Tam vaktinde haber","potentialAction":[{"@type":"SearchAction","target":{"@type":"EntryPoint","urlTemplate":"https:\/\/kibrisdakik.com\/?s={search_term_string}"},"query-input":{"@type":"PropertyValueSpecification","valueRequired":true,"valueName":"search_term_string"}}],"inLanguage":"tr"},{"@type":"Person","@id":"https:\/\/kibrisdakik.com\/#\/schema\/person\/9cd9d437bbb44f72b73ba127e06d8e79","name":"admin","image":{"@type":"ImageObject","inLanguage":"tr","@id":"https:\/\/secure.gravatar.com\/avatar\/ccc17943b9d660506c869530f897617f7cb1c21a4bf30023f252596d83e1f007?s=96&d=mm&r=g","url":"https:\/\/secure.gravatar.com\/avatar\/ccc17943b9d660506c869530f897617f7cb1c21a4bf30023f252596d83e1f007?s=96&d=mm&r=g","contentUrl":"https:\/\/secure.gravatar.com\/avatar\/ccc17943b9d660506c869530f897617f7cb1c21a4bf30023f252596d83e1f007?s=96&d=mm&r=g","caption":"admin"},"sameAs":["https:\/\/kibrisdakik.com"],"url":"https:\/\/kibrisdakik.com\/?author=1"}]}},"_links":{"self":[{"href":"https:\/\/kibrisdakik.com\/index.php?rest_route=\/wp\/v2\/posts\/98497","targetHints":{"allow":["GET"]}}],"collection":[{"href":"https:\/\/kibrisdakik.com\/index.php?rest_route=\/wp\/v2\/posts"}],"about":[{"href":"https:\/\/kibrisdakik.com\/index.php?rest_route=\/wp\/v2\/types\/post"}],"author":[{"embeddable":true,"href":"https:\/\/kibrisdakik.com\/index.php?rest_route=\/wp\/v2\/users\/1"}],"replies":[{"embeddable":true,"href":"https:\/\/kibrisdakik.com\/index.php?rest_route=%2Fwp%2Fv2%2Fcomments&post=98497"}],"version-history":[{"count":0,"href":"https:\/\/kibrisdakik.com\/index.php?rest_route=\/wp\/v2\/posts\/98497\/revisions"}],"wp:featuredmedia":[{"embeddable":true,"href":"https:\/\/kibrisdakik.com\/index.php?rest_route=\/wp\/v2\/media\/98498"}],"wp:attachment":[{"href":"https:\/\/kibrisdakik.com\/index.php?rest_route=%2Fwp%2Fv2%2Fmedia&parent=98497"}],"wp:term":[{"taxonomy":"category","embeddable":true,"href":"https:\/\/kibrisdakik.com\/index.php?rest_route=%2Fwp%2Fv2%2Fcategories&post=98497"},{"taxonomy":"post_tag","embeddable":true,"href":"https:\/\/kibrisdakik.com\/index.php?rest_route=%2Fwp%2Fv2%2Ftags&post=98497"}],"curies":[{"name":"wp","href":"https:\/\/api.w.org\/{rel}","templated":true}]}}