{"id":98515,"date":"2025-11-06T04:34:14","date_gmt":"2025-11-06T02:34:14","guid":{"rendered":"https:\/\/kibrisdakik.com\/index.php\/2025\/11\/06\/isgalci-israil-ordusu-bati-seriada-bir-genci-yaraladiktan-sonra-gozaltina-aldi\/"},"modified":"2025-11-06T04:34:14","modified_gmt":"2025-11-06T02:34:14","slug":"isgalci-israil-ordusu-bati-seriada-bir-genci-yaraladiktan-sonra-gozaltina-aldi","status":"publish","type":"post","link":"https:\/\/kibrisdakik.com\/?p=98515","title":{"rendered":"\u0130\u015fgalci \u0130srail ordusu Bat\u0131 \u015eeria&#039;da bir genci yaralad\u0131ktan sonra g\u00f6zalt\u0131na ald\u0131"},"content":{"rendered":"<p><\/p>\n<div class=\"news-content\">\n<p>\n\tFilistin&#8217;in Sesi Radyosu&#8217;nun haberinde, katil \u0130srail g\u00fc\u00e7lerinin, Cenin&#8217;in bat\u0131s\u0131ndaki Yamun kasabas\u0131na bask\u0131n d\u00fczenleyen \u0130srail g\u00fc\u00e7lerine Filistinli gen\u00e7lerin ta\u015f atarak kar\u015f\u0131l\u0131k verdi\u011fi ve olaylar s\u0131ras\u0131nda bir gencin \u0130srail g\u00fc\u00e7lerinin ate\u015f a\u00e7mas\u0131 sonucu yaraland\u0131\u011f\u0131 belirtildi.<\/p>\n<p>\n\t\u0130\u015fgalci \u0130srail g\u00fc\u00e7lerinin, ambulans ekiplerinin yaral\u0131 gence ula\u015fmas\u0131n\u0131 engelledi\u011fi ifade edilen haberde, yaral\u0131 gencin g\u00f6zalt\u0131na al\u0131narak bilinmeyen yere g\u00f6t\u00fcr\u00fcld\u00fc\u011f\u00fc ve ak\u0131betinin bilinmedi\u011fi aktar\u0131ld\u0131.<\/p>\n<p>\n\tHaberde, dijital platformlar\u0131nda \u0130srail askerlerinin yaral\u0131 gencin bulundu\u011fu yerin yak\u0131nlar\u0131na konu\u015fland\u0131r\u0131ld\u0131\u011f\u0131n\u0131 ve ona ambulans ekiplerinin ula\u015fmas\u0131n\u0131n engellendi\u011fini g\u00f6steren g\u00f6r\u00fcnt\u00fclere de yer verildi.<\/p>\n<div class=\"news-tags\">\n<div class=\"title\">ET\u0130KETLER<\/div>\n<div class=\"tags\">\n                                                                            \u0130srail<br \/>\n                                                                            Bat\u0131 \u015eeria\n                                                                    <\/div>\n<\/p><\/div>\n<\/p><\/div>\n","protected":false},"excerpt":{"rendered":"<p>Filistin&#8217;in Sesi Radyosu&#8217;nun haberinde, katil \u0130srail g\u00fc\u00e7lerinin, Cenin&#8217;in bat\u0131s\u0131ndaki Yamun kasabas\u0131na bask\u0131n d\u00fczenleyen \u0130srail g\u00fc\u00e7lerine Filistinli gen\u00e7lerin ta\u015f atarak kar\u015f\u0131l\u0131k verdi\u011fi ve olaylar s\u0131ras\u0131nda bir gencin \u0130srail g\u00fc\u00e7lerinin ate\u015f a\u00e7mas\u0131 sonucu yaraland\u0131\u011f\u0131 belirtildi. \u0130\u015fgalci \u0130srail g\u00fc\u00e7lerinin, ambulans ekiplerinin yaral\u0131 gence ula\u015fmas\u0131n\u0131 engelledi\u011fi ifade edilen haberde, yaral\u0131 gencin g\u00f6zalt\u0131na al\u0131narak bilinmeyen yere g\u00f6t\u00fcr\u00fcld\u00fc\u011f\u00fc ve ak\u0131betinin bilinmedi\u011fi<\/p>\n","protected":false},"author":1,"featured_media":98516,"comment_status":"open","ping_status":"open","sticky":false,"template":"","format":"standard","meta":{"footnotes":""},"categories":[306],"tags":[],"class_list":["post-98515","post","type-post","status-publish","format-standard","has-post-thumbnail","hentry","category-dunya"],"yoast_head":"<!-- This site is optimized with the Yoast SEO plugin v27.5 - https:\/\/yoast.com\/product\/yoast-seo-wordpress\/ -->\n<title>\u0130\u015fgalci \u0130srail ordusu Bat\u0131 \u015eeria&#039;da bir genci yaralad\u0131ktan sonra g\u00f6zalt\u0131na ald\u0131 -<\/title>\n<meta name=\"robots\" content=\"index, follow, max-snippet:-1, max-image-preview:large, max-video-preview:-1\" \/>\n<link rel=\"canonical\" href=\"https:\/\/kibrisdakik.com\/?p=98515\" \/>\n<meta property=\"og:locale\" content=\"tr_TR\" \/>\n<meta property=\"og:type\" content=\"article\" \/>\n<meta property=\"og:title\" content=\"\u0130\u015fgalci \u0130srail ordusu Bat\u0131 \u015eeria&#039;da bir genci yaralad\u0131ktan sonra g\u00f6zalt\u0131na ald\u0131 -\" \/>\n<meta property=\"og:description\" content=\"Filistin&#8217;in Sesi Radyosu&#8217;nun haberinde, katil \u0130srail g\u00fc\u00e7lerinin, Cenin&#8217;in bat\u0131s\u0131ndaki Yamun kasabas\u0131na bask\u0131n d\u00fczenleyen \u0130srail g\u00fc\u00e7lerine Filistinli gen\u00e7lerin ta\u015f atarak kar\u015f\u0131l\u0131k verdi\u011fi ve olaylar s\u0131ras\u0131nda bir gencin \u0130srail g\u00fc\u00e7lerinin ate\u015f a\u00e7mas\u0131 sonucu yaraland\u0131\u011f\u0131 belirtildi. \u0130\u015fgalci \u0130srail g\u00fc\u00e7lerinin, ambulans ekiplerinin yaral\u0131 gence ula\u015fmas\u0131n\u0131 engelledi\u011fi ifade edilen haberde, yaral\u0131 gencin g\u00f6zalt\u0131na al\u0131narak bilinmeyen yere g\u00f6t\u00fcr\u00fcld\u00fc\u011f\u00fc ve ak\u0131betinin bilinmedi\u011fi\" \/>\n<meta property=\"og:url\" content=\"https:\/\/kibrisdakik.com\/?p=98515\" \/>\n<meta property=\"article:published_time\" content=\"2025-11-06T02:34:14+00:00\" \/>\n<meta property=\"og:image\" content=\"https:\/\/kibrisdakik.com\/wp-content\/uploads\/2025\/11\/bati-seria-aa-2196114.jpg\" \/>\n\t<meta property=\"og:image:width\" content=\"1280\" \/>\n\t<meta property=\"og:image:height\" content=\"720\" \/>\n\t<meta property=\"og:image:type\" content=\"image\/jpeg\" \/>\n<meta name=\"author\" content=\"admin\" \/>\n<meta name=\"twitter:card\" content=\"summary_large_image\" \/>\n<meta name=\"twitter:label1\" content=\"Yazan:\" \/>\n\t<meta name=\"twitter:data1\" content=\"admin\" \/>\n\t<meta name=\"twitter:label2\" content=\"Tahmini okuma s\u00fcresi\" \/>\n\t<meta name=\"twitter:data2\" content=\"1 dakika\" \/>\n<script type=\"application\/ld+json\" class=\"yoast-schema-graph\">{\"@context\":\"https:\\\/\\\/schema.org\",\"@graph\":[{\"@type\":\"Article\",\"@id\":\"https:\\\/\\\/kibrisdakik.com\\\/?p=98515#article\",\"isPartOf\":{\"@id\":\"https:\\\/\\\/kibrisdakik.com\\\/?p=98515\"},\"author\":{\"name\":\"admin\",\"@id\":\"https:\\\/\\\/kibrisdakik.com\\\/#\\\/schema\\\/person\\\/9cd9d437bbb44f72b73ba127e06d8e79\"},\"headline\":\"\u0130\u015fgalci \u0130srail ordusu Bat\u0131 \u015eeria&#039;da bir genci yaralad\u0131ktan sonra g\u00f6zalt\u0131na ald\u0131\",\"datePublished\":\"2025-11-06T02:34:14+00:00\",\"mainEntityOfPage\":{\"@id\":\"https:\\\/\\\/kibrisdakik.com\\\/?p=98515\"},\"wordCount\":142,\"commentCount\":0,\"image\":{\"@id\":\"https:\\\/\\\/kibrisdakik.com\\\/?p=98515#primaryimage\"},\"thumbnailUrl\":\"https:\\\/\\\/kibrisdakik.com\\\/wp-content\\\/uploads\\\/2025\\\/11\\\/bati-seria-aa-2196114.jpg\",\"articleSection\":[\"D\u00fcnya\"],\"inLanguage\":\"tr\",\"potentialAction\":[{\"@type\":\"CommentAction\",\"name\":\"Comment\",\"target\":[\"https:\\\/\\\/kibrisdakik.com\\\/?p=98515#respond\"]}]},{\"@type\":\"WebPage\",\"@id\":\"https:\\\/\\\/kibrisdakik.com\\\/?p=98515\",\"url\":\"https:\\\/\\\/kibrisdakik.com\\\/?p=98515\",\"name\":\"\u0130\u015fgalci \u0130srail ordusu Bat\u0131 \u015eeria&#039;da bir genci yaralad\u0131ktan sonra g\u00f6zalt\u0131na ald\u0131 -\",\"isPartOf\":{\"@id\":\"https:\\\/\\\/kibrisdakik.com\\\/#website\"},\"primaryImageOfPage\":{\"@id\":\"https:\\\/\\\/kibrisdakik.com\\\/?p=98515#primaryimage\"},\"image\":{\"@id\":\"https:\\\/\\\/kibrisdakik.com\\\/?p=98515#primaryimage\"},\"thumbnailUrl\":\"https:\\\/\\\/kibrisdakik.com\\\/wp-content\\\/uploads\\\/2025\\\/11\\\/bati-seria-aa-2196114.jpg\",\"datePublished\":\"2025-11-06T02:34:14+00:00\",\"author\":{\"@id\":\"https:\\\/\\\/kibrisdakik.com\\\/#\\\/schema\\\/person\\\/9cd9d437bbb44f72b73ba127e06d8e79\"},\"breadcrumb\":{\"@id\":\"https:\\\/\\\/kibrisdakik.com\\\/?p=98515#breadcrumb\"},\"inLanguage\":\"tr\",\"potentialAction\":[{\"@type\":\"ReadAction\",\"target\":[\"https:\\\/\\\/kibrisdakik.com\\\/?p=98515\"]}]},{\"@type\":\"ImageObject\",\"inLanguage\":\"tr\",\"@id\":\"https:\\\/\\\/kibrisdakik.com\\\/?p=98515#primaryimage\",\"url\":\"https:\\\/\\\/kibrisdakik.com\\\/wp-content\\\/uploads\\\/2025\\\/11\\\/bati-seria-aa-2196114.jpg\",\"contentUrl\":\"https:\\\/\\\/kibrisdakik.com\\\/wp-content\\\/uploads\\\/2025\\\/11\\\/bati-seria-aa-2196114.jpg\",\"width\":1280,\"height\":720},{\"@type\":\"BreadcrumbList\",\"@id\":\"https:\\\/\\\/kibrisdakik.com\\\/?p=98515#breadcrumb\",\"itemListElement\":[{\"@type\":\"ListItem\",\"position\":1,\"name\":\"Home\",\"item\":\"https:\\\/\\\/kibrisdakik.com\\\/\"},{\"@type\":\"ListItem\",\"position\":2,\"name\":\"\u0130\u015fgalci \u0130srail ordusu Bat\u0131 \u015eeria&#039;da bir genci yaralad\u0131ktan sonra g\u00f6zalt\u0131na ald\u0131\"}]},{\"@type\":\"WebSite\",\"@id\":\"https:\\\/\\\/kibrisdakik.com\\\/#website\",\"url\":\"https:\\\/\\\/kibrisdakik.com\\\/\",\"name\":\"\",\"description\":\"Tam vaktinde haber\",\"potentialAction\":[{\"@type\":\"SearchAction\",\"target\":{\"@type\":\"EntryPoint\",\"urlTemplate\":\"https:\\\/\\\/kibrisdakik.com\\\/?s={search_term_string}\"},\"query-input\":{\"@type\":\"PropertyValueSpecification\",\"valueRequired\":true,\"valueName\":\"search_term_string\"}}],\"inLanguage\":\"tr\"},{\"@type\":\"Person\",\"@id\":\"https:\\\/\\\/kibrisdakik.com\\\/#\\\/schema\\\/person\\\/9cd9d437bbb44f72b73ba127e06d8e79\",\"name\":\"admin\",\"image\":{\"@type\":\"ImageObject\",\"inLanguage\":\"tr\",\"@id\":\"https:\\\/\\\/secure.gravatar.com\\\/avatar\\\/ccc17943b9d660506c869530f897617f7cb1c21a4bf30023f252596d83e1f007?s=96&d=mm&r=g\",\"url\":\"https:\\\/\\\/secure.gravatar.com\\\/avatar\\\/ccc17943b9d660506c869530f897617f7cb1c21a4bf30023f252596d83e1f007?s=96&d=mm&r=g\",\"contentUrl\":\"https:\\\/\\\/secure.gravatar.com\\\/avatar\\\/ccc17943b9d660506c869530f897617f7cb1c21a4bf30023f252596d83e1f007?s=96&d=mm&r=g\",\"caption\":\"admin\"},\"sameAs\":[\"https:\\\/\\\/kibrisdakik.com\"],\"url\":\"https:\\\/\\\/kibrisdakik.com\\\/?author=1\"}]}<\/script>\n<!-- \/ Yoast SEO plugin. -->","yoast_head_json":{"title":"\u0130\u015fgalci \u0130srail ordusu Bat\u0131 \u015eeria&#039;da bir genci yaralad\u0131ktan sonra g\u00f6zalt\u0131na ald\u0131 -","robots":{"index":"index","follow":"follow","max-snippet":"max-snippet:-1","max-image-preview":"max-image-preview:large","max-video-preview":"max-video-preview:-1"},"canonical":"https:\/\/kibrisdakik.com\/?p=98515","og_locale":"tr_TR","og_type":"article","og_title":"\u0130\u015fgalci \u0130srail ordusu Bat\u0131 \u015eeria&#039;da bir genci yaralad\u0131ktan sonra g\u00f6zalt\u0131na ald\u0131 -","og_description":"Filistin&#8217;in Sesi Radyosu&#8217;nun haberinde, katil \u0130srail g\u00fc\u00e7lerinin, Cenin&#8217;in bat\u0131s\u0131ndaki Yamun kasabas\u0131na bask\u0131n d\u00fczenleyen \u0130srail g\u00fc\u00e7lerine Filistinli gen\u00e7lerin ta\u015f atarak kar\u015f\u0131l\u0131k verdi\u011fi ve olaylar s\u0131ras\u0131nda bir gencin \u0130srail g\u00fc\u00e7lerinin ate\u015f a\u00e7mas\u0131 sonucu yaraland\u0131\u011f\u0131 belirtildi. \u0130\u015fgalci \u0130srail g\u00fc\u00e7lerinin, ambulans ekiplerinin yaral\u0131 gence ula\u015fmas\u0131n\u0131 engelledi\u011fi ifade edilen haberde, yaral\u0131 gencin g\u00f6zalt\u0131na al\u0131narak bilinmeyen yere g\u00f6t\u00fcr\u00fcld\u00fc\u011f\u00fc ve ak\u0131betinin bilinmedi\u011fi","og_url":"https:\/\/kibrisdakik.com\/?p=98515","article_published_time":"2025-11-06T02:34:14+00:00","og_image":[{"width":1280,"height":720,"url":"https:\/\/kibrisdakik.com\/wp-content\/uploads\/2025\/11\/bati-seria-aa-2196114.jpg","type":"image\/jpeg"}],"author":"admin","twitter_card":"summary_large_image","twitter_misc":{"Yazan:":"admin","Tahmini okuma s\u00fcresi":"1 dakika"},"schema":{"@context":"https:\/\/schema.org","@graph":[{"@type":"Article","@id":"https:\/\/kibrisdakik.com\/?p=98515#article","isPartOf":{"@id":"https:\/\/kibrisdakik.com\/?p=98515"},"author":{"name":"admin","@id":"https:\/\/kibrisdakik.com\/#\/schema\/person\/9cd9d437bbb44f72b73ba127e06d8e79"},"headline":"\u0130\u015fgalci \u0130srail ordusu Bat\u0131 \u015eeria&#039;da bir genci yaralad\u0131ktan sonra g\u00f6zalt\u0131na ald\u0131","datePublished":"2025-11-06T02:34:14+00:00","mainEntityOfPage":{"@id":"https:\/\/kibrisdakik.com\/?p=98515"},"wordCount":142,"commentCount":0,"image":{"@id":"https:\/\/kibrisdakik.com\/?p=98515#primaryimage"},"thumbnailUrl":"https:\/\/kibrisdakik.com\/wp-content\/uploads\/2025\/11\/bati-seria-aa-2196114.jpg","articleSection":["D\u00fcnya"],"inLanguage":"tr","potentialAction":[{"@type":"CommentAction","name":"Comment","target":["https:\/\/kibrisdakik.com\/?p=98515#respond"]}]},{"@type":"WebPage","@id":"https:\/\/kibrisdakik.com\/?p=98515","url":"https:\/\/kibrisdakik.com\/?p=98515","name":"\u0130\u015fgalci \u0130srail ordusu Bat\u0131 \u015eeria&#039;da bir genci yaralad\u0131ktan sonra g\u00f6zalt\u0131na ald\u0131 -","isPartOf":{"@id":"https:\/\/kibrisdakik.com\/#website"},"primaryImageOfPage":{"@id":"https:\/\/kibrisdakik.com\/?p=98515#primaryimage"},"image":{"@id":"https:\/\/kibrisdakik.com\/?p=98515#primaryimage"},"thumbnailUrl":"https:\/\/kibrisdakik.com\/wp-content\/uploads\/2025\/11\/bati-seria-aa-2196114.jpg","datePublished":"2025-11-06T02:34:14+00:00","author":{"@id":"https:\/\/kibrisdakik.com\/#\/schema\/person\/9cd9d437bbb44f72b73ba127e06d8e79"},"breadcrumb":{"@id":"https:\/\/kibrisdakik.com\/?p=98515#breadcrumb"},"inLanguage":"tr","potentialAction":[{"@type":"ReadAction","target":["https:\/\/kibrisdakik.com\/?p=98515"]}]},{"@type":"ImageObject","inLanguage":"tr","@id":"https:\/\/kibrisdakik.com\/?p=98515#primaryimage","url":"https:\/\/kibrisdakik.com\/wp-content\/uploads\/2025\/11\/bati-seria-aa-2196114.jpg","contentUrl":"https:\/\/kibrisdakik.com\/wp-content\/uploads\/2025\/11\/bati-seria-aa-2196114.jpg","width":1280,"height":720},{"@type":"BreadcrumbList","@id":"https:\/\/kibrisdakik.com\/?p=98515#breadcrumb","itemListElement":[{"@type":"ListItem","position":1,"name":"Home","item":"https:\/\/kibrisdakik.com\/"},{"@type":"ListItem","position":2,"name":"\u0130\u015fgalci \u0130srail ordusu Bat\u0131 \u015eeria&#039;da bir genci yaralad\u0131ktan sonra g\u00f6zalt\u0131na ald\u0131"}]},{"@type":"WebSite","@id":"https:\/\/kibrisdakik.com\/#website","url":"https:\/\/kibrisdakik.com\/","name":"","description":"Tam vaktinde haber","potentialAction":[{"@type":"SearchAction","target":{"@type":"EntryPoint","urlTemplate":"https:\/\/kibrisdakik.com\/?s={search_term_string}"},"query-input":{"@type":"PropertyValueSpecification","valueRequired":true,"valueName":"search_term_string"}}],"inLanguage":"tr"},{"@type":"Person","@id":"https:\/\/kibrisdakik.com\/#\/schema\/person\/9cd9d437bbb44f72b73ba127e06d8e79","name":"admin","image":{"@type":"ImageObject","inLanguage":"tr","@id":"https:\/\/secure.gravatar.com\/avatar\/ccc17943b9d660506c869530f897617f7cb1c21a4bf30023f252596d83e1f007?s=96&d=mm&r=g","url":"https:\/\/secure.gravatar.com\/avatar\/ccc17943b9d660506c869530f897617f7cb1c21a4bf30023f252596d83e1f007?s=96&d=mm&r=g","contentUrl":"https:\/\/secure.gravatar.com\/avatar\/ccc17943b9d660506c869530f897617f7cb1c21a4bf30023f252596d83e1f007?s=96&d=mm&r=g","caption":"admin"},"sameAs":["https:\/\/kibrisdakik.com"],"url":"https:\/\/kibrisdakik.com\/?author=1"}]}},"_links":{"self":[{"href":"https:\/\/kibrisdakik.com\/index.php?rest_route=\/wp\/v2\/posts\/98515","targetHints":{"allow":["GET"]}}],"collection":[{"href":"https:\/\/kibrisdakik.com\/index.php?rest_route=\/wp\/v2\/posts"}],"about":[{"href":"https:\/\/kibrisdakik.com\/index.php?rest_route=\/wp\/v2\/types\/post"}],"author":[{"embeddable":true,"href":"https:\/\/kibrisdakik.com\/index.php?rest_route=\/wp\/v2\/users\/1"}],"replies":[{"embeddable":true,"href":"https:\/\/kibrisdakik.com\/index.php?rest_route=%2Fwp%2Fv2%2Fcomments&post=98515"}],"version-history":[{"count":0,"href":"https:\/\/kibrisdakik.com\/index.php?rest_route=\/wp\/v2\/posts\/98515\/revisions"}],"wp:featuredmedia":[{"embeddable":true,"href":"https:\/\/kibrisdakik.com\/index.php?rest_route=\/wp\/v2\/media\/98516"}],"wp:attachment":[{"href":"https:\/\/kibrisdakik.com\/index.php?rest_route=%2Fwp%2Fv2%2Fmedia&parent=98515"}],"wp:term":[{"taxonomy":"category","embeddable":true,"href":"https:\/\/kibrisdakik.com\/index.php?rest_route=%2Fwp%2Fv2%2Fcategories&post=98515"},{"taxonomy":"post_tag","embeddable":true,"href":"https:\/\/kibrisdakik.com\/index.php?rest_route=%2Fwp%2Fv2%2Ftags&post=98515"}],"curies":[{"name":"wp","href":"https:\/\/api.w.org\/{rel}","templated":true}]}}