{"id":98525,"date":"2025-11-06T06:16:47","date_gmt":"2025-11-06T04:16:47","guid":{"rendered":"https:\/\/kibrisdakik.com\/index.php\/2025\/11\/06\/bilim-insanlari-erkek-ve-kadin-beyinlerinde-yuzlerce-gen-farkli-calisiyor\/"},"modified":"2025-11-06T06:16:47","modified_gmt":"2025-11-06T04:16:47","slug":"bilim-insanlari-erkek-ve-kadin-beyinlerinde-yuzlerce-gen-farkli-calisiyor","status":"publish","type":"post","link":"https:\/\/kibrisdakik.com\/?p=98525","title":{"rendered":"Bilim insanlar\u0131: Erkek ve kad\u0131n beyinlerinde y\u00fczlerce gen farkl\u0131 \u00e7al\u0131\u015f\u0131yor"},"content":{"rendered":"<p><\/p>\n<div class=\"news-content\">\n<p>\n\tOxford merkezli La Trobe \u00dcniversitesi\u2019nden Prof. Jenny Graves\u2019in aktard\u0131\u011f\u0131na g\u00f6re, erkek (XY) ve kad\u0131n (XX) bireylerin beyinlerinde gen aktivitesi \u00f6nemli \u00f6l\u00e7\u00fcde de\u011fi\u015fiklik g\u00f6steriyor.<\/p>\n<p>\n\t2025\u2019te yay\u0131mlanan bir \u00e7al\u0131\u015fmada, erkek beyinlerinde 610, kad\u0131n beyinlerinde ise 316 genin daha aktif oldu\u011fu belirlendi.<\/p>\n<p>\n\tAra\u015ft\u0131rmac\u0131lar, bu farkl\u0131l\u0131klar\u0131n yaln\u0131zca hormonlardan de\u011fil, do\u011frudan genetik etkilerden kaynakland\u0131\u011f\u0131n\u0131 ve fetal geli\u015fimin \u00e7ok erken d\u00f6nemlerinde ba\u015flad\u0131\u011f\u0131n\u0131 vurguluyor.<\/p>\n<h2>\n\tGenlerin yaln\u0131zca y\u00fczde 10\u2019u cinsiyet kromozomlar\u0131nda<\/h2>\n<p>\n\tGenlerin b\u00fcy\u00fck b\u00f6l\u00fcm\u00fc cinsiyet kromozomlar\u0131nda de\u011fil, her iki cinsiyette de bulunan \u201cnormal\u201d kromozomlarda yer al\u0131yor. Bu durum, cinsiyet hormonlar\u0131n\u0131n (\u00f6strojen ve testosteron) gen aktivitesi \u00fczerinde \u00f6nemli bir rol oynad\u0131\u011f\u0131n\u0131 d\u00fc\u015f\u00fcnd\u00fcr\u00fcyor.<\/p>\n<p>\n\tBeyin dokular\u0131nda yap\u0131lan incelemelerde, kad\u0131nlarda n\u00f6ronlarla ili\u015fkili genlerin, erkeklerde ise h\u00fccre zarlar\u0131 ve \u00e7ekirdek yap\u0131lar\u0131yla ilgili genlerin daha aktif oldu\u011fu g\u00f6r\u00fcld\u00fc.<\/p>\n<h2>\n\tHastal\u0131k risklerinde cinsiyet fark\u0131<\/h2>\n<p>\n\tGen d\u00fczeyindeki bu farkl\u0131l\u0131klar, beyin hastal\u0131klar\u0131na yatk\u0131nl\u0131kta da cinsiyet farklar\u0131n\u0131 a\u00e7\u0131klayabilir.<\/p>\n<p>\n\tAlzheimer hastal\u0131\u011f\u0131 ile ili\u015fkili genlerin \u00e7o\u011fu kad\u0131nlarda daha aktif. Bu da kad\u0131nlarda hastal\u0131\u011f\u0131n g\u00f6r\u00fclme oran\u0131n\u0131n iki kat fazla olmas\u0131n\u0131 a\u00e7\u0131klayabilir.<\/p>\n<p>\n\tErkeklere \u00f6zg\u00fc SRY geni ise Parkinson hastal\u0131\u011f\u0131n\u0131n ilerlemesini h\u0131zland\u0131rabiliyor.<\/p>\n<h2>\n\tSonu\u00e7: Beyin fark\u0131 do\u011fu\u015ftan ama kesin s\u0131n\u0131rlar yok<\/h2>\n<p>\n\tAra\u015ft\u0131rmac\u0131lar, erkek ve kad\u0131n beyinlerinde genlerin farkl\u0131 \u00e7al\u0131\u015ft\u0131\u011f\u0131n\u0131 kabul etse de, bunun zek\u00e2 ya da davran\u0131\u015f \u00fczerindeki etkisinin hen\u00fcz tam olarak anla\u015f\u0131lmad\u0131\u011f\u0131n\u0131 belirtiyor.<\/p>\n<p>\n\tGraves, \u201cCinsiyetler aras\u0131nda genetik d\u00fczeyde farkl\u0131l\u0131klar var, ancak bu farklar bireylerin kapasitesini veya zek\u00e2s\u0131n\u0131 belirlemiyor,\u201d diyor.<\/p>\n<p>\n\tAra\u015ft\u0131rma, The Conversation arac\u0131l\u0131\u011f\u0131yla yay\u0131mland\u0131.<\/p>\n<div class=\"news-tags\">\n<div class=\"title\">ET\u0130KETLER<\/div>\n<div class=\"tags\">\n                                                                            Ara\u015ft\u0131rma<br \/>\n                                                                            Bilimsel Ara\u015ft\u0131rma<br \/>\n                                                                            Genetik<br \/>\n                                                                            Alzheimer\n                                                                    <\/div>\n<\/p><\/div>\n<\/p><\/div>\n","protected":false},"excerpt":{"rendered":"<p>Oxford merkezli La Trobe \u00dcniversitesi\u2019nden Prof. Jenny Graves\u2019in aktard\u0131\u011f\u0131na g\u00f6re, erkek (XY) ve kad\u0131n (XX) bireylerin beyinlerinde gen aktivitesi \u00f6nemli \u00f6l\u00e7\u00fcde de\u011fi\u015fiklik g\u00f6steriyor. 2025\u2019te yay\u0131mlanan bir \u00e7al\u0131\u015fmada, erkek beyinlerinde 610, kad\u0131n beyinlerinde ise 316 genin daha aktif oldu\u011fu belirlendi. Ara\u015ft\u0131rmac\u0131lar, bu farkl\u0131l\u0131klar\u0131n yaln\u0131zca hormonlardan de\u011fil, do\u011frudan genetik etkilerden kaynakland\u0131\u011f\u0131n\u0131 ve fetal geli\u015fimin \u00e7ok erken d\u00f6nemlerinde<\/p>\n","protected":false},"author":1,"featured_media":95880,"comment_status":"open","ping_status":"open","sticky":false,"template":"","format":"standard","meta":{"footnotes":""},"categories":[306],"tags":[],"class_list":["post-98525","post","type-post","status-publish","format-standard","has-post-thumbnail","hentry","category-dunya"],"yoast_head":"<!-- This site is optimized with the Yoast SEO plugin v27.5 - https:\/\/yoast.com\/product\/yoast-seo-wordpress\/ -->\n<title>Bilim insanlar\u0131: Erkek ve kad\u0131n beyinlerinde y\u00fczlerce gen farkl\u0131 \u00e7al\u0131\u015f\u0131yor -<\/title>\n<meta name=\"robots\" content=\"index, follow, max-snippet:-1, max-image-preview:large, max-video-preview:-1\" \/>\n<link rel=\"canonical\" href=\"https:\/\/kibrisdakik.com\/?p=98525\" \/>\n<meta property=\"og:locale\" content=\"tr_TR\" \/>\n<meta property=\"og:type\" content=\"article\" \/>\n<meta property=\"og:title\" content=\"Bilim insanlar\u0131: Erkek ve kad\u0131n beyinlerinde y\u00fczlerce gen farkl\u0131 \u00e7al\u0131\u015f\u0131yor -\" \/>\n<meta property=\"og:description\" content=\"Oxford merkezli La Trobe \u00dcniversitesi\u2019nden Prof. Jenny Graves\u2019in aktard\u0131\u011f\u0131na g\u00f6re, erkek (XY) ve kad\u0131n (XX) bireylerin beyinlerinde gen aktivitesi \u00f6nemli \u00f6l\u00e7\u00fcde de\u011fi\u015fiklik g\u00f6steriyor. 2025\u2019te yay\u0131mlanan bir \u00e7al\u0131\u015fmada, erkek beyinlerinde 610, kad\u0131n beyinlerinde ise 316 genin daha aktif oldu\u011fu belirlendi. Ara\u015ft\u0131rmac\u0131lar, bu farkl\u0131l\u0131klar\u0131n yaln\u0131zca hormonlardan de\u011fil, do\u011frudan genetik etkilerden kaynakland\u0131\u011f\u0131n\u0131 ve fetal geli\u015fimin \u00e7ok erken d\u00f6nemlerinde\" \/>\n<meta property=\"og:url\" content=\"https:\/\/kibrisdakik.com\/?p=98525\" \/>\n<meta property=\"article:published_time\" content=\"2025-11-06T04:16:47+00:00\" \/>\n<meta property=\"og:image\" content=\"https:\/\/kibrisdakik.com\/wp-content\/uploads\/2025\/10\/beyin-2120635.jpg\" \/>\n\t<meta property=\"og:image:width\" content=\"1280\" \/>\n\t<meta property=\"og:image:height\" content=\"720\" \/>\n\t<meta property=\"og:image:type\" content=\"image\/jpeg\" \/>\n<meta name=\"author\" content=\"admin\" \/>\n<meta name=\"twitter:card\" content=\"summary_large_image\" \/>\n<meta name=\"twitter:label1\" content=\"Yazan:\" \/>\n\t<meta name=\"twitter:data1\" content=\"admin\" \/>\n\t<meta name=\"twitter:label2\" content=\"Tahmini okuma s\u00fcresi\" \/>\n\t<meta name=\"twitter:data2\" content=\"2 dakika\" \/>\n<script type=\"application\/ld+json\" class=\"yoast-schema-graph\">{\"@context\":\"https:\\\/\\\/schema.org\",\"@graph\":[{\"@type\":\"Article\",\"@id\":\"https:\\\/\\\/kibrisdakik.com\\\/?p=98525#article\",\"isPartOf\":{\"@id\":\"https:\\\/\\\/kibrisdakik.com\\\/?p=98525\"},\"author\":{\"name\":\"admin\",\"@id\":\"https:\\\/\\\/kibrisdakik.com\\\/#\\\/schema\\\/person\\\/9cd9d437bbb44f72b73ba127e06d8e79\"},\"headline\":\"Bilim insanlar\u0131: Erkek ve kad\u0131n beyinlerinde y\u00fczlerce gen farkl\u0131 \u00e7al\u0131\u015f\u0131yor\",\"datePublished\":\"2025-11-06T04:16:47+00:00\",\"mainEntityOfPage\":{\"@id\":\"https:\\\/\\\/kibrisdakik.com\\\/?p=98525\"},\"wordCount\":335,\"commentCount\":0,\"image\":{\"@id\":\"https:\\\/\\\/kibrisdakik.com\\\/?p=98525#primaryimage\"},\"thumbnailUrl\":\"https:\\\/\\\/kibrisdakik.com\\\/wp-content\\\/uploads\\\/2025\\\/10\\\/beyin-2120635.jpg\",\"articleSection\":[\"D\u00fcnya\"],\"inLanguage\":\"tr\",\"potentialAction\":[{\"@type\":\"CommentAction\",\"name\":\"Comment\",\"target\":[\"https:\\\/\\\/kibrisdakik.com\\\/?p=98525#respond\"]}]},{\"@type\":\"WebPage\",\"@id\":\"https:\\\/\\\/kibrisdakik.com\\\/?p=98525\",\"url\":\"https:\\\/\\\/kibrisdakik.com\\\/?p=98525\",\"name\":\"Bilim insanlar\u0131: Erkek ve kad\u0131n beyinlerinde y\u00fczlerce gen farkl\u0131 \u00e7al\u0131\u015f\u0131yor -\",\"isPartOf\":{\"@id\":\"https:\\\/\\\/kibrisdakik.com\\\/#website\"},\"primaryImageOfPage\":{\"@id\":\"https:\\\/\\\/kibrisdakik.com\\\/?p=98525#primaryimage\"},\"image\":{\"@id\":\"https:\\\/\\\/kibrisdakik.com\\\/?p=98525#primaryimage\"},\"thumbnailUrl\":\"https:\\\/\\\/kibrisdakik.com\\\/wp-content\\\/uploads\\\/2025\\\/10\\\/beyin-2120635.jpg\",\"datePublished\":\"2025-11-06T04:16:47+00:00\",\"author\":{\"@id\":\"https:\\\/\\\/kibrisdakik.com\\\/#\\\/schema\\\/person\\\/9cd9d437bbb44f72b73ba127e06d8e79\"},\"breadcrumb\":{\"@id\":\"https:\\\/\\\/kibrisdakik.com\\\/?p=98525#breadcrumb\"},\"inLanguage\":\"tr\",\"potentialAction\":[{\"@type\":\"ReadAction\",\"target\":[\"https:\\\/\\\/kibrisdakik.com\\\/?p=98525\"]}]},{\"@type\":\"ImageObject\",\"inLanguage\":\"tr\",\"@id\":\"https:\\\/\\\/kibrisdakik.com\\\/?p=98525#primaryimage\",\"url\":\"https:\\\/\\\/kibrisdakik.com\\\/wp-content\\\/uploads\\\/2025\\\/10\\\/beyin-2120635.jpg\",\"contentUrl\":\"https:\\\/\\\/kibrisdakik.com\\\/wp-content\\\/uploads\\\/2025\\\/10\\\/beyin-2120635.jpg\",\"width\":1280,\"height\":720},{\"@type\":\"BreadcrumbList\",\"@id\":\"https:\\\/\\\/kibrisdakik.com\\\/?p=98525#breadcrumb\",\"itemListElement\":[{\"@type\":\"ListItem\",\"position\":1,\"name\":\"Home\",\"item\":\"https:\\\/\\\/kibrisdakik.com\\\/\"},{\"@type\":\"ListItem\",\"position\":2,\"name\":\"Bilim insanlar\u0131: Erkek ve kad\u0131n beyinlerinde y\u00fczlerce gen farkl\u0131 \u00e7al\u0131\u015f\u0131yor\"}]},{\"@type\":\"WebSite\",\"@id\":\"https:\\\/\\\/kibrisdakik.com\\\/#website\",\"url\":\"https:\\\/\\\/kibrisdakik.com\\\/\",\"name\":\"\",\"description\":\"Tam vaktinde haber\",\"potentialAction\":[{\"@type\":\"SearchAction\",\"target\":{\"@type\":\"EntryPoint\",\"urlTemplate\":\"https:\\\/\\\/kibrisdakik.com\\\/?s={search_term_string}\"},\"query-input\":{\"@type\":\"PropertyValueSpecification\",\"valueRequired\":true,\"valueName\":\"search_term_string\"}}],\"inLanguage\":\"tr\"},{\"@type\":\"Person\",\"@id\":\"https:\\\/\\\/kibrisdakik.com\\\/#\\\/schema\\\/person\\\/9cd9d437bbb44f72b73ba127e06d8e79\",\"name\":\"admin\",\"image\":{\"@type\":\"ImageObject\",\"inLanguage\":\"tr\",\"@id\":\"https:\\\/\\\/secure.gravatar.com\\\/avatar\\\/ccc17943b9d660506c869530f897617f7cb1c21a4bf30023f252596d83e1f007?s=96&d=mm&r=g\",\"url\":\"https:\\\/\\\/secure.gravatar.com\\\/avatar\\\/ccc17943b9d660506c869530f897617f7cb1c21a4bf30023f252596d83e1f007?s=96&d=mm&r=g\",\"contentUrl\":\"https:\\\/\\\/secure.gravatar.com\\\/avatar\\\/ccc17943b9d660506c869530f897617f7cb1c21a4bf30023f252596d83e1f007?s=96&d=mm&r=g\",\"caption\":\"admin\"},\"sameAs\":[\"https:\\\/\\\/kibrisdakik.com\"],\"url\":\"https:\\\/\\\/kibrisdakik.com\\\/?author=1\"}]}<\/script>\n<!-- \/ Yoast SEO plugin. -->","yoast_head_json":{"title":"Bilim insanlar\u0131: Erkek ve kad\u0131n beyinlerinde y\u00fczlerce gen farkl\u0131 \u00e7al\u0131\u015f\u0131yor -","robots":{"index":"index","follow":"follow","max-snippet":"max-snippet:-1","max-image-preview":"max-image-preview:large","max-video-preview":"max-video-preview:-1"},"canonical":"https:\/\/kibrisdakik.com\/?p=98525","og_locale":"tr_TR","og_type":"article","og_title":"Bilim insanlar\u0131: Erkek ve kad\u0131n beyinlerinde y\u00fczlerce gen farkl\u0131 \u00e7al\u0131\u015f\u0131yor -","og_description":"Oxford merkezli La Trobe \u00dcniversitesi\u2019nden Prof. Jenny Graves\u2019in aktard\u0131\u011f\u0131na g\u00f6re, erkek (XY) ve kad\u0131n (XX) bireylerin beyinlerinde gen aktivitesi \u00f6nemli \u00f6l\u00e7\u00fcde de\u011fi\u015fiklik g\u00f6steriyor. 2025\u2019te yay\u0131mlanan bir \u00e7al\u0131\u015fmada, erkek beyinlerinde 610, kad\u0131n beyinlerinde ise 316 genin daha aktif oldu\u011fu belirlendi. Ara\u015ft\u0131rmac\u0131lar, bu farkl\u0131l\u0131klar\u0131n yaln\u0131zca hormonlardan de\u011fil, do\u011frudan genetik etkilerden kaynakland\u0131\u011f\u0131n\u0131 ve fetal geli\u015fimin \u00e7ok erken d\u00f6nemlerinde","og_url":"https:\/\/kibrisdakik.com\/?p=98525","article_published_time":"2025-11-06T04:16:47+00:00","og_image":[{"width":1280,"height":720,"url":"https:\/\/kibrisdakik.com\/wp-content\/uploads\/2025\/10\/beyin-2120635.jpg","type":"image\/jpeg"}],"author":"admin","twitter_card":"summary_large_image","twitter_misc":{"Yazan:":"admin","Tahmini okuma s\u00fcresi":"2 dakika"},"schema":{"@context":"https:\/\/schema.org","@graph":[{"@type":"Article","@id":"https:\/\/kibrisdakik.com\/?p=98525#article","isPartOf":{"@id":"https:\/\/kibrisdakik.com\/?p=98525"},"author":{"name":"admin","@id":"https:\/\/kibrisdakik.com\/#\/schema\/person\/9cd9d437bbb44f72b73ba127e06d8e79"},"headline":"Bilim insanlar\u0131: Erkek ve kad\u0131n beyinlerinde y\u00fczlerce gen farkl\u0131 \u00e7al\u0131\u015f\u0131yor","datePublished":"2025-11-06T04:16:47+00:00","mainEntityOfPage":{"@id":"https:\/\/kibrisdakik.com\/?p=98525"},"wordCount":335,"commentCount":0,"image":{"@id":"https:\/\/kibrisdakik.com\/?p=98525#primaryimage"},"thumbnailUrl":"https:\/\/kibrisdakik.com\/wp-content\/uploads\/2025\/10\/beyin-2120635.jpg","articleSection":["D\u00fcnya"],"inLanguage":"tr","potentialAction":[{"@type":"CommentAction","name":"Comment","target":["https:\/\/kibrisdakik.com\/?p=98525#respond"]}]},{"@type":"WebPage","@id":"https:\/\/kibrisdakik.com\/?p=98525","url":"https:\/\/kibrisdakik.com\/?p=98525","name":"Bilim insanlar\u0131: Erkek ve kad\u0131n beyinlerinde y\u00fczlerce gen farkl\u0131 \u00e7al\u0131\u015f\u0131yor -","isPartOf":{"@id":"https:\/\/kibrisdakik.com\/#website"},"primaryImageOfPage":{"@id":"https:\/\/kibrisdakik.com\/?p=98525#primaryimage"},"image":{"@id":"https:\/\/kibrisdakik.com\/?p=98525#primaryimage"},"thumbnailUrl":"https:\/\/kibrisdakik.com\/wp-content\/uploads\/2025\/10\/beyin-2120635.jpg","datePublished":"2025-11-06T04:16:47+00:00","author":{"@id":"https:\/\/kibrisdakik.com\/#\/schema\/person\/9cd9d437bbb44f72b73ba127e06d8e79"},"breadcrumb":{"@id":"https:\/\/kibrisdakik.com\/?p=98525#breadcrumb"},"inLanguage":"tr","potentialAction":[{"@type":"ReadAction","target":["https:\/\/kibrisdakik.com\/?p=98525"]}]},{"@type":"ImageObject","inLanguage":"tr","@id":"https:\/\/kibrisdakik.com\/?p=98525#primaryimage","url":"https:\/\/kibrisdakik.com\/wp-content\/uploads\/2025\/10\/beyin-2120635.jpg","contentUrl":"https:\/\/kibrisdakik.com\/wp-content\/uploads\/2025\/10\/beyin-2120635.jpg","width":1280,"height":720},{"@type":"BreadcrumbList","@id":"https:\/\/kibrisdakik.com\/?p=98525#breadcrumb","itemListElement":[{"@type":"ListItem","position":1,"name":"Home","item":"https:\/\/kibrisdakik.com\/"},{"@type":"ListItem","position":2,"name":"Bilim insanlar\u0131: Erkek ve kad\u0131n beyinlerinde y\u00fczlerce gen farkl\u0131 \u00e7al\u0131\u015f\u0131yor"}]},{"@type":"WebSite","@id":"https:\/\/kibrisdakik.com\/#website","url":"https:\/\/kibrisdakik.com\/","name":"","description":"Tam vaktinde haber","potentialAction":[{"@type":"SearchAction","target":{"@type":"EntryPoint","urlTemplate":"https:\/\/kibrisdakik.com\/?s={search_term_string}"},"query-input":{"@type":"PropertyValueSpecification","valueRequired":true,"valueName":"search_term_string"}}],"inLanguage":"tr"},{"@type":"Person","@id":"https:\/\/kibrisdakik.com\/#\/schema\/person\/9cd9d437bbb44f72b73ba127e06d8e79","name":"admin","image":{"@type":"ImageObject","inLanguage":"tr","@id":"https:\/\/secure.gravatar.com\/avatar\/ccc17943b9d660506c869530f897617f7cb1c21a4bf30023f252596d83e1f007?s=96&d=mm&r=g","url":"https:\/\/secure.gravatar.com\/avatar\/ccc17943b9d660506c869530f897617f7cb1c21a4bf30023f252596d83e1f007?s=96&d=mm&r=g","contentUrl":"https:\/\/secure.gravatar.com\/avatar\/ccc17943b9d660506c869530f897617f7cb1c21a4bf30023f252596d83e1f007?s=96&d=mm&r=g","caption":"admin"},"sameAs":["https:\/\/kibrisdakik.com"],"url":"https:\/\/kibrisdakik.com\/?author=1"}]}},"_links":{"self":[{"href":"https:\/\/kibrisdakik.com\/index.php?rest_route=\/wp\/v2\/posts\/98525","targetHints":{"allow":["GET"]}}],"collection":[{"href":"https:\/\/kibrisdakik.com\/index.php?rest_route=\/wp\/v2\/posts"}],"about":[{"href":"https:\/\/kibrisdakik.com\/index.php?rest_route=\/wp\/v2\/types\/post"}],"author":[{"embeddable":true,"href":"https:\/\/kibrisdakik.com\/index.php?rest_route=\/wp\/v2\/users\/1"}],"replies":[{"embeddable":true,"href":"https:\/\/kibrisdakik.com\/index.php?rest_route=%2Fwp%2Fv2%2Fcomments&post=98525"}],"version-history":[{"count":0,"href":"https:\/\/kibrisdakik.com\/index.php?rest_route=\/wp\/v2\/posts\/98525\/revisions"}],"wp:featuredmedia":[{"embeddable":true,"href":"https:\/\/kibrisdakik.com\/index.php?rest_route=\/wp\/v2\/media\/95880"}],"wp:attachment":[{"href":"https:\/\/kibrisdakik.com\/index.php?rest_route=%2Fwp%2Fv2%2Fmedia&parent=98525"}],"wp:term":[{"taxonomy":"category","embeddable":true,"href":"https:\/\/kibrisdakik.com\/index.php?rest_route=%2Fwp%2Fv2%2Fcategories&post=98525"},{"taxonomy":"post_tag","embeddable":true,"href":"https:\/\/kibrisdakik.com\/index.php?rest_route=%2Fwp%2Fv2%2Ftags&post=98525"}],"curies":[{"name":"wp","href":"https:\/\/api.w.org\/{rel}","templated":true}]}}