{"id":98588,"date":"2025-11-06T12:36:03","date_gmt":"2025-11-06T10:36:03","guid":{"rendered":"https:\/\/kibrisdakik.com\/index.php\/2025\/11\/06\/talat-2027ye-kadar-beklenirse-ubp-kaybeder\/"},"modified":"2025-11-06T12:36:03","modified_gmt":"2025-11-06T10:36:03","slug":"talat-2027ye-kadar-beklenirse-ubp-kaybeder","status":"publish","type":"post","link":"https:\/\/kibrisdakik.com\/?p=98588","title":{"rendered":"TALAT: 2027\u2019YE KADAR BEKLEN\u0130RSE UBP KAYBEDER"},"content":{"rendered":"<p><\/p>\n<p>2. Cumhurba\u015fkan\u0131 Mehmet Ali Talat, erken genel se\u00e7imin yaln\u0131zca muhalefet i\u00e7in de\u011fil, iktidardaki Ulusal Birlik Partisi\u2019nin (UBP) de lehine olaca\u011f\u0131n\u0131 s\u00f6yledi.<\/p>\n<p>Kanal T\u2019de kat\u0131ld\u0131\u011f\u0131 programda de\u011ferlendirmelerde bulunan Talat, mevcut h\u00fck\u00fcmetin icraatlar\u0131n\u0131n ba\u015far\u0131s\u0131z oldu\u011funu savunarak, \u201cBir an evvel erken se\u00e7ime gidilmesi gerekir. Bu, UBP\u2019nin de i\u015fine gelir. H\u00fck\u00fcmet b\u00f6yle giderse ve se\u00e7im 2027\u2019de yap\u0131l\u0131rsa, bu UBP a\u00e7\u0131s\u0131ndan da hezimet olur\u201d dedi.<\/p>\n<p>Talat, \u00fclkenin mevcut ko\u015fullar\u0131nda se\u00e7imlerin ertelenmesinin hem ekonomik hem de siyasi a\u00e7\u0131dan zarar verece\u011fini belirtti.<\/p>\n","protected":false},"excerpt":{"rendered":"<p>2. Cumhurba\u015fkan\u0131 Mehmet Ali Talat, erken genel se\u00e7imin yaln\u0131zca muhalefet i\u00e7in de\u011fil, iktidardaki Ulusal Birlik Partisi\u2019nin (UBP) de lehine olaca\u011f\u0131n\u0131 s\u00f6yledi. Kanal T\u2019de kat\u0131ld\u0131\u011f\u0131 programda de\u011ferlendirmelerde bulunan Talat, mevcut h\u00fck\u00fcmetin icraatlar\u0131n\u0131n ba\u015far\u0131s\u0131z oldu\u011funu savunarak, \u201cBir an evvel erken se\u00e7ime gidilmesi gerekir. Bu, UBP\u2019nin de i\u015fine gelir. H\u00fck\u00fcmet b\u00f6yle giderse ve se\u00e7im 2027\u2019de yap\u0131l\u0131rsa, bu UBP<\/p>\n","protected":false},"author":1,"featured_media":98589,"comment_status":"open","ping_status":"open","sticky":false,"template":"","format":"standard","meta":{"footnotes":""},"categories":[81],"tags":[],"class_list":["post-98588","post","type-post","status-publish","format-standard","has-post-thumbnail","hentry","category-kibris"],"yoast_head":"<!-- This site is optimized with the Yoast SEO plugin v27.5 - https:\/\/yoast.com\/product\/yoast-seo-wordpress\/ -->\n<title>TALAT: 2027\u2019YE KADAR BEKLEN\u0130RSE UBP KAYBEDER -<\/title>\n<meta name=\"robots\" content=\"index, follow, max-snippet:-1, max-image-preview:large, max-video-preview:-1\" \/>\n<link rel=\"canonical\" href=\"https:\/\/kibrisdakik.com\/?p=98588\" \/>\n<meta property=\"og:locale\" content=\"tr_TR\" \/>\n<meta property=\"og:type\" content=\"article\" \/>\n<meta property=\"og:title\" content=\"TALAT: 2027\u2019YE KADAR BEKLEN\u0130RSE UBP KAYBEDER -\" \/>\n<meta property=\"og:description\" content=\"2. Cumhurba\u015fkan\u0131 Mehmet Ali Talat, erken genel se\u00e7imin yaln\u0131zca muhalefet i\u00e7in de\u011fil, iktidardaki Ulusal Birlik Partisi\u2019nin (UBP) de lehine olaca\u011f\u0131n\u0131 s\u00f6yledi. Kanal T\u2019de kat\u0131ld\u0131\u011f\u0131 programda de\u011ferlendirmelerde bulunan Talat, mevcut h\u00fck\u00fcmetin icraatlar\u0131n\u0131n ba\u015far\u0131s\u0131z oldu\u011funu savunarak, \u201cBir an evvel erken se\u00e7ime gidilmesi gerekir. Bu, UBP\u2019nin de i\u015fine gelir. H\u00fck\u00fcmet b\u00f6yle giderse ve se\u00e7im 2027\u2019de yap\u0131l\u0131rsa, bu UBP\" \/>\n<meta property=\"og:url\" content=\"https:\/\/kibrisdakik.com\/?p=98588\" \/>\n<meta property=\"article:published_time\" content=\"2025-11-06T10:36:03+00:00\" \/>\n<meta property=\"og:image\" content=\"https:\/\/kibrisdakik.com\/wp-content\/uploads\/2025\/11\/mha-sari-beyaz-598.png\" \/>\n\t<meta property=\"og:image:width\" content=\"1280\" \/>\n\t<meta property=\"og:image:height\" content=\"720\" \/>\n\t<meta property=\"og:image:type\" content=\"image\/png\" \/>\n<meta name=\"author\" content=\"admin\" \/>\n<meta name=\"twitter:card\" content=\"summary_large_image\" \/>\n<meta name=\"twitter:label1\" content=\"Yazan:\" \/>\n\t<meta name=\"twitter:data1\" content=\"admin\" \/>\n\t<meta name=\"twitter:label2\" content=\"Tahmini okuma s\u00fcresi\" \/>\n\t<meta name=\"twitter:data2\" content=\"1 dakika\" \/>\n<script type=\"application\/ld+json\" class=\"yoast-schema-graph\">{\"@context\":\"https:\\\/\\\/schema.org\",\"@graph\":[{\"@type\":\"Article\",\"@id\":\"https:\\\/\\\/kibrisdakik.com\\\/?p=98588#article\",\"isPartOf\":{\"@id\":\"https:\\\/\\\/kibrisdakik.com\\\/?p=98588\"},\"author\":{\"name\":\"admin\",\"@id\":\"https:\\\/\\\/kibrisdakik.com\\\/#\\\/schema\\\/person\\\/9cd9d437bbb44f72b73ba127e06d8e79\"},\"headline\":\"TALAT: 2027\u2019YE KADAR BEKLEN\u0130RSE UBP KAYBEDER\",\"datePublished\":\"2025-11-06T10:36:03+00:00\",\"mainEntityOfPage\":{\"@id\":\"https:\\\/\\\/kibrisdakik.com\\\/?p=98588\"},\"wordCount\":116,\"commentCount\":0,\"image\":{\"@id\":\"https:\\\/\\\/kibrisdakik.com\\\/?p=98588#primaryimage\"},\"thumbnailUrl\":\"https:\\\/\\\/kibrisdakik.com\\\/wp-content\\\/uploads\\\/2025\\\/11\\\/mha-sari-beyaz-598.png\",\"articleSection\":[\"K\u0131br\u0131s\"],\"inLanguage\":\"tr\",\"potentialAction\":[{\"@type\":\"CommentAction\",\"name\":\"Comment\",\"target\":[\"https:\\\/\\\/kibrisdakik.com\\\/?p=98588#respond\"]}]},{\"@type\":\"WebPage\",\"@id\":\"https:\\\/\\\/kibrisdakik.com\\\/?p=98588\",\"url\":\"https:\\\/\\\/kibrisdakik.com\\\/?p=98588\",\"name\":\"TALAT: 2027\u2019YE KADAR BEKLEN\u0130RSE UBP KAYBEDER -\",\"isPartOf\":{\"@id\":\"https:\\\/\\\/kibrisdakik.com\\\/#website\"},\"primaryImageOfPage\":{\"@id\":\"https:\\\/\\\/kibrisdakik.com\\\/?p=98588#primaryimage\"},\"image\":{\"@id\":\"https:\\\/\\\/kibrisdakik.com\\\/?p=98588#primaryimage\"},\"thumbnailUrl\":\"https:\\\/\\\/kibrisdakik.com\\\/wp-content\\\/uploads\\\/2025\\\/11\\\/mha-sari-beyaz-598.png\",\"datePublished\":\"2025-11-06T10:36:03+00:00\",\"author\":{\"@id\":\"https:\\\/\\\/kibrisdakik.com\\\/#\\\/schema\\\/person\\\/9cd9d437bbb44f72b73ba127e06d8e79\"},\"breadcrumb\":{\"@id\":\"https:\\\/\\\/kibrisdakik.com\\\/?p=98588#breadcrumb\"},\"inLanguage\":\"tr\",\"potentialAction\":[{\"@type\":\"ReadAction\",\"target\":[\"https:\\\/\\\/kibrisdakik.com\\\/?p=98588\"]}]},{\"@type\":\"ImageObject\",\"inLanguage\":\"tr\",\"@id\":\"https:\\\/\\\/kibrisdakik.com\\\/?p=98588#primaryimage\",\"url\":\"https:\\\/\\\/kibrisdakik.com\\\/wp-content\\\/uploads\\\/2025\\\/11\\\/mha-sari-beyaz-598.png\",\"contentUrl\":\"https:\\\/\\\/kibrisdakik.com\\\/wp-content\\\/uploads\\\/2025\\\/11\\\/mha-sari-beyaz-598.png\",\"width\":1280,\"height\":720},{\"@type\":\"BreadcrumbList\",\"@id\":\"https:\\\/\\\/kibrisdakik.com\\\/?p=98588#breadcrumb\",\"itemListElement\":[{\"@type\":\"ListItem\",\"position\":1,\"name\":\"Home\",\"item\":\"https:\\\/\\\/kibrisdakik.com\\\/\"},{\"@type\":\"ListItem\",\"position\":2,\"name\":\"TALAT: 2027\u2019YE KADAR BEKLEN\u0130RSE UBP KAYBEDER\"}]},{\"@type\":\"WebSite\",\"@id\":\"https:\\\/\\\/kibrisdakik.com\\\/#website\",\"url\":\"https:\\\/\\\/kibrisdakik.com\\\/\",\"name\":\"\",\"description\":\"Tam vaktinde haber\",\"potentialAction\":[{\"@type\":\"SearchAction\",\"target\":{\"@type\":\"EntryPoint\",\"urlTemplate\":\"https:\\\/\\\/kibrisdakik.com\\\/?s={search_term_string}\"},\"query-input\":{\"@type\":\"PropertyValueSpecification\",\"valueRequired\":true,\"valueName\":\"search_term_string\"}}],\"inLanguage\":\"tr\"},{\"@type\":\"Person\",\"@id\":\"https:\\\/\\\/kibrisdakik.com\\\/#\\\/schema\\\/person\\\/9cd9d437bbb44f72b73ba127e06d8e79\",\"name\":\"admin\",\"image\":{\"@type\":\"ImageObject\",\"inLanguage\":\"tr\",\"@id\":\"https:\\\/\\\/secure.gravatar.com\\\/avatar\\\/ccc17943b9d660506c869530f897617f7cb1c21a4bf30023f252596d83e1f007?s=96&d=mm&r=g\",\"url\":\"https:\\\/\\\/secure.gravatar.com\\\/avatar\\\/ccc17943b9d660506c869530f897617f7cb1c21a4bf30023f252596d83e1f007?s=96&d=mm&r=g\",\"contentUrl\":\"https:\\\/\\\/secure.gravatar.com\\\/avatar\\\/ccc17943b9d660506c869530f897617f7cb1c21a4bf30023f252596d83e1f007?s=96&d=mm&r=g\",\"caption\":\"admin\"},\"sameAs\":[\"https:\\\/\\\/kibrisdakik.com\"],\"url\":\"https:\\\/\\\/kibrisdakik.com\\\/?author=1\"}]}<\/script>\n<!-- \/ Yoast SEO plugin. -->","yoast_head_json":{"title":"TALAT: 2027\u2019YE KADAR BEKLEN\u0130RSE UBP KAYBEDER -","robots":{"index":"index","follow":"follow","max-snippet":"max-snippet:-1","max-image-preview":"max-image-preview:large","max-video-preview":"max-video-preview:-1"},"canonical":"https:\/\/kibrisdakik.com\/?p=98588","og_locale":"tr_TR","og_type":"article","og_title":"TALAT: 2027\u2019YE KADAR BEKLEN\u0130RSE UBP KAYBEDER -","og_description":"2. Cumhurba\u015fkan\u0131 Mehmet Ali Talat, erken genel se\u00e7imin yaln\u0131zca muhalefet i\u00e7in de\u011fil, iktidardaki Ulusal Birlik Partisi\u2019nin (UBP) de lehine olaca\u011f\u0131n\u0131 s\u00f6yledi. Kanal T\u2019de kat\u0131ld\u0131\u011f\u0131 programda de\u011ferlendirmelerde bulunan Talat, mevcut h\u00fck\u00fcmetin icraatlar\u0131n\u0131n ba\u015far\u0131s\u0131z oldu\u011funu savunarak, \u201cBir an evvel erken se\u00e7ime gidilmesi gerekir. Bu, UBP\u2019nin de i\u015fine gelir. H\u00fck\u00fcmet b\u00f6yle giderse ve se\u00e7im 2027\u2019de yap\u0131l\u0131rsa, bu UBP","og_url":"https:\/\/kibrisdakik.com\/?p=98588","article_published_time":"2025-11-06T10:36:03+00:00","og_image":[{"width":1280,"height":720,"url":"https:\/\/kibrisdakik.com\/wp-content\/uploads\/2025\/11\/mha-sari-beyaz-598.png","type":"image\/png"}],"author":"admin","twitter_card":"summary_large_image","twitter_misc":{"Yazan:":"admin","Tahmini okuma s\u00fcresi":"1 dakika"},"schema":{"@context":"https:\/\/schema.org","@graph":[{"@type":"Article","@id":"https:\/\/kibrisdakik.com\/?p=98588#article","isPartOf":{"@id":"https:\/\/kibrisdakik.com\/?p=98588"},"author":{"name":"admin","@id":"https:\/\/kibrisdakik.com\/#\/schema\/person\/9cd9d437bbb44f72b73ba127e06d8e79"},"headline":"TALAT: 2027\u2019YE KADAR BEKLEN\u0130RSE UBP KAYBEDER","datePublished":"2025-11-06T10:36:03+00:00","mainEntityOfPage":{"@id":"https:\/\/kibrisdakik.com\/?p=98588"},"wordCount":116,"commentCount":0,"image":{"@id":"https:\/\/kibrisdakik.com\/?p=98588#primaryimage"},"thumbnailUrl":"https:\/\/kibrisdakik.com\/wp-content\/uploads\/2025\/11\/mha-sari-beyaz-598.png","articleSection":["K\u0131br\u0131s"],"inLanguage":"tr","potentialAction":[{"@type":"CommentAction","name":"Comment","target":["https:\/\/kibrisdakik.com\/?p=98588#respond"]}]},{"@type":"WebPage","@id":"https:\/\/kibrisdakik.com\/?p=98588","url":"https:\/\/kibrisdakik.com\/?p=98588","name":"TALAT: 2027\u2019YE KADAR BEKLEN\u0130RSE UBP KAYBEDER -","isPartOf":{"@id":"https:\/\/kibrisdakik.com\/#website"},"primaryImageOfPage":{"@id":"https:\/\/kibrisdakik.com\/?p=98588#primaryimage"},"image":{"@id":"https:\/\/kibrisdakik.com\/?p=98588#primaryimage"},"thumbnailUrl":"https:\/\/kibrisdakik.com\/wp-content\/uploads\/2025\/11\/mha-sari-beyaz-598.png","datePublished":"2025-11-06T10:36:03+00:00","author":{"@id":"https:\/\/kibrisdakik.com\/#\/schema\/person\/9cd9d437bbb44f72b73ba127e06d8e79"},"breadcrumb":{"@id":"https:\/\/kibrisdakik.com\/?p=98588#breadcrumb"},"inLanguage":"tr","potentialAction":[{"@type":"ReadAction","target":["https:\/\/kibrisdakik.com\/?p=98588"]}]},{"@type":"ImageObject","inLanguage":"tr","@id":"https:\/\/kibrisdakik.com\/?p=98588#primaryimage","url":"https:\/\/kibrisdakik.com\/wp-content\/uploads\/2025\/11\/mha-sari-beyaz-598.png","contentUrl":"https:\/\/kibrisdakik.com\/wp-content\/uploads\/2025\/11\/mha-sari-beyaz-598.png","width":1280,"height":720},{"@type":"BreadcrumbList","@id":"https:\/\/kibrisdakik.com\/?p=98588#breadcrumb","itemListElement":[{"@type":"ListItem","position":1,"name":"Home","item":"https:\/\/kibrisdakik.com\/"},{"@type":"ListItem","position":2,"name":"TALAT: 2027\u2019YE KADAR BEKLEN\u0130RSE UBP KAYBEDER"}]},{"@type":"WebSite","@id":"https:\/\/kibrisdakik.com\/#website","url":"https:\/\/kibrisdakik.com\/","name":"","description":"Tam vaktinde haber","potentialAction":[{"@type":"SearchAction","target":{"@type":"EntryPoint","urlTemplate":"https:\/\/kibrisdakik.com\/?s={search_term_string}"},"query-input":{"@type":"PropertyValueSpecification","valueRequired":true,"valueName":"search_term_string"}}],"inLanguage":"tr"},{"@type":"Person","@id":"https:\/\/kibrisdakik.com\/#\/schema\/person\/9cd9d437bbb44f72b73ba127e06d8e79","name":"admin","image":{"@type":"ImageObject","inLanguage":"tr","@id":"https:\/\/secure.gravatar.com\/avatar\/ccc17943b9d660506c869530f897617f7cb1c21a4bf30023f252596d83e1f007?s=96&d=mm&r=g","url":"https:\/\/secure.gravatar.com\/avatar\/ccc17943b9d660506c869530f897617f7cb1c21a4bf30023f252596d83e1f007?s=96&d=mm&r=g","contentUrl":"https:\/\/secure.gravatar.com\/avatar\/ccc17943b9d660506c869530f897617f7cb1c21a4bf30023f252596d83e1f007?s=96&d=mm&r=g","caption":"admin"},"sameAs":["https:\/\/kibrisdakik.com"],"url":"https:\/\/kibrisdakik.com\/?author=1"}]}},"_links":{"self":[{"href":"https:\/\/kibrisdakik.com\/index.php?rest_route=\/wp\/v2\/posts\/98588","targetHints":{"allow":["GET"]}}],"collection":[{"href":"https:\/\/kibrisdakik.com\/index.php?rest_route=\/wp\/v2\/posts"}],"about":[{"href":"https:\/\/kibrisdakik.com\/index.php?rest_route=\/wp\/v2\/types\/post"}],"author":[{"embeddable":true,"href":"https:\/\/kibrisdakik.com\/index.php?rest_route=\/wp\/v2\/users\/1"}],"replies":[{"embeddable":true,"href":"https:\/\/kibrisdakik.com\/index.php?rest_route=%2Fwp%2Fv2%2Fcomments&post=98588"}],"version-history":[{"count":0,"href":"https:\/\/kibrisdakik.com\/index.php?rest_route=\/wp\/v2\/posts\/98588\/revisions"}],"wp:featuredmedia":[{"embeddable":true,"href":"https:\/\/kibrisdakik.com\/index.php?rest_route=\/wp\/v2\/media\/98589"}],"wp:attachment":[{"href":"https:\/\/kibrisdakik.com\/index.php?rest_route=%2Fwp%2Fv2%2Fmedia&parent=98588"}],"wp:term":[{"taxonomy":"category","embeddable":true,"href":"https:\/\/kibrisdakik.com\/index.php?rest_route=%2Fwp%2Fv2%2Fcategories&post=98588"},{"taxonomy":"post_tag","embeddable":true,"href":"https:\/\/kibrisdakik.com\/index.php?rest_route=%2Fwp%2Fv2%2Ftags&post=98588"}],"curies":[{"name":"wp","href":"https:\/\/api.w.org\/{rel}","templated":true}]}}