{"id":9860,"date":"2023-07-05T10:11:47","date_gmt":"2023-07-05T10:11:47","guid":{"rendered":"https:\/\/kibrisdakik.com\/index.php\/2023\/07\/05\/yeni-ercan-havalimaninda-test-ucuslarina-baslandiarikli-bu-muhtesem-yatirimi-20-temmuzda-kktcye-kazandiracagiz\/"},"modified":"2023-07-05T10:11:47","modified_gmt":"2023-07-05T10:11:47","slug":"yeni-ercan-havalimaninda-test-ucuslarina-baslandiarikli-bu-muhtesem-yatirimi-20-temmuzda-kktcye-kazandiracagiz","status":"publish","type":"post","link":"https:\/\/kibrisdakik.com\/?p=9860","title":{"rendered":"Yeni Ercan Havaliman\u0131\u2019nda test u\u00e7u\u015flar\u0131na ba\u015fland\u0131\u2026Ar\u0131kl\u0131: Bu muhte\u015fem yat\u0131r\u0131m\u0131 20 Temmuz\u2019da KKTC\u2019ye kazand\u0131raca\u011f\u0131z"},"content":{"rendered":"<p><\/p>\n<div>\n<div class=\"mariselle-image-container center\">\n                <img width=\"1080\" height=\"607\" class=\"lazy-image\" alt=\"\" decoding=\"async\" loading=\"lazy\" sizes=\"auto, (max-width: 1080px) 100vw, 1080px\" src=\"https:\/\/brtk.net\/wp-content\/uploads\/2023\/07\/05\/yeni-ercan33.jpg?ver=3fb21b39610e415659f7433e4c9032a9\" srcset=\"https:\/\/brtk.net\/wp-content\/uploads\/2023\/07\/05\/yeni-ercan33.jpg?ver=3fb21b39610e415659f7433e4c9032a9 1080w, https:\/\/brtk.net\/wp-content\/uploads\/2023\/07\/05\/yeni-ercan33-300x169.jpg?ver=fa522bc17357c9b37c98ce83e08cba37 300w, https:\/\/brtk.net\/wp-content\/uploads\/2023\/07\/05\/yeni-ercan33-1024x576.jpg?ver=fa522bc17357c9b37c98ce83e08cba37 1024w, https:\/\/brtk.net\/wp-content\/uploads\/2023\/07\/05\/yeni-ercan33-768x432.jpg?ver=fa522bc17357c9b37c98ce83e08cba37 768w\"\/>                            <\/div>\n<p>Yeni Ercan Havaliman\u0131\u2019nda test u\u00e7u\u015flar\u0131na ba\u015fland\u0131. <\/p>\n<p>Bay\u0131nd\u0131rl\u0131k ve Ula\u015ft\u0131rma Bakan\u0131 Erhan Ar\u0131kl\u0131, Yeni Ercan Havaliman\u0131\u2019n\u0131n a\u00e7\u0131l\u0131\u015f\u0131n\u0131n baz\u0131 nedenlerle gecikti\u011fini ve uzun zamand\u0131r beklenen s\u00fcrecin sonuna gelindi\u011fini belirterek, 20 Temmuz\u2019da a\u00e7\u0131l\u0131\u015f yap\u0131lmas\u0131 i\u00e7in her t\u00fcrl\u00fc haz\u0131rl\u0131\u011f\u0131n yap\u0131lmakta oldu\u011funu anlatt\u0131.<br \/>Ar\u0131kl\u0131, \u201c20 Temmuz\u2019da bu muhte\u015fem yat\u0131r\u0131m\u0131  K\u0131br\u0131s T\u00fcrk Halk\u0131na ve kuzey K\u0131br\u0131s T\u00fcrk Cumhuriyeti\u2019ne kazand\u0131rman\u0131n mutlulu\u011funu hep birlikte ya\u015fayaca\u011f\u0131z\u201d. dedi<br \/>Ercan Havaliman\u0131\u2019n\u0131n T\u00fcrkiye\u2019nin d\u00f6rd\u00fcnc\u00fc b\u00fcy\u00fck Havaalan\u0131 olan Dalaman Havalaan\u0131n\u2019dan daha b\u00fcy\u00fck bir Havaalan\u0131 oldu\u011funu belirten Ar\u0131kl\u0131, 10 milyon yolcu kapasiteli bir Havalan\u0131 oldu\u011funu ve \u015fu ana kadar yakla\u015f\u0131k 400 milyon <a href=\"https:\/\/brtk.net\/\">euro<\/a> civar\u0131nda bir yat\u0131r\u0131m yap\u0131ld\u0131\u011f\u0131n\u0131 kaydetti.<\/p>\n<p>Yeni Ercan Havaliman\u0131 a\u00e7\u0131ld\u0131ktan sonra ufak tefek eksiklikler olabilece\u011fini aktaran Bakan Ar\u0131kl\u0131, bu eksikliklerin k\u0131sa s\u00fcrede giderilece\u011fini s\u00f6yledi. <\/p>\n<div class=\"mariselle-image-container center\">\n                <img width=\"1080\" height=\"607\" class=\"lazy-image\" alt=\"\" decoding=\"async\" loading=\"lazy\" sizes=\"auto, (max-width: 1080px) 100vw, 1080px\" src=\"https:\/\/brtk.net\/wp-content\/uploads\/2023\/07\/05\/yeni-ercan-1.jpg?ver=dfc33d33f2c3052827cdf890a05aaa85\" srcset=\"https:\/\/brtk.net\/wp-content\/uploads\/2023\/07\/05\/yeni-ercan-1.jpg?ver=dfc33d33f2c3052827cdf890a05aaa85 1080w, https:\/\/brtk.net\/wp-content\/uploads\/2023\/07\/05\/yeni-ercan-1-300x169.jpg?ver=dfc33d33f2c3052827cdf890a05aaa85 300w, https:\/\/brtk.net\/wp-content\/uploads\/2023\/07\/05\/yeni-ercan-1-1024x576.jpg?ver=dfc33d33f2c3052827cdf890a05aaa85 1024w, https:\/\/brtk.net\/wp-content\/uploads\/2023\/07\/05\/yeni-ercan-1-768x432.jpg?ver=1e8e2627a06b644a6f2e1b0ffd521188 768w\"\/>                            <\/div>\n<p>Ar\u0131kl\u0131, \u201c\u00f6nemli olan u\u00e7u\u015f kalitesi, yolcu g\u00fcvenli\u011fi ve teknik \u015fartlar\u0131n yerine getirilmesidir. \u015eu anda T\u00fcrkiye\u2019nin Ula\u015ft\u0131rma Bakanl\u0131\u011f\u0131na ait t\u00fcm birimler burada bize yard\u0131mc\u0131 olmak i\u00e7in ola\u011fan\u00fcst\u00fc gayret g\u00f6steriyorlar. Tam bir seferberlik halindeyiz. 20 Temmuz\u2019da T\u00fcrkiye Cumhurba\u015fkan\u0131 Say\u0131n Recep Tayyip Erdo\u011fan\u2019n\u0131n kat\u0131l\u0131m\u0131 ile a\u00e7\u0131l\u0131\u015f\u0131 haz\u0131r hale getirece\u011fiz in\u015fallah\u201d dedi.<\/p>\n<p>Bakan Ar\u0131kl\u0131 bas\u0131n mensuplar\u0131n\u0131n sorular\u0131n\u0131 da yan\u0131tlad\u0131.<\/p>\n<p>Ar\u0131kl\u0131, u\u00e7u\u015flar\u0131n a\u00e7\u0131l\u0131\u015ftan sonra yeni Ercan Havaliman\u0131ndan yap\u0131laca\u011f\u0131n\u0131, eski havaliman\u0131n\u0131n ise ba\u015fka ama\u00e7lar i\u00e7in kullan\u0131laca\u011f\u0131n\u0131 s\u00f6yledi. <\/p>\n<p>\u0130stanbul Handling\u2019in verdi\u011fi hizmetlerden memnun olduklar\u0131n\u0131 da kaydeden Bakan Ar\u0131kl\u0131, \u201cAnayasam\u0131z rekabeti emrediyor. B\u00f6ylesi stratejik bir yerde tek bir kurulu\u015fun olmas\u0131 \u00e7ok do\u011fru de\u011fil \u015fayet bir m\u00fcracaat olursa onu de\u011ferlendiririz\u201d dedi.<\/p>\n<p>Erhan Ar\u0131kl\u0131, havaliman\u0131nda g\u00fcmr\u00fck ve polis binalar\u0131 sorununun da \u00e7\u00f6z\u00fcmlendi\u011fini belirtti. <\/p>\n<p>T&amp;T Teknik koordinat\u00f6r\u00fc Naci I\u015f\u0131k da kat\u0131l\u0131mc\u0131lara brifing verdi. <\/p>\n<p>Test u\u00e7u\u015flar\u0131 ve havaliman\u0131 konusunda teknik bilgiler payla\u015fan Naci I\u015f\u0131k, yer testlerinde \u015fu ana kadar herhangi bir sorun ya\u015fanmad\u0131\u011f\u0131n\u0131 kaydetti. <\/p>\n<p>Ercan Havaliman\u0131\u2019na kurallara uygun bir pist yap\u0131ld\u0131\u011f\u0131n\u0131 kaydeden I\u015f\u0131k, Havaliman\u0131 i\u00e7in d\u00fcnyada kullan\u0131lan en \u00f6nemli sistemlerin se\u00e7ildi\u011fini ve \u015fu anda teknik olarak herhangi bir eksiklik bulunmad\u0131\u011f\u0131n\u0131 belirtti.<\/p>\n<p>Yeni pistin 3000 metre eski mevcut pistin 2755 metre oldu\u011funu kaydeden Naci I\u015f\u0131k, havaliman\u0131 a\u00e7\u0131ld\u0131ktan sonra eski pistin de yeniden yap\u0131laca\u011f\u0131n\u0131 belirtti.<br \/>Konu\u015fmalar\u0131n ard\u0131ndan yeni Ercan Havaliman\u0131\u2019nda test u\u00e7u\u015flar\u0131na ba\u015fland\u0131.<\/p>\n<p><a href=\"https:\/\/brtk.net\/\">BRT<\/a><\/p>\n<\/p><\/div>\n<p><script async\n                    defer\n                    crossorigin=\"anonymous\"\n                    src=\"https:\/\/connect.facebook.net\/tr_TR\/sdk.js#xfbml=1&#038;version=v3.3\"\n            ><\/script><\/p>\n","protected":false},"excerpt":{"rendered":"<p>Yeni Ercan Havaliman\u0131\u2019nda test u\u00e7u\u015flar\u0131na ba\u015fland\u0131. Bay\u0131nd\u0131rl\u0131k ve Ula\u015ft\u0131rma Bakan\u0131 Erhan Ar\u0131kl\u0131, Yeni Ercan Havaliman\u0131\u2019n\u0131n a\u00e7\u0131l\u0131\u015f\u0131n\u0131n baz\u0131 nedenlerle gecikti\u011fini ve uzun zamand\u0131r beklenen s\u00fcrecin sonuna gelindi\u011fini belirterek, 20 Temmuz\u2019da a\u00e7\u0131l\u0131\u015f yap\u0131lmas\u0131 i\u00e7in her t\u00fcrl\u00fc haz\u0131rl\u0131\u011f\u0131n yap\u0131lmakta oldu\u011funu anlatt\u0131.Ar\u0131kl\u0131, \u201c20 Temmuz\u2019da bu muhte\u015fem yat\u0131r\u0131m\u0131 K\u0131br\u0131s T\u00fcrk Halk\u0131na ve kuzey K\u0131br\u0131s T\u00fcrk Cumhuriyeti\u2019ne kazand\u0131rman\u0131n mutlulu\u011funu hep birlikte<\/p>\n","protected":false},"author":1,"featured_media":9861,"comment_status":"open","ping_status":"open","sticky":false,"template":"","format":"standard","meta":{"footnotes":""},"categories":[1],"tags":[],"class_list":["post-9860","post","type-post","status-publish","format-standard","has-post-thumbnail","hentry","category-gundem"],"yoast_head":"<!-- This site is optimized with the Yoast SEO plugin v27.5 - https:\/\/yoast.com\/product\/yoast-seo-wordpress\/ -->\n<title>Yeni Ercan Havaliman\u0131\u2019nda test u\u00e7u\u015flar\u0131na ba\u015fland\u0131\u2026Ar\u0131kl\u0131: Bu muhte\u015fem yat\u0131r\u0131m\u0131 20 Temmuz\u2019da KKTC\u2019ye kazand\u0131raca\u011f\u0131z -<\/title>\n<meta name=\"robots\" content=\"index, follow, max-snippet:-1, max-image-preview:large, max-video-preview:-1\" \/>\n<link rel=\"canonical\" href=\"https:\/\/kibrisdakik.com\/?p=9860\" \/>\n<meta property=\"og:locale\" content=\"tr_TR\" \/>\n<meta property=\"og:type\" content=\"article\" \/>\n<meta property=\"og:title\" content=\"Yeni Ercan Havaliman\u0131\u2019nda test u\u00e7u\u015flar\u0131na ba\u015fland\u0131\u2026Ar\u0131kl\u0131: Bu muhte\u015fem yat\u0131r\u0131m\u0131 20 Temmuz\u2019da KKTC\u2019ye kazand\u0131raca\u011f\u0131z -\" \/>\n<meta property=\"og:description\" content=\"Yeni Ercan Havaliman\u0131\u2019nda test u\u00e7u\u015flar\u0131na ba\u015fland\u0131. Bay\u0131nd\u0131rl\u0131k ve Ula\u015ft\u0131rma Bakan\u0131 Erhan Ar\u0131kl\u0131, Yeni Ercan Havaliman\u0131\u2019n\u0131n a\u00e7\u0131l\u0131\u015f\u0131n\u0131n baz\u0131 nedenlerle gecikti\u011fini ve uzun zamand\u0131r beklenen s\u00fcrecin sonuna gelindi\u011fini belirterek, 20 Temmuz\u2019da a\u00e7\u0131l\u0131\u015f yap\u0131lmas\u0131 i\u00e7in her t\u00fcrl\u00fc haz\u0131rl\u0131\u011f\u0131n yap\u0131lmakta oldu\u011funu anlatt\u0131.Ar\u0131kl\u0131, \u201c20 Temmuz\u2019da bu muhte\u015fem yat\u0131r\u0131m\u0131 K\u0131br\u0131s T\u00fcrk Halk\u0131na ve kuzey K\u0131br\u0131s T\u00fcrk Cumhuriyeti\u2019ne kazand\u0131rman\u0131n mutlulu\u011funu hep birlikte\" \/>\n<meta property=\"og:url\" content=\"https:\/\/kibrisdakik.com\/?p=9860\" \/>\n<meta property=\"article:published_time\" content=\"2023-07-05T10:11:47+00:00\" \/>\n<meta property=\"og:image\" content=\"https:\/\/kibrisdakik.com\/wp-content\/uploads\/2023\/07\/yeni-ercan-1-740x420.jpg\" \/>\n\t<meta property=\"og:image:width\" content=\"1080\" \/>\n\t<meta property=\"og:image:height\" content=\"607\" \/>\n\t<meta property=\"og:image:type\" content=\"image\/jpeg\" \/>\n<meta name=\"author\" content=\"admin\" \/>\n<meta name=\"twitter:card\" content=\"summary_large_image\" \/>\n<meta name=\"twitter:label1\" content=\"Yazan:\" \/>\n\t<meta name=\"twitter:data1\" content=\"admin\" \/>\n\t<meta name=\"twitter:label2\" content=\"Tahmini okuma s\u00fcresi\" \/>\n\t<meta name=\"twitter:data2\" content=\"2 dakika\" \/>\n<script type=\"application\/ld+json\" class=\"yoast-schema-graph\">{\"@context\":\"https:\\\/\\\/schema.org\",\"@graph\":[{\"@type\":\"Article\",\"@id\":\"https:\\\/\\\/kibrisdakik.com\\\/?p=9860#article\",\"isPartOf\":{\"@id\":\"https:\\\/\\\/kibrisdakik.com\\\/?p=9860\"},\"author\":{\"name\":\"admin\",\"@id\":\"https:\\\/\\\/kibrisdakik.com\\\/#\\\/schema\\\/person\\\/9cd9d437bbb44f72b73ba127e06d8e79\"},\"headline\":\"Yeni Ercan Havaliman\u0131\u2019nda test u\u00e7u\u015flar\u0131na ba\u015fland\u0131\u2026Ar\u0131kl\u0131: Bu muhte\u015fem yat\u0131r\u0131m\u0131 20 Temmuz\u2019da KKTC\u2019ye kazand\u0131raca\u011f\u0131z\",\"datePublished\":\"2023-07-05T10:11:47+00:00\",\"mainEntityOfPage\":{\"@id\":\"https:\\\/\\\/kibrisdakik.com\\\/?p=9860\"},\"wordCount\":512,\"commentCount\":0,\"image\":{\"@id\":\"https:\\\/\\\/kibrisdakik.com\\\/?p=9860#primaryimage\"},\"thumbnailUrl\":\"https:\\\/\\\/kibrisdakik.com\\\/wp-content\\\/uploads\\\/2023\\\/07\\\/yeni-ercan-1-740x420.jpg\",\"articleSection\":[\"G\u00fcndem\"],\"inLanguage\":\"tr\",\"potentialAction\":[{\"@type\":\"CommentAction\",\"name\":\"Comment\",\"target\":[\"https:\\\/\\\/kibrisdakik.com\\\/?p=9860#respond\"]}]},{\"@type\":\"WebPage\",\"@id\":\"https:\\\/\\\/kibrisdakik.com\\\/?p=9860\",\"url\":\"https:\\\/\\\/kibrisdakik.com\\\/?p=9860\",\"name\":\"Yeni Ercan Havaliman\u0131\u2019nda test u\u00e7u\u015flar\u0131na ba\u015fland\u0131\u2026Ar\u0131kl\u0131: Bu muhte\u015fem yat\u0131r\u0131m\u0131 20 Temmuz\u2019da KKTC\u2019ye kazand\u0131raca\u011f\u0131z -\",\"isPartOf\":{\"@id\":\"https:\\\/\\\/kibrisdakik.com\\\/#website\"},\"primaryImageOfPage\":{\"@id\":\"https:\\\/\\\/kibrisdakik.com\\\/?p=9860#primaryimage\"},\"image\":{\"@id\":\"https:\\\/\\\/kibrisdakik.com\\\/?p=9860#primaryimage\"},\"thumbnailUrl\":\"https:\\\/\\\/kibrisdakik.com\\\/wp-content\\\/uploads\\\/2023\\\/07\\\/yeni-ercan-1-740x420.jpg\",\"datePublished\":\"2023-07-05T10:11:47+00:00\",\"author\":{\"@id\":\"https:\\\/\\\/kibrisdakik.com\\\/#\\\/schema\\\/person\\\/9cd9d437bbb44f72b73ba127e06d8e79\"},\"breadcrumb\":{\"@id\":\"https:\\\/\\\/kibrisdakik.com\\\/?p=9860#breadcrumb\"},\"inLanguage\":\"tr\",\"potentialAction\":[{\"@type\":\"ReadAction\",\"target\":[\"https:\\\/\\\/kibrisdakik.com\\\/?p=9860\"]}]},{\"@type\":\"ImageObject\",\"inLanguage\":\"tr\",\"@id\":\"https:\\\/\\\/kibrisdakik.com\\\/?p=9860#primaryimage\",\"url\":\"https:\\\/\\\/kibrisdakik.com\\\/wp-content\\\/uploads\\\/2023\\\/07\\\/yeni-ercan-1-740x420.jpg\",\"contentUrl\":\"https:\\\/\\\/kibrisdakik.com\\\/wp-content\\\/uploads\\\/2023\\\/07\\\/yeni-ercan-1-740x420.jpg\",\"width\":1080,\"height\":607},{\"@type\":\"BreadcrumbList\",\"@id\":\"https:\\\/\\\/kibrisdakik.com\\\/?p=9860#breadcrumb\",\"itemListElement\":[{\"@type\":\"ListItem\",\"position\":1,\"name\":\"Home\",\"item\":\"https:\\\/\\\/kibrisdakik.com\\\/\"},{\"@type\":\"ListItem\",\"position\":2,\"name\":\"Yeni Ercan Havaliman\u0131\u2019nda test u\u00e7u\u015flar\u0131na ba\u015fland\u0131\u2026Ar\u0131kl\u0131: Bu muhte\u015fem yat\u0131r\u0131m\u0131 20 Temmuz\u2019da KKTC\u2019ye kazand\u0131raca\u011f\u0131z\"}]},{\"@type\":\"WebSite\",\"@id\":\"https:\\\/\\\/kibrisdakik.com\\\/#website\",\"url\":\"https:\\\/\\\/kibrisdakik.com\\\/\",\"name\":\"\",\"description\":\"Tam vaktinde haber\",\"potentialAction\":[{\"@type\":\"SearchAction\",\"target\":{\"@type\":\"EntryPoint\",\"urlTemplate\":\"https:\\\/\\\/kibrisdakik.com\\\/?s={search_term_string}\"},\"query-input\":{\"@type\":\"PropertyValueSpecification\",\"valueRequired\":true,\"valueName\":\"search_term_string\"}}],\"inLanguage\":\"tr\"},{\"@type\":\"Person\",\"@id\":\"https:\\\/\\\/kibrisdakik.com\\\/#\\\/schema\\\/person\\\/9cd9d437bbb44f72b73ba127e06d8e79\",\"name\":\"admin\",\"image\":{\"@type\":\"ImageObject\",\"inLanguage\":\"tr\",\"@id\":\"https:\\\/\\\/secure.gravatar.com\\\/avatar\\\/ccc17943b9d660506c869530f897617f7cb1c21a4bf30023f252596d83e1f007?s=96&d=mm&r=g\",\"url\":\"https:\\\/\\\/secure.gravatar.com\\\/avatar\\\/ccc17943b9d660506c869530f897617f7cb1c21a4bf30023f252596d83e1f007?s=96&d=mm&r=g\",\"contentUrl\":\"https:\\\/\\\/secure.gravatar.com\\\/avatar\\\/ccc17943b9d660506c869530f897617f7cb1c21a4bf30023f252596d83e1f007?s=96&d=mm&r=g\",\"caption\":\"admin\"},\"sameAs\":[\"https:\\\/\\\/kibrisdakik.com\"],\"url\":\"https:\\\/\\\/kibrisdakik.com\\\/?author=1\"}]}<\/script>\n<!-- \/ Yoast SEO plugin. -->","yoast_head_json":{"title":"Yeni Ercan Havaliman\u0131\u2019nda test u\u00e7u\u015flar\u0131na ba\u015fland\u0131\u2026Ar\u0131kl\u0131: Bu muhte\u015fem yat\u0131r\u0131m\u0131 20 Temmuz\u2019da KKTC\u2019ye kazand\u0131raca\u011f\u0131z -","robots":{"index":"index","follow":"follow","max-snippet":"max-snippet:-1","max-image-preview":"max-image-preview:large","max-video-preview":"max-video-preview:-1"},"canonical":"https:\/\/kibrisdakik.com\/?p=9860","og_locale":"tr_TR","og_type":"article","og_title":"Yeni Ercan Havaliman\u0131\u2019nda test u\u00e7u\u015flar\u0131na ba\u015fland\u0131\u2026Ar\u0131kl\u0131: Bu muhte\u015fem yat\u0131r\u0131m\u0131 20 Temmuz\u2019da KKTC\u2019ye kazand\u0131raca\u011f\u0131z -","og_description":"Yeni Ercan Havaliman\u0131\u2019nda test u\u00e7u\u015flar\u0131na ba\u015fland\u0131. Bay\u0131nd\u0131rl\u0131k ve Ula\u015ft\u0131rma Bakan\u0131 Erhan Ar\u0131kl\u0131, Yeni Ercan Havaliman\u0131\u2019n\u0131n a\u00e7\u0131l\u0131\u015f\u0131n\u0131n baz\u0131 nedenlerle gecikti\u011fini ve uzun zamand\u0131r beklenen s\u00fcrecin sonuna gelindi\u011fini belirterek, 20 Temmuz\u2019da a\u00e7\u0131l\u0131\u015f yap\u0131lmas\u0131 i\u00e7in her t\u00fcrl\u00fc haz\u0131rl\u0131\u011f\u0131n yap\u0131lmakta oldu\u011funu anlatt\u0131.Ar\u0131kl\u0131, \u201c20 Temmuz\u2019da bu muhte\u015fem yat\u0131r\u0131m\u0131 K\u0131br\u0131s T\u00fcrk Halk\u0131na ve kuzey K\u0131br\u0131s T\u00fcrk Cumhuriyeti\u2019ne kazand\u0131rman\u0131n mutlulu\u011funu hep birlikte","og_url":"https:\/\/kibrisdakik.com\/?p=9860","article_published_time":"2023-07-05T10:11:47+00:00","og_image":[{"width":1080,"height":607,"url":"https:\/\/kibrisdakik.com\/wp-content\/uploads\/2023\/07\/yeni-ercan-1-740x420.jpg","type":"image\/jpeg"}],"author":"admin","twitter_card":"summary_large_image","twitter_misc":{"Yazan:":"admin","Tahmini okuma s\u00fcresi":"2 dakika"},"schema":{"@context":"https:\/\/schema.org","@graph":[{"@type":"Article","@id":"https:\/\/kibrisdakik.com\/?p=9860#article","isPartOf":{"@id":"https:\/\/kibrisdakik.com\/?p=9860"},"author":{"name":"admin","@id":"https:\/\/kibrisdakik.com\/#\/schema\/person\/9cd9d437bbb44f72b73ba127e06d8e79"},"headline":"Yeni Ercan Havaliman\u0131\u2019nda test u\u00e7u\u015flar\u0131na ba\u015fland\u0131\u2026Ar\u0131kl\u0131: Bu muhte\u015fem yat\u0131r\u0131m\u0131 20 Temmuz\u2019da KKTC\u2019ye kazand\u0131raca\u011f\u0131z","datePublished":"2023-07-05T10:11:47+00:00","mainEntityOfPage":{"@id":"https:\/\/kibrisdakik.com\/?p=9860"},"wordCount":512,"commentCount":0,"image":{"@id":"https:\/\/kibrisdakik.com\/?p=9860#primaryimage"},"thumbnailUrl":"https:\/\/kibrisdakik.com\/wp-content\/uploads\/2023\/07\/yeni-ercan-1-740x420.jpg","articleSection":["G\u00fcndem"],"inLanguage":"tr","potentialAction":[{"@type":"CommentAction","name":"Comment","target":["https:\/\/kibrisdakik.com\/?p=9860#respond"]}]},{"@type":"WebPage","@id":"https:\/\/kibrisdakik.com\/?p=9860","url":"https:\/\/kibrisdakik.com\/?p=9860","name":"Yeni Ercan Havaliman\u0131\u2019nda test u\u00e7u\u015flar\u0131na ba\u015fland\u0131\u2026Ar\u0131kl\u0131: Bu muhte\u015fem yat\u0131r\u0131m\u0131 20 Temmuz\u2019da KKTC\u2019ye kazand\u0131raca\u011f\u0131z -","isPartOf":{"@id":"https:\/\/kibrisdakik.com\/#website"},"primaryImageOfPage":{"@id":"https:\/\/kibrisdakik.com\/?p=9860#primaryimage"},"image":{"@id":"https:\/\/kibrisdakik.com\/?p=9860#primaryimage"},"thumbnailUrl":"https:\/\/kibrisdakik.com\/wp-content\/uploads\/2023\/07\/yeni-ercan-1-740x420.jpg","datePublished":"2023-07-05T10:11:47+00:00","author":{"@id":"https:\/\/kibrisdakik.com\/#\/schema\/person\/9cd9d437bbb44f72b73ba127e06d8e79"},"breadcrumb":{"@id":"https:\/\/kibrisdakik.com\/?p=9860#breadcrumb"},"inLanguage":"tr","potentialAction":[{"@type":"ReadAction","target":["https:\/\/kibrisdakik.com\/?p=9860"]}]},{"@type":"ImageObject","inLanguage":"tr","@id":"https:\/\/kibrisdakik.com\/?p=9860#primaryimage","url":"https:\/\/kibrisdakik.com\/wp-content\/uploads\/2023\/07\/yeni-ercan-1-740x420.jpg","contentUrl":"https:\/\/kibrisdakik.com\/wp-content\/uploads\/2023\/07\/yeni-ercan-1-740x420.jpg","width":1080,"height":607},{"@type":"BreadcrumbList","@id":"https:\/\/kibrisdakik.com\/?p=9860#breadcrumb","itemListElement":[{"@type":"ListItem","position":1,"name":"Home","item":"https:\/\/kibrisdakik.com\/"},{"@type":"ListItem","position":2,"name":"Yeni Ercan Havaliman\u0131\u2019nda test u\u00e7u\u015flar\u0131na ba\u015fland\u0131\u2026Ar\u0131kl\u0131: Bu muhte\u015fem yat\u0131r\u0131m\u0131 20 Temmuz\u2019da KKTC\u2019ye kazand\u0131raca\u011f\u0131z"}]},{"@type":"WebSite","@id":"https:\/\/kibrisdakik.com\/#website","url":"https:\/\/kibrisdakik.com\/","name":"","description":"Tam vaktinde haber","potentialAction":[{"@type":"SearchAction","target":{"@type":"EntryPoint","urlTemplate":"https:\/\/kibrisdakik.com\/?s={search_term_string}"},"query-input":{"@type":"PropertyValueSpecification","valueRequired":true,"valueName":"search_term_string"}}],"inLanguage":"tr"},{"@type":"Person","@id":"https:\/\/kibrisdakik.com\/#\/schema\/person\/9cd9d437bbb44f72b73ba127e06d8e79","name":"admin","image":{"@type":"ImageObject","inLanguage":"tr","@id":"https:\/\/secure.gravatar.com\/avatar\/ccc17943b9d660506c869530f897617f7cb1c21a4bf30023f252596d83e1f007?s=96&d=mm&r=g","url":"https:\/\/secure.gravatar.com\/avatar\/ccc17943b9d660506c869530f897617f7cb1c21a4bf30023f252596d83e1f007?s=96&d=mm&r=g","contentUrl":"https:\/\/secure.gravatar.com\/avatar\/ccc17943b9d660506c869530f897617f7cb1c21a4bf30023f252596d83e1f007?s=96&d=mm&r=g","caption":"admin"},"sameAs":["https:\/\/kibrisdakik.com"],"url":"https:\/\/kibrisdakik.com\/?author=1"}]}},"_links":{"self":[{"href":"https:\/\/kibrisdakik.com\/index.php?rest_route=\/wp\/v2\/posts\/9860","targetHints":{"allow":["GET"]}}],"collection":[{"href":"https:\/\/kibrisdakik.com\/index.php?rest_route=\/wp\/v2\/posts"}],"about":[{"href":"https:\/\/kibrisdakik.com\/index.php?rest_route=\/wp\/v2\/types\/post"}],"author":[{"embeddable":true,"href":"https:\/\/kibrisdakik.com\/index.php?rest_route=\/wp\/v2\/users\/1"}],"replies":[{"embeddable":true,"href":"https:\/\/kibrisdakik.com\/index.php?rest_route=%2Fwp%2Fv2%2Fcomments&post=9860"}],"version-history":[{"count":0,"href":"https:\/\/kibrisdakik.com\/index.php?rest_route=\/wp\/v2\/posts\/9860\/revisions"}],"wp:featuredmedia":[{"embeddable":true,"href":"https:\/\/kibrisdakik.com\/index.php?rest_route=\/wp\/v2\/media\/9861"}],"wp:attachment":[{"href":"https:\/\/kibrisdakik.com\/index.php?rest_route=%2Fwp%2Fv2%2Fmedia&parent=9860"}],"wp:term":[{"taxonomy":"category","embeddable":true,"href":"https:\/\/kibrisdakik.com\/index.php?rest_route=%2Fwp%2Fv2%2Fcategories&post=9860"},{"taxonomy":"post_tag","embeddable":true,"href":"https:\/\/kibrisdakik.com\/index.php?rest_route=%2Fwp%2Fv2%2Ftags&post=9860"}],"curies":[{"name":"wp","href":"https:\/\/api.w.org\/{rel}","templated":true}]}}