{"id":98614,"date":"2025-11-06T14:37:04","date_gmt":"2025-11-06T12:37:04","guid":{"rendered":"https:\/\/kibrisdakik.com\/index.php\/2025\/11\/06\/ailelerin-ardindan-avukatlar-dinlendi-mahkemeye-ara-verdi\/"},"modified":"2025-11-06T14:37:04","modified_gmt":"2025-11-06T12:37:04","slug":"ailelerin-ardindan-avukatlar-dinlendi-mahkemeye-ara-verdi","status":"publish","type":"post","link":"https:\/\/kibrisdakik.com\/?p=98614","title":{"rendered":"A\u0130LELER\u0130N ARDINDAN AVUKATLAR D\u0130NLEND\u0130, MAHKEMEYE ARA VERD\u0130"},"content":{"rendered":"<p><\/p>\n<p>Ad\u0131yaman Grand \u0130sias Otel\u2019in y\u0131k\u0131lmas\u0131nda kusuru bulunan alt\u0131 kamu g\u00f6revlisinin yarg\u0131land\u0131\u011f\u0131 \u00fc\u00e7\u00fcnc\u00fc duru\u015fmada, ailelerin ard\u0131ndan m\u00fc\u015fteki avukatlar\u0131 dinlendi. Ard\u0131ndan duru\u015fmaya yar\u0131m saat ara verildi. Aran\u0131n ard\u0131ndan san\u0131klar ve san\u0131k avukatlar\u0131 dinlenecek.<\/p>\n<p>Ad\u0131yaman 1. A\u011f\u0131r Ceza Mahkemesi\u2019nde g\u00f6r\u00fclen davada \u0130sias Otel\u2019e yap\u0131 ruhsat\u0131 verildi\u011finde Ad\u0131yaman Belediyesi Yap\u0131 Kontrol Birimi\u2019nde g\u00f6revli ve Yap\u0131 Ruhsat\u0131nda Proje Kontrollerinden sorumlu D\u00f6nemin Belediye Ba\u015fkan Yard\u0131mc\u0131s\u0131 Osman Bulut, Ruhsat B\u00fcro \u015eefi Bilal Balc\u0131, Plan Proje\/\u0130mar M\u00fcd\u00fcr\u00fc Mehmet Salih Alkay\u0131\u015f ve daimi i\u015f\u00e7i Abdurrahman Karaaslan, 1993 ruhsat\u0131nda \u0130mar M\u00fcd\u00fcr\u00fc Yusuf G\u00fcl ve daimi i\u015f\u00e7i, Ruhsat B\u00fcro Teknisyeni Fazl\u0131 Karaku\u015f yarg\u0131lan\u0131yor.<\/p>\n<p>Mahkemede, ailelerin dinlenmesinin ard\u0131ndan m\u00fc\u015fteki avukatlar\u0131 da dinlendi.<\/p>\n<p>Avukat Emrah Gen\u00e7, san\u0131klar\u0131n ayr\u0131 ayr\u0131 tutuklanmas\u0131n\u0131 istedi; sorumluluk addedilmeyen san\u0131klar\u0131n sorumlu olmas\u0131 gerekti\u011fini s\u00f6yledi.<\/p>\n<p>Avukat Baki Turan, bilirki\u015fi raporunda sorumluluk addedilen san\u0131klar konusunda rapora kat\u0131ld\u0131klar\u0131n\u0131 ancak cezan\u0131n olas\u0131 kast olarak de\u011ferlendirilmesi gerekti\u011fini s\u00f6yledi. Sorumlu addedilmeyen san\u0131klar\u0131n da sorumlu tutulmalar\u0131 gerekti\u011fini s\u00f6yleyen Turan, raporun bir k\u0131sm\u0131na itiraz ettiklerini belirtti. Turan, san\u0131klar\u0131n olas\u0131 kastla yarg\u0131lanmalar\u0131n\u0131 ve tutuklanmalar\u0131n\u0131 istedi.<\/p>\n<p>Avukat G\u00fcls\u00fcm \u00d6zdo\u011fru, bilirki\u015fi raporunun \u00e7eli\u015fkili oldu\u011funu ve \u201cy\u0131ld\u0131z vermek\u201d i\u00e7in gelen Turizm Bakanl\u0131\u011f\u0131 yetkililerinin de yarg\u0131lanmas\u0131 gerekti\u011fini ifade etti. \u00d6zdo\u011fru, Alperg\u00fcn Apartman\u0131 ve Kartalkaya Otek davalar\u0131n\u0131n sonu\u00e7lar\u0131na da dikkati \u00e7ekti. \u00d6zdo\u011fru, san\u0131klar\u0131n imzalad\u0131klar\u0131 ka\u011f\u0131tlar\u0131 okumam\u0131\u015f olmalar\u0131 durumunda dahi olas\u0131 kastla yarg\u0131lanmalar\u0131 gerekti\u011fini ekledi.<\/p>\n<p>Avukat Tan Okay, sorumluluk addedilmeyen san\u0131klar hakk\u0131nda bilirki\u015fi raporuna kat\u0131lmad\u0131klar\u0131n\u0131 s\u00f6yledi, devletin liyakat ilkesi gere\u011fi kontrol birimine hak eden insanlar\u0131n oturtulmas\u0131 gerekti\u011fini kaydetti. Okay, sorumlu addedilen san\u0131klar\u0131n ise olas\u0131 kasttan yarg\u0131lanmas\u0131 gerekti\u011fini, tutuklu yarg\u0131lanmalar\u0131 gerekti\u011fini s\u00f6yledi.<\/p>\n<p>Avukat Mehmet Eren Turan da, raporda \u00fc\u00e7 ki\u015finin binan\u0131n y\u0131k\u0131lmas\u0131ndan sorumlu, \u00fc\u00e7 ki\u015finin de sorumsuz addedildi\u011fini an\u0131msatarak, bilirki\u015fi raporunda hatalar oldu\u011funu ve yeni bir bilirki\u015fi heyetinden yeni bir rapor al\u0131nmas\u0131 gerekti\u011fini s\u00f6yledi. Turan, mahkeme heyetinin delillere dayanarak karar vermesini istedi.<\/p>\n<p>Turan, \u201cKamu g\u00f6revlileri ile ilgili yap\u0131lan soru\u015fturmada, 2003 y\u0131l\u0131nda bu binayla alakal\u0131 ruhsata ve yasaya ayk\u0131r\u0131l\u0131k saptand\u0131. Binan\u0131n o a\u015famada m\u00fch\u00fcrlenmesi ve iskana a\u00e7\u0131lmamas\u0131 gerekti\u011fine ili\u015fkin bir rapor bulundu. Bu rapora ra\u011fmen ve bu rapordan \u00e7ok k\u0131sa bir s\u00fcre sonra burada yarg\u0131lanan san\u0131klar\u0131n bu rapora ve yasaya ayk\u0131r\u0131 bir \u015fekilde iskan belgesini d\u00fczenleyip onaylad\u0131klar\u0131 dolay\u0131s\u0131yla otelin a\u00e7\u0131lmas\u0131na izin verdikleri ortaya \u00e7\u0131kt\u0131.\u201d dedi.<\/p>\n<p>Avukat Yi\u011fit G\u00f6k\u00e7ehan Ko\u00e7o\u011flu ise, \u201cBina kendi kendine yap\u0131lmad\u0131, devletten izin al\u0131nd\u0131. Karaku\u015f\u2019un imzalad\u0131\u011f\u0131 evraklar burada, binay\u0131 incelemi\u015f. Mehmet Salih Alkay\u0131\u015f da binay\u0131 inceleyip imzalad\u0131. Hata ettiniz. T\u00fcm hukuka ayk\u0131r\u0131l\u0131klara kar\u015f\u0131 bu binaya onay verilmeseydi, bug\u00fcn burada olmayacakt\u0131k.\u201d diye konu\u015ftu. Ko\u00e7o\u011flu, bilirki\u015fi raporunun yetersiz oldu\u011fu ve \u00e7eli\u015fkiler i\u00e7erdi\u011fi i\u00e7in h\u00fck\u00fcm koymaya yeterli olmad\u0131\u011f\u0131n\u0131 da s\u00f6yledi.<\/p>\n<p>Yap\u0131 ruhsatlar\u0131nda yap\u0131lan sahtecili\u011fe de dikkat \u00e7eken G\u00f6k\u00e7ehan, yeni bir heyetten bir rapor al\u0131nmas\u0131 gerekti\u011fini belirtti. G\u00f6k\u00e7ehan, \u201cSan\u0131klar\u0131n tutuksuz olmalar\u0131 ne hukuka ne de vicdana uygundur. \u0130mza sorumluluktur, imzay\u0131 atanlar sorumlu olmad\u0131\u011f\u0131n\u0131 s\u00f6yl\u00fcyor. Bu insanlar\u0131n \u00f6l\u00fcmlerin sorumlulu\u011funu almas\u0131 gerekiyor.\u201d dedi.<\/p>\n<p>Avukatlar\u0131n dinlenmesinin ard\u0131ndan duru\u015fmaya yar\u0131m saat ara verildi. Aradan sonra san\u0131klar ve san\u0131k avukatlar\u0131 dinlenecek.<\/p>\n","protected":false},"excerpt":{"rendered":"<p>Ad\u0131yaman Grand \u0130sias Otel\u2019in y\u0131k\u0131lmas\u0131nda kusuru bulunan alt\u0131 kamu g\u00f6revlisinin yarg\u0131land\u0131\u011f\u0131 \u00fc\u00e7\u00fcnc\u00fc duru\u015fmada, ailelerin ard\u0131ndan m\u00fc\u015fteki avukatlar\u0131 dinlendi. Ard\u0131ndan duru\u015fmaya yar\u0131m saat ara verildi. Aran\u0131n ard\u0131ndan san\u0131klar ve san\u0131k avukatlar\u0131 dinlenecek. Ad\u0131yaman 1. A\u011f\u0131r Ceza Mahkemesi\u2019nde g\u00f6r\u00fclen davada \u0130sias Otel\u2019e yap\u0131 ruhsat\u0131 verildi\u011finde Ad\u0131yaman Belediyesi Yap\u0131 Kontrol Birimi\u2019nde g\u00f6revli ve Yap\u0131 Ruhsat\u0131nda Proje Kontrollerinden sorumlu<\/p>\n","protected":false},"author":1,"featured_media":98615,"comment_status":"open","ping_status":"open","sticky":false,"template":"","format":"standard","meta":{"footnotes":""},"categories":[81],"tags":[],"class_list":["post-98614","post","type-post","status-publish","format-standard","has-post-thumbnail","hentry","category-kibris"],"yoast_head":"<!-- This site is optimized with the Yoast SEO plugin v27.5 - https:\/\/yoast.com\/product\/yoast-seo-wordpress\/ -->\n<title>A\u0130LELER\u0130N ARDINDAN AVUKATLAR D\u0130NLEND\u0130, MAHKEMEYE ARA VERD\u0130 -<\/title>\n<meta name=\"robots\" content=\"index, follow, max-snippet:-1, max-image-preview:large, max-video-preview:-1\" \/>\n<link rel=\"canonical\" href=\"https:\/\/kibrisdakik.com\/?p=98614\" \/>\n<meta property=\"og:locale\" content=\"tr_TR\" \/>\n<meta property=\"og:type\" content=\"article\" \/>\n<meta property=\"og:title\" content=\"A\u0130LELER\u0130N ARDINDAN AVUKATLAR D\u0130NLEND\u0130, MAHKEMEYE ARA VERD\u0130 -\" \/>\n<meta property=\"og:description\" content=\"Ad\u0131yaman Grand \u0130sias Otel\u2019in y\u0131k\u0131lmas\u0131nda kusuru bulunan alt\u0131 kamu g\u00f6revlisinin yarg\u0131land\u0131\u011f\u0131 \u00fc\u00e7\u00fcnc\u00fc duru\u015fmada, ailelerin ard\u0131ndan m\u00fc\u015fteki avukatlar\u0131 dinlendi. Ard\u0131ndan duru\u015fmaya yar\u0131m saat ara verildi. Aran\u0131n ard\u0131ndan san\u0131klar ve san\u0131k avukatlar\u0131 dinlenecek. Ad\u0131yaman 1. A\u011f\u0131r Ceza Mahkemesi\u2019nde g\u00f6r\u00fclen davada \u0130sias Otel\u2019e yap\u0131 ruhsat\u0131 verildi\u011finde Ad\u0131yaman Belediyesi Yap\u0131 Kontrol Birimi\u2019nde g\u00f6revli ve Yap\u0131 Ruhsat\u0131nda Proje Kontrollerinden sorumlu\" \/>\n<meta property=\"og:url\" content=\"https:\/\/kibrisdakik.com\/?p=98614\" \/>\n<meta property=\"article:published_time\" content=\"2025-11-06T12:37:04+00:00\" \/>\n<meta property=\"og:image\" content=\"https:\/\/kibrisdakik.com\/wp-content\/uploads\/2025\/11\/mha-sari-beyaz-608.png\" \/>\n\t<meta property=\"og:image:width\" content=\"1280\" \/>\n\t<meta property=\"og:image:height\" content=\"720\" \/>\n\t<meta property=\"og:image:type\" content=\"image\/png\" \/>\n<meta name=\"author\" content=\"admin\" \/>\n<meta name=\"twitter:card\" content=\"summary_large_image\" \/>\n<meta name=\"twitter:label1\" content=\"Yazan:\" \/>\n\t<meta name=\"twitter:data1\" content=\"admin\" \/>\n\t<meta name=\"twitter:label2\" content=\"Tahmini okuma s\u00fcresi\" \/>\n\t<meta name=\"twitter:data2\" content=\"3 dakika\" \/>\n<script type=\"application\/ld+json\" class=\"yoast-schema-graph\">{\"@context\":\"https:\\\/\\\/schema.org\",\"@graph\":[{\"@type\":\"Article\",\"@id\":\"https:\\\/\\\/kibrisdakik.com\\\/?p=98614#article\",\"isPartOf\":{\"@id\":\"https:\\\/\\\/kibrisdakik.com\\\/?p=98614\"},\"author\":{\"name\":\"admin\",\"@id\":\"https:\\\/\\\/kibrisdakik.com\\\/#\\\/schema\\\/person\\\/9cd9d437bbb44f72b73ba127e06d8e79\"},\"headline\":\"A\u0130LELER\u0130N ARDINDAN AVUKATLAR D\u0130NLEND\u0130, MAHKEMEYE ARA VERD\u0130\",\"datePublished\":\"2025-11-06T12:37:04+00:00\",\"mainEntityOfPage\":{\"@id\":\"https:\\\/\\\/kibrisdakik.com\\\/?p=98614\"},\"wordCount\":661,\"commentCount\":0,\"image\":{\"@id\":\"https:\\\/\\\/kibrisdakik.com\\\/?p=98614#primaryimage\"},\"thumbnailUrl\":\"https:\\\/\\\/kibrisdakik.com\\\/wp-content\\\/uploads\\\/2025\\\/11\\\/mha-sari-beyaz-608.png\",\"articleSection\":[\"K\u0131br\u0131s\"],\"inLanguage\":\"tr\",\"potentialAction\":[{\"@type\":\"CommentAction\",\"name\":\"Comment\",\"target\":[\"https:\\\/\\\/kibrisdakik.com\\\/?p=98614#respond\"]}]},{\"@type\":\"WebPage\",\"@id\":\"https:\\\/\\\/kibrisdakik.com\\\/?p=98614\",\"url\":\"https:\\\/\\\/kibrisdakik.com\\\/?p=98614\",\"name\":\"A\u0130LELER\u0130N ARDINDAN AVUKATLAR D\u0130NLEND\u0130, MAHKEMEYE ARA VERD\u0130 -\",\"isPartOf\":{\"@id\":\"https:\\\/\\\/kibrisdakik.com\\\/#website\"},\"primaryImageOfPage\":{\"@id\":\"https:\\\/\\\/kibrisdakik.com\\\/?p=98614#primaryimage\"},\"image\":{\"@id\":\"https:\\\/\\\/kibrisdakik.com\\\/?p=98614#primaryimage\"},\"thumbnailUrl\":\"https:\\\/\\\/kibrisdakik.com\\\/wp-content\\\/uploads\\\/2025\\\/11\\\/mha-sari-beyaz-608.png\",\"datePublished\":\"2025-11-06T12:37:04+00:00\",\"author\":{\"@id\":\"https:\\\/\\\/kibrisdakik.com\\\/#\\\/schema\\\/person\\\/9cd9d437bbb44f72b73ba127e06d8e79\"},\"breadcrumb\":{\"@id\":\"https:\\\/\\\/kibrisdakik.com\\\/?p=98614#breadcrumb\"},\"inLanguage\":\"tr\",\"potentialAction\":[{\"@type\":\"ReadAction\",\"target\":[\"https:\\\/\\\/kibrisdakik.com\\\/?p=98614\"]}]},{\"@type\":\"ImageObject\",\"inLanguage\":\"tr\",\"@id\":\"https:\\\/\\\/kibrisdakik.com\\\/?p=98614#primaryimage\",\"url\":\"https:\\\/\\\/kibrisdakik.com\\\/wp-content\\\/uploads\\\/2025\\\/11\\\/mha-sari-beyaz-608.png\",\"contentUrl\":\"https:\\\/\\\/kibrisdakik.com\\\/wp-content\\\/uploads\\\/2025\\\/11\\\/mha-sari-beyaz-608.png\",\"width\":1280,\"height\":720},{\"@type\":\"BreadcrumbList\",\"@id\":\"https:\\\/\\\/kibrisdakik.com\\\/?p=98614#breadcrumb\",\"itemListElement\":[{\"@type\":\"ListItem\",\"position\":1,\"name\":\"Home\",\"item\":\"https:\\\/\\\/kibrisdakik.com\\\/\"},{\"@type\":\"ListItem\",\"position\":2,\"name\":\"A\u0130LELER\u0130N ARDINDAN AVUKATLAR D\u0130NLEND\u0130, MAHKEMEYE ARA VERD\u0130\"}]},{\"@type\":\"WebSite\",\"@id\":\"https:\\\/\\\/kibrisdakik.com\\\/#website\",\"url\":\"https:\\\/\\\/kibrisdakik.com\\\/\",\"name\":\"\",\"description\":\"Tam vaktinde haber\",\"potentialAction\":[{\"@type\":\"SearchAction\",\"target\":{\"@type\":\"EntryPoint\",\"urlTemplate\":\"https:\\\/\\\/kibrisdakik.com\\\/?s={search_term_string}\"},\"query-input\":{\"@type\":\"PropertyValueSpecification\",\"valueRequired\":true,\"valueName\":\"search_term_string\"}}],\"inLanguage\":\"tr\"},{\"@type\":\"Person\",\"@id\":\"https:\\\/\\\/kibrisdakik.com\\\/#\\\/schema\\\/person\\\/9cd9d437bbb44f72b73ba127e06d8e79\",\"name\":\"admin\",\"image\":{\"@type\":\"ImageObject\",\"inLanguage\":\"tr\",\"@id\":\"https:\\\/\\\/secure.gravatar.com\\\/avatar\\\/ccc17943b9d660506c869530f897617f7cb1c21a4bf30023f252596d83e1f007?s=96&d=mm&r=g\",\"url\":\"https:\\\/\\\/secure.gravatar.com\\\/avatar\\\/ccc17943b9d660506c869530f897617f7cb1c21a4bf30023f252596d83e1f007?s=96&d=mm&r=g\",\"contentUrl\":\"https:\\\/\\\/secure.gravatar.com\\\/avatar\\\/ccc17943b9d660506c869530f897617f7cb1c21a4bf30023f252596d83e1f007?s=96&d=mm&r=g\",\"caption\":\"admin\"},\"sameAs\":[\"https:\\\/\\\/kibrisdakik.com\"],\"url\":\"https:\\\/\\\/kibrisdakik.com\\\/?author=1\"}]}<\/script>\n<!-- \/ Yoast SEO plugin. -->","yoast_head_json":{"title":"A\u0130LELER\u0130N ARDINDAN AVUKATLAR D\u0130NLEND\u0130, MAHKEMEYE ARA VERD\u0130 -","robots":{"index":"index","follow":"follow","max-snippet":"max-snippet:-1","max-image-preview":"max-image-preview:large","max-video-preview":"max-video-preview:-1"},"canonical":"https:\/\/kibrisdakik.com\/?p=98614","og_locale":"tr_TR","og_type":"article","og_title":"A\u0130LELER\u0130N ARDINDAN AVUKATLAR D\u0130NLEND\u0130, MAHKEMEYE ARA VERD\u0130 -","og_description":"Ad\u0131yaman Grand \u0130sias Otel\u2019in y\u0131k\u0131lmas\u0131nda kusuru bulunan alt\u0131 kamu g\u00f6revlisinin yarg\u0131land\u0131\u011f\u0131 \u00fc\u00e7\u00fcnc\u00fc duru\u015fmada, ailelerin ard\u0131ndan m\u00fc\u015fteki avukatlar\u0131 dinlendi. Ard\u0131ndan duru\u015fmaya yar\u0131m saat ara verildi. Aran\u0131n ard\u0131ndan san\u0131klar ve san\u0131k avukatlar\u0131 dinlenecek. Ad\u0131yaman 1. A\u011f\u0131r Ceza Mahkemesi\u2019nde g\u00f6r\u00fclen davada \u0130sias Otel\u2019e yap\u0131 ruhsat\u0131 verildi\u011finde Ad\u0131yaman Belediyesi Yap\u0131 Kontrol Birimi\u2019nde g\u00f6revli ve Yap\u0131 Ruhsat\u0131nda Proje Kontrollerinden sorumlu","og_url":"https:\/\/kibrisdakik.com\/?p=98614","article_published_time":"2025-11-06T12:37:04+00:00","og_image":[{"width":1280,"height":720,"url":"https:\/\/kibrisdakik.com\/wp-content\/uploads\/2025\/11\/mha-sari-beyaz-608.png","type":"image\/png"}],"author":"admin","twitter_card":"summary_large_image","twitter_misc":{"Yazan:":"admin","Tahmini okuma s\u00fcresi":"3 dakika"},"schema":{"@context":"https:\/\/schema.org","@graph":[{"@type":"Article","@id":"https:\/\/kibrisdakik.com\/?p=98614#article","isPartOf":{"@id":"https:\/\/kibrisdakik.com\/?p=98614"},"author":{"name":"admin","@id":"https:\/\/kibrisdakik.com\/#\/schema\/person\/9cd9d437bbb44f72b73ba127e06d8e79"},"headline":"A\u0130LELER\u0130N ARDINDAN AVUKATLAR D\u0130NLEND\u0130, MAHKEMEYE ARA VERD\u0130","datePublished":"2025-11-06T12:37:04+00:00","mainEntityOfPage":{"@id":"https:\/\/kibrisdakik.com\/?p=98614"},"wordCount":661,"commentCount":0,"image":{"@id":"https:\/\/kibrisdakik.com\/?p=98614#primaryimage"},"thumbnailUrl":"https:\/\/kibrisdakik.com\/wp-content\/uploads\/2025\/11\/mha-sari-beyaz-608.png","articleSection":["K\u0131br\u0131s"],"inLanguage":"tr","potentialAction":[{"@type":"CommentAction","name":"Comment","target":["https:\/\/kibrisdakik.com\/?p=98614#respond"]}]},{"@type":"WebPage","@id":"https:\/\/kibrisdakik.com\/?p=98614","url":"https:\/\/kibrisdakik.com\/?p=98614","name":"A\u0130LELER\u0130N ARDINDAN AVUKATLAR D\u0130NLEND\u0130, MAHKEMEYE ARA VERD\u0130 -","isPartOf":{"@id":"https:\/\/kibrisdakik.com\/#website"},"primaryImageOfPage":{"@id":"https:\/\/kibrisdakik.com\/?p=98614#primaryimage"},"image":{"@id":"https:\/\/kibrisdakik.com\/?p=98614#primaryimage"},"thumbnailUrl":"https:\/\/kibrisdakik.com\/wp-content\/uploads\/2025\/11\/mha-sari-beyaz-608.png","datePublished":"2025-11-06T12:37:04+00:00","author":{"@id":"https:\/\/kibrisdakik.com\/#\/schema\/person\/9cd9d437bbb44f72b73ba127e06d8e79"},"breadcrumb":{"@id":"https:\/\/kibrisdakik.com\/?p=98614#breadcrumb"},"inLanguage":"tr","potentialAction":[{"@type":"ReadAction","target":["https:\/\/kibrisdakik.com\/?p=98614"]}]},{"@type":"ImageObject","inLanguage":"tr","@id":"https:\/\/kibrisdakik.com\/?p=98614#primaryimage","url":"https:\/\/kibrisdakik.com\/wp-content\/uploads\/2025\/11\/mha-sari-beyaz-608.png","contentUrl":"https:\/\/kibrisdakik.com\/wp-content\/uploads\/2025\/11\/mha-sari-beyaz-608.png","width":1280,"height":720},{"@type":"BreadcrumbList","@id":"https:\/\/kibrisdakik.com\/?p=98614#breadcrumb","itemListElement":[{"@type":"ListItem","position":1,"name":"Home","item":"https:\/\/kibrisdakik.com\/"},{"@type":"ListItem","position":2,"name":"A\u0130LELER\u0130N ARDINDAN AVUKATLAR D\u0130NLEND\u0130, MAHKEMEYE ARA VERD\u0130"}]},{"@type":"WebSite","@id":"https:\/\/kibrisdakik.com\/#website","url":"https:\/\/kibrisdakik.com\/","name":"","description":"Tam vaktinde haber","potentialAction":[{"@type":"SearchAction","target":{"@type":"EntryPoint","urlTemplate":"https:\/\/kibrisdakik.com\/?s={search_term_string}"},"query-input":{"@type":"PropertyValueSpecification","valueRequired":true,"valueName":"search_term_string"}}],"inLanguage":"tr"},{"@type":"Person","@id":"https:\/\/kibrisdakik.com\/#\/schema\/person\/9cd9d437bbb44f72b73ba127e06d8e79","name":"admin","image":{"@type":"ImageObject","inLanguage":"tr","@id":"https:\/\/secure.gravatar.com\/avatar\/ccc17943b9d660506c869530f897617f7cb1c21a4bf30023f252596d83e1f007?s=96&d=mm&r=g","url":"https:\/\/secure.gravatar.com\/avatar\/ccc17943b9d660506c869530f897617f7cb1c21a4bf30023f252596d83e1f007?s=96&d=mm&r=g","contentUrl":"https:\/\/secure.gravatar.com\/avatar\/ccc17943b9d660506c869530f897617f7cb1c21a4bf30023f252596d83e1f007?s=96&d=mm&r=g","caption":"admin"},"sameAs":["https:\/\/kibrisdakik.com"],"url":"https:\/\/kibrisdakik.com\/?author=1"}]}},"_links":{"self":[{"href":"https:\/\/kibrisdakik.com\/index.php?rest_route=\/wp\/v2\/posts\/98614","targetHints":{"allow":["GET"]}}],"collection":[{"href":"https:\/\/kibrisdakik.com\/index.php?rest_route=\/wp\/v2\/posts"}],"about":[{"href":"https:\/\/kibrisdakik.com\/index.php?rest_route=\/wp\/v2\/types\/post"}],"author":[{"embeddable":true,"href":"https:\/\/kibrisdakik.com\/index.php?rest_route=\/wp\/v2\/users\/1"}],"replies":[{"embeddable":true,"href":"https:\/\/kibrisdakik.com\/index.php?rest_route=%2Fwp%2Fv2%2Fcomments&post=98614"}],"version-history":[{"count":0,"href":"https:\/\/kibrisdakik.com\/index.php?rest_route=\/wp\/v2\/posts\/98614\/revisions"}],"wp:featuredmedia":[{"embeddable":true,"href":"https:\/\/kibrisdakik.com\/index.php?rest_route=\/wp\/v2\/media\/98615"}],"wp:attachment":[{"href":"https:\/\/kibrisdakik.com\/index.php?rest_route=%2Fwp%2Fv2%2Fmedia&parent=98614"}],"wp:term":[{"taxonomy":"category","embeddable":true,"href":"https:\/\/kibrisdakik.com\/index.php?rest_route=%2Fwp%2Fv2%2Fcategories&post=98614"},{"taxonomy":"post_tag","embeddable":true,"href":"https:\/\/kibrisdakik.com\/index.php?rest_route=%2Fwp%2Fv2%2Ftags&post=98614"}],"curies":[{"name":"wp","href":"https:\/\/api.w.org\/{rel}","templated":true}]}}