{"id":98656,"date":"2025-11-06T21:13:13","date_gmt":"2025-11-06T19:13:13","guid":{"rendered":"https:\/\/kibrisdakik.com\/index.php\/2025\/11\/06\/yigitturk-bize-defa-defa-aci-yasatmayin\/"},"modified":"2025-11-06T21:13:13","modified_gmt":"2025-11-06T19:13:13","slug":"yigitturk-bize-defa-defa-aci-yasatmayin","status":"publish","type":"post","link":"https:\/\/kibrisdakik.com\/?p=98656","title":{"rendered":"Y\u0130\u011e\u0130TT\u00dcRK: \u201cB\u0130ZE DEFA DEFA ACI YA\u015eATMAYIN\u201d"},"content":{"rendered":"<p><\/p>\n<div data-text-id=\"188765\" property=\"articleBody\">\n<p>Ad\u0131yaman \u0130sias Otel\u2019in y\u0131k\u0131lmas\u0131nda kusuru bulunan alt\u0131 kamu g\u00f6revlisinin yarg\u0131land\u0131\u011f\u0131 davan\u0131n \u00fc\u00e7\u00fcnc\u00fc duru\u015fmas\u0131nda, mahkeme san\u0131klar\u0131n tutuklanmas\u0131 talebini reddetti.<\/p>\n<p>\u0130sias Otel enkaz\u0131nda o\u011flu \u0130zcan\u2019\u0131 kaybeden Feriha Yi\u011fitt\u00fcrk, Ad\u0131yaman\u2019da bug\u00fcn mahkemeden \u00e7\u0131kan karara tepki g\u00f6sterdi.<\/p>\n<p>Sosyal medya hesab\u0131ndan payla\u015f\u0131m yapan Yi\u011fitt\u00fcrk \u201cBize defa defa ac\u0131 ya\u015fatmay\u0131n\u201d diye isyan etti.<\/p>\n<p>Yi\u011fitt\u00fcrk\u2019\u00fcn payla\u015f\u0131m\u0131 \u015f\u00f6yle:<\/p>\n<p>Deliller Konu\u015fuyor, Emsaller Ortada\u2026 Kalpler \u00c7\u0131\u011fl\u0131k At\u0131yor: Adalet Neden Susuyor?<\/p>\n<p>Bug\u00fcn, \u015eampiyon Meleklerimizin adalet m\u00fccadelesinde bir kez daha y\u00fcre\u011fimizi yakan bir karara tan\u0131kl\u0131k ettik.<\/p>\n<p>Bilirki\u015fi raporunun a\u00e7\u0131k ve kamu g\u00f6revlilerinin net su\u00e7lu oldu\u011funu belirtmesine ra\u011fmen, mahkeme heyetinin hi\u00e7bir \u015fey yokmu\u015f gibi davranmas\u0131 vicdanlara s\u0131\u011fmaz.<\/p>\n<p>Evlatlar\u0131m\u0131z\u0131n hayat\u0131n\u0131 kaybetmesine yol a\u00e7an ihmaller, eksiklikler ve sorumsuzluklar a\u00e7\u0131k\u00e7a ortadayken, verilen bu karar\u0131n vicdanlarda bir kar\u015f\u0131l\u0131\u011f\u0131 yoktur.<\/p>\n<p>Evlatlar\u0131m\u0131z\u0131 emanet etti\u011fimiz Ad\u0131yaman\u2019da hukuk do\u011fru \u00e7al\u0131\u015fmak zorundad\u0131r\u2026<\/p>\n<p>Her bir \u00e7ocu\u011fumuzun hayali, eme\u011fi, al\u0131n teri bu \u00fclkenin gururuydu. Onlar\u0131n ya\u015fam hakk\u0131n\u0131 koruyamayanlar\u0131n, en az\u0131ndan adil olarak adalet \u00f6n\u00fcnde hesap vermesi gerekiyor.<\/p>\n<p>Bize defa defa ac\u0131 ya\u015fatmay\u0131n\u2026<\/p>\n<p>Yeter\u2026<\/p>\n<p>Elbet hesapla\u015faca\u011f\u0131z\u2026<\/p>\n<p>Adalet yerini bulana kadar bir ad\u0131m geri atmayaca\u011f\u0131z.<\/p>\n<\/p><\/div>\n","protected":false},"excerpt":{"rendered":"<p>Ad\u0131yaman \u0130sias Otel\u2019in y\u0131k\u0131lmas\u0131nda kusuru bulunan alt\u0131 kamu g\u00f6revlisinin yarg\u0131land\u0131\u011f\u0131 davan\u0131n \u00fc\u00e7\u00fcnc\u00fc duru\u015fmas\u0131nda, mahkeme san\u0131klar\u0131n tutuklanmas\u0131 talebini reddetti. \u0130sias Otel enkaz\u0131nda o\u011flu \u0130zcan\u2019\u0131 kaybeden Feriha Yi\u011fitt\u00fcrk, Ad\u0131yaman\u2019da bug\u00fcn mahkemeden \u00e7\u0131kan karara tepki g\u00f6sterdi. Sosyal medya hesab\u0131ndan payla\u015f\u0131m yapan Yi\u011fitt\u00fcrk \u201cBize defa defa ac\u0131 ya\u015fatmay\u0131n\u201d diye isyan etti. Yi\u011fitt\u00fcrk\u2019\u00fcn payla\u015f\u0131m\u0131 \u015f\u00f6yle: Deliller Konu\u015fuyor, Emsaller Ortada\u2026 Kalpler<\/p>\n","protected":false},"author":1,"featured_media":98657,"comment_status":"open","ping_status":"open","sticky":false,"template":"","format":"standard","meta":{"footnotes":""},"categories":[81],"tags":[],"class_list":["post-98656","post","type-post","status-publish","format-standard","has-post-thumbnail","hentry","category-kibris"],"yoast_head":"<!-- This site is optimized with the Yoast SEO plugin v27.4 - https:\/\/yoast.com\/product\/yoast-seo-wordpress\/ -->\n<title>Y\u0130\u011e\u0130TT\u00dcRK: \u201cB\u0130ZE DEFA DEFA ACI YA\u015eATMAYIN\u201d -<\/title>\n<meta name=\"robots\" content=\"index, follow, max-snippet:-1, max-image-preview:large, max-video-preview:-1\" \/>\n<link rel=\"canonical\" href=\"https:\/\/kibrisdakik.com\/?p=98656\" \/>\n<meta property=\"og:locale\" content=\"tr_TR\" \/>\n<meta property=\"og:type\" content=\"article\" \/>\n<meta property=\"og:title\" content=\"Y\u0130\u011e\u0130TT\u00dcRK: \u201cB\u0130ZE DEFA DEFA ACI YA\u015eATMAYIN\u201d -\" \/>\n<meta property=\"og:description\" content=\"Ad\u0131yaman \u0130sias Otel\u2019in y\u0131k\u0131lmas\u0131nda kusuru bulunan alt\u0131 kamu g\u00f6revlisinin yarg\u0131land\u0131\u011f\u0131 davan\u0131n \u00fc\u00e7\u00fcnc\u00fc duru\u015fmas\u0131nda, mahkeme san\u0131klar\u0131n tutuklanmas\u0131 talebini reddetti. \u0130sias Otel enkaz\u0131nda o\u011flu \u0130zcan\u2019\u0131 kaybeden Feriha Yi\u011fitt\u00fcrk, Ad\u0131yaman\u2019da bug\u00fcn mahkemeden \u00e7\u0131kan karara tepki g\u00f6sterdi. Sosyal medya hesab\u0131ndan payla\u015f\u0131m yapan Yi\u011fitt\u00fcrk \u201cBize defa defa ac\u0131 ya\u015fatmay\u0131n\u201d diye isyan etti. Yi\u011fitt\u00fcrk\u2019\u00fcn payla\u015f\u0131m\u0131 \u015f\u00f6yle: Deliller Konu\u015fuyor, Emsaller Ortada\u2026 Kalpler\" \/>\n<meta property=\"og:url\" content=\"https:\/\/kibrisdakik.com\/?p=98656\" \/>\n<meta property=\"article:published_time\" content=\"2025-11-06T19:13:13+00:00\" \/>\n<meta property=\"og:image\" content=\"https:\/\/kibrisdakik.com\/wp-content\/uploads\/2025\/11\/m-h-a-m-h-a-147.png\" \/>\n\t<meta property=\"og:image:width\" content=\"1280\" \/>\n\t<meta property=\"og:image:height\" content=\"720\" \/>\n\t<meta property=\"og:image:type\" content=\"image\/png\" \/>\n<meta name=\"author\" content=\"admin\" \/>\n<meta name=\"twitter:card\" content=\"summary_large_image\" \/>\n<meta name=\"twitter:label1\" content=\"Yazan:\" \/>\n\t<meta name=\"twitter:data1\" content=\"admin\" \/>\n\t<meta name=\"twitter:label2\" content=\"Tahmini okuma s\u00fcresi\" \/>\n\t<meta name=\"twitter:data2\" content=\"1 dakika\" \/>\n<script type=\"application\/ld+json\" class=\"yoast-schema-graph\">{\"@context\":\"https:\\\/\\\/schema.org\",\"@graph\":[{\"@type\":\"Article\",\"@id\":\"https:\\\/\\\/kibrisdakik.com\\\/?p=98656#article\",\"isPartOf\":{\"@id\":\"https:\\\/\\\/kibrisdakik.com\\\/?p=98656\"},\"author\":{\"name\":\"admin\",\"@id\":\"https:\\\/\\\/kibrisdakik.com\\\/#\\\/schema\\\/person\\\/9cd9d437bbb44f72b73ba127e06d8e79\"},\"headline\":\"Y\u0130\u011e\u0130TT\u00dcRK: \u201cB\u0130ZE DEFA DEFA ACI YA\u015eATMAYIN\u201d\",\"datePublished\":\"2025-11-06T19:13:13+00:00\",\"mainEntityOfPage\":{\"@id\":\"https:\\\/\\\/kibrisdakik.com\\\/?p=98656\"},\"wordCount\":248,\"commentCount\":0,\"image\":{\"@id\":\"https:\\\/\\\/kibrisdakik.com\\\/?p=98656#primaryimage\"},\"thumbnailUrl\":\"https:\\\/\\\/kibrisdakik.com\\\/wp-content\\\/uploads\\\/2025\\\/11\\\/m-h-a-m-h-a-147.png\",\"articleSection\":[\"K\u0131br\u0131s\"],\"inLanguage\":\"tr\",\"potentialAction\":[{\"@type\":\"CommentAction\",\"name\":\"Comment\",\"target\":[\"https:\\\/\\\/kibrisdakik.com\\\/?p=98656#respond\"]}]},{\"@type\":\"WebPage\",\"@id\":\"https:\\\/\\\/kibrisdakik.com\\\/?p=98656\",\"url\":\"https:\\\/\\\/kibrisdakik.com\\\/?p=98656\",\"name\":\"Y\u0130\u011e\u0130TT\u00dcRK: \u201cB\u0130ZE DEFA DEFA ACI YA\u015eATMAYIN\u201d -\",\"isPartOf\":{\"@id\":\"https:\\\/\\\/kibrisdakik.com\\\/#website\"},\"primaryImageOfPage\":{\"@id\":\"https:\\\/\\\/kibrisdakik.com\\\/?p=98656#primaryimage\"},\"image\":{\"@id\":\"https:\\\/\\\/kibrisdakik.com\\\/?p=98656#primaryimage\"},\"thumbnailUrl\":\"https:\\\/\\\/kibrisdakik.com\\\/wp-content\\\/uploads\\\/2025\\\/11\\\/m-h-a-m-h-a-147.png\",\"datePublished\":\"2025-11-06T19:13:13+00:00\",\"author\":{\"@id\":\"https:\\\/\\\/kibrisdakik.com\\\/#\\\/schema\\\/person\\\/9cd9d437bbb44f72b73ba127e06d8e79\"},\"breadcrumb\":{\"@id\":\"https:\\\/\\\/kibrisdakik.com\\\/?p=98656#breadcrumb\"},\"inLanguage\":\"tr\",\"potentialAction\":[{\"@type\":\"ReadAction\",\"target\":[\"https:\\\/\\\/kibrisdakik.com\\\/?p=98656\"]}]},{\"@type\":\"ImageObject\",\"inLanguage\":\"tr\",\"@id\":\"https:\\\/\\\/kibrisdakik.com\\\/?p=98656#primaryimage\",\"url\":\"https:\\\/\\\/kibrisdakik.com\\\/wp-content\\\/uploads\\\/2025\\\/11\\\/m-h-a-m-h-a-147.png\",\"contentUrl\":\"https:\\\/\\\/kibrisdakik.com\\\/wp-content\\\/uploads\\\/2025\\\/11\\\/m-h-a-m-h-a-147.png\",\"width\":1280,\"height\":720},{\"@type\":\"BreadcrumbList\",\"@id\":\"https:\\\/\\\/kibrisdakik.com\\\/?p=98656#breadcrumb\",\"itemListElement\":[{\"@type\":\"ListItem\",\"position\":1,\"name\":\"Home\",\"item\":\"https:\\\/\\\/kibrisdakik.com\\\/\"},{\"@type\":\"ListItem\",\"position\":2,\"name\":\"Y\u0130\u011e\u0130TT\u00dcRK: \u201cB\u0130ZE DEFA DEFA ACI YA\u015eATMAYIN\u201d\"}]},{\"@type\":\"WebSite\",\"@id\":\"https:\\\/\\\/kibrisdakik.com\\\/#website\",\"url\":\"https:\\\/\\\/kibrisdakik.com\\\/\",\"name\":\"\",\"description\":\"Tam vaktinde haber\",\"potentialAction\":[{\"@type\":\"SearchAction\",\"target\":{\"@type\":\"EntryPoint\",\"urlTemplate\":\"https:\\\/\\\/kibrisdakik.com\\\/?s={search_term_string}\"},\"query-input\":{\"@type\":\"PropertyValueSpecification\",\"valueRequired\":true,\"valueName\":\"search_term_string\"}}],\"inLanguage\":\"tr\"},{\"@type\":\"Person\",\"@id\":\"https:\\\/\\\/kibrisdakik.com\\\/#\\\/schema\\\/person\\\/9cd9d437bbb44f72b73ba127e06d8e79\",\"name\":\"admin\",\"image\":{\"@type\":\"ImageObject\",\"inLanguage\":\"tr\",\"@id\":\"https:\\\/\\\/secure.gravatar.com\\\/avatar\\\/ccc17943b9d660506c869530f897617f7cb1c21a4bf30023f252596d83e1f007?s=96&d=mm&r=g\",\"url\":\"https:\\\/\\\/secure.gravatar.com\\\/avatar\\\/ccc17943b9d660506c869530f897617f7cb1c21a4bf30023f252596d83e1f007?s=96&d=mm&r=g\",\"contentUrl\":\"https:\\\/\\\/secure.gravatar.com\\\/avatar\\\/ccc17943b9d660506c869530f897617f7cb1c21a4bf30023f252596d83e1f007?s=96&d=mm&r=g\",\"caption\":\"admin\"},\"sameAs\":[\"https:\\\/\\\/kibrisdakik.com\"],\"url\":\"https:\\\/\\\/kibrisdakik.com\\\/?author=1\"}]}<\/script>\n<!-- \/ Yoast SEO plugin. -->","yoast_head_json":{"title":"Y\u0130\u011e\u0130TT\u00dcRK: \u201cB\u0130ZE DEFA DEFA ACI YA\u015eATMAYIN\u201d -","robots":{"index":"index","follow":"follow","max-snippet":"max-snippet:-1","max-image-preview":"max-image-preview:large","max-video-preview":"max-video-preview:-1"},"canonical":"https:\/\/kibrisdakik.com\/?p=98656","og_locale":"tr_TR","og_type":"article","og_title":"Y\u0130\u011e\u0130TT\u00dcRK: \u201cB\u0130ZE DEFA DEFA ACI YA\u015eATMAYIN\u201d -","og_description":"Ad\u0131yaman \u0130sias Otel\u2019in y\u0131k\u0131lmas\u0131nda kusuru bulunan alt\u0131 kamu g\u00f6revlisinin yarg\u0131land\u0131\u011f\u0131 davan\u0131n \u00fc\u00e7\u00fcnc\u00fc duru\u015fmas\u0131nda, mahkeme san\u0131klar\u0131n tutuklanmas\u0131 talebini reddetti. \u0130sias Otel enkaz\u0131nda o\u011flu \u0130zcan\u2019\u0131 kaybeden Feriha Yi\u011fitt\u00fcrk, Ad\u0131yaman\u2019da bug\u00fcn mahkemeden \u00e7\u0131kan karara tepki g\u00f6sterdi. Sosyal medya hesab\u0131ndan payla\u015f\u0131m yapan Yi\u011fitt\u00fcrk \u201cBize defa defa ac\u0131 ya\u015fatmay\u0131n\u201d diye isyan etti. Yi\u011fitt\u00fcrk\u2019\u00fcn payla\u015f\u0131m\u0131 \u015f\u00f6yle: Deliller Konu\u015fuyor, Emsaller Ortada\u2026 Kalpler","og_url":"https:\/\/kibrisdakik.com\/?p=98656","article_published_time":"2025-11-06T19:13:13+00:00","og_image":[{"width":1280,"height":720,"url":"https:\/\/kibrisdakik.com\/wp-content\/uploads\/2025\/11\/m-h-a-m-h-a-147.png","type":"image\/png"}],"author":"admin","twitter_card":"summary_large_image","twitter_misc":{"Yazan:":"admin","Tahmini okuma s\u00fcresi":"1 dakika"},"schema":{"@context":"https:\/\/schema.org","@graph":[{"@type":"Article","@id":"https:\/\/kibrisdakik.com\/?p=98656#article","isPartOf":{"@id":"https:\/\/kibrisdakik.com\/?p=98656"},"author":{"name":"admin","@id":"https:\/\/kibrisdakik.com\/#\/schema\/person\/9cd9d437bbb44f72b73ba127e06d8e79"},"headline":"Y\u0130\u011e\u0130TT\u00dcRK: \u201cB\u0130ZE DEFA DEFA ACI YA\u015eATMAYIN\u201d","datePublished":"2025-11-06T19:13:13+00:00","mainEntityOfPage":{"@id":"https:\/\/kibrisdakik.com\/?p=98656"},"wordCount":248,"commentCount":0,"image":{"@id":"https:\/\/kibrisdakik.com\/?p=98656#primaryimage"},"thumbnailUrl":"https:\/\/kibrisdakik.com\/wp-content\/uploads\/2025\/11\/m-h-a-m-h-a-147.png","articleSection":["K\u0131br\u0131s"],"inLanguage":"tr","potentialAction":[{"@type":"CommentAction","name":"Comment","target":["https:\/\/kibrisdakik.com\/?p=98656#respond"]}]},{"@type":"WebPage","@id":"https:\/\/kibrisdakik.com\/?p=98656","url":"https:\/\/kibrisdakik.com\/?p=98656","name":"Y\u0130\u011e\u0130TT\u00dcRK: \u201cB\u0130ZE DEFA DEFA ACI YA\u015eATMAYIN\u201d -","isPartOf":{"@id":"https:\/\/kibrisdakik.com\/#website"},"primaryImageOfPage":{"@id":"https:\/\/kibrisdakik.com\/?p=98656#primaryimage"},"image":{"@id":"https:\/\/kibrisdakik.com\/?p=98656#primaryimage"},"thumbnailUrl":"https:\/\/kibrisdakik.com\/wp-content\/uploads\/2025\/11\/m-h-a-m-h-a-147.png","datePublished":"2025-11-06T19:13:13+00:00","author":{"@id":"https:\/\/kibrisdakik.com\/#\/schema\/person\/9cd9d437bbb44f72b73ba127e06d8e79"},"breadcrumb":{"@id":"https:\/\/kibrisdakik.com\/?p=98656#breadcrumb"},"inLanguage":"tr","potentialAction":[{"@type":"ReadAction","target":["https:\/\/kibrisdakik.com\/?p=98656"]}]},{"@type":"ImageObject","inLanguage":"tr","@id":"https:\/\/kibrisdakik.com\/?p=98656#primaryimage","url":"https:\/\/kibrisdakik.com\/wp-content\/uploads\/2025\/11\/m-h-a-m-h-a-147.png","contentUrl":"https:\/\/kibrisdakik.com\/wp-content\/uploads\/2025\/11\/m-h-a-m-h-a-147.png","width":1280,"height":720},{"@type":"BreadcrumbList","@id":"https:\/\/kibrisdakik.com\/?p=98656#breadcrumb","itemListElement":[{"@type":"ListItem","position":1,"name":"Home","item":"https:\/\/kibrisdakik.com\/"},{"@type":"ListItem","position":2,"name":"Y\u0130\u011e\u0130TT\u00dcRK: \u201cB\u0130ZE DEFA DEFA ACI YA\u015eATMAYIN\u201d"}]},{"@type":"WebSite","@id":"https:\/\/kibrisdakik.com\/#website","url":"https:\/\/kibrisdakik.com\/","name":"","description":"Tam vaktinde haber","potentialAction":[{"@type":"SearchAction","target":{"@type":"EntryPoint","urlTemplate":"https:\/\/kibrisdakik.com\/?s={search_term_string}"},"query-input":{"@type":"PropertyValueSpecification","valueRequired":true,"valueName":"search_term_string"}}],"inLanguage":"tr"},{"@type":"Person","@id":"https:\/\/kibrisdakik.com\/#\/schema\/person\/9cd9d437bbb44f72b73ba127e06d8e79","name":"admin","image":{"@type":"ImageObject","inLanguage":"tr","@id":"https:\/\/secure.gravatar.com\/avatar\/ccc17943b9d660506c869530f897617f7cb1c21a4bf30023f252596d83e1f007?s=96&d=mm&r=g","url":"https:\/\/secure.gravatar.com\/avatar\/ccc17943b9d660506c869530f897617f7cb1c21a4bf30023f252596d83e1f007?s=96&d=mm&r=g","contentUrl":"https:\/\/secure.gravatar.com\/avatar\/ccc17943b9d660506c869530f897617f7cb1c21a4bf30023f252596d83e1f007?s=96&d=mm&r=g","caption":"admin"},"sameAs":["https:\/\/kibrisdakik.com"],"url":"https:\/\/kibrisdakik.com\/?author=1"}]}},"_links":{"self":[{"href":"https:\/\/kibrisdakik.com\/index.php?rest_route=\/wp\/v2\/posts\/98656","targetHints":{"allow":["GET"]}}],"collection":[{"href":"https:\/\/kibrisdakik.com\/index.php?rest_route=\/wp\/v2\/posts"}],"about":[{"href":"https:\/\/kibrisdakik.com\/index.php?rest_route=\/wp\/v2\/types\/post"}],"author":[{"embeddable":true,"href":"https:\/\/kibrisdakik.com\/index.php?rest_route=\/wp\/v2\/users\/1"}],"replies":[{"embeddable":true,"href":"https:\/\/kibrisdakik.com\/index.php?rest_route=%2Fwp%2Fv2%2Fcomments&post=98656"}],"version-history":[{"count":0,"href":"https:\/\/kibrisdakik.com\/index.php?rest_route=\/wp\/v2\/posts\/98656\/revisions"}],"wp:featuredmedia":[{"embeddable":true,"href":"https:\/\/kibrisdakik.com\/index.php?rest_route=\/wp\/v2\/media\/98657"}],"wp:attachment":[{"href":"https:\/\/kibrisdakik.com\/index.php?rest_route=%2Fwp%2Fv2%2Fmedia&parent=98656"}],"wp:term":[{"taxonomy":"category","embeddable":true,"href":"https:\/\/kibrisdakik.com\/index.php?rest_route=%2Fwp%2Fv2%2Fcategories&post=98656"},{"taxonomy":"post_tag","embeddable":true,"href":"https:\/\/kibrisdakik.com\/index.php?rest_route=%2Fwp%2Fv2%2Ftags&post=98656"}],"curies":[{"name":"wp","href":"https:\/\/api.w.org\/{rel}","templated":true}]}}