{"id":9867,"date":"2023-07-05T11:20:43","date_gmt":"2023-07-05T11:20:43","guid":{"rendered":"https:\/\/kibrisdakik.com\/index.php\/2023\/07\/05\/haziran-ayi-hayat-pahaliligi-yuzde-11-44-onceki-yilin-ayni-ayina-gore-artis-yuzde-65-43\/"},"modified":"2023-07-05T11:20:43","modified_gmt":"2023-07-05T11:20:43","slug":"haziran-ayi-hayat-pahaliligi-yuzde-11-44-onceki-yilin-ayni-ayina-gore-artis-yuzde-65-43","status":"publish","type":"post","link":"https:\/\/kibrisdakik.com\/?p=9867","title":{"rendered":"Haziran ay\u0131 hayat pahal\u0131l\u0131\u011f\u0131 y\u00fczde 11.44\u2026 \u00d6nceki y\u0131l\u0131n ayn\u0131 ay\u0131na g\u00f6re art\u0131\u015f y\u00fczde 65.43"},"content":{"rendered":"<p><\/p>\n<div>\n<div class=\"mariselle-image-container center\">\n                <img width=\"930\" height=\"397\" class=\"lazy-image\" alt=\"\" decoding=\"async\" loading=\"lazy\" sizes=\"auto, (max-width: 930px) 100vw, 930px\" src=\"https:\/\/brtk.net\/wp-content\/uploads\/2023\/04\/05\/istatistik-kurumu-5.jpg?ver=a7ea75d6565091e97b3ee2db21f14103\" srcset=\"https:\/\/brtk.net\/wp-content\/uploads\/2023\/04\/05\/istatistik-kurumu-5.jpg?ver=a7ea75d6565091e97b3ee2db21f14103 930w, https:\/\/brtk.net\/wp-content\/uploads\/2023\/04\/05\/istatistik-kurumu-5-300x128.jpg?ver=a7ea75d6565091e97b3ee2db21f14103 300w, https:\/\/brtk.net\/wp-content\/uploads\/2023\/04\/05\/istatistik-kurumu-5-768x328.jpg?ver=c62e18948b4a5254835f194dc91ed0a1 768w\"\/>                            <\/div>\n<p> <a href=\"https:\/\/brtk.net\/\">KKTC<\/a>\u2018de haziran ay\u0131 hayat pahal\u0131l\u0131\u011f\u0131 oran\u0131 y\u00fczde 11.44 olarak a\u00e7\u0131kland\u0131.<\/p>\n<p>\u0130statistik Kurumu T\u00fcketici Fiyatlar\u0131 Genel Endeksi\u2019nde (T\u00dcFE), \u00f6nceki aya g\u00f6re y\u00fczde 11.44, bir \u00f6nceki y\u0131l\u0131n aral\u0131k ay\u0131na g\u00f6re y\u00fczde 33.32 ve bir \u00f6nceki y\u0131l\u0131n ayn\u0131 ay\u0131na g\u00f6re y\u00fczde 65.43 art\u0131\u015f oldu.<\/p>\n<p>\u0130statistik Kurumu\u2019nun a\u00e7\u0131klamas\u0131na g\u00f6re, ana harcama gruplar\u0131 itibariyle bir \u00f6nceki aya g\u00f6re en y\u00fcksek art\u0131\u015f y\u00fczde 63.10 ile e\u011fitim ana grubunda meydana geldi.<\/p>\n<p>E\u011flence ve K\u00fclt\u00fcr ana grubunda y\u00fczde 18.25, Lokanta ve Oteller ana grubunda y\u00fczde 17.98, Ula\u015ft\u0131rma ana grubunda y\u00fczde 13.44, Alkoll\u00fc \u0130\u00e7ecekler ve T\u00fct\u00fcn ana grubunda y\u00fczde 11.04, \u00c7e\u015fitli Mal ve Hizmetler ana grubunda y\u00fczde 8.31, Konut, Su, Elektrik, Gaz ve Di\u011fer Yak\u0131tlar ana grubunda y\u00fczde 6.89, Sa\u011fl\u0131k ana grubunda y\u00fczde 4.38, Giyim ve Ayakkab\u0131 ana grubunda y\u00fczde 4.19, Mobilya, Ev Aletleri ve Ev Bak\u0131m Hizmetleri ana grubunda y\u00fczde 3.06 ve Haberle\u015fme ana grubunda y\u00fczde 2.46 art\u0131\u015f oldu. G\u0131da ve Alkols\u00fcz \u0130\u00e7ecekler ana grubunda y\u00fczde 0.56 d\u00fc\u015f\u00fc\u015f meydana geldi.<\/p>\n<p>-557 maddede art\u0131\u015f, 49 maddede d\u00fc\u015f\u00fc\u015f<\/p>\n<p>Bir \u00f6nceki aya g\u00f6re, endekste kapsanan 557 maddenin ortalama fiyat\u0131nda art\u0131\u015f, 49  maddenin ortalama fiyat\u0131nda ise d\u00fc\u015f\u00fc\u015f oldu.<\/p>\n<p>En y\u00fcksek fiyat art\u0131\u015f\u0131 g\u00f6steren ilk \u00fc\u00e7 mal; y\u00fczde 296.23 Limon, y\u00fczde 147.76 \u00d6zel Dershane (\u00dcniversiteye Haz\u0131rl\u0131k) ve y\u00fczde 142.36 ile \u00d6zel Ortaokul \u00dccreti olmu\u015ftur. En y\u00fcksek fiyat d\u00fc\u015f\u00fc\u015f\u00fc g\u00f6steren ilk \u00fc\u00e7 mal ise; y\u00fczde 76.16 Kavun, y\u00fczde 72.20 Karpuz ve y\u00fczde 52.74 ile Taze Fasulye oldu.<\/p>\n<p><strong>     Tablolar:<\/strong><\/p>\n<p><a href=\"https:\/\/brtk.net\/wp-content\/uploads\/2023\/07\/05\/3-ilk-40-madde-haziran-2023.xls?ver=9326421c3feaa72f53980d43d65cdacc\">3-ilk-40-madde-haziran-2023<\/a><\/p>\n<p><a href=\"https:\/\/brtk.net\/wp-content\/uploads\/2023\/07\/05\/2-2023-haziran-yukselen-ve-dusenler-20-madde.xls?ver=152629abd7d137c2712a82e4836df460\">2\u20142023-haziran-yukselen-ve-dusenler\u201320-madde<\/a><\/p>\n<p><a href=\"https:\/\/brtk.net\/wp-content\/uploads\/2023\/07\/05\/1-2023-haziran-uclu-tablo.xls?ver=152629abd7d137c2712a82e4836df460\">1\u20132023-haziran-uclu-tablo<\/a><\/p>\n<\/p><\/div>\n<p><script async\n                    defer\n                    crossorigin=\"anonymous\"\n                    src=\"https:\/\/connect.facebook.net\/tr_TR\/sdk.js#xfbml=1&#038;version=v3.3\"\n            ><\/script><\/p>\n","protected":false},"excerpt":{"rendered":"<p>KKTC\u2018de haziran ay\u0131 hayat pahal\u0131l\u0131\u011f\u0131 oran\u0131 y\u00fczde 11.44 olarak a\u00e7\u0131kland\u0131. \u0130statistik Kurumu T\u00fcketici Fiyatlar\u0131 Genel Endeksi\u2019nde (T\u00dcFE), \u00f6nceki aya g\u00f6re y\u00fczde 11.44, bir \u00f6nceki y\u0131l\u0131n aral\u0131k ay\u0131na g\u00f6re y\u00fczde 33.32 ve bir \u00f6nceki y\u0131l\u0131n ayn\u0131 ay\u0131na g\u00f6re y\u00fczde 65.43 art\u0131\u015f oldu. \u0130statistik Kurumu\u2019nun a\u00e7\u0131klamas\u0131na g\u00f6re, ana harcama gruplar\u0131 itibariyle bir \u00f6nceki aya g\u00f6re en y\u00fcksek<\/p>\n","protected":false},"author":1,"featured_media":2556,"comment_status":"open","ping_status":"open","sticky":false,"template":"","format":"standard","meta":{"footnotes":""},"categories":[79],"tags":[],"class_list":["post-9867","post","type-post","status-publish","format-standard","has-post-thumbnail","hentry","category-ekonomi"],"yoast_head":"<!-- This site is optimized with the Yoast SEO plugin v27.5 - https:\/\/yoast.com\/product\/yoast-seo-wordpress\/ -->\n<title>Haziran ay\u0131 hayat pahal\u0131l\u0131\u011f\u0131 y\u00fczde 11.44\u2026 \u00d6nceki y\u0131l\u0131n ayn\u0131 ay\u0131na g\u00f6re art\u0131\u015f y\u00fczde 65.43 -<\/title>\n<meta name=\"robots\" content=\"index, follow, max-snippet:-1, max-image-preview:large, max-video-preview:-1\" \/>\n<link rel=\"canonical\" href=\"https:\/\/kibrisdakik.com\/?p=9867\" \/>\n<meta property=\"og:locale\" content=\"tr_TR\" \/>\n<meta property=\"og:type\" content=\"article\" \/>\n<meta property=\"og:title\" content=\"Haziran ay\u0131 hayat pahal\u0131l\u0131\u011f\u0131 y\u00fczde 11.44\u2026 \u00d6nceki y\u0131l\u0131n ayn\u0131 ay\u0131na g\u00f6re art\u0131\u015f y\u00fczde 65.43 -\" \/>\n<meta property=\"og:description\" content=\"KKTC\u2018de haziran ay\u0131 hayat pahal\u0131l\u0131\u011f\u0131 oran\u0131 y\u00fczde 11.44 olarak a\u00e7\u0131kland\u0131. \u0130statistik Kurumu T\u00fcketici Fiyatlar\u0131 Genel Endeksi\u2019nde (T\u00dcFE), \u00f6nceki aya g\u00f6re y\u00fczde 11.44, bir \u00f6nceki y\u0131l\u0131n aral\u0131k ay\u0131na g\u00f6re y\u00fczde 33.32 ve bir \u00f6nceki y\u0131l\u0131n ayn\u0131 ay\u0131na g\u00f6re y\u00fczde 65.43 art\u0131\u015f oldu. \u0130statistik Kurumu\u2019nun a\u00e7\u0131klamas\u0131na g\u00f6re, ana harcama gruplar\u0131 itibariyle bir \u00f6nceki aya g\u00f6re en y\u00fcksek\" \/>\n<meta property=\"og:url\" content=\"https:\/\/kibrisdakik.com\/?p=9867\" \/>\n<meta property=\"article:published_time\" content=\"2023-07-05T11:20:43+00:00\" \/>\n<meta property=\"og:image\" content=\"https:\/\/kibrisdakik.com\/wp-content\/uploads\/2023\/03\/istatistik-kurumu-5-740x397.jpg\" \/>\n\t<meta property=\"og:image:width\" content=\"930\" \/>\n\t<meta property=\"og:image:height\" content=\"397\" \/>\n\t<meta property=\"og:image:type\" content=\"image\/jpeg\" \/>\n<meta name=\"author\" content=\"admin\" \/>\n<meta name=\"twitter:card\" content=\"summary_large_image\" \/>\n<meta name=\"twitter:label1\" content=\"Yazan:\" \/>\n\t<meta name=\"twitter:data1\" content=\"admin\" \/>\n\t<meta name=\"twitter:label2\" content=\"Tahmini okuma s\u00fcresi\" \/>\n\t<meta name=\"twitter:data2\" content=\"1 dakika\" \/>\n<script type=\"application\/ld+json\" class=\"yoast-schema-graph\">{\"@context\":\"https:\\\/\\\/schema.org\",\"@graph\":[{\"@type\":\"Article\",\"@id\":\"https:\\\/\\\/kibrisdakik.com\\\/?p=9867#article\",\"isPartOf\":{\"@id\":\"https:\\\/\\\/kibrisdakik.com\\\/?p=9867\"},\"author\":{\"name\":\"admin\",\"@id\":\"https:\\\/\\\/kibrisdakik.com\\\/#\\\/schema\\\/person\\\/9cd9d437bbb44f72b73ba127e06d8e79\"},\"headline\":\"Haziran ay\u0131 hayat pahal\u0131l\u0131\u011f\u0131 y\u00fczde 11.44\u2026 \u00d6nceki y\u0131l\u0131n ayn\u0131 ay\u0131na g\u00f6re art\u0131\u015f y\u00fczde 65.43\",\"datePublished\":\"2023-07-05T11:20:43+00:00\",\"mainEntityOfPage\":{\"@id\":\"https:\\\/\\\/kibrisdakik.com\\\/?p=9867\"},\"wordCount\":292,\"commentCount\":0,\"image\":{\"@id\":\"https:\\\/\\\/kibrisdakik.com\\\/?p=9867#primaryimage\"},\"thumbnailUrl\":\"https:\\\/\\\/kibrisdakik.com\\\/wp-content\\\/uploads\\\/2023\\\/03\\\/istatistik-kurumu-5-740x397.jpg\",\"articleSection\":[\"Ekonomi\"],\"inLanguage\":\"tr\",\"potentialAction\":[{\"@type\":\"CommentAction\",\"name\":\"Comment\",\"target\":[\"https:\\\/\\\/kibrisdakik.com\\\/?p=9867#respond\"]}]},{\"@type\":\"WebPage\",\"@id\":\"https:\\\/\\\/kibrisdakik.com\\\/?p=9867\",\"url\":\"https:\\\/\\\/kibrisdakik.com\\\/?p=9867\",\"name\":\"Haziran ay\u0131 hayat pahal\u0131l\u0131\u011f\u0131 y\u00fczde 11.44\u2026 \u00d6nceki y\u0131l\u0131n ayn\u0131 ay\u0131na g\u00f6re art\u0131\u015f y\u00fczde 65.43 -\",\"isPartOf\":{\"@id\":\"https:\\\/\\\/kibrisdakik.com\\\/#website\"},\"primaryImageOfPage\":{\"@id\":\"https:\\\/\\\/kibrisdakik.com\\\/?p=9867#primaryimage\"},\"image\":{\"@id\":\"https:\\\/\\\/kibrisdakik.com\\\/?p=9867#primaryimage\"},\"thumbnailUrl\":\"https:\\\/\\\/kibrisdakik.com\\\/wp-content\\\/uploads\\\/2023\\\/03\\\/istatistik-kurumu-5-740x397.jpg\",\"datePublished\":\"2023-07-05T11:20:43+00:00\",\"author\":{\"@id\":\"https:\\\/\\\/kibrisdakik.com\\\/#\\\/schema\\\/person\\\/9cd9d437bbb44f72b73ba127e06d8e79\"},\"breadcrumb\":{\"@id\":\"https:\\\/\\\/kibrisdakik.com\\\/?p=9867#breadcrumb\"},\"inLanguage\":\"tr\",\"potentialAction\":[{\"@type\":\"ReadAction\",\"target\":[\"https:\\\/\\\/kibrisdakik.com\\\/?p=9867\"]}]},{\"@type\":\"ImageObject\",\"inLanguage\":\"tr\",\"@id\":\"https:\\\/\\\/kibrisdakik.com\\\/?p=9867#primaryimage\",\"url\":\"https:\\\/\\\/kibrisdakik.com\\\/wp-content\\\/uploads\\\/2023\\\/03\\\/istatistik-kurumu-5-740x397.jpg\",\"contentUrl\":\"https:\\\/\\\/kibrisdakik.com\\\/wp-content\\\/uploads\\\/2023\\\/03\\\/istatistik-kurumu-5-740x397.jpg\",\"width\":930,\"height\":397},{\"@type\":\"BreadcrumbList\",\"@id\":\"https:\\\/\\\/kibrisdakik.com\\\/?p=9867#breadcrumb\",\"itemListElement\":[{\"@type\":\"ListItem\",\"position\":1,\"name\":\"Home\",\"item\":\"https:\\\/\\\/kibrisdakik.com\\\/\"},{\"@type\":\"ListItem\",\"position\":2,\"name\":\"Haziran ay\u0131 hayat pahal\u0131l\u0131\u011f\u0131 y\u00fczde 11.44\u2026 \u00d6nceki y\u0131l\u0131n ayn\u0131 ay\u0131na g\u00f6re art\u0131\u015f y\u00fczde 65.43\"}]},{\"@type\":\"WebSite\",\"@id\":\"https:\\\/\\\/kibrisdakik.com\\\/#website\",\"url\":\"https:\\\/\\\/kibrisdakik.com\\\/\",\"name\":\"\",\"description\":\"Tam vaktinde haber\",\"potentialAction\":[{\"@type\":\"SearchAction\",\"target\":{\"@type\":\"EntryPoint\",\"urlTemplate\":\"https:\\\/\\\/kibrisdakik.com\\\/?s={search_term_string}\"},\"query-input\":{\"@type\":\"PropertyValueSpecification\",\"valueRequired\":true,\"valueName\":\"search_term_string\"}}],\"inLanguage\":\"tr\"},{\"@type\":\"Person\",\"@id\":\"https:\\\/\\\/kibrisdakik.com\\\/#\\\/schema\\\/person\\\/9cd9d437bbb44f72b73ba127e06d8e79\",\"name\":\"admin\",\"image\":{\"@type\":\"ImageObject\",\"inLanguage\":\"tr\",\"@id\":\"https:\\\/\\\/secure.gravatar.com\\\/avatar\\\/ccc17943b9d660506c869530f897617f7cb1c21a4bf30023f252596d83e1f007?s=96&d=mm&r=g\",\"url\":\"https:\\\/\\\/secure.gravatar.com\\\/avatar\\\/ccc17943b9d660506c869530f897617f7cb1c21a4bf30023f252596d83e1f007?s=96&d=mm&r=g\",\"contentUrl\":\"https:\\\/\\\/secure.gravatar.com\\\/avatar\\\/ccc17943b9d660506c869530f897617f7cb1c21a4bf30023f252596d83e1f007?s=96&d=mm&r=g\",\"caption\":\"admin\"},\"sameAs\":[\"https:\\\/\\\/kibrisdakik.com\"],\"url\":\"https:\\\/\\\/kibrisdakik.com\\\/?author=1\"}]}<\/script>\n<!-- \/ Yoast SEO plugin. -->","yoast_head_json":{"title":"Haziran ay\u0131 hayat pahal\u0131l\u0131\u011f\u0131 y\u00fczde 11.44\u2026 \u00d6nceki y\u0131l\u0131n ayn\u0131 ay\u0131na g\u00f6re art\u0131\u015f y\u00fczde 65.43 -","robots":{"index":"index","follow":"follow","max-snippet":"max-snippet:-1","max-image-preview":"max-image-preview:large","max-video-preview":"max-video-preview:-1"},"canonical":"https:\/\/kibrisdakik.com\/?p=9867","og_locale":"tr_TR","og_type":"article","og_title":"Haziran ay\u0131 hayat pahal\u0131l\u0131\u011f\u0131 y\u00fczde 11.44\u2026 \u00d6nceki y\u0131l\u0131n ayn\u0131 ay\u0131na g\u00f6re art\u0131\u015f y\u00fczde 65.43 -","og_description":"KKTC\u2018de haziran ay\u0131 hayat pahal\u0131l\u0131\u011f\u0131 oran\u0131 y\u00fczde 11.44 olarak a\u00e7\u0131kland\u0131. \u0130statistik Kurumu T\u00fcketici Fiyatlar\u0131 Genel Endeksi\u2019nde (T\u00dcFE), \u00f6nceki aya g\u00f6re y\u00fczde 11.44, bir \u00f6nceki y\u0131l\u0131n aral\u0131k ay\u0131na g\u00f6re y\u00fczde 33.32 ve bir \u00f6nceki y\u0131l\u0131n ayn\u0131 ay\u0131na g\u00f6re y\u00fczde 65.43 art\u0131\u015f oldu. \u0130statistik Kurumu\u2019nun a\u00e7\u0131klamas\u0131na g\u00f6re, ana harcama gruplar\u0131 itibariyle bir \u00f6nceki aya g\u00f6re en y\u00fcksek","og_url":"https:\/\/kibrisdakik.com\/?p=9867","article_published_time":"2023-07-05T11:20:43+00:00","og_image":[{"width":930,"height":397,"url":"https:\/\/kibrisdakik.com\/wp-content\/uploads\/2023\/03\/istatistik-kurumu-5-740x397.jpg","type":"image\/jpeg"}],"author":"admin","twitter_card":"summary_large_image","twitter_misc":{"Yazan:":"admin","Tahmini okuma s\u00fcresi":"1 dakika"},"schema":{"@context":"https:\/\/schema.org","@graph":[{"@type":"Article","@id":"https:\/\/kibrisdakik.com\/?p=9867#article","isPartOf":{"@id":"https:\/\/kibrisdakik.com\/?p=9867"},"author":{"name":"admin","@id":"https:\/\/kibrisdakik.com\/#\/schema\/person\/9cd9d437bbb44f72b73ba127e06d8e79"},"headline":"Haziran ay\u0131 hayat pahal\u0131l\u0131\u011f\u0131 y\u00fczde 11.44\u2026 \u00d6nceki y\u0131l\u0131n ayn\u0131 ay\u0131na g\u00f6re art\u0131\u015f y\u00fczde 65.43","datePublished":"2023-07-05T11:20:43+00:00","mainEntityOfPage":{"@id":"https:\/\/kibrisdakik.com\/?p=9867"},"wordCount":292,"commentCount":0,"image":{"@id":"https:\/\/kibrisdakik.com\/?p=9867#primaryimage"},"thumbnailUrl":"https:\/\/kibrisdakik.com\/wp-content\/uploads\/2023\/03\/istatistik-kurumu-5-740x397.jpg","articleSection":["Ekonomi"],"inLanguage":"tr","potentialAction":[{"@type":"CommentAction","name":"Comment","target":["https:\/\/kibrisdakik.com\/?p=9867#respond"]}]},{"@type":"WebPage","@id":"https:\/\/kibrisdakik.com\/?p=9867","url":"https:\/\/kibrisdakik.com\/?p=9867","name":"Haziran ay\u0131 hayat pahal\u0131l\u0131\u011f\u0131 y\u00fczde 11.44\u2026 \u00d6nceki y\u0131l\u0131n ayn\u0131 ay\u0131na g\u00f6re art\u0131\u015f y\u00fczde 65.43 -","isPartOf":{"@id":"https:\/\/kibrisdakik.com\/#website"},"primaryImageOfPage":{"@id":"https:\/\/kibrisdakik.com\/?p=9867#primaryimage"},"image":{"@id":"https:\/\/kibrisdakik.com\/?p=9867#primaryimage"},"thumbnailUrl":"https:\/\/kibrisdakik.com\/wp-content\/uploads\/2023\/03\/istatistik-kurumu-5-740x397.jpg","datePublished":"2023-07-05T11:20:43+00:00","author":{"@id":"https:\/\/kibrisdakik.com\/#\/schema\/person\/9cd9d437bbb44f72b73ba127e06d8e79"},"breadcrumb":{"@id":"https:\/\/kibrisdakik.com\/?p=9867#breadcrumb"},"inLanguage":"tr","potentialAction":[{"@type":"ReadAction","target":["https:\/\/kibrisdakik.com\/?p=9867"]}]},{"@type":"ImageObject","inLanguage":"tr","@id":"https:\/\/kibrisdakik.com\/?p=9867#primaryimage","url":"https:\/\/kibrisdakik.com\/wp-content\/uploads\/2023\/03\/istatistik-kurumu-5-740x397.jpg","contentUrl":"https:\/\/kibrisdakik.com\/wp-content\/uploads\/2023\/03\/istatistik-kurumu-5-740x397.jpg","width":930,"height":397},{"@type":"BreadcrumbList","@id":"https:\/\/kibrisdakik.com\/?p=9867#breadcrumb","itemListElement":[{"@type":"ListItem","position":1,"name":"Home","item":"https:\/\/kibrisdakik.com\/"},{"@type":"ListItem","position":2,"name":"Haziran ay\u0131 hayat pahal\u0131l\u0131\u011f\u0131 y\u00fczde 11.44\u2026 \u00d6nceki y\u0131l\u0131n ayn\u0131 ay\u0131na g\u00f6re art\u0131\u015f y\u00fczde 65.43"}]},{"@type":"WebSite","@id":"https:\/\/kibrisdakik.com\/#website","url":"https:\/\/kibrisdakik.com\/","name":"","description":"Tam vaktinde haber","potentialAction":[{"@type":"SearchAction","target":{"@type":"EntryPoint","urlTemplate":"https:\/\/kibrisdakik.com\/?s={search_term_string}"},"query-input":{"@type":"PropertyValueSpecification","valueRequired":true,"valueName":"search_term_string"}}],"inLanguage":"tr"},{"@type":"Person","@id":"https:\/\/kibrisdakik.com\/#\/schema\/person\/9cd9d437bbb44f72b73ba127e06d8e79","name":"admin","image":{"@type":"ImageObject","inLanguage":"tr","@id":"https:\/\/secure.gravatar.com\/avatar\/ccc17943b9d660506c869530f897617f7cb1c21a4bf30023f252596d83e1f007?s=96&d=mm&r=g","url":"https:\/\/secure.gravatar.com\/avatar\/ccc17943b9d660506c869530f897617f7cb1c21a4bf30023f252596d83e1f007?s=96&d=mm&r=g","contentUrl":"https:\/\/secure.gravatar.com\/avatar\/ccc17943b9d660506c869530f897617f7cb1c21a4bf30023f252596d83e1f007?s=96&d=mm&r=g","caption":"admin"},"sameAs":["https:\/\/kibrisdakik.com"],"url":"https:\/\/kibrisdakik.com\/?author=1"}]}},"_links":{"self":[{"href":"https:\/\/kibrisdakik.com\/index.php?rest_route=\/wp\/v2\/posts\/9867","targetHints":{"allow":["GET"]}}],"collection":[{"href":"https:\/\/kibrisdakik.com\/index.php?rest_route=\/wp\/v2\/posts"}],"about":[{"href":"https:\/\/kibrisdakik.com\/index.php?rest_route=\/wp\/v2\/types\/post"}],"author":[{"embeddable":true,"href":"https:\/\/kibrisdakik.com\/index.php?rest_route=\/wp\/v2\/users\/1"}],"replies":[{"embeddable":true,"href":"https:\/\/kibrisdakik.com\/index.php?rest_route=%2Fwp%2Fv2%2Fcomments&post=9867"}],"version-history":[{"count":0,"href":"https:\/\/kibrisdakik.com\/index.php?rest_route=\/wp\/v2\/posts\/9867\/revisions"}],"wp:featuredmedia":[{"embeddable":true,"href":"https:\/\/kibrisdakik.com\/index.php?rest_route=\/wp\/v2\/media\/2556"}],"wp:attachment":[{"href":"https:\/\/kibrisdakik.com\/index.php?rest_route=%2Fwp%2Fv2%2Fmedia&parent=9867"}],"wp:term":[{"taxonomy":"category","embeddable":true,"href":"https:\/\/kibrisdakik.com\/index.php?rest_route=%2Fwp%2Fv2%2Fcategories&post=9867"},{"taxonomy":"post_tag","embeddable":true,"href":"https:\/\/kibrisdakik.com\/index.php?rest_route=%2Fwp%2Fv2%2Ftags&post=9867"}],"curies":[{"name":"wp","href":"https:\/\/api.w.org\/{rel}","templated":true}]}}