{"id":98715,"date":"2025-11-07T15:01:15","date_gmt":"2025-11-07T13:01:15","guid":{"rendered":"https:\/\/kibrisdakik.com\/index.php\/2025\/11\/07\/girnede-kaza-trafigi-felc-etti\/"},"modified":"2025-11-07T15:01:15","modified_gmt":"2025-11-07T13:01:15","slug":"girnede-kaza-trafigi-felc-etti","status":"publish","type":"post","link":"https:\/\/kibrisdakik.com\/?p=98715","title":{"rendered":"G\u0130RNE\u2019DE KAZA TRAF\u0130\u011e\u0130 FEL\u00c7 ETT\u0130"},"content":{"rendered":"<p><\/p>\n<div data-text-id=\"188834\" property=\"articleBody\">\n<p>Girne\u2019de meydana gelen k\u00fc\u00e7\u00fck \u00e7apl\u0131 bir trafik kazas\u0131, kentte uzun s\u00fcreli trafik yo\u011funlu\u011funa neden oldu. G\u00f6rg\u00fc tan\u0131klar\u0131n\u0131n aktard\u0131\u011f\u0131na g\u00f6re, ara\u00e7larda ciddi bir hasar olmamas\u0131na ra\u011fmen yol trafi\u011fe kapand\u0131 ve s\u00fcr\u00fcc\u00fcler yakla\u015f\u0131k bir saat boyunca ilerleyemedi.<\/p>\n<p>Kazan\u0131n ard\u0131ndan b\u00f6lgeye ekiplerin ge\u00e7 ula\u015fmas\u0131 vatanda\u015flar\u0131n tepkisine yol a\u00e7t\u0131. S\u00fcr\u00fcc\u00fcler, \u201cK\u00fc\u00e7\u00fck bir kaza y\u00fcz\u00fcnden t\u00fcm \u015fehir kilitlendi, kimse m\u00fcdahale etmedi\u201d diyerek ya\u015fanan duruma tepki g\u00f6sterdi.(MHA)<\/p>\n<\/p><\/div>\n","protected":false},"excerpt":{"rendered":"<p>Girne\u2019de meydana gelen k\u00fc\u00e7\u00fck \u00e7apl\u0131 bir trafik kazas\u0131, kentte uzun s\u00fcreli trafik yo\u011funlu\u011funa neden oldu. G\u00f6rg\u00fc tan\u0131klar\u0131n\u0131n aktard\u0131\u011f\u0131na g\u00f6re, ara\u00e7larda ciddi bir hasar olmamas\u0131na ra\u011fmen yol trafi\u011fe kapand\u0131 ve s\u00fcr\u00fcc\u00fcler yakla\u015f\u0131k bir saat boyunca ilerleyemedi. Kazan\u0131n ard\u0131ndan b\u00f6lgeye ekiplerin ge\u00e7 ula\u015fmas\u0131 vatanda\u015flar\u0131n tepkisine yol a\u00e7t\u0131. S\u00fcr\u00fcc\u00fcler, \u201cK\u00fc\u00e7\u00fck bir kaza y\u00fcz\u00fcnden t\u00fcm \u015fehir kilitlendi, kimse m\u00fcdahale<\/p>\n","protected":false},"author":1,"featured_media":98716,"comment_status":"open","ping_status":"open","sticky":false,"template":"","format":"standard","meta":{"footnotes":""},"categories":[81],"tags":[],"class_list":["post-98715","post","type-post","status-publish","format-standard","has-post-thumbnail","hentry","category-kibris"],"yoast_head":"<!-- This site is optimized with the Yoast SEO plugin v27.5 - https:\/\/yoast.com\/product\/yoast-seo-wordpress\/ -->\n<title>G\u0130RNE\u2019DE KAZA TRAF\u0130\u011e\u0130 FEL\u00c7 ETT\u0130 -<\/title>\n<meta name=\"robots\" content=\"index, follow, max-snippet:-1, max-image-preview:large, max-video-preview:-1\" \/>\n<link rel=\"canonical\" href=\"https:\/\/kibrisdakik.com\/?p=98715\" \/>\n<meta property=\"og:locale\" content=\"tr_TR\" \/>\n<meta property=\"og:type\" content=\"article\" \/>\n<meta property=\"og:title\" content=\"G\u0130RNE\u2019DE KAZA TRAF\u0130\u011e\u0130 FEL\u00c7 ETT\u0130 -\" \/>\n<meta property=\"og:description\" content=\"Girne\u2019de meydana gelen k\u00fc\u00e7\u00fck \u00e7apl\u0131 bir trafik kazas\u0131, kentte uzun s\u00fcreli trafik yo\u011funlu\u011funa neden oldu. G\u00f6rg\u00fc tan\u0131klar\u0131n\u0131n aktard\u0131\u011f\u0131na g\u00f6re, ara\u00e7larda ciddi bir hasar olmamas\u0131na ra\u011fmen yol trafi\u011fe kapand\u0131 ve s\u00fcr\u00fcc\u00fcler yakla\u015f\u0131k bir saat boyunca ilerleyemedi. Kazan\u0131n ard\u0131ndan b\u00f6lgeye ekiplerin ge\u00e7 ula\u015fmas\u0131 vatanda\u015flar\u0131n tepkisine yol a\u00e7t\u0131. S\u00fcr\u00fcc\u00fcler, \u201cK\u00fc\u00e7\u00fck bir kaza y\u00fcz\u00fcnden t\u00fcm \u015fehir kilitlendi, kimse m\u00fcdahale\" \/>\n<meta property=\"og:url\" content=\"https:\/\/kibrisdakik.com\/?p=98715\" \/>\n<meta property=\"article:published_time\" content=\"2025-11-07T13:01:15+00:00\" \/>\n<meta property=\"og:image\" content=\"https:\/\/kibrisdakik.com\/wp-content\/uploads\/2025\/11\/mha-sari-beyaz-637.png\" \/>\n\t<meta property=\"og:image:width\" content=\"1280\" \/>\n\t<meta property=\"og:image:height\" content=\"720\" \/>\n\t<meta property=\"og:image:type\" content=\"image\/png\" \/>\n<meta name=\"author\" content=\"admin\" \/>\n<meta name=\"twitter:card\" content=\"summary_large_image\" \/>\n<meta name=\"twitter:label1\" content=\"Yazan:\" \/>\n\t<meta name=\"twitter:data1\" content=\"admin\" \/>\n<script type=\"application\/ld+json\" class=\"yoast-schema-graph\">{\"@context\":\"https:\\\/\\\/schema.org\",\"@graph\":[{\"@type\":\"Article\",\"@id\":\"https:\\\/\\\/kibrisdakik.com\\\/?p=98715#article\",\"isPartOf\":{\"@id\":\"https:\\\/\\\/kibrisdakik.com\\\/?p=98715\"},\"author\":{\"name\":\"admin\",\"@id\":\"https:\\\/\\\/kibrisdakik.com\\\/#\\\/schema\\\/person\\\/9cd9d437bbb44f72b73ba127e06d8e79\"},\"headline\":\"G\u0130RNE\u2019DE KAZA TRAF\u0130\u011e\u0130 FEL\u00c7 ETT\u0130\",\"datePublished\":\"2025-11-07T13:01:15+00:00\",\"mainEntityOfPage\":{\"@id\":\"https:\\\/\\\/kibrisdakik.com\\\/?p=98715\"},\"wordCount\":105,\"commentCount\":0,\"image\":{\"@id\":\"https:\\\/\\\/kibrisdakik.com\\\/?p=98715#primaryimage\"},\"thumbnailUrl\":\"https:\\\/\\\/kibrisdakik.com\\\/wp-content\\\/uploads\\\/2025\\\/11\\\/mha-sari-beyaz-637.png\",\"articleSection\":[\"K\u0131br\u0131s\"],\"inLanguage\":\"tr\",\"potentialAction\":[{\"@type\":\"CommentAction\",\"name\":\"Comment\",\"target\":[\"https:\\\/\\\/kibrisdakik.com\\\/?p=98715#respond\"]}]},{\"@type\":\"WebPage\",\"@id\":\"https:\\\/\\\/kibrisdakik.com\\\/?p=98715\",\"url\":\"https:\\\/\\\/kibrisdakik.com\\\/?p=98715\",\"name\":\"G\u0130RNE\u2019DE KAZA TRAF\u0130\u011e\u0130 FEL\u00c7 ETT\u0130 -\",\"isPartOf\":{\"@id\":\"https:\\\/\\\/kibrisdakik.com\\\/#website\"},\"primaryImageOfPage\":{\"@id\":\"https:\\\/\\\/kibrisdakik.com\\\/?p=98715#primaryimage\"},\"image\":{\"@id\":\"https:\\\/\\\/kibrisdakik.com\\\/?p=98715#primaryimage\"},\"thumbnailUrl\":\"https:\\\/\\\/kibrisdakik.com\\\/wp-content\\\/uploads\\\/2025\\\/11\\\/mha-sari-beyaz-637.png\",\"datePublished\":\"2025-11-07T13:01:15+00:00\",\"author\":{\"@id\":\"https:\\\/\\\/kibrisdakik.com\\\/#\\\/schema\\\/person\\\/9cd9d437bbb44f72b73ba127e06d8e79\"},\"breadcrumb\":{\"@id\":\"https:\\\/\\\/kibrisdakik.com\\\/?p=98715#breadcrumb\"},\"inLanguage\":\"tr\",\"potentialAction\":[{\"@type\":\"ReadAction\",\"target\":[\"https:\\\/\\\/kibrisdakik.com\\\/?p=98715\"]}]},{\"@type\":\"ImageObject\",\"inLanguage\":\"tr\",\"@id\":\"https:\\\/\\\/kibrisdakik.com\\\/?p=98715#primaryimage\",\"url\":\"https:\\\/\\\/kibrisdakik.com\\\/wp-content\\\/uploads\\\/2025\\\/11\\\/mha-sari-beyaz-637.png\",\"contentUrl\":\"https:\\\/\\\/kibrisdakik.com\\\/wp-content\\\/uploads\\\/2025\\\/11\\\/mha-sari-beyaz-637.png\",\"width\":1280,\"height\":720},{\"@type\":\"BreadcrumbList\",\"@id\":\"https:\\\/\\\/kibrisdakik.com\\\/?p=98715#breadcrumb\",\"itemListElement\":[{\"@type\":\"ListItem\",\"position\":1,\"name\":\"Home\",\"item\":\"https:\\\/\\\/kibrisdakik.com\\\/\"},{\"@type\":\"ListItem\",\"position\":2,\"name\":\"G\u0130RNE\u2019DE KAZA TRAF\u0130\u011e\u0130 FEL\u00c7 ETT\u0130\"}]},{\"@type\":\"WebSite\",\"@id\":\"https:\\\/\\\/kibrisdakik.com\\\/#website\",\"url\":\"https:\\\/\\\/kibrisdakik.com\\\/\",\"name\":\"\",\"description\":\"Tam vaktinde haber\",\"potentialAction\":[{\"@type\":\"SearchAction\",\"target\":{\"@type\":\"EntryPoint\",\"urlTemplate\":\"https:\\\/\\\/kibrisdakik.com\\\/?s={search_term_string}\"},\"query-input\":{\"@type\":\"PropertyValueSpecification\",\"valueRequired\":true,\"valueName\":\"search_term_string\"}}],\"inLanguage\":\"tr\"},{\"@type\":\"Person\",\"@id\":\"https:\\\/\\\/kibrisdakik.com\\\/#\\\/schema\\\/person\\\/9cd9d437bbb44f72b73ba127e06d8e79\",\"name\":\"admin\",\"image\":{\"@type\":\"ImageObject\",\"inLanguage\":\"tr\",\"@id\":\"https:\\\/\\\/secure.gravatar.com\\\/avatar\\\/ccc17943b9d660506c869530f897617f7cb1c21a4bf30023f252596d83e1f007?s=96&d=mm&r=g\",\"url\":\"https:\\\/\\\/secure.gravatar.com\\\/avatar\\\/ccc17943b9d660506c869530f897617f7cb1c21a4bf30023f252596d83e1f007?s=96&d=mm&r=g\",\"contentUrl\":\"https:\\\/\\\/secure.gravatar.com\\\/avatar\\\/ccc17943b9d660506c869530f897617f7cb1c21a4bf30023f252596d83e1f007?s=96&d=mm&r=g\",\"caption\":\"admin\"},\"sameAs\":[\"https:\\\/\\\/kibrisdakik.com\"],\"url\":\"https:\\\/\\\/kibrisdakik.com\\\/?author=1\"}]}<\/script>\n<!-- \/ Yoast SEO plugin. -->","yoast_head_json":{"title":"G\u0130RNE\u2019DE KAZA TRAF\u0130\u011e\u0130 FEL\u00c7 ETT\u0130 -","robots":{"index":"index","follow":"follow","max-snippet":"max-snippet:-1","max-image-preview":"max-image-preview:large","max-video-preview":"max-video-preview:-1"},"canonical":"https:\/\/kibrisdakik.com\/?p=98715","og_locale":"tr_TR","og_type":"article","og_title":"G\u0130RNE\u2019DE KAZA TRAF\u0130\u011e\u0130 FEL\u00c7 ETT\u0130 -","og_description":"Girne\u2019de meydana gelen k\u00fc\u00e7\u00fck \u00e7apl\u0131 bir trafik kazas\u0131, kentte uzun s\u00fcreli trafik yo\u011funlu\u011funa neden oldu. G\u00f6rg\u00fc tan\u0131klar\u0131n\u0131n aktard\u0131\u011f\u0131na g\u00f6re, ara\u00e7larda ciddi bir hasar olmamas\u0131na ra\u011fmen yol trafi\u011fe kapand\u0131 ve s\u00fcr\u00fcc\u00fcler yakla\u015f\u0131k bir saat boyunca ilerleyemedi. Kazan\u0131n ard\u0131ndan b\u00f6lgeye ekiplerin ge\u00e7 ula\u015fmas\u0131 vatanda\u015flar\u0131n tepkisine yol a\u00e7t\u0131. S\u00fcr\u00fcc\u00fcler, \u201cK\u00fc\u00e7\u00fck bir kaza y\u00fcz\u00fcnden t\u00fcm \u015fehir kilitlendi, kimse m\u00fcdahale","og_url":"https:\/\/kibrisdakik.com\/?p=98715","article_published_time":"2025-11-07T13:01:15+00:00","og_image":[{"width":1280,"height":720,"url":"https:\/\/kibrisdakik.com\/wp-content\/uploads\/2025\/11\/mha-sari-beyaz-637.png","type":"image\/png"}],"author":"admin","twitter_card":"summary_large_image","twitter_misc":{"Yazan:":"admin"},"schema":{"@context":"https:\/\/schema.org","@graph":[{"@type":"Article","@id":"https:\/\/kibrisdakik.com\/?p=98715#article","isPartOf":{"@id":"https:\/\/kibrisdakik.com\/?p=98715"},"author":{"name":"admin","@id":"https:\/\/kibrisdakik.com\/#\/schema\/person\/9cd9d437bbb44f72b73ba127e06d8e79"},"headline":"G\u0130RNE\u2019DE KAZA TRAF\u0130\u011e\u0130 FEL\u00c7 ETT\u0130","datePublished":"2025-11-07T13:01:15+00:00","mainEntityOfPage":{"@id":"https:\/\/kibrisdakik.com\/?p=98715"},"wordCount":105,"commentCount":0,"image":{"@id":"https:\/\/kibrisdakik.com\/?p=98715#primaryimage"},"thumbnailUrl":"https:\/\/kibrisdakik.com\/wp-content\/uploads\/2025\/11\/mha-sari-beyaz-637.png","articleSection":["K\u0131br\u0131s"],"inLanguage":"tr","potentialAction":[{"@type":"CommentAction","name":"Comment","target":["https:\/\/kibrisdakik.com\/?p=98715#respond"]}]},{"@type":"WebPage","@id":"https:\/\/kibrisdakik.com\/?p=98715","url":"https:\/\/kibrisdakik.com\/?p=98715","name":"G\u0130RNE\u2019DE KAZA TRAF\u0130\u011e\u0130 FEL\u00c7 ETT\u0130 -","isPartOf":{"@id":"https:\/\/kibrisdakik.com\/#website"},"primaryImageOfPage":{"@id":"https:\/\/kibrisdakik.com\/?p=98715#primaryimage"},"image":{"@id":"https:\/\/kibrisdakik.com\/?p=98715#primaryimage"},"thumbnailUrl":"https:\/\/kibrisdakik.com\/wp-content\/uploads\/2025\/11\/mha-sari-beyaz-637.png","datePublished":"2025-11-07T13:01:15+00:00","author":{"@id":"https:\/\/kibrisdakik.com\/#\/schema\/person\/9cd9d437bbb44f72b73ba127e06d8e79"},"breadcrumb":{"@id":"https:\/\/kibrisdakik.com\/?p=98715#breadcrumb"},"inLanguage":"tr","potentialAction":[{"@type":"ReadAction","target":["https:\/\/kibrisdakik.com\/?p=98715"]}]},{"@type":"ImageObject","inLanguage":"tr","@id":"https:\/\/kibrisdakik.com\/?p=98715#primaryimage","url":"https:\/\/kibrisdakik.com\/wp-content\/uploads\/2025\/11\/mha-sari-beyaz-637.png","contentUrl":"https:\/\/kibrisdakik.com\/wp-content\/uploads\/2025\/11\/mha-sari-beyaz-637.png","width":1280,"height":720},{"@type":"BreadcrumbList","@id":"https:\/\/kibrisdakik.com\/?p=98715#breadcrumb","itemListElement":[{"@type":"ListItem","position":1,"name":"Home","item":"https:\/\/kibrisdakik.com\/"},{"@type":"ListItem","position":2,"name":"G\u0130RNE\u2019DE KAZA TRAF\u0130\u011e\u0130 FEL\u00c7 ETT\u0130"}]},{"@type":"WebSite","@id":"https:\/\/kibrisdakik.com\/#website","url":"https:\/\/kibrisdakik.com\/","name":"","description":"Tam vaktinde haber","potentialAction":[{"@type":"SearchAction","target":{"@type":"EntryPoint","urlTemplate":"https:\/\/kibrisdakik.com\/?s={search_term_string}"},"query-input":{"@type":"PropertyValueSpecification","valueRequired":true,"valueName":"search_term_string"}}],"inLanguage":"tr"},{"@type":"Person","@id":"https:\/\/kibrisdakik.com\/#\/schema\/person\/9cd9d437bbb44f72b73ba127e06d8e79","name":"admin","image":{"@type":"ImageObject","inLanguage":"tr","@id":"https:\/\/secure.gravatar.com\/avatar\/ccc17943b9d660506c869530f897617f7cb1c21a4bf30023f252596d83e1f007?s=96&d=mm&r=g","url":"https:\/\/secure.gravatar.com\/avatar\/ccc17943b9d660506c869530f897617f7cb1c21a4bf30023f252596d83e1f007?s=96&d=mm&r=g","contentUrl":"https:\/\/secure.gravatar.com\/avatar\/ccc17943b9d660506c869530f897617f7cb1c21a4bf30023f252596d83e1f007?s=96&d=mm&r=g","caption":"admin"},"sameAs":["https:\/\/kibrisdakik.com"],"url":"https:\/\/kibrisdakik.com\/?author=1"}]}},"_links":{"self":[{"href":"https:\/\/kibrisdakik.com\/index.php?rest_route=\/wp\/v2\/posts\/98715","targetHints":{"allow":["GET"]}}],"collection":[{"href":"https:\/\/kibrisdakik.com\/index.php?rest_route=\/wp\/v2\/posts"}],"about":[{"href":"https:\/\/kibrisdakik.com\/index.php?rest_route=\/wp\/v2\/types\/post"}],"author":[{"embeddable":true,"href":"https:\/\/kibrisdakik.com\/index.php?rest_route=\/wp\/v2\/users\/1"}],"replies":[{"embeddable":true,"href":"https:\/\/kibrisdakik.com\/index.php?rest_route=%2Fwp%2Fv2%2Fcomments&post=98715"}],"version-history":[{"count":0,"href":"https:\/\/kibrisdakik.com\/index.php?rest_route=\/wp\/v2\/posts\/98715\/revisions"}],"wp:featuredmedia":[{"embeddable":true,"href":"https:\/\/kibrisdakik.com\/index.php?rest_route=\/wp\/v2\/media\/98716"}],"wp:attachment":[{"href":"https:\/\/kibrisdakik.com\/index.php?rest_route=%2Fwp%2Fv2%2Fmedia&parent=98715"}],"wp:term":[{"taxonomy":"category","embeddable":true,"href":"https:\/\/kibrisdakik.com\/index.php?rest_route=%2Fwp%2Fv2%2Fcategories&post=98715"},{"taxonomy":"post_tag","embeddable":true,"href":"https:\/\/kibrisdakik.com\/index.php?rest_route=%2Fwp%2Fv2%2Ftags&post=98715"}],"curies":[{"name":"wp","href":"https:\/\/api.w.org\/{rel}","templated":true}]}}