{"id":98742,"date":"2025-11-08T00:27:05","date_gmt":"2025-11-07T22:27:05","guid":{"rendered":"https:\/\/kibrisdakik.com\/index.php\/2025\/11\/08\/bm-israilliler-isgal-altindaki-bati-seriada-264-saldiri-duzenledi\/"},"modified":"2025-11-08T00:27:05","modified_gmt":"2025-11-07T22:27:05","slug":"bm-israilliler-isgal-altindaki-bati-seriada-264-saldiri-duzenledi","status":"publish","type":"post","link":"https:\/\/kibrisdakik.com\/?p=98742","title":{"rendered":"BM: \u0130srailliler i\u015fgal alt\u0131ndaki Bat\u0131 \u015eeria&#039;da 264 sald\u0131r\u0131 d\u00fczenledi"},"content":{"rendered":"<p><\/p>\n<div class=\"news-content\">\n<p>\n\tBirle\u015fmi\u015f Milletler (BM) Genel Sekreter S\u00f6zc\u00fc Yard\u0131mc\u0131s\u0131 Farhan Haq, g\u00fcnl\u00fck bas\u0131n toplant\u0131s\u0131nda konu\u015ftu.<\/p>\n<p>\n\tBM \u0130nsani \u0130\u015fler Koordinasyon Ofisi&#8217;nin (OCHA) i\u015fgal alt\u0131ndaki Bat\u0131 \u015eeria&#8217;da Filistinlilerin topraklar\u0131n\u0131 gasbeden \u0130srailli i\u015fgalcilerin \u015fiddetinde keskin bir art\u0131\u015f ya\u015fand\u0131\u011f\u0131 konusunda uyard\u0131\u011f\u0131n\u0131 aktaran Haq, &#8220;OCHA, ge\u00e7en ay can kayb\u0131na, m\u00fclk hasar\u0131na veya her ikisine birden neden olan 264 kez Filistinlilerin topraklar\u0131n\u0131 gasbeden \u0130srailli sald\u0131r\u0131s\u0131 kaydetti.&#8221; dedi.<\/p>\n<h2>\n\t&#8220;3 bin 200&#8217;den fazla Filistinli yerinden edildi&#8221;<\/h2>\n<p>\n\tHaq, bu say\u0131n\u0131n, 2006&#8217;dan bu yana her g\u00fcn ortalama sekizden fazla olayla kay\u0131t alt\u0131na al\u0131nan yakla\u015f\u0131k 20 y\u0131ll\u0131k d\u00f6nemdeki en y\u00fcksek ayl\u0131k rakam oldu\u011funa dikkati \u00e7ekti.<\/p>\n<p>\n\tOCHA&#8217;n\u0131n 2006&#8217;dan bu yana 9 bin 600 defa Filistinlilerin topraklar\u0131n\u0131 gasbeden \u0130srailli sald\u0131r\u0131s\u0131 belgeledi\u011fini belirten Haq, bunlar\u0131n y\u00fczde 15\u2019ine tekab\u00fcl eden yakla\u015f\u0131k 1500&#8217;\u00fcn\u00fcn bu y\u0131l i\u00e7inde ger\u00e7ekle\u015fti\u011fini s\u00f6yledi.<\/p>\n<p>\n\tHaq, &#8220;Filistinlilerin topraklar\u0131n\u0131 gasbeden \u0130srailli i\u015fgalci \u015fiddeti ve ilgili eri\u015fim k\u0131s\u0131tlamalar\u0131 nedeniyle 3 bin 200&#8217;den fazla Filistinli yerinden edildi, ger\u00e7ek mermilerle insanlar \u00f6ld\u00fcr\u00fcld\u00fc, y\u00fczlerce ki\u015fi yaraland\u0131, \u00e7oban topluluklar\u0131 kayboldu ve insanlar ge\u00e7im kaynaklar\u0131na eri\u015fimini kaybetti.&#8221; dedi.<\/p>\n<\/p>\n<p><\/p>\n<p>\n\tFilistinlilerin topraklar\u0131n\u0131 gasbeden \u0130srailli i\u015fgalcilerin sald\u0131r\u0131lar\u0131n\u0131n genellikle a\u011fa\u00e7lara, arabalara, evlere ve altyap\u0131ya zarar vermeyi hedefledi\u011fini belirten Haq, ayr\u0131ca rakamlara yans\u0131mayan g\u00fcnl\u00fck olarak Filistinlileri tar\u0131m arazilerinden, evlerinden ve topluluklar\u0131ndan uzakla\u015ft\u0131ran bask\u0131, tehdit, taciz ve izinsiz m\u00fclke girme gibi eylemlerin yer ald\u0131\u011f\u0131n\u0131 da vurgulad\u0131.<\/p>\n<p>\n\tHaq, ayr\u0131ca OCHA&#8217;n\u0131n do\u011frulad\u0131\u011f\u0131 verilere g\u00f6re, bu y\u0131l Bat\u0131 \u015eeria&#8217;da \u0130srail g\u00fc\u00e7leri taraf\u0131ndan \u00f6ld\u00fcr\u00fclen Filistinli \u00e7ocuk say\u0131s\u0131n\u0131n 42&#8217;ye y\u00fckseldi\u011fini, bunun, 2025 y\u0131l\u0131nda Bat\u0131 \u015eeria&#8217;da \u0130srail g\u00fc\u00e7leri taraf\u0131ndan \u00f6ld\u00fcr\u00fclen her 5 Filistinliden birinin \u00e7ocuk oldu\u011fu anlam\u0131na geldi\u011fini dile getirdi.<\/p>\n<p>\n\t\u0130\u015fgal alt\u0131ndaki Bat\u0131 \u015eeria&#8217;da Filistinlilerin topraklar\u0131n\u0131 gasbeden \u0130srailli i\u015fgalcileri izleme d\u0131\u015f\u0131nda &#8220;pratik ad\u0131m&#8221; olarak ne yapabilece\u011fi sorusuna Haq, &#8220;\u0130srail&#8217;e uluslararas\u0131 hukuk kapsam\u0131ndaki y\u00fck\u00fcml\u00fcl\u00fcklerini hat\u0131rlat\u0131yoruz. BM olarak olup biteni izlemek, ihlalleri bildirmek ve bunlar\u0131 BM b\u00fcnyesindeki kurumlar\u0131n ve G\u00fcvenlik Konseyi&#8217;nin dikkatine sunmakla g\u00f6revliyiz.&#8221; yan\u0131t\u0131n\u0131 verdi.<\/p>\n<div class=\"news-tags\">\n<div class=\"title\">ET\u0130KETLER<\/div>\n<div class=\"tags\">\n                                                                            Birle\u015fmi\u015f Milletler<br \/>\n                                                                            Bat\u0131 \u015eeria\n                                                                    <\/div>\n<\/p><\/div>\n<\/p><\/div>\n","protected":false},"excerpt":{"rendered":"<p>Birle\u015fmi\u015f Milletler (BM) Genel Sekreter S\u00f6zc\u00fc Yard\u0131mc\u0131s\u0131 Farhan Haq, g\u00fcnl\u00fck bas\u0131n toplant\u0131s\u0131nda konu\u015ftu. BM \u0130nsani \u0130\u015fler Koordinasyon Ofisi&#8217;nin (OCHA) i\u015fgal alt\u0131ndaki Bat\u0131 \u015eeria&#8217;da Filistinlilerin topraklar\u0131n\u0131 gasbeden \u0130srailli i\u015fgalcilerin \u015fiddetinde keskin bir art\u0131\u015f ya\u015fand\u0131\u011f\u0131 konusunda uyard\u0131\u011f\u0131n\u0131 aktaran Haq, &#8220;OCHA, ge\u00e7en ay can kayb\u0131na, m\u00fclk hasar\u0131na veya her ikisine birden neden olan 264 kez Filistinlilerin topraklar\u0131n\u0131 gasbeden<\/p>\n","protected":false},"author":1,"featured_media":98743,"comment_status":"open","ping_status":"open","sticky":false,"template":"","format":"standard","meta":{"footnotes":""},"categories":[306],"tags":[],"class_list":["post-98742","post","type-post","status-publish","format-standard","has-post-thumbnail","hentry","category-dunya"],"yoast_head":"<!-- This site is optimized with the Yoast SEO plugin v27.5 - https:\/\/yoast.com\/product\/yoast-seo-wordpress\/ -->\n<title>BM: \u0130srailliler i\u015fgal alt\u0131ndaki Bat\u0131 \u015eeria&#039;da 264 sald\u0131r\u0131 d\u00fczenledi -<\/title>\n<meta name=\"robots\" content=\"index, follow, max-snippet:-1, max-image-preview:large, max-video-preview:-1\" \/>\n<link rel=\"canonical\" href=\"https:\/\/kibrisdakik.com\/?p=98742\" \/>\n<meta property=\"og:locale\" content=\"tr_TR\" \/>\n<meta property=\"og:type\" content=\"article\" \/>\n<meta property=\"og:title\" content=\"BM: \u0130srailliler i\u015fgal alt\u0131ndaki Bat\u0131 \u015eeria&#039;da 264 sald\u0131r\u0131 d\u00fczenledi -\" \/>\n<meta property=\"og:description\" content=\"Birle\u015fmi\u015f Milletler (BM) Genel Sekreter S\u00f6zc\u00fc Yard\u0131mc\u0131s\u0131 Farhan Haq, g\u00fcnl\u00fck bas\u0131n toplant\u0131s\u0131nda konu\u015ftu. BM \u0130nsani \u0130\u015fler Koordinasyon Ofisi&#8217;nin (OCHA) i\u015fgal alt\u0131ndaki Bat\u0131 \u015eeria&#8217;da Filistinlilerin topraklar\u0131n\u0131 gasbeden \u0130srailli i\u015fgalcilerin \u015fiddetinde keskin bir art\u0131\u015f ya\u015fand\u0131\u011f\u0131 konusunda uyard\u0131\u011f\u0131n\u0131 aktaran Haq, &#8220;OCHA, ge\u00e7en ay can kayb\u0131na, m\u00fclk hasar\u0131na veya her ikisine birden neden olan 264 kez Filistinlilerin topraklar\u0131n\u0131 gasbeden\" \/>\n<meta property=\"og:url\" content=\"https:\/\/kibrisdakik.com\/?p=98742\" \/>\n<meta property=\"article:published_time\" content=\"2025-11-07T22:27:05+00:00\" \/>\n<meta property=\"og:image\" content=\"https:\/\/kibrisdakik.com\/wp-content\/uploads\/2025\/11\/bati-seria-aa-2415672.jpg\" \/>\n\t<meta property=\"og:image:width\" content=\"1280\" \/>\n\t<meta property=\"og:image:height\" content=\"720\" \/>\n\t<meta property=\"og:image:type\" content=\"image\/jpeg\" \/>\n<meta name=\"author\" content=\"admin\" \/>\n<meta name=\"twitter:card\" content=\"summary_large_image\" \/>\n<meta name=\"twitter:label1\" content=\"Yazan:\" \/>\n\t<meta name=\"twitter:data1\" content=\"admin\" \/>\n\t<meta name=\"twitter:label2\" content=\"Tahmini okuma s\u00fcresi\" \/>\n\t<meta name=\"twitter:data2\" content=\"2 dakika\" \/>\n<script type=\"application\/ld+json\" class=\"yoast-schema-graph\">{\"@context\":\"https:\\\/\\\/schema.org\",\"@graph\":[{\"@type\":\"Article\",\"@id\":\"https:\\\/\\\/kibrisdakik.com\\\/?p=98742#article\",\"isPartOf\":{\"@id\":\"https:\\\/\\\/kibrisdakik.com\\\/?p=98742\"},\"author\":{\"name\":\"admin\",\"@id\":\"https:\\\/\\\/kibrisdakik.com\\\/#\\\/schema\\\/person\\\/9cd9d437bbb44f72b73ba127e06d8e79\"},\"headline\":\"BM: \u0130srailliler i\u015fgal alt\u0131ndaki Bat\u0131 \u015eeria&#039;da 264 sald\u0131r\u0131 d\u00fczenledi\",\"datePublished\":\"2025-11-07T22:27:05+00:00\",\"mainEntityOfPage\":{\"@id\":\"https:\\\/\\\/kibrisdakik.com\\\/?p=98742\"},\"wordCount\":420,\"commentCount\":0,\"image\":{\"@id\":\"https:\\\/\\\/kibrisdakik.com\\\/?p=98742#primaryimage\"},\"thumbnailUrl\":\"https:\\\/\\\/kibrisdakik.com\\\/wp-content\\\/uploads\\\/2025\\\/11\\\/bati-seria-aa-2415672.jpg\",\"articleSection\":[\"D\u00fcnya\"],\"inLanguage\":\"tr\",\"potentialAction\":[{\"@type\":\"CommentAction\",\"name\":\"Comment\",\"target\":[\"https:\\\/\\\/kibrisdakik.com\\\/?p=98742#respond\"]}]},{\"@type\":\"WebPage\",\"@id\":\"https:\\\/\\\/kibrisdakik.com\\\/?p=98742\",\"url\":\"https:\\\/\\\/kibrisdakik.com\\\/?p=98742\",\"name\":\"BM: \u0130srailliler i\u015fgal alt\u0131ndaki Bat\u0131 \u015eeria&#039;da 264 sald\u0131r\u0131 d\u00fczenledi -\",\"isPartOf\":{\"@id\":\"https:\\\/\\\/kibrisdakik.com\\\/#website\"},\"primaryImageOfPage\":{\"@id\":\"https:\\\/\\\/kibrisdakik.com\\\/?p=98742#primaryimage\"},\"image\":{\"@id\":\"https:\\\/\\\/kibrisdakik.com\\\/?p=98742#primaryimage\"},\"thumbnailUrl\":\"https:\\\/\\\/kibrisdakik.com\\\/wp-content\\\/uploads\\\/2025\\\/11\\\/bati-seria-aa-2415672.jpg\",\"datePublished\":\"2025-11-07T22:27:05+00:00\",\"author\":{\"@id\":\"https:\\\/\\\/kibrisdakik.com\\\/#\\\/schema\\\/person\\\/9cd9d437bbb44f72b73ba127e06d8e79\"},\"breadcrumb\":{\"@id\":\"https:\\\/\\\/kibrisdakik.com\\\/?p=98742#breadcrumb\"},\"inLanguage\":\"tr\",\"potentialAction\":[{\"@type\":\"ReadAction\",\"target\":[\"https:\\\/\\\/kibrisdakik.com\\\/?p=98742\"]}]},{\"@type\":\"ImageObject\",\"inLanguage\":\"tr\",\"@id\":\"https:\\\/\\\/kibrisdakik.com\\\/?p=98742#primaryimage\",\"url\":\"https:\\\/\\\/kibrisdakik.com\\\/wp-content\\\/uploads\\\/2025\\\/11\\\/bati-seria-aa-2415672.jpg\",\"contentUrl\":\"https:\\\/\\\/kibrisdakik.com\\\/wp-content\\\/uploads\\\/2025\\\/11\\\/bati-seria-aa-2415672.jpg\",\"width\":1280,\"height\":720},{\"@type\":\"BreadcrumbList\",\"@id\":\"https:\\\/\\\/kibrisdakik.com\\\/?p=98742#breadcrumb\",\"itemListElement\":[{\"@type\":\"ListItem\",\"position\":1,\"name\":\"Home\",\"item\":\"https:\\\/\\\/kibrisdakik.com\\\/\"},{\"@type\":\"ListItem\",\"position\":2,\"name\":\"BM: \u0130srailliler i\u015fgal alt\u0131ndaki Bat\u0131 \u015eeria&#039;da 264 sald\u0131r\u0131 d\u00fczenledi\"}]},{\"@type\":\"WebSite\",\"@id\":\"https:\\\/\\\/kibrisdakik.com\\\/#website\",\"url\":\"https:\\\/\\\/kibrisdakik.com\\\/\",\"name\":\"\",\"description\":\"Tam vaktinde haber\",\"potentialAction\":[{\"@type\":\"SearchAction\",\"target\":{\"@type\":\"EntryPoint\",\"urlTemplate\":\"https:\\\/\\\/kibrisdakik.com\\\/?s={search_term_string}\"},\"query-input\":{\"@type\":\"PropertyValueSpecification\",\"valueRequired\":true,\"valueName\":\"search_term_string\"}}],\"inLanguage\":\"tr\"},{\"@type\":\"Person\",\"@id\":\"https:\\\/\\\/kibrisdakik.com\\\/#\\\/schema\\\/person\\\/9cd9d437bbb44f72b73ba127e06d8e79\",\"name\":\"admin\",\"image\":{\"@type\":\"ImageObject\",\"inLanguage\":\"tr\",\"@id\":\"https:\\\/\\\/secure.gravatar.com\\\/avatar\\\/ccc17943b9d660506c869530f897617f7cb1c21a4bf30023f252596d83e1f007?s=96&d=mm&r=g\",\"url\":\"https:\\\/\\\/secure.gravatar.com\\\/avatar\\\/ccc17943b9d660506c869530f897617f7cb1c21a4bf30023f252596d83e1f007?s=96&d=mm&r=g\",\"contentUrl\":\"https:\\\/\\\/secure.gravatar.com\\\/avatar\\\/ccc17943b9d660506c869530f897617f7cb1c21a4bf30023f252596d83e1f007?s=96&d=mm&r=g\",\"caption\":\"admin\"},\"sameAs\":[\"https:\\\/\\\/kibrisdakik.com\"],\"url\":\"https:\\\/\\\/kibrisdakik.com\\\/?author=1\"}]}<\/script>\n<!-- \/ Yoast SEO plugin. -->","yoast_head_json":{"title":"BM: \u0130srailliler i\u015fgal alt\u0131ndaki Bat\u0131 \u015eeria&#039;da 264 sald\u0131r\u0131 d\u00fczenledi -","robots":{"index":"index","follow":"follow","max-snippet":"max-snippet:-1","max-image-preview":"max-image-preview:large","max-video-preview":"max-video-preview:-1"},"canonical":"https:\/\/kibrisdakik.com\/?p=98742","og_locale":"tr_TR","og_type":"article","og_title":"BM: \u0130srailliler i\u015fgal alt\u0131ndaki Bat\u0131 \u015eeria&#039;da 264 sald\u0131r\u0131 d\u00fczenledi -","og_description":"Birle\u015fmi\u015f Milletler (BM) Genel Sekreter S\u00f6zc\u00fc Yard\u0131mc\u0131s\u0131 Farhan Haq, g\u00fcnl\u00fck bas\u0131n toplant\u0131s\u0131nda konu\u015ftu. BM \u0130nsani \u0130\u015fler Koordinasyon Ofisi&#8217;nin (OCHA) i\u015fgal alt\u0131ndaki Bat\u0131 \u015eeria&#8217;da Filistinlilerin topraklar\u0131n\u0131 gasbeden \u0130srailli i\u015fgalcilerin \u015fiddetinde keskin bir art\u0131\u015f ya\u015fand\u0131\u011f\u0131 konusunda uyard\u0131\u011f\u0131n\u0131 aktaran Haq, &#8220;OCHA, ge\u00e7en ay can kayb\u0131na, m\u00fclk hasar\u0131na veya her ikisine birden neden olan 264 kez Filistinlilerin topraklar\u0131n\u0131 gasbeden","og_url":"https:\/\/kibrisdakik.com\/?p=98742","article_published_time":"2025-11-07T22:27:05+00:00","og_image":[{"width":1280,"height":720,"url":"https:\/\/kibrisdakik.com\/wp-content\/uploads\/2025\/11\/bati-seria-aa-2415672.jpg","type":"image\/jpeg"}],"author":"admin","twitter_card":"summary_large_image","twitter_misc":{"Yazan:":"admin","Tahmini okuma s\u00fcresi":"2 dakika"},"schema":{"@context":"https:\/\/schema.org","@graph":[{"@type":"Article","@id":"https:\/\/kibrisdakik.com\/?p=98742#article","isPartOf":{"@id":"https:\/\/kibrisdakik.com\/?p=98742"},"author":{"name":"admin","@id":"https:\/\/kibrisdakik.com\/#\/schema\/person\/9cd9d437bbb44f72b73ba127e06d8e79"},"headline":"BM: \u0130srailliler i\u015fgal alt\u0131ndaki Bat\u0131 \u015eeria&#039;da 264 sald\u0131r\u0131 d\u00fczenledi","datePublished":"2025-11-07T22:27:05+00:00","mainEntityOfPage":{"@id":"https:\/\/kibrisdakik.com\/?p=98742"},"wordCount":420,"commentCount":0,"image":{"@id":"https:\/\/kibrisdakik.com\/?p=98742#primaryimage"},"thumbnailUrl":"https:\/\/kibrisdakik.com\/wp-content\/uploads\/2025\/11\/bati-seria-aa-2415672.jpg","articleSection":["D\u00fcnya"],"inLanguage":"tr","potentialAction":[{"@type":"CommentAction","name":"Comment","target":["https:\/\/kibrisdakik.com\/?p=98742#respond"]}]},{"@type":"WebPage","@id":"https:\/\/kibrisdakik.com\/?p=98742","url":"https:\/\/kibrisdakik.com\/?p=98742","name":"BM: \u0130srailliler i\u015fgal alt\u0131ndaki Bat\u0131 \u015eeria&#039;da 264 sald\u0131r\u0131 d\u00fczenledi -","isPartOf":{"@id":"https:\/\/kibrisdakik.com\/#website"},"primaryImageOfPage":{"@id":"https:\/\/kibrisdakik.com\/?p=98742#primaryimage"},"image":{"@id":"https:\/\/kibrisdakik.com\/?p=98742#primaryimage"},"thumbnailUrl":"https:\/\/kibrisdakik.com\/wp-content\/uploads\/2025\/11\/bati-seria-aa-2415672.jpg","datePublished":"2025-11-07T22:27:05+00:00","author":{"@id":"https:\/\/kibrisdakik.com\/#\/schema\/person\/9cd9d437bbb44f72b73ba127e06d8e79"},"breadcrumb":{"@id":"https:\/\/kibrisdakik.com\/?p=98742#breadcrumb"},"inLanguage":"tr","potentialAction":[{"@type":"ReadAction","target":["https:\/\/kibrisdakik.com\/?p=98742"]}]},{"@type":"ImageObject","inLanguage":"tr","@id":"https:\/\/kibrisdakik.com\/?p=98742#primaryimage","url":"https:\/\/kibrisdakik.com\/wp-content\/uploads\/2025\/11\/bati-seria-aa-2415672.jpg","contentUrl":"https:\/\/kibrisdakik.com\/wp-content\/uploads\/2025\/11\/bati-seria-aa-2415672.jpg","width":1280,"height":720},{"@type":"BreadcrumbList","@id":"https:\/\/kibrisdakik.com\/?p=98742#breadcrumb","itemListElement":[{"@type":"ListItem","position":1,"name":"Home","item":"https:\/\/kibrisdakik.com\/"},{"@type":"ListItem","position":2,"name":"BM: \u0130srailliler i\u015fgal alt\u0131ndaki Bat\u0131 \u015eeria&#039;da 264 sald\u0131r\u0131 d\u00fczenledi"}]},{"@type":"WebSite","@id":"https:\/\/kibrisdakik.com\/#website","url":"https:\/\/kibrisdakik.com\/","name":"","description":"Tam vaktinde haber","potentialAction":[{"@type":"SearchAction","target":{"@type":"EntryPoint","urlTemplate":"https:\/\/kibrisdakik.com\/?s={search_term_string}"},"query-input":{"@type":"PropertyValueSpecification","valueRequired":true,"valueName":"search_term_string"}}],"inLanguage":"tr"},{"@type":"Person","@id":"https:\/\/kibrisdakik.com\/#\/schema\/person\/9cd9d437bbb44f72b73ba127e06d8e79","name":"admin","image":{"@type":"ImageObject","inLanguage":"tr","@id":"https:\/\/secure.gravatar.com\/avatar\/ccc17943b9d660506c869530f897617f7cb1c21a4bf30023f252596d83e1f007?s=96&d=mm&r=g","url":"https:\/\/secure.gravatar.com\/avatar\/ccc17943b9d660506c869530f897617f7cb1c21a4bf30023f252596d83e1f007?s=96&d=mm&r=g","contentUrl":"https:\/\/secure.gravatar.com\/avatar\/ccc17943b9d660506c869530f897617f7cb1c21a4bf30023f252596d83e1f007?s=96&d=mm&r=g","caption":"admin"},"sameAs":["https:\/\/kibrisdakik.com"],"url":"https:\/\/kibrisdakik.com\/?author=1"}]}},"_links":{"self":[{"href":"https:\/\/kibrisdakik.com\/index.php?rest_route=\/wp\/v2\/posts\/98742","targetHints":{"allow":["GET"]}}],"collection":[{"href":"https:\/\/kibrisdakik.com\/index.php?rest_route=\/wp\/v2\/posts"}],"about":[{"href":"https:\/\/kibrisdakik.com\/index.php?rest_route=\/wp\/v2\/types\/post"}],"author":[{"embeddable":true,"href":"https:\/\/kibrisdakik.com\/index.php?rest_route=\/wp\/v2\/users\/1"}],"replies":[{"embeddable":true,"href":"https:\/\/kibrisdakik.com\/index.php?rest_route=%2Fwp%2Fv2%2Fcomments&post=98742"}],"version-history":[{"count":0,"href":"https:\/\/kibrisdakik.com\/index.php?rest_route=\/wp\/v2\/posts\/98742\/revisions"}],"wp:featuredmedia":[{"embeddable":true,"href":"https:\/\/kibrisdakik.com\/index.php?rest_route=\/wp\/v2\/media\/98743"}],"wp:attachment":[{"href":"https:\/\/kibrisdakik.com\/index.php?rest_route=%2Fwp%2Fv2%2Fmedia&parent=98742"}],"wp:term":[{"taxonomy":"category","embeddable":true,"href":"https:\/\/kibrisdakik.com\/index.php?rest_route=%2Fwp%2Fv2%2Fcategories&post=98742"},{"taxonomy":"post_tag","embeddable":true,"href":"https:\/\/kibrisdakik.com\/index.php?rest_route=%2Fwp%2Fv2%2Ftags&post=98742"}],"curies":[{"name":"wp","href":"https:\/\/api.w.org\/{rel}","templated":true}]}}