{"id":98746,"date":"2025-11-08T00:38:02","date_gmt":"2025-11-07T22:38:02","guid":{"rendered":"https:\/\/kibrisdakik.com\/index.php\/2025\/11\/08\/abdde-ucuslar-yuzde-20ye-kadar-azaltilabilir\/"},"modified":"2025-11-08T00:38:02","modified_gmt":"2025-11-07T22:38:02","slug":"abdde-ucuslar-yuzde-20ye-kadar-azaltilabilir","status":"publish","type":"post","link":"https:\/\/kibrisdakik.com\/?p=98746","title":{"rendered":"ABD&#039;de u\u00e7u\u015flar y\u00fczde 20&#039;ye kadar azalt\u0131labilir"},"content":{"rendered":"<p><\/p>\n<div class=\"news-content\">\n<p>\n\tABD Ula\u015ft\u0131rma Bakan\u0131 Sean Duffy, Fox News televizyonuna verdi\u011fi r\u00f6portajda, h\u00fck\u00fcmetin kapanmas\u0131 dolay\u0131s\u0131yla hava trafik kontrol\u00f6rlerinin maa\u015f almadan \u00e7al\u0131\u015fmaya devam etmesinin olas\u0131 sonu\u00e7lar\u0131n\u0131 de\u011ferlendirdi.<\/p>\n<p>\n\tYolcular\u0131n g\u00fcvenli bir \u015fekilde seyahat etmelerini sa\u011flamak i\u00e7in ellerinden geleni yapt\u0131klar\u0131n\u0131 belirten Duffy, &#8220;E\u011fer bu kapanma nispeten yak\u0131n bir zamanda sona ermezse bunun sonucu daha fazla kontrol\u00f6r\u00fcn i\u015fe gelmemesi olacak.&#8221; dedi.<\/p>\n<\/p>\n<div class=\"related-news\">\n<div class=\"related-news-image\"><\/div>\n<div class=\"related-news-title\">ABD 40 havaliman\u0131nda kapasiteyi y\u00fczde 10 azaltacak<\/div>\n<\/div>\n<p>\n\tDuffy, u\u00e7u\u015f trafi\u011finde gittikleri y\u00fczde 10&#8217;luk kesintiyi y\u00fczde 15&#8217;e belki de y\u00fczde 20&#8217;ye \u00e7\u0131karma karar\u0131 almak zorunda kalabileceklerini ifade etti.<\/p>\n<p>\n\tB\u00f6yle bir durumu g\u00f6rmek istemedi\u011fini belirten Duffy, kontrol\u00f6rlerin i\u015fe gelmeye ba\u015flamas\u0131 ve bask\u0131n\u0131n azalmas\u0131 durumunda ise bu oranlar\u0131 ters y\u00f6nde de\u011fi\u015ftirebileceklerini aktard\u0131.<\/p>\n<p>\n\tDuffy, 5 Kas\u0131m&#8217;da h\u00fck\u00fcmetin kapanmas\u0131 dolay\u0131s\u0131yla hava trafik kontrol\u00f6rleri \u00fczerinde olu\u015fan bask\u0131y\u0131 azaltmak amac\u0131yla 40 havaliman\u0131n\u0131n u\u00e7u\u015f kapasitesinde y\u00fczde 10&#8217;luk azalma olaca\u011f\u0131n\u0131 a\u00e7\u0131klam\u0131\u015ft\u0131.<\/p>\n<p>\n\tFederal Havac\u0131l\u0131k \u0130daresi (FAA) taraf\u0131ndan yay\u0131mlanan kararda, u\u00e7u\u015flar\u0131n 7 Kas\u0131m&#8217;dan itibaren y\u00fczde 4, 11 Kas\u0131m&#8217;da y\u00fczde 6, 13 Kas\u0131m&#8217;da y\u00fczde 8 ve 14 Kas\u0131m&#8217;da y\u00fczde 10 oran\u0131nda azalt\u0131laca\u011f\u0131 a\u00e7\u0131klanm\u0131\u015ft\u0131.<\/p>\n<p>\n\tABD&#8217;li hava yolu \u015firketleri, bug\u00fcn itibar\u0131yla FAA&#8217;n\u0131n havalimanlar\u0131ndaki trafi\u011fin azalt\u0131lmas\u0131 talimat\u0131 \u00fczerine y\u00fczlerce u\u00e7u\u015fu iptal etmeye ba\u015flam\u0131\u015ft\u0131.<\/p>\n<div class=\"news-tags\">\n<div class=\"title\">ET\u0130KETLER<\/div>\n<div class=\"tags\">\n                                                                            ABD<br \/>\n                                                                            Hava Yolu<br \/>\n                                                                            Havac\u0131l\u0131k\n                                                                    <\/div>\n<\/p><\/div>\n<\/p><\/div>\n","protected":false},"excerpt":{"rendered":"<p>ABD Ula\u015ft\u0131rma Bakan\u0131 Sean Duffy, Fox News televizyonuna verdi\u011fi r\u00f6portajda, h\u00fck\u00fcmetin kapanmas\u0131 dolay\u0131s\u0131yla hava trafik kontrol\u00f6rlerinin maa\u015f almadan \u00e7al\u0131\u015fmaya devam etmesinin olas\u0131 sonu\u00e7lar\u0131n\u0131 de\u011ferlendirdi. Yolcular\u0131n g\u00fcvenli bir \u015fekilde seyahat etmelerini sa\u011flamak i\u00e7in ellerinden geleni yapt\u0131klar\u0131n\u0131 belirten Duffy, &#8220;E\u011fer bu kapanma nispeten yak\u0131n bir zamanda sona ermezse bunun sonucu daha fazla kontrol\u00f6r\u00fcn i\u015fe gelmemesi olacak.&#8221; dedi.<\/p>\n","protected":false},"author":1,"featured_media":98747,"comment_status":"open","ping_status":"open","sticky":false,"template":"","format":"standard","meta":{"footnotes":""},"categories":[306],"tags":[],"class_list":["post-98746","post","type-post","status-publish","format-standard","has-post-thumbnail","hentry","category-dunya"],"yoast_head":"<!-- This site is optimized with the Yoast SEO plugin v27.4 - https:\/\/yoast.com\/product\/yoast-seo-wordpress\/ -->\n<title>ABD&#039;de u\u00e7u\u015flar y\u00fczde 20&#039;ye kadar azalt\u0131labilir -<\/title>\n<meta name=\"robots\" content=\"index, follow, max-snippet:-1, max-image-preview:large, max-video-preview:-1\" \/>\n<link rel=\"canonical\" href=\"https:\/\/kibrisdakik.com\/?p=98746\" \/>\n<meta property=\"og:locale\" content=\"tr_TR\" \/>\n<meta property=\"og:type\" content=\"article\" \/>\n<meta property=\"og:title\" content=\"ABD&#039;de u\u00e7u\u015flar y\u00fczde 20&#039;ye kadar azalt\u0131labilir -\" \/>\n<meta property=\"og:description\" content=\"ABD Ula\u015ft\u0131rma Bakan\u0131 Sean Duffy, Fox News televizyonuna verdi\u011fi r\u00f6portajda, h\u00fck\u00fcmetin kapanmas\u0131 dolay\u0131s\u0131yla hava trafik kontrol\u00f6rlerinin maa\u015f almadan \u00e7al\u0131\u015fmaya devam etmesinin olas\u0131 sonu\u00e7lar\u0131n\u0131 de\u011ferlendirdi. Yolcular\u0131n g\u00fcvenli bir \u015fekilde seyahat etmelerini sa\u011flamak i\u00e7in ellerinden geleni yapt\u0131klar\u0131n\u0131 belirten Duffy, &#8220;E\u011fer bu kapanma nispeten yak\u0131n bir zamanda sona ermezse bunun sonucu daha fazla kontrol\u00f6r\u00fcn i\u015fe gelmemesi olacak.&#8221; dedi.\" \/>\n<meta property=\"og:url\" content=\"https:\/\/kibrisdakik.com\/?p=98746\" \/>\n<meta property=\"article:published_time\" content=\"2025-11-07T22:38:02+00:00\" \/>\n<meta property=\"og:image\" content=\"https:\/\/kibrisdakik.com\/wp-content\/uploads\/2025\/11\/ucak-1480115.jpg\" \/>\n\t<meta property=\"og:image:width\" content=\"1280\" \/>\n\t<meta property=\"og:image:height\" content=\"720\" \/>\n\t<meta property=\"og:image:type\" content=\"image\/jpeg\" \/>\n<meta name=\"author\" content=\"admin\" \/>\n<meta name=\"twitter:card\" content=\"summary_large_image\" \/>\n<meta name=\"twitter:label1\" content=\"Yazan:\" \/>\n\t<meta name=\"twitter:data1\" content=\"admin\" \/>\n\t<meta name=\"twitter:label2\" content=\"Tahmini okuma s\u00fcresi\" \/>\n\t<meta name=\"twitter:data2\" content=\"1 dakika\" \/>\n<script type=\"application\/ld+json\" class=\"yoast-schema-graph\">{\"@context\":\"https:\\\/\\\/schema.org\",\"@graph\":[{\"@type\":\"Article\",\"@id\":\"https:\\\/\\\/kibrisdakik.com\\\/?p=98746#article\",\"isPartOf\":{\"@id\":\"https:\\\/\\\/kibrisdakik.com\\\/?p=98746\"},\"author\":{\"name\":\"admin\",\"@id\":\"https:\\\/\\\/kibrisdakik.com\\\/#\\\/schema\\\/person\\\/9cd9d437bbb44f72b73ba127e06d8e79\"},\"headline\":\"ABD&#039;de u\u00e7u\u015flar y\u00fczde 20&#039;ye kadar azalt\u0131labilir\",\"datePublished\":\"2025-11-07T22:38:02+00:00\",\"mainEntityOfPage\":{\"@id\":\"https:\\\/\\\/kibrisdakik.com\\\/?p=98746\"},\"wordCount\":268,\"commentCount\":0,\"image\":{\"@id\":\"https:\\\/\\\/kibrisdakik.com\\\/?p=98746#primaryimage\"},\"thumbnailUrl\":\"https:\\\/\\\/kibrisdakik.com\\\/wp-content\\\/uploads\\\/2025\\\/11\\\/ucak-1480115.jpg\",\"articleSection\":[\"D\u00fcnya\"],\"inLanguage\":\"tr\",\"potentialAction\":[{\"@type\":\"CommentAction\",\"name\":\"Comment\",\"target\":[\"https:\\\/\\\/kibrisdakik.com\\\/?p=98746#respond\"]}]},{\"@type\":\"WebPage\",\"@id\":\"https:\\\/\\\/kibrisdakik.com\\\/?p=98746\",\"url\":\"https:\\\/\\\/kibrisdakik.com\\\/?p=98746\",\"name\":\"ABD&#039;de u\u00e7u\u015flar y\u00fczde 20&#039;ye kadar azalt\u0131labilir -\",\"isPartOf\":{\"@id\":\"https:\\\/\\\/kibrisdakik.com\\\/#website\"},\"primaryImageOfPage\":{\"@id\":\"https:\\\/\\\/kibrisdakik.com\\\/?p=98746#primaryimage\"},\"image\":{\"@id\":\"https:\\\/\\\/kibrisdakik.com\\\/?p=98746#primaryimage\"},\"thumbnailUrl\":\"https:\\\/\\\/kibrisdakik.com\\\/wp-content\\\/uploads\\\/2025\\\/11\\\/ucak-1480115.jpg\",\"datePublished\":\"2025-11-07T22:38:02+00:00\",\"author\":{\"@id\":\"https:\\\/\\\/kibrisdakik.com\\\/#\\\/schema\\\/person\\\/9cd9d437bbb44f72b73ba127e06d8e79\"},\"breadcrumb\":{\"@id\":\"https:\\\/\\\/kibrisdakik.com\\\/?p=98746#breadcrumb\"},\"inLanguage\":\"tr\",\"potentialAction\":[{\"@type\":\"ReadAction\",\"target\":[\"https:\\\/\\\/kibrisdakik.com\\\/?p=98746\"]}]},{\"@type\":\"ImageObject\",\"inLanguage\":\"tr\",\"@id\":\"https:\\\/\\\/kibrisdakik.com\\\/?p=98746#primaryimage\",\"url\":\"https:\\\/\\\/kibrisdakik.com\\\/wp-content\\\/uploads\\\/2025\\\/11\\\/ucak-1480115.jpg\",\"contentUrl\":\"https:\\\/\\\/kibrisdakik.com\\\/wp-content\\\/uploads\\\/2025\\\/11\\\/ucak-1480115.jpg\",\"width\":1280,\"height\":720},{\"@type\":\"BreadcrumbList\",\"@id\":\"https:\\\/\\\/kibrisdakik.com\\\/?p=98746#breadcrumb\",\"itemListElement\":[{\"@type\":\"ListItem\",\"position\":1,\"name\":\"Home\",\"item\":\"https:\\\/\\\/kibrisdakik.com\\\/\"},{\"@type\":\"ListItem\",\"position\":2,\"name\":\"ABD&#039;de u\u00e7u\u015flar y\u00fczde 20&#039;ye kadar azalt\u0131labilir\"}]},{\"@type\":\"WebSite\",\"@id\":\"https:\\\/\\\/kibrisdakik.com\\\/#website\",\"url\":\"https:\\\/\\\/kibrisdakik.com\\\/\",\"name\":\"\",\"description\":\"Tam vaktinde haber\",\"potentialAction\":[{\"@type\":\"SearchAction\",\"target\":{\"@type\":\"EntryPoint\",\"urlTemplate\":\"https:\\\/\\\/kibrisdakik.com\\\/?s={search_term_string}\"},\"query-input\":{\"@type\":\"PropertyValueSpecification\",\"valueRequired\":true,\"valueName\":\"search_term_string\"}}],\"inLanguage\":\"tr\"},{\"@type\":\"Person\",\"@id\":\"https:\\\/\\\/kibrisdakik.com\\\/#\\\/schema\\\/person\\\/9cd9d437bbb44f72b73ba127e06d8e79\",\"name\":\"admin\",\"image\":{\"@type\":\"ImageObject\",\"inLanguage\":\"tr\",\"@id\":\"https:\\\/\\\/secure.gravatar.com\\\/avatar\\\/ccc17943b9d660506c869530f897617f7cb1c21a4bf30023f252596d83e1f007?s=96&d=mm&r=g\",\"url\":\"https:\\\/\\\/secure.gravatar.com\\\/avatar\\\/ccc17943b9d660506c869530f897617f7cb1c21a4bf30023f252596d83e1f007?s=96&d=mm&r=g\",\"contentUrl\":\"https:\\\/\\\/secure.gravatar.com\\\/avatar\\\/ccc17943b9d660506c869530f897617f7cb1c21a4bf30023f252596d83e1f007?s=96&d=mm&r=g\",\"caption\":\"admin\"},\"sameAs\":[\"https:\\\/\\\/kibrisdakik.com\"],\"url\":\"https:\\\/\\\/kibrisdakik.com\\\/?author=1\"}]}<\/script>\n<!-- \/ Yoast SEO plugin. -->","yoast_head_json":{"title":"ABD&#039;de u\u00e7u\u015flar y\u00fczde 20&#039;ye kadar azalt\u0131labilir -","robots":{"index":"index","follow":"follow","max-snippet":"max-snippet:-1","max-image-preview":"max-image-preview:large","max-video-preview":"max-video-preview:-1"},"canonical":"https:\/\/kibrisdakik.com\/?p=98746","og_locale":"tr_TR","og_type":"article","og_title":"ABD&#039;de u\u00e7u\u015flar y\u00fczde 20&#039;ye kadar azalt\u0131labilir -","og_description":"ABD Ula\u015ft\u0131rma Bakan\u0131 Sean Duffy, Fox News televizyonuna verdi\u011fi r\u00f6portajda, h\u00fck\u00fcmetin kapanmas\u0131 dolay\u0131s\u0131yla hava trafik kontrol\u00f6rlerinin maa\u015f almadan \u00e7al\u0131\u015fmaya devam etmesinin olas\u0131 sonu\u00e7lar\u0131n\u0131 de\u011ferlendirdi. Yolcular\u0131n g\u00fcvenli bir \u015fekilde seyahat etmelerini sa\u011flamak i\u00e7in ellerinden geleni yapt\u0131klar\u0131n\u0131 belirten Duffy, &#8220;E\u011fer bu kapanma nispeten yak\u0131n bir zamanda sona ermezse bunun sonucu daha fazla kontrol\u00f6r\u00fcn i\u015fe gelmemesi olacak.&#8221; dedi.","og_url":"https:\/\/kibrisdakik.com\/?p=98746","article_published_time":"2025-11-07T22:38:02+00:00","og_image":[{"width":1280,"height":720,"url":"https:\/\/kibrisdakik.com\/wp-content\/uploads\/2025\/11\/ucak-1480115.jpg","type":"image\/jpeg"}],"author":"admin","twitter_card":"summary_large_image","twitter_misc":{"Yazan:":"admin","Tahmini okuma s\u00fcresi":"1 dakika"},"schema":{"@context":"https:\/\/schema.org","@graph":[{"@type":"Article","@id":"https:\/\/kibrisdakik.com\/?p=98746#article","isPartOf":{"@id":"https:\/\/kibrisdakik.com\/?p=98746"},"author":{"name":"admin","@id":"https:\/\/kibrisdakik.com\/#\/schema\/person\/9cd9d437bbb44f72b73ba127e06d8e79"},"headline":"ABD&#039;de u\u00e7u\u015flar y\u00fczde 20&#039;ye kadar azalt\u0131labilir","datePublished":"2025-11-07T22:38:02+00:00","mainEntityOfPage":{"@id":"https:\/\/kibrisdakik.com\/?p=98746"},"wordCount":268,"commentCount":0,"image":{"@id":"https:\/\/kibrisdakik.com\/?p=98746#primaryimage"},"thumbnailUrl":"https:\/\/kibrisdakik.com\/wp-content\/uploads\/2025\/11\/ucak-1480115.jpg","articleSection":["D\u00fcnya"],"inLanguage":"tr","potentialAction":[{"@type":"CommentAction","name":"Comment","target":["https:\/\/kibrisdakik.com\/?p=98746#respond"]}]},{"@type":"WebPage","@id":"https:\/\/kibrisdakik.com\/?p=98746","url":"https:\/\/kibrisdakik.com\/?p=98746","name":"ABD&#039;de u\u00e7u\u015flar y\u00fczde 20&#039;ye kadar azalt\u0131labilir -","isPartOf":{"@id":"https:\/\/kibrisdakik.com\/#website"},"primaryImageOfPage":{"@id":"https:\/\/kibrisdakik.com\/?p=98746#primaryimage"},"image":{"@id":"https:\/\/kibrisdakik.com\/?p=98746#primaryimage"},"thumbnailUrl":"https:\/\/kibrisdakik.com\/wp-content\/uploads\/2025\/11\/ucak-1480115.jpg","datePublished":"2025-11-07T22:38:02+00:00","author":{"@id":"https:\/\/kibrisdakik.com\/#\/schema\/person\/9cd9d437bbb44f72b73ba127e06d8e79"},"breadcrumb":{"@id":"https:\/\/kibrisdakik.com\/?p=98746#breadcrumb"},"inLanguage":"tr","potentialAction":[{"@type":"ReadAction","target":["https:\/\/kibrisdakik.com\/?p=98746"]}]},{"@type":"ImageObject","inLanguage":"tr","@id":"https:\/\/kibrisdakik.com\/?p=98746#primaryimage","url":"https:\/\/kibrisdakik.com\/wp-content\/uploads\/2025\/11\/ucak-1480115.jpg","contentUrl":"https:\/\/kibrisdakik.com\/wp-content\/uploads\/2025\/11\/ucak-1480115.jpg","width":1280,"height":720},{"@type":"BreadcrumbList","@id":"https:\/\/kibrisdakik.com\/?p=98746#breadcrumb","itemListElement":[{"@type":"ListItem","position":1,"name":"Home","item":"https:\/\/kibrisdakik.com\/"},{"@type":"ListItem","position":2,"name":"ABD&#039;de u\u00e7u\u015flar y\u00fczde 20&#039;ye kadar azalt\u0131labilir"}]},{"@type":"WebSite","@id":"https:\/\/kibrisdakik.com\/#website","url":"https:\/\/kibrisdakik.com\/","name":"","description":"Tam vaktinde haber","potentialAction":[{"@type":"SearchAction","target":{"@type":"EntryPoint","urlTemplate":"https:\/\/kibrisdakik.com\/?s={search_term_string}"},"query-input":{"@type":"PropertyValueSpecification","valueRequired":true,"valueName":"search_term_string"}}],"inLanguage":"tr"},{"@type":"Person","@id":"https:\/\/kibrisdakik.com\/#\/schema\/person\/9cd9d437bbb44f72b73ba127e06d8e79","name":"admin","image":{"@type":"ImageObject","inLanguage":"tr","@id":"https:\/\/secure.gravatar.com\/avatar\/ccc17943b9d660506c869530f897617f7cb1c21a4bf30023f252596d83e1f007?s=96&d=mm&r=g","url":"https:\/\/secure.gravatar.com\/avatar\/ccc17943b9d660506c869530f897617f7cb1c21a4bf30023f252596d83e1f007?s=96&d=mm&r=g","contentUrl":"https:\/\/secure.gravatar.com\/avatar\/ccc17943b9d660506c869530f897617f7cb1c21a4bf30023f252596d83e1f007?s=96&d=mm&r=g","caption":"admin"},"sameAs":["https:\/\/kibrisdakik.com"],"url":"https:\/\/kibrisdakik.com\/?author=1"}]}},"_links":{"self":[{"href":"https:\/\/kibrisdakik.com\/index.php?rest_route=\/wp\/v2\/posts\/98746","targetHints":{"allow":["GET"]}}],"collection":[{"href":"https:\/\/kibrisdakik.com\/index.php?rest_route=\/wp\/v2\/posts"}],"about":[{"href":"https:\/\/kibrisdakik.com\/index.php?rest_route=\/wp\/v2\/types\/post"}],"author":[{"embeddable":true,"href":"https:\/\/kibrisdakik.com\/index.php?rest_route=\/wp\/v2\/users\/1"}],"replies":[{"embeddable":true,"href":"https:\/\/kibrisdakik.com\/index.php?rest_route=%2Fwp%2Fv2%2Fcomments&post=98746"}],"version-history":[{"count":0,"href":"https:\/\/kibrisdakik.com\/index.php?rest_route=\/wp\/v2\/posts\/98746\/revisions"}],"wp:featuredmedia":[{"embeddable":true,"href":"https:\/\/kibrisdakik.com\/index.php?rest_route=\/wp\/v2\/media\/98747"}],"wp:attachment":[{"href":"https:\/\/kibrisdakik.com\/index.php?rest_route=%2Fwp%2Fv2%2Fmedia&parent=98746"}],"wp:term":[{"taxonomy":"category","embeddable":true,"href":"https:\/\/kibrisdakik.com\/index.php?rest_route=%2Fwp%2Fv2%2Fcategories&post=98746"},{"taxonomy":"post_tag","embeddable":true,"href":"https:\/\/kibrisdakik.com\/index.php?rest_route=%2Fwp%2Fv2%2Ftags&post=98746"}],"curies":[{"name":"wp","href":"https:\/\/api.w.org\/{rel}","templated":true}]}}