{"id":9878,"date":"2023-07-05T14:19:55","date_gmt":"2023-07-05T14:19:55","guid":{"rendered":"https:\/\/kibrisdakik.com\/index.php\/2023\/07\/05\/ancelotti-brezilya-milli-takimina-gidiyor\/"},"modified":"2023-07-05T14:19:55","modified_gmt":"2023-07-05T14:19:55","slug":"ancelotti-brezilya-milli-takimina-gidiyor","status":"publish","type":"post","link":"https:\/\/kibrisdakik.com\/?p=9878","title":{"rendered":"Ancelotti, Brezilya Milli Tak\u0131m\u0131\u2019na gidiyor"},"content":{"rendered":"<p> <br \/>\n<\/p>\n<div>\n<div class=\"mariselle-image-container center\">\n                <img width=\"2000\" height=\"1121\" class=\"lazy-image\" alt=\"\" decoding=\"async\" loading=\"lazy\" sizes=\"auto, (max-width: 2000px) 100vw, 2000px\" src=\"https:\/\/brtk.net\/wp-content\/uploads\/2023\/07\/05\/ANCELOTTI.jpeg?ver=6d0a6062e4c5ba61ac9545a7bee9c8ce\" srcset=\"https:\/\/brtk.net\/wp-content\/uploads\/2023\/07\/05\/ANCELOTTI.jpeg?ver=6d0a6062e4c5ba61ac9545a7bee9c8ce 2000w, https:\/\/brtk.net\/wp-content\/uploads\/2023\/07\/05\/ANCELOTTI-300x168.jpeg?ver=a1294f88974195f2b450660fead14b66 300w, https:\/\/brtk.net\/wp-content\/uploads\/2023\/07\/05\/ANCELOTTI-1024x574.jpeg?ver=a1294f88974195f2b450660fead14b66 1024w, https:\/\/brtk.net\/wp-content\/uploads\/2023\/07\/05\/ANCELOTTI-768x430.jpeg?ver=a1294f88974195f2b450660fead14b66 768w, https:\/\/brtk.net\/wp-content\/uploads\/2023\/07\/05\/ANCELOTTI-1536x861.jpeg?ver=66011543e0b37ba514cfb48a3b82df01 1536w\"\/>                            <\/div>\n<p>\nBrezilya Futbol Federasyonu Ba\u015fkan\u0131 Ednaldo Rodrigues, Carlo Ancelotti\u2019nin Brezilya Milli Tak\u0131m\u0131\u2019n\u0131n ba\u015f\u0131na ge\u00e7ece\u011fini a\u00e7\u0131klad\u0131.<br \/>\n\u0130talyan teknik adam, bu sene sonunda Brezilya\u2019da olacak.<br \/>\nFluminense Teknik Direkt\u00f6r\u00fc Fernando Diniz, bu sezon bitene kadar ge\u00e7ici olarak Brezilya Milli Tak\u0131m\u0131\u2019nda g\u00f6rev yapacak.\n                    <\/div>\n<p><script async\n                    defer\n                    crossorigin=\"anonymous\"\n                    src=\"https:\/\/connect.facebook.net\/tr_TR\/sdk.js#xfbml=1&#038;version=v3.3\"\n            ><\/script><br \/>\n<br \/><br \/>\n<br \/><a href=\"https:\/\/brtk.net\/ancelotti-brezilya-milli-takimina-gidiyor\/\"> <\/a><\/p>\n","protected":false},"excerpt":{"rendered":"<p>Brezilya Futbol Federasyonu Ba\u015fkan\u0131 Ednaldo Rodrigues, Carlo Ancelotti\u2019nin Brezilya Milli Tak\u0131m\u0131\u2019n\u0131n ba\u015f\u0131na ge\u00e7ece\u011fini a\u00e7\u0131klad\u0131. \u0130talyan teknik adam, bu sene sonunda Brezilya\u2019da olacak. Fluminense Teknik Direkt\u00f6r\u00fc Fernando Diniz, bu sezon bitene kadar ge\u00e7ici olarak Brezilya Milli Tak\u0131m\u0131\u2019nda g\u00f6rev yapacak.<\/p>\n","protected":false},"author":1,"featured_media":9879,"comment_status":"open","ping_status":"open","sticky":false,"template":"","format":"standard","meta":{"footnotes":""},"categories":[85],"tags":[],"class_list":["post-9878","post","type-post","status-publish","format-standard","has-post-thumbnail","hentry","category-spor"],"yoast_head":"<!-- This site is optimized with the Yoast SEO plugin v28.4 - https:\/\/yoast.com\/product\/yoast-seo-wordpress\/ -->\n<title>Ancelotti, Brezilya Milli Tak\u0131m\u0131\u2019na gidiyor -<\/title>\n<meta name=\"robots\" content=\"index, follow, max-snippet:-1, max-image-preview:large, max-video-preview:-1\" \/>\n<link rel=\"canonical\" href=\"https:\/\/kibrisdakik.com\/?p=9878\" \/>\n<meta property=\"og:locale\" content=\"tr_TR\" \/>\n<meta property=\"og:type\" content=\"article\" \/>\n<meta property=\"og:title\" content=\"Ancelotti, Brezilya Milli Tak\u0131m\u0131\u2019na gidiyor -\" \/>\n<meta property=\"og:description\" content=\"Brezilya Futbol Federasyonu Ba\u015fkan\u0131 Ednaldo Rodrigues, Carlo Ancelotti\u2019nin Brezilya Milli Tak\u0131m\u0131\u2019n\u0131n ba\u015f\u0131na ge\u00e7ece\u011fini a\u00e7\u0131klad\u0131. \u0130talyan teknik adam, bu sene sonunda Brezilya\u2019da olacak. Fluminense Teknik Direkt\u00f6r\u00fc Fernando Diniz, bu sezon bitene kadar ge\u00e7ici olarak Brezilya Milli Tak\u0131m\u0131\u2019nda g\u00f6rev yapacak.\" \/>\n<meta property=\"og:url\" content=\"https:\/\/kibrisdakik.com\/?p=9878\" \/>\n<meta property=\"article:published_time\" content=\"2023-07-05T14:19:55+00:00\" \/>\n<meta property=\"og:image\" content=\"https:\/\/kibrisdakik.com\/wp-content\/uploads\/2023\/07\/ANCELOTTI-740x420.jpeg\" \/>\n\t<meta property=\"og:image:width\" content=\"2000\" \/>\n\t<meta property=\"og:image:height\" content=\"1121\" \/>\n\t<meta property=\"og:image:type\" content=\"image\/jpeg\" \/>\n<meta name=\"author\" content=\"admin\" \/>\n<meta name=\"twitter:card\" content=\"summary_large_image\" \/>\n<meta name=\"twitter:label1\" content=\"Yazan:\" \/>\n\t<meta name=\"twitter:data1\" content=\"admin\" \/>\n<script type=\"application\/ld+json\" class=\"yoast-schema-graph\">{\"@context\":\"https:\\\/\\\/schema.org\",\"@graph\":[{\"@type\":\"Article\",\"@id\":\"https:\\\/\\\/kibrisdakik.com\\\/?p=9878#article\",\"isPartOf\":{\"@id\":\"https:\\\/\\\/kibrisdakik.com\\\/?p=9878\"},\"author\":{\"name\":\"admin\",\"@id\":\"https:\\\/\\\/kibrisdakik.com\\\/#\\\/schema\\\/person\\\/9cd9d437bbb44f72b73ba127e06d8e79\"},\"headline\":\"Ancelotti, Brezilya Milli Tak\u0131m\u0131\u2019na gidiyor\",\"datePublished\":\"2023-07-05T14:19:55+00:00\",\"mainEntityOfPage\":{\"@id\":\"https:\\\/\\\/kibrisdakik.com\\\/?p=9878\"},\"wordCount\":62,\"commentCount\":0,\"publisher\":{\"@id\":\"https:\\\/\\\/kibrisdakik.com\\\/#organization\"},\"image\":{\"@id\":\"https:\\\/\\\/kibrisdakik.com\\\/?p=9878#primaryimage\"},\"thumbnailUrl\":\"https:\\\/\\\/kibrisdakik.com\\\/wp-content\\\/uploads\\\/2023\\\/07\\\/ANCELOTTI-740x420.jpeg\",\"articleSection\":[\"Spor\"],\"inLanguage\":\"tr\",\"potentialAction\":[{\"@type\":\"CommentAction\",\"name\":\"Comment\",\"target\":[\"https:\\\/\\\/kibrisdakik.com\\\/?p=9878#respond\"]}]},{\"@type\":\"WebPage\",\"@id\":\"https:\\\/\\\/kibrisdakik.com\\\/?p=9878\",\"url\":\"https:\\\/\\\/kibrisdakik.com\\\/?p=9878\",\"name\":\"Ancelotti, Brezilya Milli Tak\u0131m\u0131\u2019na gidiyor -\",\"isPartOf\":{\"@id\":\"https:\\\/\\\/kibrisdakik.com\\\/#website\"},\"primaryImageOfPage\":{\"@id\":\"https:\\\/\\\/kibrisdakik.com\\\/?p=9878#primaryimage\"},\"image\":{\"@id\":\"https:\\\/\\\/kibrisdakik.com\\\/?p=9878#primaryimage\"},\"thumbnailUrl\":\"https:\\\/\\\/kibrisdakik.com\\\/wp-content\\\/uploads\\\/2023\\\/07\\\/ANCELOTTI-740x420.jpeg\",\"datePublished\":\"2023-07-05T14:19:55+00:00\",\"breadcrumb\":{\"@id\":\"https:\\\/\\\/kibrisdakik.com\\\/?p=9878#breadcrumb\"},\"inLanguage\":\"tr\",\"potentialAction\":[{\"@type\":\"ReadAction\",\"target\":[\"https:\\\/\\\/kibrisdakik.com\\\/?p=9878\"]}]},{\"@type\":\"ImageObject\",\"inLanguage\":\"tr\",\"@id\":\"https:\\\/\\\/kibrisdakik.com\\\/?p=9878#primaryimage\",\"url\":\"https:\\\/\\\/kibrisdakik.com\\\/wp-content\\\/uploads\\\/2023\\\/07\\\/ANCELOTTI-740x420.jpeg\",\"contentUrl\":\"https:\\\/\\\/kibrisdakik.com\\\/wp-content\\\/uploads\\\/2023\\\/07\\\/ANCELOTTI-740x420.jpeg\",\"width\":2000,\"height\":1121},{\"@type\":\"BreadcrumbList\",\"@id\":\"https:\\\/\\\/kibrisdakik.com\\\/?p=9878#breadcrumb\",\"itemListElement\":[{\"@type\":\"ListItem\",\"position\":1,\"name\":\"Home\",\"item\":\"https:\\\/\\\/kibrisdakik.com\\\/\"},{\"@type\":\"ListItem\",\"position\":2,\"name\":\"Ancelotti, Brezilya Milli Tak\u0131m\u0131\u2019na gidiyor\"}]},{\"@type\":\"WebSite\",\"@id\":\"https:\\\/\\\/kibrisdakik.com\\\/#website\",\"url\":\"https:\\\/\\\/kibrisdakik.com\\\/\",\"name\":\"K\u0131br\u0131s Dakik\",\"description\":\"Tam vaktinde haber\",\"publisher\":{\"@id\":\"https:\\\/\\\/kibrisdakik.com\\\/#organization\"},\"potentialAction\":[{\"@type\":\"SearchAction\",\"target\":{\"@type\":\"EntryPoint\",\"urlTemplate\":\"https:\\\/\\\/kibrisdakik.com\\\/?s={search_term_string}\"},\"query-input\":{\"@type\":\"PropertyValueSpecification\",\"valueRequired\":true,\"valueName\":\"search_term_string\"}}],\"inLanguage\":\"tr\"},{\"@type\":\"Organization\",\"@id\":\"https:\\\/\\\/kibrisdakik.com\\\/#organization\",\"name\":\"K\u0131br\u0131s Dakik\",\"url\":\"https:\\\/\\\/kibrisdakik.com\\\/\",\"logo\":{\"@type\":\"ImageObject\",\"inLanguage\":\"tr\",\"@id\":\"https:\\\/\\\/kibrisdakik.com\\\/#\\\/schema\\\/logo\\\/image\\\/\",\"url\":\"https:\\\/\\\/kibrisdakik.com\\\/wp-content\\\/uploads\\\/2025\\\/10\\\/cropped-WhatsApp-Image-2025-10-02-at-12.58.31.jpeg\",\"contentUrl\":\"https:\\\/\\\/kibrisdakik.com\\\/wp-content\\\/uploads\\\/2025\\\/10\\\/cropped-WhatsApp-Image-2025-10-02-at-12.58.31.jpeg\",\"width\":1237,\"height\":190,\"caption\":\"K\u0131br\u0131s Dakik\"},\"image\":{\"@id\":\"https:\\\/\\\/kibrisdakik.com\\\/#\\\/schema\\\/logo\\\/image\\\/\"}},{\"@type\":\"Person\",\"@id\":\"https:\\\/\\\/kibrisdakik.com\\\/#\\\/schema\\\/person\\\/9cd9d437bbb44f72b73ba127e06d8e79\",\"name\":\"admin\",\"image\":{\"@type\":\"ImageObject\",\"inLanguage\":\"tr\",\"@id\":\"https:\\\/\\\/secure.gravatar.com\\\/avatar\\\/ccc17943b9d660506c869530f897617f7cb1c21a4bf30023f252596d83e1f007?s=96&d=mm&r=g\",\"url\":\"https:\\\/\\\/secure.gravatar.com\\\/avatar\\\/ccc17943b9d660506c869530f897617f7cb1c21a4bf30023f252596d83e1f007?s=96&d=mm&r=g\",\"contentUrl\":\"https:\\\/\\\/secure.gravatar.com\\\/avatar\\\/ccc17943b9d660506c869530f897617f7cb1c21a4bf30023f252596d83e1f007?s=96&d=mm&r=g\",\"caption\":\"admin\"},\"sameAs\":[\"https:\\\/\\\/kibrisdakik.com\"],\"url\":\"https:\\\/\\\/kibrisdakik.com\\\/?author=1\"}]}<\/script>\n<!-- \/ Yoast SEO plugin. -->","yoast_head_json":{"title":"Ancelotti, Brezilya Milli Tak\u0131m\u0131\u2019na gidiyor -","robots":{"index":"index","follow":"follow","max-snippet":"max-snippet:-1","max-image-preview":"max-image-preview:large","max-video-preview":"max-video-preview:-1"},"canonical":"https:\/\/kibrisdakik.com\/?p=9878","og_locale":"tr_TR","og_type":"article","og_title":"Ancelotti, Brezilya Milli Tak\u0131m\u0131\u2019na gidiyor -","og_description":"Brezilya Futbol Federasyonu Ba\u015fkan\u0131 Ednaldo Rodrigues, Carlo Ancelotti\u2019nin Brezilya Milli Tak\u0131m\u0131\u2019n\u0131n ba\u015f\u0131na ge\u00e7ece\u011fini a\u00e7\u0131klad\u0131. \u0130talyan teknik adam, bu sene sonunda Brezilya\u2019da olacak. Fluminense Teknik Direkt\u00f6r\u00fc Fernando Diniz, bu sezon bitene kadar ge\u00e7ici olarak Brezilya Milli Tak\u0131m\u0131\u2019nda g\u00f6rev yapacak.","og_url":"https:\/\/kibrisdakik.com\/?p=9878","article_published_time":"2023-07-05T14:19:55+00:00","og_image":[{"width":2000,"height":1121,"url":"https:\/\/kibrisdakik.com\/wp-content\/uploads\/2023\/07\/ANCELOTTI-740x420.jpeg","type":"image\/jpeg"}],"author":"admin","twitter_card":"summary_large_image","twitter_misc":{"Yazan:":"admin"},"schema":{"@context":"https:\/\/schema.org","@graph":[{"@type":"Article","@id":"https:\/\/kibrisdakik.com\/?p=9878#article","isPartOf":{"@id":"https:\/\/kibrisdakik.com\/?p=9878"},"author":{"name":"admin","@id":"https:\/\/kibrisdakik.com\/#\/schema\/person\/9cd9d437bbb44f72b73ba127e06d8e79"},"headline":"Ancelotti, Brezilya Milli Tak\u0131m\u0131\u2019na gidiyor","datePublished":"2023-07-05T14:19:55+00:00","mainEntityOfPage":{"@id":"https:\/\/kibrisdakik.com\/?p=9878"},"wordCount":62,"commentCount":0,"publisher":{"@id":"https:\/\/kibrisdakik.com\/#organization"},"image":{"@id":"https:\/\/kibrisdakik.com\/?p=9878#primaryimage"},"thumbnailUrl":"https:\/\/kibrisdakik.com\/wp-content\/uploads\/2023\/07\/ANCELOTTI-740x420.jpeg","articleSection":["Spor"],"inLanguage":"tr","potentialAction":[{"@type":"CommentAction","name":"Comment","target":["https:\/\/kibrisdakik.com\/?p=9878#respond"]}]},{"@type":"WebPage","@id":"https:\/\/kibrisdakik.com\/?p=9878","url":"https:\/\/kibrisdakik.com\/?p=9878","name":"Ancelotti, Brezilya Milli Tak\u0131m\u0131\u2019na gidiyor -","isPartOf":{"@id":"https:\/\/kibrisdakik.com\/#website"},"primaryImageOfPage":{"@id":"https:\/\/kibrisdakik.com\/?p=9878#primaryimage"},"image":{"@id":"https:\/\/kibrisdakik.com\/?p=9878#primaryimage"},"thumbnailUrl":"https:\/\/kibrisdakik.com\/wp-content\/uploads\/2023\/07\/ANCELOTTI-740x420.jpeg","datePublished":"2023-07-05T14:19:55+00:00","breadcrumb":{"@id":"https:\/\/kibrisdakik.com\/?p=9878#breadcrumb"},"inLanguage":"tr","potentialAction":[{"@type":"ReadAction","target":["https:\/\/kibrisdakik.com\/?p=9878"]}]},{"@type":"ImageObject","inLanguage":"tr","@id":"https:\/\/kibrisdakik.com\/?p=9878#primaryimage","url":"https:\/\/kibrisdakik.com\/wp-content\/uploads\/2023\/07\/ANCELOTTI-740x420.jpeg","contentUrl":"https:\/\/kibrisdakik.com\/wp-content\/uploads\/2023\/07\/ANCELOTTI-740x420.jpeg","width":2000,"height":1121},{"@type":"BreadcrumbList","@id":"https:\/\/kibrisdakik.com\/?p=9878#breadcrumb","itemListElement":[{"@type":"ListItem","position":1,"name":"Home","item":"https:\/\/kibrisdakik.com\/"},{"@type":"ListItem","position":2,"name":"Ancelotti, Brezilya Milli Tak\u0131m\u0131\u2019na gidiyor"}]},{"@type":"WebSite","@id":"https:\/\/kibrisdakik.com\/#website","url":"https:\/\/kibrisdakik.com\/","name":"K\u0131br\u0131s Dakik","description":"Tam vaktinde haber","publisher":{"@id":"https:\/\/kibrisdakik.com\/#organization"},"potentialAction":[{"@type":"SearchAction","target":{"@type":"EntryPoint","urlTemplate":"https:\/\/kibrisdakik.com\/?s={search_term_string}"},"query-input":{"@type":"PropertyValueSpecification","valueRequired":true,"valueName":"search_term_string"}}],"inLanguage":"tr"},{"@type":"Organization","@id":"https:\/\/kibrisdakik.com\/#organization","name":"K\u0131br\u0131s Dakik","url":"https:\/\/kibrisdakik.com\/","logo":{"@type":"ImageObject","inLanguage":"tr","@id":"https:\/\/kibrisdakik.com\/#\/schema\/logo\/image\/","url":"https:\/\/kibrisdakik.com\/wp-content\/uploads\/2025\/10\/cropped-WhatsApp-Image-2025-10-02-at-12.58.31.jpeg","contentUrl":"https:\/\/kibrisdakik.com\/wp-content\/uploads\/2025\/10\/cropped-WhatsApp-Image-2025-10-02-at-12.58.31.jpeg","width":1237,"height":190,"caption":"K\u0131br\u0131s Dakik"},"image":{"@id":"https:\/\/kibrisdakik.com\/#\/schema\/logo\/image\/"}},{"@type":"Person","@id":"https:\/\/kibrisdakik.com\/#\/schema\/person\/9cd9d437bbb44f72b73ba127e06d8e79","name":"admin","image":{"@type":"ImageObject","inLanguage":"tr","@id":"https:\/\/secure.gravatar.com\/avatar\/ccc17943b9d660506c869530f897617f7cb1c21a4bf30023f252596d83e1f007?s=96&d=mm&r=g","url":"https:\/\/secure.gravatar.com\/avatar\/ccc17943b9d660506c869530f897617f7cb1c21a4bf30023f252596d83e1f007?s=96&d=mm&r=g","contentUrl":"https:\/\/secure.gravatar.com\/avatar\/ccc17943b9d660506c869530f897617f7cb1c21a4bf30023f252596d83e1f007?s=96&d=mm&r=g","caption":"admin"},"sameAs":["https:\/\/kibrisdakik.com"],"url":"https:\/\/kibrisdakik.com\/?author=1"}]}},"_links":{"self":[{"href":"https:\/\/kibrisdakik.com\/index.php?rest_route=\/wp\/v2\/posts\/9878","targetHints":{"allow":["GET"]}}],"collection":[{"href":"https:\/\/kibrisdakik.com\/index.php?rest_route=\/wp\/v2\/posts"}],"about":[{"href":"https:\/\/kibrisdakik.com\/index.php?rest_route=\/wp\/v2\/types\/post"}],"author":[{"embeddable":true,"href":"https:\/\/kibrisdakik.com\/index.php?rest_route=\/wp\/v2\/users\/1"}],"replies":[{"embeddable":true,"href":"https:\/\/kibrisdakik.com\/index.php?rest_route=%2Fwp%2Fv2%2Fcomments&post=9878"}],"version-history":[{"count":0,"href":"https:\/\/kibrisdakik.com\/index.php?rest_route=\/wp\/v2\/posts\/9878\/revisions"}],"wp:featuredmedia":[{"embeddable":true,"href":"https:\/\/kibrisdakik.com\/index.php?rest_route=\/wp\/v2\/media\/9879"}],"wp:attachment":[{"href":"https:\/\/kibrisdakik.com\/index.php?rest_route=%2Fwp%2Fv2%2Fmedia&parent=9878"}],"wp:term":[{"taxonomy":"category","embeddable":true,"href":"https:\/\/kibrisdakik.com\/index.php?rest_route=%2Fwp%2Fv2%2Fcategories&post=9878"},{"taxonomy":"post_tag","embeddable":true,"href":"https:\/\/kibrisdakik.com\/index.php?rest_route=%2Fwp%2Fv2%2Ftags&post=9878"}],"curies":[{"name":"wp","href":"https:\/\/api.w.org\/{rel}","templated":true}]}}