{"id":98871,"date":"2025-11-09T16:55:05","date_gmt":"2025-11-09T14:55:05","guid":{"rendered":"https:\/\/kibrisdakik.com\/index.php\/2025\/11\/09\/japonya-aciklarinda-68-buyuklugunde-deprem\/"},"modified":"2025-11-09T16:55:05","modified_gmt":"2025-11-09T14:55:05","slug":"japonya-aciklarinda-68-buyuklugunde-deprem","status":"publish","type":"post","link":"https:\/\/kibrisdakik.com\/?p=98871","title":{"rendered":"Japonya a\u00e7\u0131klar\u0131nda 6,8 b\u00fcy\u00fckl\u00fc\u011f\u00fcnde deprem"},"content":{"rendered":"<p><\/p>\n<div class=\"news-content\">\n<p>\n\tABD Jeolojik Ara\u015ft\u0131rmalar Merkezi (USGS), depremin merkez \u00fcss\u00fcn\u00fcn, Yamada b\u00f6lgesinin 126 kilometre do\u011fusu oldu\u011funu a\u00e7\u0131klad\u0131.<\/p>\n<p>\n\t6,8 b\u00fcy\u00fckl\u00fc\u011f\u00fcndeki deprem yakla\u015f\u0131k 10 kilometre derinlikte meydana geldi.<\/p>\n<p>\n\t\u0130lk belirlemelere g\u00f6re depremde can veya mal kayb\u0131 olmad\u0131.<\/p>\n<div class=\"news-tags\">\n<div class=\"title\">ET\u0130KETLER<\/div>\n<div class=\"tags\">\n                                                                            Deprem<br \/>\n                                                                            Japonya\n                                                                    <\/div>\n<\/p><\/div>\n<\/p><\/div>\n","protected":false},"excerpt":{"rendered":"<p>ABD Jeolojik Ara\u015ft\u0131rmalar Merkezi (USGS), depremin merkez \u00fcss\u00fcn\u00fcn, Yamada b\u00f6lgesinin 126 kilometre do\u011fusu oldu\u011funu a\u00e7\u0131klad\u0131. 6,8 b\u00fcy\u00fckl\u00fc\u011f\u00fcndeki deprem yakla\u015f\u0131k 10 kilometre derinlikte meydana geldi. \u0130lk belirlemelere g\u00f6re depremde can veya mal kayb\u0131 olmad\u0131. ET\u0130KETLER Deprem Japonya<\/p>\n","protected":false},"author":1,"featured_media":88455,"comment_status":"open","ping_status":"open","sticky":false,"template":"","format":"standard","meta":{"footnotes":""},"categories":[306],"tags":[],"class_list":["post-98871","post","type-post","status-publish","format-standard","has-post-thumbnail","hentry","category-dunya"],"yoast_head":"<!-- This site is optimized with the Yoast SEO plugin v27.4 - https:\/\/yoast.com\/product\/yoast-seo-wordpress\/ -->\n<title>Japonya a\u00e7\u0131klar\u0131nda 6,8 b\u00fcy\u00fckl\u00fc\u011f\u00fcnde deprem -<\/title>\n<meta name=\"robots\" content=\"index, follow, max-snippet:-1, max-image-preview:large, max-video-preview:-1\" \/>\n<link rel=\"canonical\" href=\"https:\/\/kibrisdakik.com\/?p=98871\" \/>\n<meta property=\"og:locale\" content=\"tr_TR\" \/>\n<meta property=\"og:type\" content=\"article\" \/>\n<meta property=\"og:title\" content=\"Japonya a\u00e7\u0131klar\u0131nda 6,8 b\u00fcy\u00fckl\u00fc\u011f\u00fcnde deprem -\" \/>\n<meta property=\"og:description\" content=\"ABD Jeolojik Ara\u015ft\u0131rmalar Merkezi (USGS), depremin merkez \u00fcss\u00fcn\u00fcn, Yamada b\u00f6lgesinin 126 kilometre do\u011fusu oldu\u011funu a\u00e7\u0131klad\u0131. 6,8 b\u00fcy\u00fckl\u00fc\u011f\u00fcndeki deprem yakla\u015f\u0131k 10 kilometre derinlikte meydana geldi. \u0130lk belirlemelere g\u00f6re depremde can veya mal kayb\u0131 olmad\u0131. ET\u0130KETLER Deprem Japonya\" \/>\n<meta property=\"og:url\" content=\"https:\/\/kibrisdakik.com\/?p=98871\" \/>\n<meta property=\"article:published_time\" content=\"2025-11-09T14:55:05+00:00\" \/>\n<meta property=\"og:image\" content=\"https:\/\/kibrisdakik.com\/wp-content\/uploads\/2025\/08\/deprem-ap-1681307-740x420.jpg\" \/>\n\t<meta property=\"og:image:width\" content=\"1280\" \/>\n\t<meta property=\"og:image:height\" content=\"720\" \/>\n\t<meta property=\"og:image:type\" content=\"image\/jpeg\" \/>\n<meta name=\"author\" content=\"admin\" \/>\n<meta name=\"twitter:card\" content=\"summary_large_image\" \/>\n<meta name=\"twitter:label1\" content=\"Yazan:\" \/>\n\t<meta name=\"twitter:data1\" content=\"admin\" \/>\n<script type=\"application\/ld+json\" class=\"yoast-schema-graph\">{\"@context\":\"https:\\\/\\\/schema.org\",\"@graph\":[{\"@type\":\"Article\",\"@id\":\"https:\\\/\\\/kibrisdakik.com\\\/?p=98871#article\",\"isPartOf\":{\"@id\":\"https:\\\/\\\/kibrisdakik.com\\\/?p=98871\"},\"author\":{\"name\":\"admin\",\"@id\":\"https:\\\/\\\/kibrisdakik.com\\\/#\\\/schema\\\/person\\\/9cd9d437bbb44f72b73ba127e06d8e79\"},\"headline\":\"Japonya a\u00e7\u0131klar\u0131nda 6,8 b\u00fcy\u00fckl\u00fc\u011f\u00fcnde deprem\",\"datePublished\":\"2025-11-09T14:55:05+00:00\",\"mainEntityOfPage\":{\"@id\":\"https:\\\/\\\/kibrisdakik.com\\\/?p=98871\"},\"wordCount\":56,\"commentCount\":0,\"image\":{\"@id\":\"https:\\\/\\\/kibrisdakik.com\\\/?p=98871#primaryimage\"},\"thumbnailUrl\":\"https:\\\/\\\/kibrisdakik.com\\\/wp-content\\\/uploads\\\/2025\\\/08\\\/deprem-ap-1681307-740x420.jpg\",\"articleSection\":[\"D\u00fcnya\"],\"inLanguage\":\"tr\",\"potentialAction\":[{\"@type\":\"CommentAction\",\"name\":\"Comment\",\"target\":[\"https:\\\/\\\/kibrisdakik.com\\\/?p=98871#respond\"]}]},{\"@type\":\"WebPage\",\"@id\":\"https:\\\/\\\/kibrisdakik.com\\\/?p=98871\",\"url\":\"https:\\\/\\\/kibrisdakik.com\\\/?p=98871\",\"name\":\"Japonya a\u00e7\u0131klar\u0131nda 6,8 b\u00fcy\u00fckl\u00fc\u011f\u00fcnde deprem -\",\"isPartOf\":{\"@id\":\"https:\\\/\\\/kibrisdakik.com\\\/#website\"},\"primaryImageOfPage\":{\"@id\":\"https:\\\/\\\/kibrisdakik.com\\\/?p=98871#primaryimage\"},\"image\":{\"@id\":\"https:\\\/\\\/kibrisdakik.com\\\/?p=98871#primaryimage\"},\"thumbnailUrl\":\"https:\\\/\\\/kibrisdakik.com\\\/wp-content\\\/uploads\\\/2025\\\/08\\\/deprem-ap-1681307-740x420.jpg\",\"datePublished\":\"2025-11-09T14:55:05+00:00\",\"author\":{\"@id\":\"https:\\\/\\\/kibrisdakik.com\\\/#\\\/schema\\\/person\\\/9cd9d437bbb44f72b73ba127e06d8e79\"},\"breadcrumb\":{\"@id\":\"https:\\\/\\\/kibrisdakik.com\\\/?p=98871#breadcrumb\"},\"inLanguage\":\"tr\",\"potentialAction\":[{\"@type\":\"ReadAction\",\"target\":[\"https:\\\/\\\/kibrisdakik.com\\\/?p=98871\"]}]},{\"@type\":\"ImageObject\",\"inLanguage\":\"tr\",\"@id\":\"https:\\\/\\\/kibrisdakik.com\\\/?p=98871#primaryimage\",\"url\":\"https:\\\/\\\/kibrisdakik.com\\\/wp-content\\\/uploads\\\/2025\\\/08\\\/deprem-ap-1681307-740x420.jpg\",\"contentUrl\":\"https:\\\/\\\/kibrisdakik.com\\\/wp-content\\\/uploads\\\/2025\\\/08\\\/deprem-ap-1681307-740x420.jpg\",\"width\":1280,\"height\":720},{\"@type\":\"BreadcrumbList\",\"@id\":\"https:\\\/\\\/kibrisdakik.com\\\/?p=98871#breadcrumb\",\"itemListElement\":[{\"@type\":\"ListItem\",\"position\":1,\"name\":\"Home\",\"item\":\"https:\\\/\\\/kibrisdakik.com\\\/\"},{\"@type\":\"ListItem\",\"position\":2,\"name\":\"Japonya a\u00e7\u0131klar\u0131nda 6,8 b\u00fcy\u00fckl\u00fc\u011f\u00fcnde deprem\"}]},{\"@type\":\"WebSite\",\"@id\":\"https:\\\/\\\/kibrisdakik.com\\\/#website\",\"url\":\"https:\\\/\\\/kibrisdakik.com\\\/\",\"name\":\"\",\"description\":\"Tam vaktinde haber\",\"potentialAction\":[{\"@type\":\"SearchAction\",\"target\":{\"@type\":\"EntryPoint\",\"urlTemplate\":\"https:\\\/\\\/kibrisdakik.com\\\/?s={search_term_string}\"},\"query-input\":{\"@type\":\"PropertyValueSpecification\",\"valueRequired\":true,\"valueName\":\"search_term_string\"}}],\"inLanguage\":\"tr\"},{\"@type\":\"Person\",\"@id\":\"https:\\\/\\\/kibrisdakik.com\\\/#\\\/schema\\\/person\\\/9cd9d437bbb44f72b73ba127e06d8e79\",\"name\":\"admin\",\"image\":{\"@type\":\"ImageObject\",\"inLanguage\":\"tr\",\"@id\":\"https:\\\/\\\/secure.gravatar.com\\\/avatar\\\/ccc17943b9d660506c869530f897617f7cb1c21a4bf30023f252596d83e1f007?s=96&d=mm&r=g\",\"url\":\"https:\\\/\\\/secure.gravatar.com\\\/avatar\\\/ccc17943b9d660506c869530f897617f7cb1c21a4bf30023f252596d83e1f007?s=96&d=mm&r=g\",\"contentUrl\":\"https:\\\/\\\/secure.gravatar.com\\\/avatar\\\/ccc17943b9d660506c869530f897617f7cb1c21a4bf30023f252596d83e1f007?s=96&d=mm&r=g\",\"caption\":\"admin\"},\"sameAs\":[\"https:\\\/\\\/kibrisdakik.com\"],\"url\":\"https:\\\/\\\/kibrisdakik.com\\\/?author=1\"}]}<\/script>\n<!-- \/ Yoast SEO plugin. -->","yoast_head_json":{"title":"Japonya a\u00e7\u0131klar\u0131nda 6,8 b\u00fcy\u00fckl\u00fc\u011f\u00fcnde deprem -","robots":{"index":"index","follow":"follow","max-snippet":"max-snippet:-1","max-image-preview":"max-image-preview:large","max-video-preview":"max-video-preview:-1"},"canonical":"https:\/\/kibrisdakik.com\/?p=98871","og_locale":"tr_TR","og_type":"article","og_title":"Japonya a\u00e7\u0131klar\u0131nda 6,8 b\u00fcy\u00fckl\u00fc\u011f\u00fcnde deprem -","og_description":"ABD Jeolojik Ara\u015ft\u0131rmalar Merkezi (USGS), depremin merkez \u00fcss\u00fcn\u00fcn, Yamada b\u00f6lgesinin 126 kilometre do\u011fusu oldu\u011funu a\u00e7\u0131klad\u0131. 6,8 b\u00fcy\u00fckl\u00fc\u011f\u00fcndeki deprem yakla\u015f\u0131k 10 kilometre derinlikte meydana geldi. \u0130lk belirlemelere g\u00f6re depremde can veya mal kayb\u0131 olmad\u0131. ET\u0130KETLER Deprem Japonya","og_url":"https:\/\/kibrisdakik.com\/?p=98871","article_published_time":"2025-11-09T14:55:05+00:00","og_image":[{"width":1280,"height":720,"url":"https:\/\/kibrisdakik.com\/wp-content\/uploads\/2025\/08\/deprem-ap-1681307-740x420.jpg","type":"image\/jpeg"}],"author":"admin","twitter_card":"summary_large_image","twitter_misc":{"Yazan:":"admin"},"schema":{"@context":"https:\/\/schema.org","@graph":[{"@type":"Article","@id":"https:\/\/kibrisdakik.com\/?p=98871#article","isPartOf":{"@id":"https:\/\/kibrisdakik.com\/?p=98871"},"author":{"name":"admin","@id":"https:\/\/kibrisdakik.com\/#\/schema\/person\/9cd9d437bbb44f72b73ba127e06d8e79"},"headline":"Japonya a\u00e7\u0131klar\u0131nda 6,8 b\u00fcy\u00fckl\u00fc\u011f\u00fcnde deprem","datePublished":"2025-11-09T14:55:05+00:00","mainEntityOfPage":{"@id":"https:\/\/kibrisdakik.com\/?p=98871"},"wordCount":56,"commentCount":0,"image":{"@id":"https:\/\/kibrisdakik.com\/?p=98871#primaryimage"},"thumbnailUrl":"https:\/\/kibrisdakik.com\/wp-content\/uploads\/2025\/08\/deprem-ap-1681307-740x420.jpg","articleSection":["D\u00fcnya"],"inLanguage":"tr","potentialAction":[{"@type":"CommentAction","name":"Comment","target":["https:\/\/kibrisdakik.com\/?p=98871#respond"]}]},{"@type":"WebPage","@id":"https:\/\/kibrisdakik.com\/?p=98871","url":"https:\/\/kibrisdakik.com\/?p=98871","name":"Japonya a\u00e7\u0131klar\u0131nda 6,8 b\u00fcy\u00fckl\u00fc\u011f\u00fcnde deprem -","isPartOf":{"@id":"https:\/\/kibrisdakik.com\/#website"},"primaryImageOfPage":{"@id":"https:\/\/kibrisdakik.com\/?p=98871#primaryimage"},"image":{"@id":"https:\/\/kibrisdakik.com\/?p=98871#primaryimage"},"thumbnailUrl":"https:\/\/kibrisdakik.com\/wp-content\/uploads\/2025\/08\/deprem-ap-1681307-740x420.jpg","datePublished":"2025-11-09T14:55:05+00:00","author":{"@id":"https:\/\/kibrisdakik.com\/#\/schema\/person\/9cd9d437bbb44f72b73ba127e06d8e79"},"breadcrumb":{"@id":"https:\/\/kibrisdakik.com\/?p=98871#breadcrumb"},"inLanguage":"tr","potentialAction":[{"@type":"ReadAction","target":["https:\/\/kibrisdakik.com\/?p=98871"]}]},{"@type":"ImageObject","inLanguage":"tr","@id":"https:\/\/kibrisdakik.com\/?p=98871#primaryimage","url":"https:\/\/kibrisdakik.com\/wp-content\/uploads\/2025\/08\/deprem-ap-1681307-740x420.jpg","contentUrl":"https:\/\/kibrisdakik.com\/wp-content\/uploads\/2025\/08\/deprem-ap-1681307-740x420.jpg","width":1280,"height":720},{"@type":"BreadcrumbList","@id":"https:\/\/kibrisdakik.com\/?p=98871#breadcrumb","itemListElement":[{"@type":"ListItem","position":1,"name":"Home","item":"https:\/\/kibrisdakik.com\/"},{"@type":"ListItem","position":2,"name":"Japonya a\u00e7\u0131klar\u0131nda 6,8 b\u00fcy\u00fckl\u00fc\u011f\u00fcnde deprem"}]},{"@type":"WebSite","@id":"https:\/\/kibrisdakik.com\/#website","url":"https:\/\/kibrisdakik.com\/","name":"","description":"Tam vaktinde haber","potentialAction":[{"@type":"SearchAction","target":{"@type":"EntryPoint","urlTemplate":"https:\/\/kibrisdakik.com\/?s={search_term_string}"},"query-input":{"@type":"PropertyValueSpecification","valueRequired":true,"valueName":"search_term_string"}}],"inLanguage":"tr"},{"@type":"Person","@id":"https:\/\/kibrisdakik.com\/#\/schema\/person\/9cd9d437bbb44f72b73ba127e06d8e79","name":"admin","image":{"@type":"ImageObject","inLanguage":"tr","@id":"https:\/\/secure.gravatar.com\/avatar\/ccc17943b9d660506c869530f897617f7cb1c21a4bf30023f252596d83e1f007?s=96&d=mm&r=g","url":"https:\/\/secure.gravatar.com\/avatar\/ccc17943b9d660506c869530f897617f7cb1c21a4bf30023f252596d83e1f007?s=96&d=mm&r=g","contentUrl":"https:\/\/secure.gravatar.com\/avatar\/ccc17943b9d660506c869530f897617f7cb1c21a4bf30023f252596d83e1f007?s=96&d=mm&r=g","caption":"admin"},"sameAs":["https:\/\/kibrisdakik.com"],"url":"https:\/\/kibrisdakik.com\/?author=1"}]}},"_links":{"self":[{"href":"https:\/\/kibrisdakik.com\/index.php?rest_route=\/wp\/v2\/posts\/98871","targetHints":{"allow":["GET"]}}],"collection":[{"href":"https:\/\/kibrisdakik.com\/index.php?rest_route=\/wp\/v2\/posts"}],"about":[{"href":"https:\/\/kibrisdakik.com\/index.php?rest_route=\/wp\/v2\/types\/post"}],"author":[{"embeddable":true,"href":"https:\/\/kibrisdakik.com\/index.php?rest_route=\/wp\/v2\/users\/1"}],"replies":[{"embeddable":true,"href":"https:\/\/kibrisdakik.com\/index.php?rest_route=%2Fwp%2Fv2%2Fcomments&post=98871"}],"version-history":[{"count":0,"href":"https:\/\/kibrisdakik.com\/index.php?rest_route=\/wp\/v2\/posts\/98871\/revisions"}],"wp:featuredmedia":[{"embeddable":true,"href":"https:\/\/kibrisdakik.com\/index.php?rest_route=\/wp\/v2\/media\/88455"}],"wp:attachment":[{"href":"https:\/\/kibrisdakik.com\/index.php?rest_route=%2Fwp%2Fv2%2Fmedia&parent=98871"}],"wp:term":[{"taxonomy":"category","embeddable":true,"href":"https:\/\/kibrisdakik.com\/index.php?rest_route=%2Fwp%2Fv2%2Fcategories&post=98871"},{"taxonomy":"post_tag","embeddable":true,"href":"https:\/\/kibrisdakik.com\/index.php?rest_route=%2Fwp%2Fv2%2Ftags&post=98871"}],"curies":[{"name":"wp","href":"https:\/\/api.w.org\/{rel}","templated":true}]}}