{"id":98902,"date":"2025-11-10T10:12:19","date_gmt":"2025-11-10T08:12:19","guid":{"rendered":"https:\/\/kibrisdakik.com\/index.php\/2025\/11\/10\/erhurman-ataturkun-mirasina-sahip-cikacagiz\/"},"modified":"2025-11-10T10:12:19","modified_gmt":"2025-11-10T08:12:19","slug":"erhurman-ataturkun-mirasina-sahip-cikacagiz","status":"publish","type":"post","link":"https:\/\/kibrisdakik.com\/?p=98902","title":{"rendered":"ERH\u00dcRMAN: ATAT\u00dcRK\u2019\u00dcN M\u0130RASINA SAH\u0130P \u00c7IKACA\u011eIZ"},"content":{"rendered":"<p><\/p>\n<div data-text-id=\"188997\" property=\"articleBody\">\n<p>Cumhurba\u015fkan\u0131 Tufan Erh\u00fcrman, Atat\u00fcrk sevgisi ve onun d\u00fc\u015f\u00fcnce, de\u011fer ve ideallerine ba\u011fl\u0131l\u0131\u011f\u0131n K\u0131br\u0131s T\u00fcrk halk\u0131n\u0131n karakterini \u015fekillendirdi\u011fini, zorlu varolu\u015f m\u00fccadelesinde umudu ve yolunu ayd\u0131nlatan \u0131\u015f\u0131\u011f\u0131 oldu\u011funu vurgulad\u0131.<\/p>\n<p>Erh\u00fcrman, \u201cAtat\u00fcrk\u2019\u00fcn yolunda y\u00fcr\u00fcmek konusunda samimiysek, K\u0131br\u0131s T\u00fcrk halk\u0131 olarak bilmeliyiz ki \u00f6n\u00fcm\u00fczde y\u00fcr\u00fcnmesi gereken \u00e7ok uzun bir yol vard\u0131r.\u201d ifadelerini kulland\u0131.<\/p>\n<p>Ulu \u00d6nder Mustafa Kemal Atat\u00fcrk\u2019\u00fcn ebediyete intikalinin 87. y\u0131l\u0131 dolay\u0131s\u0131yla mesaj yay\u0131mlad\u0131.<\/p>\n<p>Cumhurba\u015fkan\u0131 Tufan Erh\u00fcrman\u2019\u0131n yay\u0131mlad\u0131\u011f\u0131 mesaj \u015fu \u015fekilde:<\/p>\n<p>\u201cBelli bir d\u00f6nemde kendi \u00fclkesine b\u00fcy\u00fck hizmetler veren, halk\u0131n\u0131n kaderini de\u011fi\u015ftiren ki\u015fi elbette liderdir.<\/p>\n<p>Yapt\u0131klar\u0131 ve d\u00fc\u015f\u00fcnceleri ba\u015fka \u00fclkelere ve halklara da yol g\u00f6steren, yaln\u0131zca ya\u015fad\u0131\u011f\u0131 d\u00f6neme de\u011fil, gelece\u011fe de \u0131\u015f\u0131k tutan ki\u015fi ise tart\u0131\u015f\u0131lmaz \u015fekilde b\u00fcy\u00fck bir liderdir.<\/p>\n<p>Atat\u00fcrk\u2019\u00fcn yapt\u0131klar\u0131n\u0131n, d\u00fc\u015f\u00fcncelerinin ve de\u011ferlerinin en fazla etkiledi\u011fi halklardan biri de ku\u015fkusuz K\u0131br\u0131s T\u00fcrk halk\u0131d\u0131r. Atat\u00fcrk sevgisi ve onun d\u00fc\u015f\u00fcnce, de\u011fer ve ideallerine ba\u011fl\u0131l\u0131k K\u0131br\u0131s T\u00fcrk halk\u0131n\u0131n karakterini \u015fekillendirmi\u015f, zorlu varolu\u015f m\u00fccadelesinde umudu ve yolunu ayd\u0131nlatan \u0131\u015f\u0131\u011f\u0131 olmu\u015ftur.<\/p>\n<p>Atat\u00fcrk en fazla da \u00e7ocuklara ve gen\u00e7lere seslenmi\u015f, d\u00fc\u015f\u00fcncelerini, ideallerini ve eserlerini gelece\u011fe ta\u015f\u0131ma misyonunu onlara y\u00fcklemi\u015ftir.<\/p>\n<p>Ortada b\u00fcy\u00fck bir \u00f6z g\u00fcven vard\u0131r ve bu \u00f6z g\u00fcven, iyi e\u011fitim g\u00f6recek, iyi yeti\u015fecek olan \u00e7ocuklara, gen\u00e7lere ve en zor ko\u015fullarda destans\u0131 bir m\u00fccadele ortaya koyan halk\u0131na olan g\u00fcveninden kaynaklanmaktad\u0131r.<\/p>\n<p>Hedef bellidir. E\u015fitlik, adalet, muas\u0131r medeniyet seviyesinin \u00fcst\u00fcnde bir k\u00fclt\u00fcr, refah ve uygarl\u0131k.<\/p>\n<p>Bilim ve sanat bu hedeflere ula\u015fmak i\u00e7in en etkili ara\u00e7lard\u0131r.<\/p>\n<p>Atat\u00fcrk, Onuncu Y\u0131l Nutku\u2019nun en \u00e7ok al\u0131nt\u0131lanan b\u00f6l\u00fcmlerinden birinde &#8216;yapt\u0131klar\u0131m\u0131z\u0131 asla kafi g\u00f6remeyiz&#8217; der. Oysa Kurtulu\u015f Sava\u015f\u0131 kazan\u0131lm\u0131\u015f, Cumhuriyet kurulmu\u015f, kendi deyi\u015fiyle az zamanda \u00e7ok i\u015fler ba\u015far\u0131lm\u0131\u015ft\u0131r. Atat\u00fcrk bunlar\u0131 dahi kafi bulmamaktad\u0131r.<\/p>\n<p>Bizim i\u00e7in, K\u0131br\u0131s T\u00fcrk halk\u0131 i\u00e7in de yap\u0131lm\u0131\u015f i\u015fler var m\u0131d\u0131r. Elbette Atat\u00fcrk \u00f6nc\u00fcl\u00fc\u011f\u00fcnde 1933\u2019e kadar yap\u0131lanlarla k\u0131yaslanmas\u0131 m\u00fcmk\u00fcn olmasa da yap\u0131lm\u0131\u015f baz\u0131 i\u015fler vard\u0131r. Ancak onun &#8216;kafi de\u011fil&#8217; dedi\u011finden \u00e7ok daha yetersizdir yapabildiklerimiz. Dahas\u0131 yap\u0131lanlar\u0131n bir k\u0131sm\u0131 da maalesef bozulmu\u015ftur.<\/p>\n<p>Atat\u00fcrk\u2019\u00fcn yolunda y\u00fcr\u00fcmek konusunda samimiysek, K\u0131br\u0131s T\u00fcrk halk\u0131 olarak bilmeliyiz ki \u00f6n\u00fcm\u00fczde y\u00fcr\u00fcnmesi gereken \u00e7ok uzun bir yol vard\u0131r.<\/p>\n<p>Ama onun arkada\u015flar\u0131yla ve halk\u0131yla birlikte en zor ko\u015fullarda ba\u015fard\u0131klar\u0131n\u0131 hat\u0131rlarsak, &#8216;bu memleketten bir \u015fey olmaz biz bir \u015fey yapamay\u0131z&#8217; konformizmine kap\u0131lmaya hakk\u0131m\u0131z olmad\u0131\u011f\u0131n\u0131 bilmek durumunday\u0131z.<\/p>\n<p>\u00c7ocuklar\u0131m\u0131z\u0131, gen\u00e7lerimizi iyi yeti\u015ftirece\u011fiz. \u00d6z g\u00fcvenimiz tam olacak ve bu \u00f6z g\u00fcvenin kayna\u011f\u0131n\u0131n halk\u0131m\u0131zdan ba\u015fka bir \u015fey olmad\u0131\u011f\u0131n\u0131 bilece\u011fiz.<\/p>\n<p>Onuncu Y\u0131l Nutku\u2019nun yukar\u0131da s\u00f6z\u00fcn\u00fc etti\u011fim b\u00f6l\u00fcm\u00fcnde &#8216;daha \u00e7ok \u00e7al\u0131\u015faca\u011f\u0131z&#8217; der Atat\u00fcrk.<\/p>\n<p>Evet, b\u00fcy\u00fck liderin manevi \u015fahsiyeti huzurunda s\u00f6z veriyoruz: Hep birlikte daha \u00e7ok \u00e7al\u0131\u015faca\u011f\u0131z.<\/p>\n<p>Gazi Mustafa Kemal Atat\u00fcrk\u2019\u00fcn an\u0131s\u0131 \u00f6n\u00fcnde bir kez daha sayg\u0131yla, sevgiyle, minnetle e\u011filiyorum.\u201d<\/p>\n<\/p><\/div>\n","protected":false},"excerpt":{"rendered":"<p>Cumhurba\u015fkan\u0131 Tufan Erh\u00fcrman, Atat\u00fcrk sevgisi ve onun d\u00fc\u015f\u00fcnce, de\u011fer ve ideallerine ba\u011fl\u0131l\u0131\u011f\u0131n K\u0131br\u0131s T\u00fcrk halk\u0131n\u0131n karakterini \u015fekillendirdi\u011fini, zorlu varolu\u015f m\u00fccadelesinde umudu ve yolunu ayd\u0131nlatan \u0131\u015f\u0131\u011f\u0131 oldu\u011funu vurgulad\u0131. Erh\u00fcrman, \u201cAtat\u00fcrk\u2019\u00fcn yolunda y\u00fcr\u00fcmek konusunda samimiysek, K\u0131br\u0131s T\u00fcrk halk\u0131 olarak bilmeliyiz ki \u00f6n\u00fcm\u00fczde y\u00fcr\u00fcnmesi gereken \u00e7ok uzun bir yol vard\u0131r.\u201d ifadelerini kulland\u0131. Ulu \u00d6nder Mustafa Kemal Atat\u00fcrk\u2019\u00fcn ebediyete<\/p>\n","protected":false},"author":1,"featured_media":98903,"comment_status":"open","ping_status":"open","sticky":false,"template":"","format":"standard","meta":{"footnotes":""},"categories":[81],"tags":[],"class_list":["post-98902","post","type-post","status-publish","format-standard","has-post-thumbnail","hentry","category-kibris"],"yoast_head":"<!-- This site is optimized with the Yoast SEO plugin v27.5 - https:\/\/yoast.com\/product\/yoast-seo-wordpress\/ -->\n<title>ERH\u00dcRMAN: ATAT\u00dcRK\u2019\u00dcN M\u0130RASINA SAH\u0130P \u00c7IKACA\u011eIZ -<\/title>\n<meta name=\"robots\" content=\"index, follow, max-snippet:-1, max-image-preview:large, max-video-preview:-1\" \/>\n<link rel=\"canonical\" href=\"https:\/\/kibrisdakik.com\/?p=98902\" \/>\n<meta property=\"og:locale\" content=\"tr_TR\" \/>\n<meta property=\"og:type\" content=\"article\" \/>\n<meta property=\"og:title\" content=\"ERH\u00dcRMAN: ATAT\u00dcRK\u2019\u00dcN M\u0130RASINA SAH\u0130P \u00c7IKACA\u011eIZ -\" \/>\n<meta property=\"og:description\" content=\"Cumhurba\u015fkan\u0131 Tufan Erh\u00fcrman, Atat\u00fcrk sevgisi ve onun d\u00fc\u015f\u00fcnce, de\u011fer ve ideallerine ba\u011fl\u0131l\u0131\u011f\u0131n K\u0131br\u0131s T\u00fcrk halk\u0131n\u0131n karakterini \u015fekillendirdi\u011fini, zorlu varolu\u015f m\u00fccadelesinde umudu ve yolunu ayd\u0131nlatan \u0131\u015f\u0131\u011f\u0131 oldu\u011funu vurgulad\u0131. Erh\u00fcrman, \u201cAtat\u00fcrk\u2019\u00fcn yolunda y\u00fcr\u00fcmek konusunda samimiysek, K\u0131br\u0131s T\u00fcrk halk\u0131 olarak bilmeliyiz ki \u00f6n\u00fcm\u00fczde y\u00fcr\u00fcnmesi gereken \u00e7ok uzun bir yol vard\u0131r.\u201d ifadelerini kulland\u0131. Ulu \u00d6nder Mustafa Kemal Atat\u00fcrk\u2019\u00fcn ebediyete\" \/>\n<meta property=\"og:url\" content=\"https:\/\/kibrisdakik.com\/?p=98902\" \/>\n<meta property=\"article:published_time\" content=\"2025-11-10T08:12:19+00:00\" \/>\n<meta property=\"og:image\" content=\"https:\/\/kibrisdakik.com\/wp-content\/uploads\/2025\/11\/mha-sari-beyaz-684.png\" \/>\n\t<meta property=\"og:image:width\" content=\"1280\" \/>\n\t<meta property=\"og:image:height\" content=\"720\" \/>\n\t<meta property=\"og:image:type\" content=\"image\/png\" \/>\n<meta name=\"author\" content=\"admin\" \/>\n<meta name=\"twitter:card\" content=\"summary_large_image\" \/>\n<meta name=\"twitter:label1\" content=\"Yazan:\" \/>\n\t<meta name=\"twitter:data1\" content=\"admin\" \/>\n\t<meta name=\"twitter:label2\" content=\"Tahmini okuma s\u00fcresi\" \/>\n\t<meta name=\"twitter:data2\" content=\"3 dakika\" \/>\n<script type=\"application\/ld+json\" class=\"yoast-schema-graph\">{\"@context\":\"https:\\\/\\\/schema.org\",\"@graph\":[{\"@type\":\"Article\",\"@id\":\"https:\\\/\\\/kibrisdakik.com\\\/?p=98902#article\",\"isPartOf\":{\"@id\":\"https:\\\/\\\/kibrisdakik.com\\\/?p=98902\"},\"author\":{\"name\":\"admin\",\"@id\":\"https:\\\/\\\/kibrisdakik.com\\\/#\\\/schema\\\/person\\\/9cd9d437bbb44f72b73ba127e06d8e79\"},\"headline\":\"ERH\u00dcRMAN: ATAT\u00dcRK\u2019\u00dcN M\u0130RASINA SAH\u0130P \u00c7IKACA\u011eIZ\",\"datePublished\":\"2025-11-10T08:12:19+00:00\",\"mainEntityOfPage\":{\"@id\":\"https:\\\/\\\/kibrisdakik.com\\\/?p=98902\"},\"wordCount\":627,\"commentCount\":0,\"image\":{\"@id\":\"https:\\\/\\\/kibrisdakik.com\\\/?p=98902#primaryimage\"},\"thumbnailUrl\":\"https:\\\/\\\/kibrisdakik.com\\\/wp-content\\\/uploads\\\/2025\\\/11\\\/mha-sari-beyaz-684.png\",\"articleSection\":[\"K\u0131br\u0131s\"],\"inLanguage\":\"tr\",\"potentialAction\":[{\"@type\":\"CommentAction\",\"name\":\"Comment\",\"target\":[\"https:\\\/\\\/kibrisdakik.com\\\/?p=98902#respond\"]}]},{\"@type\":\"WebPage\",\"@id\":\"https:\\\/\\\/kibrisdakik.com\\\/?p=98902\",\"url\":\"https:\\\/\\\/kibrisdakik.com\\\/?p=98902\",\"name\":\"ERH\u00dcRMAN: ATAT\u00dcRK\u2019\u00dcN M\u0130RASINA SAH\u0130P \u00c7IKACA\u011eIZ -\",\"isPartOf\":{\"@id\":\"https:\\\/\\\/kibrisdakik.com\\\/#website\"},\"primaryImageOfPage\":{\"@id\":\"https:\\\/\\\/kibrisdakik.com\\\/?p=98902#primaryimage\"},\"image\":{\"@id\":\"https:\\\/\\\/kibrisdakik.com\\\/?p=98902#primaryimage\"},\"thumbnailUrl\":\"https:\\\/\\\/kibrisdakik.com\\\/wp-content\\\/uploads\\\/2025\\\/11\\\/mha-sari-beyaz-684.png\",\"datePublished\":\"2025-11-10T08:12:19+00:00\",\"author\":{\"@id\":\"https:\\\/\\\/kibrisdakik.com\\\/#\\\/schema\\\/person\\\/9cd9d437bbb44f72b73ba127e06d8e79\"},\"breadcrumb\":{\"@id\":\"https:\\\/\\\/kibrisdakik.com\\\/?p=98902#breadcrumb\"},\"inLanguage\":\"tr\",\"potentialAction\":[{\"@type\":\"ReadAction\",\"target\":[\"https:\\\/\\\/kibrisdakik.com\\\/?p=98902\"]}]},{\"@type\":\"ImageObject\",\"inLanguage\":\"tr\",\"@id\":\"https:\\\/\\\/kibrisdakik.com\\\/?p=98902#primaryimage\",\"url\":\"https:\\\/\\\/kibrisdakik.com\\\/wp-content\\\/uploads\\\/2025\\\/11\\\/mha-sari-beyaz-684.png\",\"contentUrl\":\"https:\\\/\\\/kibrisdakik.com\\\/wp-content\\\/uploads\\\/2025\\\/11\\\/mha-sari-beyaz-684.png\",\"width\":1280,\"height\":720},{\"@type\":\"BreadcrumbList\",\"@id\":\"https:\\\/\\\/kibrisdakik.com\\\/?p=98902#breadcrumb\",\"itemListElement\":[{\"@type\":\"ListItem\",\"position\":1,\"name\":\"Home\",\"item\":\"https:\\\/\\\/kibrisdakik.com\\\/\"},{\"@type\":\"ListItem\",\"position\":2,\"name\":\"ERH\u00dcRMAN: ATAT\u00dcRK\u2019\u00dcN M\u0130RASINA SAH\u0130P \u00c7IKACA\u011eIZ\"}]},{\"@type\":\"WebSite\",\"@id\":\"https:\\\/\\\/kibrisdakik.com\\\/#website\",\"url\":\"https:\\\/\\\/kibrisdakik.com\\\/\",\"name\":\"\",\"description\":\"Tam vaktinde haber\",\"potentialAction\":[{\"@type\":\"SearchAction\",\"target\":{\"@type\":\"EntryPoint\",\"urlTemplate\":\"https:\\\/\\\/kibrisdakik.com\\\/?s={search_term_string}\"},\"query-input\":{\"@type\":\"PropertyValueSpecification\",\"valueRequired\":true,\"valueName\":\"search_term_string\"}}],\"inLanguage\":\"tr\"},{\"@type\":\"Person\",\"@id\":\"https:\\\/\\\/kibrisdakik.com\\\/#\\\/schema\\\/person\\\/9cd9d437bbb44f72b73ba127e06d8e79\",\"name\":\"admin\",\"image\":{\"@type\":\"ImageObject\",\"inLanguage\":\"tr\",\"@id\":\"https:\\\/\\\/secure.gravatar.com\\\/avatar\\\/ccc17943b9d660506c869530f897617f7cb1c21a4bf30023f252596d83e1f007?s=96&d=mm&r=g\",\"url\":\"https:\\\/\\\/secure.gravatar.com\\\/avatar\\\/ccc17943b9d660506c869530f897617f7cb1c21a4bf30023f252596d83e1f007?s=96&d=mm&r=g\",\"contentUrl\":\"https:\\\/\\\/secure.gravatar.com\\\/avatar\\\/ccc17943b9d660506c869530f897617f7cb1c21a4bf30023f252596d83e1f007?s=96&d=mm&r=g\",\"caption\":\"admin\"},\"sameAs\":[\"https:\\\/\\\/kibrisdakik.com\"],\"url\":\"https:\\\/\\\/kibrisdakik.com\\\/?author=1\"}]}<\/script>\n<!-- \/ Yoast SEO plugin. -->","yoast_head_json":{"title":"ERH\u00dcRMAN: ATAT\u00dcRK\u2019\u00dcN M\u0130RASINA SAH\u0130P \u00c7IKACA\u011eIZ -","robots":{"index":"index","follow":"follow","max-snippet":"max-snippet:-1","max-image-preview":"max-image-preview:large","max-video-preview":"max-video-preview:-1"},"canonical":"https:\/\/kibrisdakik.com\/?p=98902","og_locale":"tr_TR","og_type":"article","og_title":"ERH\u00dcRMAN: ATAT\u00dcRK\u2019\u00dcN M\u0130RASINA SAH\u0130P \u00c7IKACA\u011eIZ -","og_description":"Cumhurba\u015fkan\u0131 Tufan Erh\u00fcrman, Atat\u00fcrk sevgisi ve onun d\u00fc\u015f\u00fcnce, de\u011fer ve ideallerine ba\u011fl\u0131l\u0131\u011f\u0131n K\u0131br\u0131s T\u00fcrk halk\u0131n\u0131n karakterini \u015fekillendirdi\u011fini, zorlu varolu\u015f m\u00fccadelesinde umudu ve yolunu ayd\u0131nlatan \u0131\u015f\u0131\u011f\u0131 oldu\u011funu vurgulad\u0131. Erh\u00fcrman, \u201cAtat\u00fcrk\u2019\u00fcn yolunda y\u00fcr\u00fcmek konusunda samimiysek, K\u0131br\u0131s T\u00fcrk halk\u0131 olarak bilmeliyiz ki \u00f6n\u00fcm\u00fczde y\u00fcr\u00fcnmesi gereken \u00e7ok uzun bir yol vard\u0131r.\u201d ifadelerini kulland\u0131. Ulu \u00d6nder Mustafa Kemal Atat\u00fcrk\u2019\u00fcn ebediyete","og_url":"https:\/\/kibrisdakik.com\/?p=98902","article_published_time":"2025-11-10T08:12:19+00:00","og_image":[{"width":1280,"height":720,"url":"https:\/\/kibrisdakik.com\/wp-content\/uploads\/2025\/11\/mha-sari-beyaz-684.png","type":"image\/png"}],"author":"admin","twitter_card":"summary_large_image","twitter_misc":{"Yazan:":"admin","Tahmini okuma s\u00fcresi":"3 dakika"},"schema":{"@context":"https:\/\/schema.org","@graph":[{"@type":"Article","@id":"https:\/\/kibrisdakik.com\/?p=98902#article","isPartOf":{"@id":"https:\/\/kibrisdakik.com\/?p=98902"},"author":{"name":"admin","@id":"https:\/\/kibrisdakik.com\/#\/schema\/person\/9cd9d437bbb44f72b73ba127e06d8e79"},"headline":"ERH\u00dcRMAN: ATAT\u00dcRK\u2019\u00dcN M\u0130RASINA SAH\u0130P \u00c7IKACA\u011eIZ","datePublished":"2025-11-10T08:12:19+00:00","mainEntityOfPage":{"@id":"https:\/\/kibrisdakik.com\/?p=98902"},"wordCount":627,"commentCount":0,"image":{"@id":"https:\/\/kibrisdakik.com\/?p=98902#primaryimage"},"thumbnailUrl":"https:\/\/kibrisdakik.com\/wp-content\/uploads\/2025\/11\/mha-sari-beyaz-684.png","articleSection":["K\u0131br\u0131s"],"inLanguage":"tr","potentialAction":[{"@type":"CommentAction","name":"Comment","target":["https:\/\/kibrisdakik.com\/?p=98902#respond"]}]},{"@type":"WebPage","@id":"https:\/\/kibrisdakik.com\/?p=98902","url":"https:\/\/kibrisdakik.com\/?p=98902","name":"ERH\u00dcRMAN: ATAT\u00dcRK\u2019\u00dcN M\u0130RASINA SAH\u0130P \u00c7IKACA\u011eIZ -","isPartOf":{"@id":"https:\/\/kibrisdakik.com\/#website"},"primaryImageOfPage":{"@id":"https:\/\/kibrisdakik.com\/?p=98902#primaryimage"},"image":{"@id":"https:\/\/kibrisdakik.com\/?p=98902#primaryimage"},"thumbnailUrl":"https:\/\/kibrisdakik.com\/wp-content\/uploads\/2025\/11\/mha-sari-beyaz-684.png","datePublished":"2025-11-10T08:12:19+00:00","author":{"@id":"https:\/\/kibrisdakik.com\/#\/schema\/person\/9cd9d437bbb44f72b73ba127e06d8e79"},"breadcrumb":{"@id":"https:\/\/kibrisdakik.com\/?p=98902#breadcrumb"},"inLanguage":"tr","potentialAction":[{"@type":"ReadAction","target":["https:\/\/kibrisdakik.com\/?p=98902"]}]},{"@type":"ImageObject","inLanguage":"tr","@id":"https:\/\/kibrisdakik.com\/?p=98902#primaryimage","url":"https:\/\/kibrisdakik.com\/wp-content\/uploads\/2025\/11\/mha-sari-beyaz-684.png","contentUrl":"https:\/\/kibrisdakik.com\/wp-content\/uploads\/2025\/11\/mha-sari-beyaz-684.png","width":1280,"height":720},{"@type":"BreadcrumbList","@id":"https:\/\/kibrisdakik.com\/?p=98902#breadcrumb","itemListElement":[{"@type":"ListItem","position":1,"name":"Home","item":"https:\/\/kibrisdakik.com\/"},{"@type":"ListItem","position":2,"name":"ERH\u00dcRMAN: ATAT\u00dcRK\u2019\u00dcN M\u0130RASINA SAH\u0130P \u00c7IKACA\u011eIZ"}]},{"@type":"WebSite","@id":"https:\/\/kibrisdakik.com\/#website","url":"https:\/\/kibrisdakik.com\/","name":"","description":"Tam vaktinde haber","potentialAction":[{"@type":"SearchAction","target":{"@type":"EntryPoint","urlTemplate":"https:\/\/kibrisdakik.com\/?s={search_term_string}"},"query-input":{"@type":"PropertyValueSpecification","valueRequired":true,"valueName":"search_term_string"}}],"inLanguage":"tr"},{"@type":"Person","@id":"https:\/\/kibrisdakik.com\/#\/schema\/person\/9cd9d437bbb44f72b73ba127e06d8e79","name":"admin","image":{"@type":"ImageObject","inLanguage":"tr","@id":"https:\/\/secure.gravatar.com\/avatar\/ccc17943b9d660506c869530f897617f7cb1c21a4bf30023f252596d83e1f007?s=96&d=mm&r=g","url":"https:\/\/secure.gravatar.com\/avatar\/ccc17943b9d660506c869530f897617f7cb1c21a4bf30023f252596d83e1f007?s=96&d=mm&r=g","contentUrl":"https:\/\/secure.gravatar.com\/avatar\/ccc17943b9d660506c869530f897617f7cb1c21a4bf30023f252596d83e1f007?s=96&d=mm&r=g","caption":"admin"},"sameAs":["https:\/\/kibrisdakik.com"],"url":"https:\/\/kibrisdakik.com\/?author=1"}]}},"_links":{"self":[{"href":"https:\/\/kibrisdakik.com\/index.php?rest_route=\/wp\/v2\/posts\/98902","targetHints":{"allow":["GET"]}}],"collection":[{"href":"https:\/\/kibrisdakik.com\/index.php?rest_route=\/wp\/v2\/posts"}],"about":[{"href":"https:\/\/kibrisdakik.com\/index.php?rest_route=\/wp\/v2\/types\/post"}],"author":[{"embeddable":true,"href":"https:\/\/kibrisdakik.com\/index.php?rest_route=\/wp\/v2\/users\/1"}],"replies":[{"embeddable":true,"href":"https:\/\/kibrisdakik.com\/index.php?rest_route=%2Fwp%2Fv2%2Fcomments&post=98902"}],"version-history":[{"count":0,"href":"https:\/\/kibrisdakik.com\/index.php?rest_route=\/wp\/v2\/posts\/98902\/revisions"}],"wp:featuredmedia":[{"embeddable":true,"href":"https:\/\/kibrisdakik.com\/index.php?rest_route=\/wp\/v2\/media\/98903"}],"wp:attachment":[{"href":"https:\/\/kibrisdakik.com\/index.php?rest_route=%2Fwp%2Fv2%2Fmedia&parent=98902"}],"wp:term":[{"taxonomy":"category","embeddable":true,"href":"https:\/\/kibrisdakik.com\/index.php?rest_route=%2Fwp%2Fv2%2Fcategories&post=98902"},{"taxonomy":"post_tag","embeddable":true,"href":"https:\/\/kibrisdakik.com\/index.php?rest_route=%2Fwp%2Fv2%2Ftags&post=98902"}],"curies":[{"name":"wp","href":"https:\/\/api.w.org\/{rel}","templated":true}]}}