{"id":98987,"date":"2025-11-10T17:11:28","date_gmt":"2025-11-10T15:11:28","guid":{"rendered":"https:\/\/kibrisdakik.com\/index.php\/2025\/11\/10\/gazimagusada-10-kasim-nedeniyle-toren-duzenlendi\/"},"modified":"2025-11-10T17:11:28","modified_gmt":"2025-11-10T15:11:28","slug":"gazimagusada-10-kasim-nedeniyle-toren-duzenlendi","status":"publish","type":"post","link":"https:\/\/kibrisdakik.com\/?p=98987","title":{"rendered":"GAZ\u0130MA\u011eUSA\u2019DA 10 KASIM NEDEN\u0130YLE T\u00d6REN D\u00dcZENLEND\u0130"},"content":{"rendered":"<p><\/p>\n<div data-text-id=\"189089\" property=\"articleBody\">\n<p>Ulu \u00d6nder Mustafa Kemal Atat\u00fcrk, aram\u0131zdan ayr\u0131l\u0131\u015f\u0131n\u0131n 87\u2019nci y\u0131l d\u00f6n\u00fcm\u00fcnde Gazima\u011fusa\u2019da d\u00fczenlenen t\u00f6renle an\u0131ld\u0131.<br \/>&#13;<br \/>\nZafer An\u0131t\u0131 \u00f6n\u00fcnde ger\u00e7ekle\u015ftirilen t\u00f6rende, sayg\u0131 duru\u015fu ve \u0130stiklal Mar\u015f\u0131\u2019n\u0131n ard\u0131ndan g\u00fcn\u00fcn anlam ve \u00f6nemini belirten konu\u015fmay\u0131 Do\u011fu Akdeniz Do\u011fa Koleji \u00f6\u011fretmeni <strong>Sabah Houkan<\/strong> yapt\u0131.<img loading=\"lazy\" decoding=\"async\" height=\"431\" src=\"https:\/\/mhahabercom.teimg.com\/mhahaber-com\/uploads\/2025\/11\/17-133.png\" width=\"706\"\/><\/p>\n<p>Houkan konu\u015fmas\u0131nda, Atat\u00fcrk\u2019\u00fcn \u00fclkenin kaderini de\u011fi\u015ftiren, milletiyle birlikte k\u00fcllerinden yeniden bir devlet kuran b\u00fcy\u00fck bir lider oldu\u011funu vurgulad\u0131.<img loading=\"lazy\" decoding=\"async\" height=\"431\" src=\"https:\/\/mhahabercom.teimg.com\/mhahaber-com\/uploads\/2025\/11\/16-137.png\" width=\"706\"\/><\/p>\n<p>10 Kas\u0131mlar\u0131n yaln\u0131zca bir yas g\u00fcn\u00fc de\u011fil, Atat\u00fcrk\u2019\u00fcn T\u00fcrk ulusuna b\u0131rakt\u0131\u011f\u0131 \u201cba\u011f\u0131ms\u0131zl\u0131k, \u00e7a\u011fda\u015fl\u0131k, bilim ve ilerleme\u201d miras\u0131n\u0131 hat\u0131rlama g\u00fcn\u00fc oldu\u011funu ifade etti.<img loading=\"lazy\" decoding=\"async\" height=\"431\" src=\"https:\/\/mhahabercom.teimg.com\/mhahaber-com\/uploads\/2025\/11\/8-281.png\" width=\"706\"\/><\/p>\n<p>T\u00f6rende, ayn\u0131 okul \u00f6\u011frencilerinden <strong>Demir Do\u011fan<\/strong> \u201cAtam Sonsuza Dek\u201d adl\u0131 \u015fiiri seslendirdi.<img loading=\"lazy\" decoding=\"async\" height=\"431\" src=\"https:\/\/mhahabercom.teimg.com\/mhahaber-com\/uploads\/2025\/11\/18-144.png\" width=\"706\"\/><\/p>\n<p>Ard\u0131ndan <strong>K\u0131br\u0131s T\u00fcrk Bar\u0131\u015f Kuvvetleri Komutanl\u0131\u011f\u0131\u2019ndan Piyade \u00dcste\u011fmen Mehmet Y\u0131ld\u0131z<\/strong>, Atat\u00fcrk\u2019\u00fcn milli m\u00fccadelede birli\u011fi sa\u011flayan e\u015fsiz bir lider, muharebe meydanlar\u0131nda efsanevi bir komutan, devlet kurucusu ve b\u00fcy\u00fck bir ink\u0131lap\u00e7\u0131 oldu\u011funu belirterek, \u201cAtat\u00fcrk, tarihin g\u00f6rd\u00fc\u011f\u00fc en b\u00fcy\u00fck devlet adam\u0131d\u0131r\u201d dedi.<img loading=\"lazy\" decoding=\"async\" height=\"431\" src=\"https:\/\/mhahabercom.teimg.com\/mhahaber-com\/uploads\/2025\/11\/10-222.png\" width=\"706\"\/><\/p>\n<p>Gazima\u011fusa\u2019daki t\u00f6ren, \u00f6\u011frencilerin Atat\u00fcrk An\u0131t\u0131\u2019na \u00e7i\u00e7ek sunmas\u0131yla sona erdi.<strong>(MHA)<\/strong><img loading=\"lazy\" decoding=\"async\" height=\"431\" src=\"https:\/\/mhahabercom.teimg.com\/mhahaber-com\/uploads\/2025\/11\/9-256.png\" width=\"706\"\/><\/p>\n<\/p><\/div>\n","protected":false},"excerpt":{"rendered":"<p>Ulu \u00d6nder Mustafa Kemal Atat\u00fcrk, aram\u0131zdan ayr\u0131l\u0131\u015f\u0131n\u0131n 87\u2019nci y\u0131l d\u00f6n\u00fcm\u00fcnde Gazima\u011fusa\u2019da d\u00fczenlenen t\u00f6renle an\u0131ld\u0131.&#13; Zafer An\u0131t\u0131 \u00f6n\u00fcnde ger\u00e7ekle\u015ftirilen t\u00f6rende, sayg\u0131 duru\u015fu ve \u0130stiklal Mar\u015f\u0131\u2019n\u0131n ard\u0131ndan g\u00fcn\u00fcn anlam ve \u00f6nemini belirten konu\u015fmay\u0131 Do\u011fu Akdeniz Do\u011fa Koleji \u00f6\u011fretmeni Sabah Houkan yapt\u0131. Houkan konu\u015fmas\u0131nda, Atat\u00fcrk\u2019\u00fcn \u00fclkenin kaderini de\u011fi\u015ftiren, milletiyle birlikte k\u00fcllerinden yeniden bir devlet kuran b\u00fcy\u00fck bir lider<\/p>\n","protected":false},"author":1,"featured_media":98988,"comment_status":"open","ping_status":"open","sticky":false,"template":"","format":"standard","meta":{"footnotes":""},"categories":[81],"tags":[],"class_list":["post-98987","post","type-post","status-publish","format-standard","has-post-thumbnail","hentry","category-kibris"],"yoast_head":"<!-- This site is optimized with the Yoast SEO plugin v27.4 - https:\/\/yoast.com\/product\/yoast-seo-wordpress\/ -->\n<title>GAZ\u0130MA\u011eUSA\u2019DA 10 KASIM NEDEN\u0130YLE T\u00d6REN D\u00dcZENLEND\u0130 -<\/title>\n<meta name=\"robots\" content=\"index, follow, max-snippet:-1, max-image-preview:large, max-video-preview:-1\" \/>\n<link rel=\"canonical\" href=\"https:\/\/kibrisdakik.com\/?p=98987\" \/>\n<meta property=\"og:locale\" content=\"tr_TR\" \/>\n<meta property=\"og:type\" content=\"article\" \/>\n<meta property=\"og:title\" content=\"GAZ\u0130MA\u011eUSA\u2019DA 10 KASIM NEDEN\u0130YLE T\u00d6REN D\u00dcZENLEND\u0130 -\" \/>\n<meta property=\"og:description\" content=\"Ulu \u00d6nder Mustafa Kemal Atat\u00fcrk, aram\u0131zdan ayr\u0131l\u0131\u015f\u0131n\u0131n 87\u2019nci y\u0131l d\u00f6n\u00fcm\u00fcnde Gazima\u011fusa\u2019da d\u00fczenlenen t\u00f6renle an\u0131ld\u0131.&#013; Zafer An\u0131t\u0131 \u00f6n\u00fcnde ger\u00e7ekle\u015ftirilen t\u00f6rende, sayg\u0131 duru\u015fu ve \u0130stiklal Mar\u015f\u0131\u2019n\u0131n ard\u0131ndan g\u00fcn\u00fcn anlam ve \u00f6nemini belirten konu\u015fmay\u0131 Do\u011fu Akdeniz Do\u011fa Koleji \u00f6\u011fretmeni Sabah Houkan yapt\u0131. Houkan konu\u015fmas\u0131nda, Atat\u00fcrk\u2019\u00fcn \u00fclkenin kaderini de\u011fi\u015ftiren, milletiyle birlikte k\u00fcllerinden yeniden bir devlet kuran b\u00fcy\u00fck bir lider\" \/>\n<meta property=\"og:url\" content=\"https:\/\/kibrisdakik.com\/?p=98987\" \/>\n<meta property=\"article:published_time\" content=\"2025-11-10T15:11:28+00:00\" \/>\n<meta property=\"og:image\" content=\"https:\/\/kibrisdakik.com\/wp-content\/uploads\/2025\/11\/mha-sari-beyaz-706.png\" \/>\n\t<meta property=\"og:image:width\" content=\"1280\" \/>\n\t<meta property=\"og:image:height\" content=\"720\" \/>\n\t<meta property=\"og:image:type\" content=\"image\/png\" \/>\n<meta name=\"author\" content=\"admin\" \/>\n<meta name=\"twitter:card\" content=\"summary_large_image\" \/>\n<meta name=\"twitter:label1\" content=\"Yazan:\" \/>\n\t<meta name=\"twitter:data1\" content=\"admin\" \/>\n\t<meta name=\"twitter:label2\" content=\"Tahmini okuma s\u00fcresi\" \/>\n\t<meta name=\"twitter:data2\" content=\"1 dakika\" \/>\n<script type=\"application\/ld+json\" class=\"yoast-schema-graph\">{\"@context\":\"https:\\\/\\\/schema.org\",\"@graph\":[{\"@type\":\"Article\",\"@id\":\"https:\\\/\\\/kibrisdakik.com\\\/?p=98987#article\",\"isPartOf\":{\"@id\":\"https:\\\/\\\/kibrisdakik.com\\\/?p=98987\"},\"author\":{\"name\":\"admin\",\"@id\":\"https:\\\/\\\/kibrisdakik.com\\\/#\\\/schema\\\/person\\\/9cd9d437bbb44f72b73ba127e06d8e79\"},\"headline\":\"GAZ\u0130MA\u011eUSA\u2019DA 10 KASIM NEDEN\u0130YLE T\u00d6REN D\u00dcZENLEND\u0130\",\"datePublished\":\"2025-11-10T15:11:28+00:00\",\"mainEntityOfPage\":{\"@id\":\"https:\\\/\\\/kibrisdakik.com\\\/?p=98987\"},\"wordCount\":242,\"commentCount\":0,\"image\":{\"@id\":\"https:\\\/\\\/kibrisdakik.com\\\/?p=98987#primaryimage\"},\"thumbnailUrl\":\"https:\\\/\\\/kibrisdakik.com\\\/wp-content\\\/uploads\\\/2025\\\/11\\\/mha-sari-beyaz-706.png\",\"articleSection\":[\"K\u0131br\u0131s\"],\"inLanguage\":\"tr\",\"potentialAction\":[{\"@type\":\"CommentAction\",\"name\":\"Comment\",\"target\":[\"https:\\\/\\\/kibrisdakik.com\\\/?p=98987#respond\"]}]},{\"@type\":\"WebPage\",\"@id\":\"https:\\\/\\\/kibrisdakik.com\\\/?p=98987\",\"url\":\"https:\\\/\\\/kibrisdakik.com\\\/?p=98987\",\"name\":\"GAZ\u0130MA\u011eUSA\u2019DA 10 KASIM NEDEN\u0130YLE T\u00d6REN D\u00dcZENLEND\u0130 -\",\"isPartOf\":{\"@id\":\"https:\\\/\\\/kibrisdakik.com\\\/#website\"},\"primaryImageOfPage\":{\"@id\":\"https:\\\/\\\/kibrisdakik.com\\\/?p=98987#primaryimage\"},\"image\":{\"@id\":\"https:\\\/\\\/kibrisdakik.com\\\/?p=98987#primaryimage\"},\"thumbnailUrl\":\"https:\\\/\\\/kibrisdakik.com\\\/wp-content\\\/uploads\\\/2025\\\/11\\\/mha-sari-beyaz-706.png\",\"datePublished\":\"2025-11-10T15:11:28+00:00\",\"author\":{\"@id\":\"https:\\\/\\\/kibrisdakik.com\\\/#\\\/schema\\\/person\\\/9cd9d437bbb44f72b73ba127e06d8e79\"},\"breadcrumb\":{\"@id\":\"https:\\\/\\\/kibrisdakik.com\\\/?p=98987#breadcrumb\"},\"inLanguage\":\"tr\",\"potentialAction\":[{\"@type\":\"ReadAction\",\"target\":[\"https:\\\/\\\/kibrisdakik.com\\\/?p=98987\"]}]},{\"@type\":\"ImageObject\",\"inLanguage\":\"tr\",\"@id\":\"https:\\\/\\\/kibrisdakik.com\\\/?p=98987#primaryimage\",\"url\":\"https:\\\/\\\/kibrisdakik.com\\\/wp-content\\\/uploads\\\/2025\\\/11\\\/mha-sari-beyaz-706.png\",\"contentUrl\":\"https:\\\/\\\/kibrisdakik.com\\\/wp-content\\\/uploads\\\/2025\\\/11\\\/mha-sari-beyaz-706.png\",\"width\":1280,\"height\":720},{\"@type\":\"BreadcrumbList\",\"@id\":\"https:\\\/\\\/kibrisdakik.com\\\/?p=98987#breadcrumb\",\"itemListElement\":[{\"@type\":\"ListItem\",\"position\":1,\"name\":\"Home\",\"item\":\"https:\\\/\\\/kibrisdakik.com\\\/\"},{\"@type\":\"ListItem\",\"position\":2,\"name\":\"GAZ\u0130MA\u011eUSA\u2019DA 10 KASIM NEDEN\u0130YLE T\u00d6REN D\u00dcZENLEND\u0130\"}]},{\"@type\":\"WebSite\",\"@id\":\"https:\\\/\\\/kibrisdakik.com\\\/#website\",\"url\":\"https:\\\/\\\/kibrisdakik.com\\\/\",\"name\":\"\",\"description\":\"Tam vaktinde haber\",\"potentialAction\":[{\"@type\":\"SearchAction\",\"target\":{\"@type\":\"EntryPoint\",\"urlTemplate\":\"https:\\\/\\\/kibrisdakik.com\\\/?s={search_term_string}\"},\"query-input\":{\"@type\":\"PropertyValueSpecification\",\"valueRequired\":true,\"valueName\":\"search_term_string\"}}],\"inLanguage\":\"tr\"},{\"@type\":\"Person\",\"@id\":\"https:\\\/\\\/kibrisdakik.com\\\/#\\\/schema\\\/person\\\/9cd9d437bbb44f72b73ba127e06d8e79\",\"name\":\"admin\",\"image\":{\"@type\":\"ImageObject\",\"inLanguage\":\"tr\",\"@id\":\"https:\\\/\\\/secure.gravatar.com\\\/avatar\\\/ccc17943b9d660506c869530f897617f7cb1c21a4bf30023f252596d83e1f007?s=96&d=mm&r=g\",\"url\":\"https:\\\/\\\/secure.gravatar.com\\\/avatar\\\/ccc17943b9d660506c869530f897617f7cb1c21a4bf30023f252596d83e1f007?s=96&d=mm&r=g\",\"contentUrl\":\"https:\\\/\\\/secure.gravatar.com\\\/avatar\\\/ccc17943b9d660506c869530f897617f7cb1c21a4bf30023f252596d83e1f007?s=96&d=mm&r=g\",\"caption\":\"admin\"},\"sameAs\":[\"https:\\\/\\\/kibrisdakik.com\"],\"url\":\"https:\\\/\\\/kibrisdakik.com\\\/?author=1\"}]}<\/script>\n<!-- \/ Yoast SEO plugin. -->","yoast_head_json":{"title":"GAZ\u0130MA\u011eUSA\u2019DA 10 KASIM NEDEN\u0130YLE T\u00d6REN D\u00dcZENLEND\u0130 -","robots":{"index":"index","follow":"follow","max-snippet":"max-snippet:-1","max-image-preview":"max-image-preview:large","max-video-preview":"max-video-preview:-1"},"canonical":"https:\/\/kibrisdakik.com\/?p=98987","og_locale":"tr_TR","og_type":"article","og_title":"GAZ\u0130MA\u011eUSA\u2019DA 10 KASIM NEDEN\u0130YLE T\u00d6REN D\u00dcZENLEND\u0130 -","og_description":"Ulu \u00d6nder Mustafa Kemal Atat\u00fcrk, aram\u0131zdan ayr\u0131l\u0131\u015f\u0131n\u0131n 87\u2019nci y\u0131l d\u00f6n\u00fcm\u00fcnde Gazima\u011fusa\u2019da d\u00fczenlenen t\u00f6renle an\u0131ld\u0131.&#13; Zafer An\u0131t\u0131 \u00f6n\u00fcnde ger\u00e7ekle\u015ftirilen t\u00f6rende, sayg\u0131 duru\u015fu ve \u0130stiklal Mar\u015f\u0131\u2019n\u0131n ard\u0131ndan g\u00fcn\u00fcn anlam ve \u00f6nemini belirten konu\u015fmay\u0131 Do\u011fu Akdeniz Do\u011fa Koleji \u00f6\u011fretmeni Sabah Houkan yapt\u0131. Houkan konu\u015fmas\u0131nda, Atat\u00fcrk\u2019\u00fcn \u00fclkenin kaderini de\u011fi\u015ftiren, milletiyle birlikte k\u00fcllerinden yeniden bir devlet kuran b\u00fcy\u00fck bir lider","og_url":"https:\/\/kibrisdakik.com\/?p=98987","article_published_time":"2025-11-10T15:11:28+00:00","og_image":[{"width":1280,"height":720,"url":"https:\/\/kibrisdakik.com\/wp-content\/uploads\/2025\/11\/mha-sari-beyaz-706.png","type":"image\/png"}],"author":"admin","twitter_card":"summary_large_image","twitter_misc":{"Yazan:":"admin","Tahmini okuma s\u00fcresi":"1 dakika"},"schema":{"@context":"https:\/\/schema.org","@graph":[{"@type":"Article","@id":"https:\/\/kibrisdakik.com\/?p=98987#article","isPartOf":{"@id":"https:\/\/kibrisdakik.com\/?p=98987"},"author":{"name":"admin","@id":"https:\/\/kibrisdakik.com\/#\/schema\/person\/9cd9d437bbb44f72b73ba127e06d8e79"},"headline":"GAZ\u0130MA\u011eUSA\u2019DA 10 KASIM NEDEN\u0130YLE T\u00d6REN D\u00dcZENLEND\u0130","datePublished":"2025-11-10T15:11:28+00:00","mainEntityOfPage":{"@id":"https:\/\/kibrisdakik.com\/?p=98987"},"wordCount":242,"commentCount":0,"image":{"@id":"https:\/\/kibrisdakik.com\/?p=98987#primaryimage"},"thumbnailUrl":"https:\/\/kibrisdakik.com\/wp-content\/uploads\/2025\/11\/mha-sari-beyaz-706.png","articleSection":["K\u0131br\u0131s"],"inLanguage":"tr","potentialAction":[{"@type":"CommentAction","name":"Comment","target":["https:\/\/kibrisdakik.com\/?p=98987#respond"]}]},{"@type":"WebPage","@id":"https:\/\/kibrisdakik.com\/?p=98987","url":"https:\/\/kibrisdakik.com\/?p=98987","name":"GAZ\u0130MA\u011eUSA\u2019DA 10 KASIM NEDEN\u0130YLE T\u00d6REN D\u00dcZENLEND\u0130 -","isPartOf":{"@id":"https:\/\/kibrisdakik.com\/#website"},"primaryImageOfPage":{"@id":"https:\/\/kibrisdakik.com\/?p=98987#primaryimage"},"image":{"@id":"https:\/\/kibrisdakik.com\/?p=98987#primaryimage"},"thumbnailUrl":"https:\/\/kibrisdakik.com\/wp-content\/uploads\/2025\/11\/mha-sari-beyaz-706.png","datePublished":"2025-11-10T15:11:28+00:00","author":{"@id":"https:\/\/kibrisdakik.com\/#\/schema\/person\/9cd9d437bbb44f72b73ba127e06d8e79"},"breadcrumb":{"@id":"https:\/\/kibrisdakik.com\/?p=98987#breadcrumb"},"inLanguage":"tr","potentialAction":[{"@type":"ReadAction","target":["https:\/\/kibrisdakik.com\/?p=98987"]}]},{"@type":"ImageObject","inLanguage":"tr","@id":"https:\/\/kibrisdakik.com\/?p=98987#primaryimage","url":"https:\/\/kibrisdakik.com\/wp-content\/uploads\/2025\/11\/mha-sari-beyaz-706.png","contentUrl":"https:\/\/kibrisdakik.com\/wp-content\/uploads\/2025\/11\/mha-sari-beyaz-706.png","width":1280,"height":720},{"@type":"BreadcrumbList","@id":"https:\/\/kibrisdakik.com\/?p=98987#breadcrumb","itemListElement":[{"@type":"ListItem","position":1,"name":"Home","item":"https:\/\/kibrisdakik.com\/"},{"@type":"ListItem","position":2,"name":"GAZ\u0130MA\u011eUSA\u2019DA 10 KASIM NEDEN\u0130YLE T\u00d6REN D\u00dcZENLEND\u0130"}]},{"@type":"WebSite","@id":"https:\/\/kibrisdakik.com\/#website","url":"https:\/\/kibrisdakik.com\/","name":"","description":"Tam vaktinde haber","potentialAction":[{"@type":"SearchAction","target":{"@type":"EntryPoint","urlTemplate":"https:\/\/kibrisdakik.com\/?s={search_term_string}"},"query-input":{"@type":"PropertyValueSpecification","valueRequired":true,"valueName":"search_term_string"}}],"inLanguage":"tr"},{"@type":"Person","@id":"https:\/\/kibrisdakik.com\/#\/schema\/person\/9cd9d437bbb44f72b73ba127e06d8e79","name":"admin","image":{"@type":"ImageObject","inLanguage":"tr","@id":"https:\/\/secure.gravatar.com\/avatar\/ccc17943b9d660506c869530f897617f7cb1c21a4bf30023f252596d83e1f007?s=96&d=mm&r=g","url":"https:\/\/secure.gravatar.com\/avatar\/ccc17943b9d660506c869530f897617f7cb1c21a4bf30023f252596d83e1f007?s=96&d=mm&r=g","contentUrl":"https:\/\/secure.gravatar.com\/avatar\/ccc17943b9d660506c869530f897617f7cb1c21a4bf30023f252596d83e1f007?s=96&d=mm&r=g","caption":"admin"},"sameAs":["https:\/\/kibrisdakik.com"],"url":"https:\/\/kibrisdakik.com\/?author=1"}]}},"_links":{"self":[{"href":"https:\/\/kibrisdakik.com\/index.php?rest_route=\/wp\/v2\/posts\/98987","targetHints":{"allow":["GET"]}}],"collection":[{"href":"https:\/\/kibrisdakik.com\/index.php?rest_route=\/wp\/v2\/posts"}],"about":[{"href":"https:\/\/kibrisdakik.com\/index.php?rest_route=\/wp\/v2\/types\/post"}],"author":[{"embeddable":true,"href":"https:\/\/kibrisdakik.com\/index.php?rest_route=\/wp\/v2\/users\/1"}],"replies":[{"embeddable":true,"href":"https:\/\/kibrisdakik.com\/index.php?rest_route=%2Fwp%2Fv2%2Fcomments&post=98987"}],"version-history":[{"count":0,"href":"https:\/\/kibrisdakik.com\/index.php?rest_route=\/wp\/v2\/posts\/98987\/revisions"}],"wp:featuredmedia":[{"embeddable":true,"href":"https:\/\/kibrisdakik.com\/index.php?rest_route=\/wp\/v2\/media\/98988"}],"wp:attachment":[{"href":"https:\/\/kibrisdakik.com\/index.php?rest_route=%2Fwp%2Fv2%2Fmedia&parent=98987"}],"wp:term":[{"taxonomy":"category","embeddable":true,"href":"https:\/\/kibrisdakik.com\/index.php?rest_route=%2Fwp%2Fv2%2Fcategories&post=98987"},{"taxonomy":"post_tag","embeddable":true,"href":"https:\/\/kibrisdakik.com\/index.php?rest_route=%2Fwp%2Fv2%2Ftags&post=98987"}],"curies":[{"name":"wp","href":"https:\/\/api.w.org\/{rel}","templated":true}]}}