{"id":9901,"date":"2023-07-06T07:34:32","date_gmt":"2023-07-06T07:34:32","guid":{"rendered":"https:\/\/kibrisdakik.com\/index.php\/2023\/07\/06\/tatarpolis-teskilatimizin-ilerleyen-donemde-kapasitesi-cok-daha-ileri-noktalara-ulasacaktir\/"},"modified":"2023-07-06T07:34:32","modified_gmt":"2023-07-06T07:34:32","slug":"tatarpolis-teskilatimizin-ilerleyen-donemde-kapasitesi-cok-daha-ileri-noktalara-ulasacaktir","status":"publish","type":"post","link":"https:\/\/kibrisdakik.com\/?p=9901","title":{"rendered":"Tatar:Polis te\u015fkilat\u0131m\u0131z\u0131n ilerleyen d\u00f6nemde kapasitesi \u00e7ok daha ileri noktalara ula\u015facakt\u0131r"},"content":{"rendered":"<p><\/p>\n<div>\n<div class=\"mariselle-image-container center\">\n                <img width=\"1080\" height=\"567\" class=\"lazy-image\" alt=\"\" decoding=\"async\" loading=\"lazy\" sizes=\"auto, (max-width: 1080px) 100vw, 1080px\" src=\"https:\/\/brtk.net\/wp-content\/uploads\/2023\/07\/06\/Screenshot_20230706_103456_Twitter.jpg?ver=29ab393eff151bb704abe695913bd335\" srcset=\"https:\/\/brtk.net\/wp-content\/uploads\/2023\/07\/06\/Screenshot_20230706_103456_Twitter.jpg?ver=29ab393eff151bb704abe695913bd335 1080w, https:\/\/brtk.net\/wp-content\/uploads\/2023\/07\/06\/Screenshot_20230706_103456_Twitter-300x158.jpg?ver=29ab393eff151bb704abe695913bd335 300w, https:\/\/brtk.net\/wp-content\/uploads\/2023\/07\/06\/Screenshot_20230706_103456_Twitter-1024x538.jpg?ver=29ab393eff151bb704abe695913bd335 1024w, https:\/\/brtk.net\/wp-content\/uploads\/2023\/07\/06\/Screenshot_20230706_103456_Twitter-768x403.jpg?ver=29ab393eff151bb704abe695913bd335 768w\"\/>                            <\/div>\n<p>Cumhurba\u015fkan\u0131 <a href=\"https:\/\/brtk.net\/\" target=\"_blank\" rel=\"noopener\"><a href=\"https:\/\/brtk.net\/\" target=\"_blank\" rel=\"noopener\">Ersin <\/a><a href=\"https:\/\/brtk.net\/\"\/><a href=\"https:\/\/brtk.net\/\"\/><a href=\"https:\/\/brtk.net\/\"\/><a href=\"https:\/\/brtk.net\/\"\/><a href=\"https:\/\/brtk.net\/\"\/><a href=\"https:\/\/brtk.net\/\"\/><a href=\"https:\/\/brtk.net\/\"\/><a href=\"https:\/\/brtk.net\/\"\/><a href=\"https:\/\/brtk.net\/\"\/><a href=\"https:\/\/brtk.net\/\"\/><a href=\"https:\/\/brtk.net\/\"\/><a href=\"https:\/\/brtk.net\/\"\/><a href=\"https:\/\/brtk.net\/\">Tatar<\/a>, Polis \u00d6rg\u00fct\u00fc\u2019n\u00fcn 59\u2019uncu kurulu\u015f y\u0131l d\u00f6n\u00fcm\u00fc nedeniyle Polis Genel M\u00fcd\u00fcrl\u00fc\u011f\u00fc\u2019n\u00fcn bah\u00e7esinde d\u00fczenlenen resepsiyona kat\u0131ld\u0131.<\/p>\n<p>Cumhurba\u015fkan\u0131 <a href=\"https:\/\/brtk.net\/\" target=\"_blank\" rel=\"noopener\"><a href=\"https:\/\/brtk.net\/\" target=\"_blank\" rel=\"noopener\">Ersin <\/a><a href=\"https:\/\/brtk.net\/\"\/><a href=\"https:\/\/brtk.net\/\"\/><a href=\"https:\/\/brtk.net\/\"\/><a href=\"https:\/\/brtk.net\/\"\/><a href=\"https:\/\/brtk.net\/\"\/><a href=\"https:\/\/brtk.net\/\"\/><a href=\"https:\/\/brtk.net\/\"\/><a href=\"https:\/\/brtk.net\/\"\/><a href=\"https:\/\/brtk.net\/\"\/><a href=\"https:\/\/brtk.net\/\"\/><a href=\"https:\/\/brtk.net\/\"\/><a href=\"https:\/\/brtk.net\/\"\/><a href=\"https:\/\/brtk.net\/\">Tatar<\/a> resepsiyonda yapt\u0131\u011f\u0131 konu\u015fmas\u0131nda, 59 y\u0131ll\u0131k tecr\u00fcbeye sahip olan polis te\u015fkilat\u0131m\u0131z\u0131n, g\u00fcn\u00fcm\u00fczde \u00e7al\u0131\u015fma mekanizmas\u0131n\u0131 \u00e7ok daha aktif, koordineli ve \u00e7ok daha h\u0131zl\u0131 bir noktaya getirerek, imk\u00e2n ve kabiliyetlerini art\u0131rd\u0131\u011f\u0131na dikkat \u00e7ekerek, bug\u00fcne kadar Polis Te\u015fkilat\u0131\u2019na bug\u00fcne dek emek veren herkesi kutlad\u0131, hayatta olmayanlar\u0131 sayg\u0131yla yad etti.<\/p>\n<p>Cumhurba\u015fkan\u0131 <a href=\"https:\/\/brtk.net\/\"\/><a href=\"https:\/\/brtk.net\/\"\/><a href=\"https:\/\/brtk.net\/\"\/><a href=\"https:\/\/brtk.net\/\"\/><a href=\"https:\/\/brtk.net\/\"\/><a href=\"https:\/\/brtk.net\/\"\/><a href=\"https:\/\/brtk.net\/\"\/><a href=\"https:\/\/brtk.net\/\"\/><a href=\"https:\/\/brtk.net\/\"\/><a href=\"https:\/\/brtk.net\/\"\/><a href=\"https:\/\/brtk.net\/\"\/><a href=\"https:\/\/brtk.net\/\"\/><a href=\"https:\/\/brtk.net\/\">Tatar<\/a>, 6 \u015eubat\u2019ta T\u00fcrkiye\u2019de meydana gelen depremde hayat\u0131n\u0131 kaybeden \u015eampiyon Melekleri, \u00f6\u011fretmenleri ve aileleri de konu\u015fmas\u0131nda and\u0131.<\/p>\n<p>Polis okulunun fiziksel alt yap\u0131s\u0131 ve okulda verilen kaliteli e\u011fitime dikkat \u00e7eken Cumhurba\u015fkan\u0131 <a href=\"https:\/\/brtk.net\/\"\/><a href=\"https:\/\/brtk.net\/\"\/><a href=\"https:\/\/brtk.net\/\"\/><a href=\"https:\/\/brtk.net\/\"\/><a href=\"https:\/\/brtk.net\/\"\/><a href=\"https:\/\/brtk.net\/\"\/><a href=\"https:\/\/brtk.net\/\"\/><a href=\"https:\/\/brtk.net\/\"\/><a href=\"https:\/\/brtk.net\/\"\/><a href=\"https:\/\/brtk.net\/\"\/><a href=\"https:\/\/brtk.net\/\"\/><a href=\"https:\/\/brtk.net\/\"\/><a href=\"https:\/\/brtk.net\/\">Tatar<\/a>, polis te\u015fkilat\u0131n\u0131n geli\u015fimini s\u00fcrd\u00fcrece\u011fini ve \u00e7ok daha iyi bir noktaya gelece\u011fini vurgulad\u0131.<\/p>\n<p>Cumhurba\u015fkan\u0131 <a href=\"https:\/\/brtk.net\/\"\/><a href=\"https:\/\/brtk.net\/\"\/><a href=\"https:\/\/brtk.net\/\"\/><a href=\"https:\/\/brtk.net\/\"\/><a href=\"https:\/\/brtk.net\/\"\/><a href=\"https:\/\/brtk.net\/\"\/><a href=\"https:\/\/brtk.net\/\"\/><a href=\"https:\/\/brtk.net\/\"\/><a href=\"https:\/\/brtk.net\/\"\/><a href=\"https:\/\/brtk.net\/\"\/><a href=\"https:\/\/brtk.net\/\"\/><a href=\"https:\/\/brtk.net\/\"\/><a href=\"https:\/\/brtk.net\/\">Tatar<\/a>, su\u00e7u \u00f6nleme ve tehditlere kar\u015f\u0131 koyma noktas\u0131nda polis te\u015fkilat\u0131n\u0131n ula\u015faca\u011f\u0131 teknik alt yap\u0131 ve yasal d\u00fczenlemelerle polisin ortaya \u00e7\u0131kan ihtiya\u00e7lara y\u00f6nelik yetkilere sahip olmas\u0131yla; halk\u0131n huzurunun ve g\u00fcvenin \u00e7ok daha g\u00fc\u00e7l\u00fc bir \u015fekilde sa\u011flanaca\u011f\u0131na dikkat \u00e7ekti.<\/p>\n<p>Cumhurba\u015fkan\u0131 <a href=\"https:\/\/brtk.net\/\"\/><a href=\"https:\/\/brtk.net\/\"\/><a href=\"https:\/\/brtk.net\/\"\/><a href=\"https:\/\/brtk.net\/\"\/><a href=\"https:\/\/brtk.net\/\"\/><a href=\"https:\/\/brtk.net\/\"\/><a href=\"https:\/\/brtk.net\/\"\/><a href=\"https:\/\/brtk.net\/\"\/><a href=\"https:\/\/brtk.net\/\"\/><a href=\"https:\/\/brtk.net\/\"\/><a href=\"https:\/\/brtk.net\/\"\/><a href=\"https:\/\/brtk.net\/\"\/><a href=\"https:\/\/brtk.net\/\">Tatar<\/a>, <a href=\"https:\/\/brtk.net\/\">KKTC<\/a>\u2019nin T\u00fcrk Devletler Te\u015fkilat\u0131\u2019nda g\u00f6zlemci \u00fcye olmas\u0131n\u0131n ard\u0131ndan polisin uluslararas\u0131 temaslar\u0131n\u0131 ve kapasitesini art\u0131raca\u011f\u0131na inan\u00e7 belirtti.<\/p>\n<p>Cumhurba\u015fkan\u0131 <a href=\"https:\/\/brtk.net\/\"\/><a href=\"https:\/\/brtk.net\/\"\/><a href=\"https:\/\/brtk.net\/\"\/><a href=\"https:\/\/brtk.net\/\"\/><a href=\"https:\/\/brtk.net\/\"\/><a href=\"https:\/\/brtk.net\/\"\/><a href=\"https:\/\/brtk.net\/\"\/><a href=\"https:\/\/brtk.net\/\"\/><a href=\"https:\/\/brtk.net\/\"\/><a href=\"https:\/\/brtk.net\/\"\/><a href=\"https:\/\/brtk.net\/\"\/><a href=\"https:\/\/brtk.net\/\"\/><a href=\"https:\/\/brtk.net\/\">Tatar<\/a>, 59 y\u0131l \u00f6nce, s\u0131n\u0131rl\u0131 say\u0131da eleman ve k\u0131s\u0131tl\u0131 say\u0131da ara\u00e7 gere\u00e7le kurulan polis \u00f6rg\u00fct\u00fcn\u00fcn, yar\u0131m as\u0131rdan fazla bir s\u00fcredir halk\u0131n huzuru, can ve mal g\u00fcvenli\u011finin sa\u011flanmas\u0131 ve su\u00e7lar\u0131n \u00f6nlenmesi konular\u0131nda \u00e7al\u0131\u015fmalar\u0131n\u0131 ba\u015far\u0131yla y\u00fcr\u00fctt\u00fc\u011f\u00fcne dikkat \u00e7ekti.<\/p>\n<p>Cumhurba\u015fkan\u0131 <a href=\"https:\/\/brtk.net\/\"\/><a href=\"https:\/\/brtk.net\/\"\/><a href=\"https:\/\/brtk.net\/\"\/><a href=\"https:\/\/brtk.net\/\"\/><a href=\"https:\/\/brtk.net\/\"\/><a href=\"https:\/\/brtk.net\/\"\/><a href=\"https:\/\/brtk.net\/\"\/><a href=\"https:\/\/brtk.net\/\"\/><a href=\"https:\/\/brtk.net\/\"\/><a href=\"https:\/\/brtk.net\/\"\/><a href=\"https:\/\/brtk.net\/\"\/><a href=\"https:\/\/brtk.net\/\"\/><a href=\"https:\/\/brtk.net\/\">Tatar<\/a>, vatanda\u015f\u0131n anayasal hak ve \u00f6zg\u00fcrl\u00fcklerini koruma noktas\u0131nda g\u00f6revini lay\u0131k\u0131yla yerine getiren polisin, toplumsal huzurun ve g\u00fcven ortam\u0131n\u0131n sa\u011flanmas\u0131ndaki sorumlulu\u011funun da b\u00fcy\u00fck oldu\u011funu vurgulad\u0131.<\/p>\n<p>Cumhurba\u015fkan\u0131 <a href=\"https:\/\/brtk.net\/\"\/><a href=\"https:\/\/brtk.net\/\"\/><a href=\"https:\/\/brtk.net\/\"\/><a href=\"https:\/\/brtk.net\/\"\/><a href=\"https:\/\/brtk.net\/\"\/><a href=\"https:\/\/brtk.net\/\"\/><a href=\"https:\/\/brtk.net\/\"\/><a href=\"https:\/\/brtk.net\/\"\/><a href=\"https:\/\/brtk.net\/\"\/><a href=\"https:\/\/brtk.net\/\"\/><a href=\"https:\/\/brtk.net\/\"\/><a href=\"https:\/\/brtk.net\/\"\/><a href=\"https:\/\/brtk.net\/\">Tatar<\/a>, Mill\u00ee m\u00fccadele y\u0131llar\u0131nda, i\u00e7 g\u00fcvenli\u011fi sa\u011flaman\u0131n yan\u0131 s\u0131ra toplumsal var olu\u015f m\u00fccadelesinde de g\u00f6revini lay\u0131k\u0131yla yerine getiren polisin tarihsel s\u00fcre\u00e7 i\u00e7erisinde her ko\u015fulda \u00f6rnek bir kurum olmay\u0131 ba\u015fard\u0131\u011f\u0131n\u0131 anlatt\u0131.<\/p>\n<p>Cumhurba\u015fkan\u0131 <a href=\"https:\/\/brtk.net\/\"\/><a href=\"https:\/\/brtk.net\/\"\/><a href=\"https:\/\/brtk.net\/\"\/><a href=\"https:\/\/brtk.net\/\"\/><a href=\"https:\/\/brtk.net\/\"\/><a href=\"https:\/\/brtk.net\/\"\/><a href=\"https:\/\/brtk.net\/\"\/><a href=\"https:\/\/brtk.net\/\"\/><a href=\"https:\/\/brtk.net\/\"\/><a href=\"https:\/\/brtk.net\/\"\/><a href=\"https:\/\/brtk.net\/\"\/><a href=\"https:\/\/brtk.net\/\"\/><a href=\"https:\/\/brtk.net\/\">Tatar<\/a>, T\u00fcrkiye\u2019deki polis te\u015fkilat\u0131 ile ger\u00e7ekle\u015fen i\u015f birli\u011fi sayesinde, istihbarat ve i\u00e7 g\u00fcvenlik alan\u0131nda da polisin su\u00e7 ve su\u00e7luyu \u00f6nleme noktas\u0131nda imk\u00e2n ve kabiliyetlerinin artt\u0131\u011f\u0131n\u0131 kaydetti.<\/p>\n<p>\u00d6l\u00fcml\u00fc trafik kazalar\u0131nda ya\u015fanan art\u0131\u015ftan dolay\u0131 \u00fczg\u00fcn oldu\u011funu ifade eden Cumhurba\u015fkan\u0131 <a href=\"https:\/\/brtk.net\/\"\/><a href=\"https:\/\/brtk.net\/\"\/><a href=\"https:\/\/brtk.net\/\"\/><a href=\"https:\/\/brtk.net\/\"\/><a href=\"https:\/\/brtk.net\/\"\/><a href=\"https:\/\/brtk.net\/\"\/><a href=\"https:\/\/brtk.net\/\"\/><a href=\"https:\/\/brtk.net\/\"\/><a href=\"https:\/\/brtk.net\/\"\/><a href=\"https:\/\/brtk.net\/\"\/><a href=\"https:\/\/brtk.net\/\"\/><a href=\"https:\/\/brtk.net\/\"\/><a href=\"https:\/\/brtk.net\/\">Tatar<\/a>, kazalar\u0131 \u00f6nleme noktas\u0131nda pop\u00fclizmden uzak, ger\u00e7ek\u00e7i, sonu\u00e7 odakl\u0131 ve bilimsel verilerin \u0131\u015f\u0131\u011f\u0131nda siyasi ad\u0131mlar at\u0131lmas\u0131 gerekti\u011fine i\u015faret etti.<\/p>\n<p> Polis te\u015fkilat\u0131n\u0131n denetimlere yayg\u0131nl\u0131k ve etkinlik kazand\u0131r\u0131lmas\u0131ndan, yurtta\u015flarda trafik bilinci olu\u015fturulmas\u0131na ve yapt\u0131r\u0131mlar\u0131n kararl\u0131l\u0131kla uygulanmas\u0131na kadar sorumlulu\u011fu bulundu\u011funa dikkat \u00e7eken Cumhurba\u015fkan\u0131 <a href=\"https:\/\/brtk.net\/\"\/><a href=\"https:\/\/brtk.net\/\"\/><a href=\"https:\/\/brtk.net\/\"\/><a href=\"https:\/\/brtk.net\/\"\/><a href=\"https:\/\/brtk.net\/\"\/><a href=\"https:\/\/brtk.net\/\"\/><a href=\"https:\/\/brtk.net\/\"\/><a href=\"https:\/\/brtk.net\/\"\/><a href=\"https:\/\/brtk.net\/\"\/><a href=\"https:\/\/brtk.net\/\"\/><a href=\"https:\/\/brtk.net\/\"\/><a href=\"https:\/\/brtk.net\/\"\/><a href=\"https:\/\/brtk.net\/\">Tatar<\/a>, polisin \u00fczerine d\u00fc\u015fen g\u00f6revi fazlas\u0131yla yerine getirdi\u011fini kaydetti.<\/p>\n<p>Polis te\u015fkilat\u0131n\u0131n ayr\u0131m g\u00f6zetmeksizin halkla b\u00fct\u00fcnle\u015ferek toplumun huzur ve g\u00fcven i\u00e7erisinde ya\u015fam\u0131n\u0131 idame ettirmesine katk\u0131 sa\u011flad\u0131\u011f\u0131n\u0131 anlatan Cumhurba\u015fkan\u0131 <a href=\"https:\/\/brtk.net\/\"\/><a href=\"https:\/\/brtk.net\/\"\/><a href=\"https:\/\/brtk.net\/\"\/><a href=\"https:\/\/brtk.net\/\"\/><a href=\"https:\/\/brtk.net\/\"\/><a href=\"https:\/\/brtk.net\/\"\/><a href=\"https:\/\/brtk.net\/\"\/><a href=\"https:\/\/brtk.net\/\"\/><a href=\"https:\/\/brtk.net\/\"\/><a href=\"https:\/\/brtk.net\/\"\/><a href=\"https:\/\/brtk.net\/\"\/><a href=\"https:\/\/brtk.net\/\"\/><a href=\"https:\/\/brtk.net\/\">Tatar<\/a>, polis te\u015fkilat\u0131na bug\u00fcne kadar emek veren herkese te\u015fekk\u00fcr ederek, hayatta olmayanlar\u0131 sayg\u0131yla and\u0131.<\/p>\n<p>Cumhurba\u015fkan\u0131 <a href=\"https:\/\/brtk.net\/\"\/><a href=\"https:\/\/brtk.net\/\"\/><a href=\"https:\/\/brtk.net\/\"\/><a href=\"https:\/\/brtk.net\/\"\/><a href=\"https:\/\/brtk.net\/\"\/><a href=\"https:\/\/brtk.net\/\"\/><a href=\"https:\/\/brtk.net\/\"\/><a href=\"https:\/\/brtk.net\/\"\/><a href=\"https:\/\/brtk.net\/\"\/><a href=\"https:\/\/brtk.net\/\"\/><a href=\"https:\/\/brtk.net\/\"\/><a href=\"https:\/\/brtk.net\/\"\/><a href=\"https:\/\/brtk.net\/\">Tatar<\/a>, halka hizmeti ilke edinmi\u015f, halk\u0131n huzur ve g\u00fcvenli\u011fi i\u00e7in \u00f6nemli ve kutsal bir g\u00f6rev ifa eden polislerin g\u00fcn\u00fcn\u00fc kutlayarak g\u00f6revlerinde ba\u015far\u0131lar diledi.<\/p>\n<\/p><\/div>\n<p><script async\n                    defer\n                    crossorigin=\"anonymous\"\n                    src=\"https:\/\/connect.facebook.net\/tr_TR\/sdk.js#xfbml=1&#038;version=v3.3\"\n            ><\/script><\/p>\n","protected":false},"excerpt":{"rendered":"<p>Cumhurba\u015fkan\u0131 Ersin Tatar, Polis \u00d6rg\u00fct\u00fc\u2019n\u00fcn 59\u2019uncu kurulu\u015f y\u0131l d\u00f6n\u00fcm\u00fc nedeniyle Polis Genel M\u00fcd\u00fcrl\u00fc\u011f\u00fc\u2019n\u00fcn bah\u00e7esinde d\u00fczenlenen resepsiyona kat\u0131ld\u0131. Cumhurba\u015fkan\u0131 Ersin Tatar resepsiyonda yapt\u0131\u011f\u0131 konu\u015fmas\u0131nda, 59 y\u0131ll\u0131k tecr\u00fcbeye sahip olan polis te\u015fkilat\u0131m\u0131z\u0131n, g\u00fcn\u00fcm\u00fczde \u00e7al\u0131\u015fma mekanizmas\u0131n\u0131 \u00e7ok daha aktif, koordineli ve \u00e7ok daha h\u0131zl\u0131 bir noktaya getirerek, imk\u00e2n ve kabiliyetlerini art\u0131rd\u0131\u011f\u0131na dikkat \u00e7ekerek, bug\u00fcne kadar Polis Te\u015fkilat\u0131\u2019na bug\u00fcne<\/p>\n","protected":false},"author":1,"featured_media":9902,"comment_status":"open","ping_status":"open","sticky":false,"template":"","format":"standard","meta":{"footnotes":""},"categories":[1],"tags":[],"class_list":["post-9901","post","type-post","status-publish","format-standard","has-post-thumbnail","hentry","category-gundem"],"yoast_head":"<!-- This site is optimized with the Yoast SEO plugin v27.5 - https:\/\/yoast.com\/product\/yoast-seo-wordpress\/ -->\n<title>Tatar:Polis te\u015fkilat\u0131m\u0131z\u0131n ilerleyen d\u00f6nemde kapasitesi \u00e7ok daha ileri noktalara ula\u015facakt\u0131r -<\/title>\n<meta name=\"robots\" content=\"index, follow, max-snippet:-1, max-image-preview:large, max-video-preview:-1\" \/>\n<link rel=\"canonical\" href=\"https:\/\/kibrisdakik.com\/?p=9901\" \/>\n<meta property=\"og:locale\" content=\"tr_TR\" \/>\n<meta property=\"og:type\" content=\"article\" \/>\n<meta property=\"og:title\" content=\"Tatar:Polis te\u015fkilat\u0131m\u0131z\u0131n ilerleyen d\u00f6nemde kapasitesi \u00e7ok daha ileri noktalara ula\u015facakt\u0131r -\" \/>\n<meta property=\"og:description\" content=\"Cumhurba\u015fkan\u0131 Ersin Tatar, Polis \u00d6rg\u00fct\u00fc\u2019n\u00fcn 59\u2019uncu kurulu\u015f y\u0131l d\u00f6n\u00fcm\u00fc nedeniyle Polis Genel M\u00fcd\u00fcrl\u00fc\u011f\u00fc\u2019n\u00fcn bah\u00e7esinde d\u00fczenlenen resepsiyona kat\u0131ld\u0131. Cumhurba\u015fkan\u0131 Ersin Tatar resepsiyonda yapt\u0131\u011f\u0131 konu\u015fmas\u0131nda, 59 y\u0131ll\u0131k tecr\u00fcbeye sahip olan polis te\u015fkilat\u0131m\u0131z\u0131n, g\u00fcn\u00fcm\u00fczde \u00e7al\u0131\u015fma mekanizmas\u0131n\u0131 \u00e7ok daha aktif, koordineli ve \u00e7ok daha h\u0131zl\u0131 bir noktaya getirerek, imk\u00e2n ve kabiliyetlerini art\u0131rd\u0131\u011f\u0131na dikkat \u00e7ekerek, bug\u00fcne kadar Polis Te\u015fkilat\u0131\u2019na bug\u00fcne\" \/>\n<meta property=\"og:url\" content=\"https:\/\/kibrisdakik.com\/?p=9901\" \/>\n<meta property=\"article:published_time\" content=\"2023-07-06T07:34:32+00:00\" \/>\n<meta property=\"og:image\" content=\"https:\/\/kibrisdakik.com\/wp-content\/uploads\/2023\/07\/Screenshot_20230706_103456_Twitter-740x420.jpg\" \/>\n\t<meta property=\"og:image:width\" content=\"1080\" \/>\n\t<meta property=\"og:image:height\" content=\"567\" \/>\n\t<meta property=\"og:image:type\" content=\"image\/jpeg\" \/>\n<meta name=\"author\" content=\"admin\" \/>\n<meta name=\"twitter:card\" content=\"summary_large_image\" \/>\n<meta name=\"twitter:label1\" content=\"Yazan:\" \/>\n\t<meta name=\"twitter:data1\" content=\"admin\" \/>\n\t<meta name=\"twitter:label2\" content=\"Tahmini okuma s\u00fcresi\" \/>\n\t<meta name=\"twitter:data2\" content=\"3 dakika\" \/>\n<script type=\"application\/ld+json\" class=\"yoast-schema-graph\">{\"@context\":\"https:\\\/\\\/schema.org\",\"@graph\":[{\"@type\":\"Article\",\"@id\":\"https:\\\/\\\/kibrisdakik.com\\\/?p=9901#article\",\"isPartOf\":{\"@id\":\"https:\\\/\\\/kibrisdakik.com\\\/?p=9901\"},\"author\":{\"name\":\"admin\",\"@id\":\"https:\\\/\\\/kibrisdakik.com\\\/#\\\/schema\\\/person\\\/9cd9d437bbb44f72b73ba127e06d8e79\"},\"headline\":\"Tatar:Polis te\u015fkilat\u0131m\u0131z\u0131n ilerleyen d\u00f6nemde kapasitesi \u00e7ok daha ileri noktalara ula\u015facakt\u0131r\",\"datePublished\":\"2023-07-06T07:34:32+00:00\",\"mainEntityOfPage\":{\"@id\":\"https:\\\/\\\/kibrisdakik.com\\\/?p=9901\"},\"wordCount\":648,\"commentCount\":0,\"image\":{\"@id\":\"https:\\\/\\\/kibrisdakik.com\\\/?p=9901#primaryimage\"},\"thumbnailUrl\":\"https:\\\/\\\/kibrisdakik.com\\\/wp-content\\\/uploads\\\/2023\\\/07\\\/Screenshot_20230706_103456_Twitter-740x420.jpg\",\"articleSection\":[\"G\u00fcndem\"],\"inLanguage\":\"tr\",\"potentialAction\":[{\"@type\":\"CommentAction\",\"name\":\"Comment\",\"target\":[\"https:\\\/\\\/kibrisdakik.com\\\/?p=9901#respond\"]}]},{\"@type\":\"WebPage\",\"@id\":\"https:\\\/\\\/kibrisdakik.com\\\/?p=9901\",\"url\":\"https:\\\/\\\/kibrisdakik.com\\\/?p=9901\",\"name\":\"Tatar:Polis te\u015fkilat\u0131m\u0131z\u0131n ilerleyen d\u00f6nemde kapasitesi \u00e7ok daha ileri noktalara ula\u015facakt\u0131r -\",\"isPartOf\":{\"@id\":\"https:\\\/\\\/kibrisdakik.com\\\/#website\"},\"primaryImageOfPage\":{\"@id\":\"https:\\\/\\\/kibrisdakik.com\\\/?p=9901#primaryimage\"},\"image\":{\"@id\":\"https:\\\/\\\/kibrisdakik.com\\\/?p=9901#primaryimage\"},\"thumbnailUrl\":\"https:\\\/\\\/kibrisdakik.com\\\/wp-content\\\/uploads\\\/2023\\\/07\\\/Screenshot_20230706_103456_Twitter-740x420.jpg\",\"datePublished\":\"2023-07-06T07:34:32+00:00\",\"author\":{\"@id\":\"https:\\\/\\\/kibrisdakik.com\\\/#\\\/schema\\\/person\\\/9cd9d437bbb44f72b73ba127e06d8e79\"},\"breadcrumb\":{\"@id\":\"https:\\\/\\\/kibrisdakik.com\\\/?p=9901#breadcrumb\"},\"inLanguage\":\"tr\",\"potentialAction\":[{\"@type\":\"ReadAction\",\"target\":[\"https:\\\/\\\/kibrisdakik.com\\\/?p=9901\"]}]},{\"@type\":\"ImageObject\",\"inLanguage\":\"tr\",\"@id\":\"https:\\\/\\\/kibrisdakik.com\\\/?p=9901#primaryimage\",\"url\":\"https:\\\/\\\/kibrisdakik.com\\\/wp-content\\\/uploads\\\/2023\\\/07\\\/Screenshot_20230706_103456_Twitter-740x420.jpg\",\"contentUrl\":\"https:\\\/\\\/kibrisdakik.com\\\/wp-content\\\/uploads\\\/2023\\\/07\\\/Screenshot_20230706_103456_Twitter-740x420.jpg\",\"width\":1080,\"height\":567},{\"@type\":\"BreadcrumbList\",\"@id\":\"https:\\\/\\\/kibrisdakik.com\\\/?p=9901#breadcrumb\",\"itemListElement\":[{\"@type\":\"ListItem\",\"position\":1,\"name\":\"Home\",\"item\":\"https:\\\/\\\/kibrisdakik.com\\\/\"},{\"@type\":\"ListItem\",\"position\":2,\"name\":\"Tatar:Polis te\u015fkilat\u0131m\u0131z\u0131n ilerleyen d\u00f6nemde kapasitesi \u00e7ok daha ileri noktalara ula\u015facakt\u0131r\"}]},{\"@type\":\"WebSite\",\"@id\":\"https:\\\/\\\/kibrisdakik.com\\\/#website\",\"url\":\"https:\\\/\\\/kibrisdakik.com\\\/\",\"name\":\"\",\"description\":\"Tam vaktinde haber\",\"potentialAction\":[{\"@type\":\"SearchAction\",\"target\":{\"@type\":\"EntryPoint\",\"urlTemplate\":\"https:\\\/\\\/kibrisdakik.com\\\/?s={search_term_string}\"},\"query-input\":{\"@type\":\"PropertyValueSpecification\",\"valueRequired\":true,\"valueName\":\"search_term_string\"}}],\"inLanguage\":\"tr\"},{\"@type\":\"Person\",\"@id\":\"https:\\\/\\\/kibrisdakik.com\\\/#\\\/schema\\\/person\\\/9cd9d437bbb44f72b73ba127e06d8e79\",\"name\":\"admin\",\"image\":{\"@type\":\"ImageObject\",\"inLanguage\":\"tr\",\"@id\":\"https:\\\/\\\/secure.gravatar.com\\\/avatar\\\/ccc17943b9d660506c869530f897617f7cb1c21a4bf30023f252596d83e1f007?s=96&d=mm&r=g\",\"url\":\"https:\\\/\\\/secure.gravatar.com\\\/avatar\\\/ccc17943b9d660506c869530f897617f7cb1c21a4bf30023f252596d83e1f007?s=96&d=mm&r=g\",\"contentUrl\":\"https:\\\/\\\/secure.gravatar.com\\\/avatar\\\/ccc17943b9d660506c869530f897617f7cb1c21a4bf30023f252596d83e1f007?s=96&d=mm&r=g\",\"caption\":\"admin\"},\"sameAs\":[\"https:\\\/\\\/kibrisdakik.com\"],\"url\":\"https:\\\/\\\/kibrisdakik.com\\\/?author=1\"}]}<\/script>\n<!-- \/ Yoast SEO plugin. -->","yoast_head_json":{"title":"Tatar:Polis te\u015fkilat\u0131m\u0131z\u0131n ilerleyen d\u00f6nemde kapasitesi \u00e7ok daha ileri noktalara ula\u015facakt\u0131r -","robots":{"index":"index","follow":"follow","max-snippet":"max-snippet:-1","max-image-preview":"max-image-preview:large","max-video-preview":"max-video-preview:-1"},"canonical":"https:\/\/kibrisdakik.com\/?p=9901","og_locale":"tr_TR","og_type":"article","og_title":"Tatar:Polis te\u015fkilat\u0131m\u0131z\u0131n ilerleyen d\u00f6nemde kapasitesi \u00e7ok daha ileri noktalara ula\u015facakt\u0131r -","og_description":"Cumhurba\u015fkan\u0131 Ersin Tatar, Polis \u00d6rg\u00fct\u00fc\u2019n\u00fcn 59\u2019uncu kurulu\u015f y\u0131l d\u00f6n\u00fcm\u00fc nedeniyle Polis Genel M\u00fcd\u00fcrl\u00fc\u011f\u00fc\u2019n\u00fcn bah\u00e7esinde d\u00fczenlenen resepsiyona kat\u0131ld\u0131. Cumhurba\u015fkan\u0131 Ersin Tatar resepsiyonda yapt\u0131\u011f\u0131 konu\u015fmas\u0131nda, 59 y\u0131ll\u0131k tecr\u00fcbeye sahip olan polis te\u015fkilat\u0131m\u0131z\u0131n, g\u00fcn\u00fcm\u00fczde \u00e7al\u0131\u015fma mekanizmas\u0131n\u0131 \u00e7ok daha aktif, koordineli ve \u00e7ok daha h\u0131zl\u0131 bir noktaya getirerek, imk\u00e2n ve kabiliyetlerini art\u0131rd\u0131\u011f\u0131na dikkat \u00e7ekerek, bug\u00fcne kadar Polis Te\u015fkilat\u0131\u2019na bug\u00fcne","og_url":"https:\/\/kibrisdakik.com\/?p=9901","article_published_time":"2023-07-06T07:34:32+00:00","og_image":[{"width":1080,"height":567,"url":"https:\/\/kibrisdakik.com\/wp-content\/uploads\/2023\/07\/Screenshot_20230706_103456_Twitter-740x420.jpg","type":"image\/jpeg"}],"author":"admin","twitter_card":"summary_large_image","twitter_misc":{"Yazan:":"admin","Tahmini okuma s\u00fcresi":"3 dakika"},"schema":{"@context":"https:\/\/schema.org","@graph":[{"@type":"Article","@id":"https:\/\/kibrisdakik.com\/?p=9901#article","isPartOf":{"@id":"https:\/\/kibrisdakik.com\/?p=9901"},"author":{"name":"admin","@id":"https:\/\/kibrisdakik.com\/#\/schema\/person\/9cd9d437bbb44f72b73ba127e06d8e79"},"headline":"Tatar:Polis te\u015fkilat\u0131m\u0131z\u0131n ilerleyen d\u00f6nemde kapasitesi \u00e7ok daha ileri noktalara ula\u015facakt\u0131r","datePublished":"2023-07-06T07:34:32+00:00","mainEntityOfPage":{"@id":"https:\/\/kibrisdakik.com\/?p=9901"},"wordCount":648,"commentCount":0,"image":{"@id":"https:\/\/kibrisdakik.com\/?p=9901#primaryimage"},"thumbnailUrl":"https:\/\/kibrisdakik.com\/wp-content\/uploads\/2023\/07\/Screenshot_20230706_103456_Twitter-740x420.jpg","articleSection":["G\u00fcndem"],"inLanguage":"tr","potentialAction":[{"@type":"CommentAction","name":"Comment","target":["https:\/\/kibrisdakik.com\/?p=9901#respond"]}]},{"@type":"WebPage","@id":"https:\/\/kibrisdakik.com\/?p=9901","url":"https:\/\/kibrisdakik.com\/?p=9901","name":"Tatar:Polis te\u015fkilat\u0131m\u0131z\u0131n ilerleyen d\u00f6nemde kapasitesi \u00e7ok daha ileri noktalara ula\u015facakt\u0131r -","isPartOf":{"@id":"https:\/\/kibrisdakik.com\/#website"},"primaryImageOfPage":{"@id":"https:\/\/kibrisdakik.com\/?p=9901#primaryimage"},"image":{"@id":"https:\/\/kibrisdakik.com\/?p=9901#primaryimage"},"thumbnailUrl":"https:\/\/kibrisdakik.com\/wp-content\/uploads\/2023\/07\/Screenshot_20230706_103456_Twitter-740x420.jpg","datePublished":"2023-07-06T07:34:32+00:00","author":{"@id":"https:\/\/kibrisdakik.com\/#\/schema\/person\/9cd9d437bbb44f72b73ba127e06d8e79"},"breadcrumb":{"@id":"https:\/\/kibrisdakik.com\/?p=9901#breadcrumb"},"inLanguage":"tr","potentialAction":[{"@type":"ReadAction","target":["https:\/\/kibrisdakik.com\/?p=9901"]}]},{"@type":"ImageObject","inLanguage":"tr","@id":"https:\/\/kibrisdakik.com\/?p=9901#primaryimage","url":"https:\/\/kibrisdakik.com\/wp-content\/uploads\/2023\/07\/Screenshot_20230706_103456_Twitter-740x420.jpg","contentUrl":"https:\/\/kibrisdakik.com\/wp-content\/uploads\/2023\/07\/Screenshot_20230706_103456_Twitter-740x420.jpg","width":1080,"height":567},{"@type":"BreadcrumbList","@id":"https:\/\/kibrisdakik.com\/?p=9901#breadcrumb","itemListElement":[{"@type":"ListItem","position":1,"name":"Home","item":"https:\/\/kibrisdakik.com\/"},{"@type":"ListItem","position":2,"name":"Tatar:Polis te\u015fkilat\u0131m\u0131z\u0131n ilerleyen d\u00f6nemde kapasitesi \u00e7ok daha ileri noktalara ula\u015facakt\u0131r"}]},{"@type":"WebSite","@id":"https:\/\/kibrisdakik.com\/#website","url":"https:\/\/kibrisdakik.com\/","name":"","description":"Tam vaktinde haber","potentialAction":[{"@type":"SearchAction","target":{"@type":"EntryPoint","urlTemplate":"https:\/\/kibrisdakik.com\/?s={search_term_string}"},"query-input":{"@type":"PropertyValueSpecification","valueRequired":true,"valueName":"search_term_string"}}],"inLanguage":"tr"},{"@type":"Person","@id":"https:\/\/kibrisdakik.com\/#\/schema\/person\/9cd9d437bbb44f72b73ba127e06d8e79","name":"admin","image":{"@type":"ImageObject","inLanguage":"tr","@id":"https:\/\/secure.gravatar.com\/avatar\/ccc17943b9d660506c869530f897617f7cb1c21a4bf30023f252596d83e1f007?s=96&d=mm&r=g","url":"https:\/\/secure.gravatar.com\/avatar\/ccc17943b9d660506c869530f897617f7cb1c21a4bf30023f252596d83e1f007?s=96&d=mm&r=g","contentUrl":"https:\/\/secure.gravatar.com\/avatar\/ccc17943b9d660506c869530f897617f7cb1c21a4bf30023f252596d83e1f007?s=96&d=mm&r=g","caption":"admin"},"sameAs":["https:\/\/kibrisdakik.com"],"url":"https:\/\/kibrisdakik.com\/?author=1"}]}},"_links":{"self":[{"href":"https:\/\/kibrisdakik.com\/index.php?rest_route=\/wp\/v2\/posts\/9901","targetHints":{"allow":["GET"]}}],"collection":[{"href":"https:\/\/kibrisdakik.com\/index.php?rest_route=\/wp\/v2\/posts"}],"about":[{"href":"https:\/\/kibrisdakik.com\/index.php?rest_route=\/wp\/v2\/types\/post"}],"author":[{"embeddable":true,"href":"https:\/\/kibrisdakik.com\/index.php?rest_route=\/wp\/v2\/users\/1"}],"replies":[{"embeddable":true,"href":"https:\/\/kibrisdakik.com\/index.php?rest_route=%2Fwp%2Fv2%2Fcomments&post=9901"}],"version-history":[{"count":0,"href":"https:\/\/kibrisdakik.com\/index.php?rest_route=\/wp\/v2\/posts\/9901\/revisions"}],"wp:featuredmedia":[{"embeddable":true,"href":"https:\/\/kibrisdakik.com\/index.php?rest_route=\/wp\/v2\/media\/9902"}],"wp:attachment":[{"href":"https:\/\/kibrisdakik.com\/index.php?rest_route=%2Fwp%2Fv2%2Fmedia&parent=9901"}],"wp:term":[{"taxonomy":"category","embeddable":true,"href":"https:\/\/kibrisdakik.com\/index.php?rest_route=%2Fwp%2Fv2%2Fcategories&post=9901"},{"taxonomy":"post_tag","embeddable":true,"href":"https:\/\/kibrisdakik.com\/index.php?rest_route=%2Fwp%2Fv2%2Ftags&post=9901"}],"curies":[{"name":"wp","href":"https:\/\/api.w.org\/{rel}","templated":true}]}}