{"id":99026,"date":"2025-11-11T07:51:32","date_gmt":"2025-11-11T05:51:32","guid":{"rendered":"https:\/\/kibrisdakik.com\/index.php\/2025\/11\/11\/ingilterede-evsizlik-krizi-keskin-sekilde-artti-yerel-yonetimler-mucadele-edemiyor\/"},"modified":"2025-11-11T07:51:32","modified_gmt":"2025-11-11T05:51:32","slug":"ingilterede-evsizlik-krizi-keskin-sekilde-artti-yerel-yonetimler-mucadele-edemiyor","status":"publish","type":"post","link":"https:\/\/kibrisdakik.com\/?p=99026","title":{"rendered":"\u0130ngilterede evsizlik krizi keskin \u015fekilde artt\u0131: Yerel y\u00f6netimler m\u00fccadele edemiyor"},"content":{"rendered":"<p><\/p>\n<div class=\"news-content\">\n<p>\n\t\u0130ngiltere merkezli Crisis adl\u0131 yard\u0131m kurulu\u015funun yay\u0131mlad\u0131\u011f\u0131 \u201cHomelessness Monitor England 2025\u201d raporuna g\u00f6re, \u00fclkede sokakta ya\u015fayan ki\u015fi say\u0131s\u0131 bir y\u0131lda y\u00fczde 20 artarak 4 bin 667\u2019ye ula\u015ft\u0131.<\/p>\n<p>\n\tBu rakam, COVID-19 salg\u0131n\u0131 s\u0131ras\u0131ndaki en d\u00fc\u015f\u00fck seviyenin neredeyse iki kat\u0131.<\/p>\n<h2>\n\tLondra\u2019da her iki evsizden biri yabanc\u0131 uyruklu<\/h2>\n<p>\n\tRapora g\u00f6re, Londra\u2019daki evsizlerin yar\u0131s\u0131ndan fazlas\u0131 art\u0131k Birle\u015fik Krall\u0131k vatanda\u015f\u0131 de\u011fil. Bu durum, artan iltica ba\u015fvurular\u0131na ve h\u00fck\u00fcmetin dosya birikimini temizleme \u00e7abalar\u0131na ba\u011flan\u0131yor.<\/p>\n<p>\n\tYerel y\u00f6netimler 2024 y\u0131l\u0131nda 330 bin haneyi evsiz ya da evsiz kalma riski alt\u0131nda olarak de\u011ferlendirdi. Bu oran bir y\u0131lda y\u00fczde 4, \u00fc\u00e7 y\u0131lda ise y\u00fczde 21 artt\u0131.<\/p>\n<p>\n\tLondra \u00f6zelinde art\u0131\u015f \u00e7ok daha keskin ger\u00e7ekle\u015fti: evsiz kalma riski alt\u0131ndaki hanelerde y\u00fczde 7, zaten evsiz olanlarda ise y\u00fczde 27 y\u00fckseli\u015f g\u00f6r\u00fcld\u00fc.<\/p>\n<h2>\n\tS\u0131\u011f\u0131nma evlerinden ve kurum \u00e7\u0131k\u0131\u015flar\u0131ndan kaynakl\u0131 art\u0131\u015f<\/h2>\n<p>\n\tCrisis raporu, evsizli\u011fin \u00f6zellikle iki grupta dikkat \u00e7ekici bi\u00e7imde artt\u0131\u011f\u0131n\u0131 belirtti:<\/p>\n<p>\n\t\u0130ltica bar\u0131nma merkezlerinden tahliye edilen ki\u015filer aras\u0131nda evsizlik y\u00fczde 37 y\u00fckseldi.<\/p>\n<p>\n\tCezaevi veya hastane gibi kurumlardan \u00e7\u0131kan ki\u015filerde ise bu oran y\u00fczde 22 oldu. Ayr\u0131ca aile i\u00e7i \u015fiddet ma\u011fdurlar\u0131na ili\u015fkin vakalar 2021\u2019den bu yana y\u00fczde 14 artt\u0131.<\/p>\n<h2>\n\tSistem giderek t\u0131kan\u0131yor<\/h2>\n<p>\n\tRapora g\u00f6re, sistemin evsizli\u011fi \u00f6nleme ve \u00e7\u00f6zme kapasitesi zay\u0131fl\u0131yor.<\/p>\n<p>\n\t2021\u2019de evsizler i\u00e7in kal\u0131c\u0131 bar\u0131nma sa\u011flanan vakalar\u0131n oran\u0131 y\u00fczde 47 iken, 2024\u2019te bu oran y\u00fczde 39\u2019a geriledi.<\/p>\n<p>\n\tCrisis, \u0130ngiltere\u2019deki evsizlik sisteminin \u201cmuazzam bir bask\u0131 alt\u0131nda\u201d oldu\u011funu vurgulayarak, \u00f6nleyici \u00e7al\u0131\u015fmalar\u0131n yetersiz kald\u0131\u011f\u0131n\u0131, destek hizmetlerinin s\u0131n\u0131rl\u0131 oldu\u011funu ve belediyelerin ihtiya\u00e7 sahipleri i\u00e7in uygun konut bulmakta zorland\u0131\u011f\u0131n\u0131 bildirdi.<\/p>\n<div class=\"news-tags\">\n<div class=\"title\">ET\u0130KETLER<\/div>\n<div class=\"tags\">\n                                                                            \u0130ngiltere<br \/>\n                                                                            Koronavir\u00fcs<br \/>\n                                                                            Yerel Y\u00f6netimler<br \/>\n                                                                            Hastane<br \/>\n                                                                            Konut\n                                                                    <\/div>\n<\/p><\/div>\n<\/p><\/div>\n","protected":false},"excerpt":{"rendered":"<p>\u0130ngiltere merkezli Crisis adl\u0131 yard\u0131m kurulu\u015funun yay\u0131mlad\u0131\u011f\u0131 \u201cHomelessness Monitor England 2025\u201d raporuna g\u00f6re, \u00fclkede sokakta ya\u015fayan ki\u015fi say\u0131s\u0131 bir y\u0131lda y\u00fczde 20 artarak 4 bin 667\u2019ye ula\u015ft\u0131. Bu rakam, COVID-19 salg\u0131n\u0131 s\u0131ras\u0131ndaki en d\u00fc\u015f\u00fck seviyenin neredeyse iki kat\u0131. Londra\u2019da her iki evsizden biri yabanc\u0131 uyruklu Rapora g\u00f6re, Londra\u2019daki evsizlerin yar\u0131s\u0131ndan fazlas\u0131 art\u0131k Birle\u015fik Krall\u0131k vatanda\u015f\u0131<\/p>\n","protected":false},"author":1,"featured_media":99027,"comment_status":"open","ping_status":"open","sticky":false,"template":"","format":"standard","meta":{"footnotes":""},"categories":[306],"tags":[],"class_list":["post-99026","post","type-post","status-publish","format-standard","has-post-thumbnail","hentry","category-dunya"],"yoast_head":"<!-- This site is optimized with the Yoast SEO plugin v27.4 - https:\/\/yoast.com\/product\/yoast-seo-wordpress\/ -->\n<title>\u0130ngilterede evsizlik krizi keskin \u015fekilde artt\u0131: Yerel y\u00f6netimler m\u00fccadele edemiyor -<\/title>\n<meta name=\"robots\" content=\"index, follow, max-snippet:-1, max-image-preview:large, max-video-preview:-1\" \/>\n<link rel=\"canonical\" href=\"https:\/\/kibrisdakik.com\/?p=99026\" \/>\n<meta property=\"og:locale\" content=\"tr_TR\" \/>\n<meta property=\"og:type\" content=\"article\" \/>\n<meta property=\"og:title\" content=\"\u0130ngilterede evsizlik krizi keskin \u015fekilde artt\u0131: Yerel y\u00f6netimler m\u00fccadele edemiyor -\" \/>\n<meta property=\"og:description\" content=\"\u0130ngiltere merkezli Crisis adl\u0131 yard\u0131m kurulu\u015funun yay\u0131mlad\u0131\u011f\u0131 \u201cHomelessness Monitor England 2025\u201d raporuna g\u00f6re, \u00fclkede sokakta ya\u015fayan ki\u015fi say\u0131s\u0131 bir y\u0131lda y\u00fczde 20 artarak 4 bin 667\u2019ye ula\u015ft\u0131. Bu rakam, COVID-19 salg\u0131n\u0131 s\u0131ras\u0131ndaki en d\u00fc\u015f\u00fck seviyenin neredeyse iki kat\u0131. Londra\u2019da her iki evsizden biri yabanc\u0131 uyruklu Rapora g\u00f6re, Londra\u2019daki evsizlerin yar\u0131s\u0131ndan fazlas\u0131 art\u0131k Birle\u015fik Krall\u0131k vatanda\u015f\u0131\" \/>\n<meta property=\"og:url\" content=\"https:\/\/kibrisdakik.com\/?p=99026\" \/>\n<meta property=\"article:published_time\" content=\"2025-11-11T05:51:32+00:00\" \/>\n<meta property=\"og:image\" content=\"https:\/\/kibrisdakik.com\/wp-content\/uploads\/2025\/11\/belcika-evsiz-aa-2169075.jpg\" \/>\n\t<meta property=\"og:image:width\" content=\"1280\" \/>\n\t<meta property=\"og:image:height\" content=\"720\" \/>\n\t<meta property=\"og:image:type\" content=\"image\/jpeg\" \/>\n<meta name=\"author\" content=\"admin\" \/>\n<meta name=\"twitter:card\" content=\"summary_large_image\" \/>\n<meta name=\"twitter:label1\" content=\"Yazan:\" \/>\n\t<meta name=\"twitter:data1\" content=\"admin\" \/>\n\t<meta name=\"twitter:label2\" content=\"Tahmini okuma s\u00fcresi\" \/>\n\t<meta name=\"twitter:data2\" content=\"2 dakika\" \/>\n<script type=\"application\/ld+json\" class=\"yoast-schema-graph\">{\"@context\":\"https:\\\/\\\/schema.org\",\"@graph\":[{\"@type\":\"Article\",\"@id\":\"https:\\\/\\\/kibrisdakik.com\\\/?p=99026#article\",\"isPartOf\":{\"@id\":\"https:\\\/\\\/kibrisdakik.com\\\/?p=99026\"},\"author\":{\"name\":\"admin\",\"@id\":\"https:\\\/\\\/kibrisdakik.com\\\/#\\\/schema\\\/person\\\/9cd9d437bbb44f72b73ba127e06d8e79\"},\"headline\":\"\u0130ngilterede evsizlik krizi keskin \u015fekilde artt\u0131: Yerel y\u00f6netimler m\u00fccadele edemiyor\",\"datePublished\":\"2025-11-11T05:51:32+00:00\",\"mainEntityOfPage\":{\"@id\":\"https:\\\/\\\/kibrisdakik.com\\\/?p=99026\"},\"wordCount\":328,\"commentCount\":0,\"image\":{\"@id\":\"https:\\\/\\\/kibrisdakik.com\\\/?p=99026#primaryimage\"},\"thumbnailUrl\":\"https:\\\/\\\/kibrisdakik.com\\\/wp-content\\\/uploads\\\/2025\\\/11\\\/belcika-evsiz-aa-2169075.jpg\",\"articleSection\":[\"D\u00fcnya\"],\"inLanguage\":\"tr\",\"potentialAction\":[{\"@type\":\"CommentAction\",\"name\":\"Comment\",\"target\":[\"https:\\\/\\\/kibrisdakik.com\\\/?p=99026#respond\"]}]},{\"@type\":\"WebPage\",\"@id\":\"https:\\\/\\\/kibrisdakik.com\\\/?p=99026\",\"url\":\"https:\\\/\\\/kibrisdakik.com\\\/?p=99026\",\"name\":\"\u0130ngilterede evsizlik krizi keskin \u015fekilde artt\u0131: Yerel y\u00f6netimler m\u00fccadele edemiyor -\",\"isPartOf\":{\"@id\":\"https:\\\/\\\/kibrisdakik.com\\\/#website\"},\"primaryImageOfPage\":{\"@id\":\"https:\\\/\\\/kibrisdakik.com\\\/?p=99026#primaryimage\"},\"image\":{\"@id\":\"https:\\\/\\\/kibrisdakik.com\\\/?p=99026#primaryimage\"},\"thumbnailUrl\":\"https:\\\/\\\/kibrisdakik.com\\\/wp-content\\\/uploads\\\/2025\\\/11\\\/belcika-evsiz-aa-2169075.jpg\",\"datePublished\":\"2025-11-11T05:51:32+00:00\",\"author\":{\"@id\":\"https:\\\/\\\/kibrisdakik.com\\\/#\\\/schema\\\/person\\\/9cd9d437bbb44f72b73ba127e06d8e79\"},\"breadcrumb\":{\"@id\":\"https:\\\/\\\/kibrisdakik.com\\\/?p=99026#breadcrumb\"},\"inLanguage\":\"tr\",\"potentialAction\":[{\"@type\":\"ReadAction\",\"target\":[\"https:\\\/\\\/kibrisdakik.com\\\/?p=99026\"]}]},{\"@type\":\"ImageObject\",\"inLanguage\":\"tr\",\"@id\":\"https:\\\/\\\/kibrisdakik.com\\\/?p=99026#primaryimage\",\"url\":\"https:\\\/\\\/kibrisdakik.com\\\/wp-content\\\/uploads\\\/2025\\\/11\\\/belcika-evsiz-aa-2169075.jpg\",\"contentUrl\":\"https:\\\/\\\/kibrisdakik.com\\\/wp-content\\\/uploads\\\/2025\\\/11\\\/belcika-evsiz-aa-2169075.jpg\",\"width\":1280,\"height\":720},{\"@type\":\"BreadcrumbList\",\"@id\":\"https:\\\/\\\/kibrisdakik.com\\\/?p=99026#breadcrumb\",\"itemListElement\":[{\"@type\":\"ListItem\",\"position\":1,\"name\":\"Home\",\"item\":\"https:\\\/\\\/kibrisdakik.com\\\/\"},{\"@type\":\"ListItem\",\"position\":2,\"name\":\"\u0130ngilterede evsizlik krizi keskin \u015fekilde artt\u0131: Yerel y\u00f6netimler m\u00fccadele edemiyor\"}]},{\"@type\":\"WebSite\",\"@id\":\"https:\\\/\\\/kibrisdakik.com\\\/#website\",\"url\":\"https:\\\/\\\/kibrisdakik.com\\\/\",\"name\":\"\",\"description\":\"Tam vaktinde haber\",\"potentialAction\":[{\"@type\":\"SearchAction\",\"target\":{\"@type\":\"EntryPoint\",\"urlTemplate\":\"https:\\\/\\\/kibrisdakik.com\\\/?s={search_term_string}\"},\"query-input\":{\"@type\":\"PropertyValueSpecification\",\"valueRequired\":true,\"valueName\":\"search_term_string\"}}],\"inLanguage\":\"tr\"},{\"@type\":\"Person\",\"@id\":\"https:\\\/\\\/kibrisdakik.com\\\/#\\\/schema\\\/person\\\/9cd9d437bbb44f72b73ba127e06d8e79\",\"name\":\"admin\",\"image\":{\"@type\":\"ImageObject\",\"inLanguage\":\"tr\",\"@id\":\"https:\\\/\\\/secure.gravatar.com\\\/avatar\\\/ccc17943b9d660506c869530f897617f7cb1c21a4bf30023f252596d83e1f007?s=96&d=mm&r=g\",\"url\":\"https:\\\/\\\/secure.gravatar.com\\\/avatar\\\/ccc17943b9d660506c869530f897617f7cb1c21a4bf30023f252596d83e1f007?s=96&d=mm&r=g\",\"contentUrl\":\"https:\\\/\\\/secure.gravatar.com\\\/avatar\\\/ccc17943b9d660506c869530f897617f7cb1c21a4bf30023f252596d83e1f007?s=96&d=mm&r=g\",\"caption\":\"admin\"},\"sameAs\":[\"https:\\\/\\\/kibrisdakik.com\"],\"url\":\"https:\\\/\\\/kibrisdakik.com\\\/?author=1\"}]}<\/script>\n<!-- \/ Yoast SEO plugin. -->","yoast_head_json":{"title":"\u0130ngilterede evsizlik krizi keskin \u015fekilde artt\u0131: Yerel y\u00f6netimler m\u00fccadele edemiyor -","robots":{"index":"index","follow":"follow","max-snippet":"max-snippet:-1","max-image-preview":"max-image-preview:large","max-video-preview":"max-video-preview:-1"},"canonical":"https:\/\/kibrisdakik.com\/?p=99026","og_locale":"tr_TR","og_type":"article","og_title":"\u0130ngilterede evsizlik krizi keskin \u015fekilde artt\u0131: Yerel y\u00f6netimler m\u00fccadele edemiyor -","og_description":"\u0130ngiltere merkezli Crisis adl\u0131 yard\u0131m kurulu\u015funun yay\u0131mlad\u0131\u011f\u0131 \u201cHomelessness Monitor England 2025\u201d raporuna g\u00f6re, \u00fclkede sokakta ya\u015fayan ki\u015fi say\u0131s\u0131 bir y\u0131lda y\u00fczde 20 artarak 4 bin 667\u2019ye ula\u015ft\u0131. Bu rakam, COVID-19 salg\u0131n\u0131 s\u0131ras\u0131ndaki en d\u00fc\u015f\u00fck seviyenin neredeyse iki kat\u0131. Londra\u2019da her iki evsizden biri yabanc\u0131 uyruklu Rapora g\u00f6re, Londra\u2019daki evsizlerin yar\u0131s\u0131ndan fazlas\u0131 art\u0131k Birle\u015fik Krall\u0131k vatanda\u015f\u0131","og_url":"https:\/\/kibrisdakik.com\/?p=99026","article_published_time":"2025-11-11T05:51:32+00:00","og_image":[{"width":1280,"height":720,"url":"https:\/\/kibrisdakik.com\/wp-content\/uploads\/2025\/11\/belcika-evsiz-aa-2169075.jpg","type":"image\/jpeg"}],"author":"admin","twitter_card":"summary_large_image","twitter_misc":{"Yazan:":"admin","Tahmini okuma s\u00fcresi":"2 dakika"},"schema":{"@context":"https:\/\/schema.org","@graph":[{"@type":"Article","@id":"https:\/\/kibrisdakik.com\/?p=99026#article","isPartOf":{"@id":"https:\/\/kibrisdakik.com\/?p=99026"},"author":{"name":"admin","@id":"https:\/\/kibrisdakik.com\/#\/schema\/person\/9cd9d437bbb44f72b73ba127e06d8e79"},"headline":"\u0130ngilterede evsizlik krizi keskin \u015fekilde artt\u0131: Yerel y\u00f6netimler m\u00fccadele edemiyor","datePublished":"2025-11-11T05:51:32+00:00","mainEntityOfPage":{"@id":"https:\/\/kibrisdakik.com\/?p=99026"},"wordCount":328,"commentCount":0,"image":{"@id":"https:\/\/kibrisdakik.com\/?p=99026#primaryimage"},"thumbnailUrl":"https:\/\/kibrisdakik.com\/wp-content\/uploads\/2025\/11\/belcika-evsiz-aa-2169075.jpg","articleSection":["D\u00fcnya"],"inLanguage":"tr","potentialAction":[{"@type":"CommentAction","name":"Comment","target":["https:\/\/kibrisdakik.com\/?p=99026#respond"]}]},{"@type":"WebPage","@id":"https:\/\/kibrisdakik.com\/?p=99026","url":"https:\/\/kibrisdakik.com\/?p=99026","name":"\u0130ngilterede evsizlik krizi keskin \u015fekilde artt\u0131: Yerel y\u00f6netimler m\u00fccadele edemiyor -","isPartOf":{"@id":"https:\/\/kibrisdakik.com\/#website"},"primaryImageOfPage":{"@id":"https:\/\/kibrisdakik.com\/?p=99026#primaryimage"},"image":{"@id":"https:\/\/kibrisdakik.com\/?p=99026#primaryimage"},"thumbnailUrl":"https:\/\/kibrisdakik.com\/wp-content\/uploads\/2025\/11\/belcika-evsiz-aa-2169075.jpg","datePublished":"2025-11-11T05:51:32+00:00","author":{"@id":"https:\/\/kibrisdakik.com\/#\/schema\/person\/9cd9d437bbb44f72b73ba127e06d8e79"},"breadcrumb":{"@id":"https:\/\/kibrisdakik.com\/?p=99026#breadcrumb"},"inLanguage":"tr","potentialAction":[{"@type":"ReadAction","target":["https:\/\/kibrisdakik.com\/?p=99026"]}]},{"@type":"ImageObject","inLanguage":"tr","@id":"https:\/\/kibrisdakik.com\/?p=99026#primaryimage","url":"https:\/\/kibrisdakik.com\/wp-content\/uploads\/2025\/11\/belcika-evsiz-aa-2169075.jpg","contentUrl":"https:\/\/kibrisdakik.com\/wp-content\/uploads\/2025\/11\/belcika-evsiz-aa-2169075.jpg","width":1280,"height":720},{"@type":"BreadcrumbList","@id":"https:\/\/kibrisdakik.com\/?p=99026#breadcrumb","itemListElement":[{"@type":"ListItem","position":1,"name":"Home","item":"https:\/\/kibrisdakik.com\/"},{"@type":"ListItem","position":2,"name":"\u0130ngilterede evsizlik krizi keskin \u015fekilde artt\u0131: Yerel y\u00f6netimler m\u00fccadele edemiyor"}]},{"@type":"WebSite","@id":"https:\/\/kibrisdakik.com\/#website","url":"https:\/\/kibrisdakik.com\/","name":"","description":"Tam vaktinde haber","potentialAction":[{"@type":"SearchAction","target":{"@type":"EntryPoint","urlTemplate":"https:\/\/kibrisdakik.com\/?s={search_term_string}"},"query-input":{"@type":"PropertyValueSpecification","valueRequired":true,"valueName":"search_term_string"}}],"inLanguage":"tr"},{"@type":"Person","@id":"https:\/\/kibrisdakik.com\/#\/schema\/person\/9cd9d437bbb44f72b73ba127e06d8e79","name":"admin","image":{"@type":"ImageObject","inLanguage":"tr","@id":"https:\/\/secure.gravatar.com\/avatar\/ccc17943b9d660506c869530f897617f7cb1c21a4bf30023f252596d83e1f007?s=96&d=mm&r=g","url":"https:\/\/secure.gravatar.com\/avatar\/ccc17943b9d660506c869530f897617f7cb1c21a4bf30023f252596d83e1f007?s=96&d=mm&r=g","contentUrl":"https:\/\/secure.gravatar.com\/avatar\/ccc17943b9d660506c869530f897617f7cb1c21a4bf30023f252596d83e1f007?s=96&d=mm&r=g","caption":"admin"},"sameAs":["https:\/\/kibrisdakik.com"],"url":"https:\/\/kibrisdakik.com\/?author=1"}]}},"_links":{"self":[{"href":"https:\/\/kibrisdakik.com\/index.php?rest_route=\/wp\/v2\/posts\/99026","targetHints":{"allow":["GET"]}}],"collection":[{"href":"https:\/\/kibrisdakik.com\/index.php?rest_route=\/wp\/v2\/posts"}],"about":[{"href":"https:\/\/kibrisdakik.com\/index.php?rest_route=\/wp\/v2\/types\/post"}],"author":[{"embeddable":true,"href":"https:\/\/kibrisdakik.com\/index.php?rest_route=\/wp\/v2\/users\/1"}],"replies":[{"embeddable":true,"href":"https:\/\/kibrisdakik.com\/index.php?rest_route=%2Fwp%2Fv2%2Fcomments&post=99026"}],"version-history":[{"count":0,"href":"https:\/\/kibrisdakik.com\/index.php?rest_route=\/wp\/v2\/posts\/99026\/revisions"}],"wp:featuredmedia":[{"embeddable":true,"href":"https:\/\/kibrisdakik.com\/index.php?rest_route=\/wp\/v2\/media\/99027"}],"wp:attachment":[{"href":"https:\/\/kibrisdakik.com\/index.php?rest_route=%2Fwp%2Fv2%2Fmedia&parent=99026"}],"wp:term":[{"taxonomy":"category","embeddable":true,"href":"https:\/\/kibrisdakik.com\/index.php?rest_route=%2Fwp%2Fv2%2Fcategories&post=99026"},{"taxonomy":"post_tag","embeddable":true,"href":"https:\/\/kibrisdakik.com\/index.php?rest_route=%2Fwp%2Fv2%2Ftags&post=99026"}],"curies":[{"name":"wp","href":"https:\/\/api.w.org\/{rel}","templated":true}]}}