{"id":99048,"date":"2025-11-11T10:02:10","date_gmt":"2025-11-11T08:02:10","guid":{"rendered":"https:\/\/kibrisdakik.com\/index.php\/2025\/11\/11\/doga-kolejinde-10-kasim-nedeniyle-toren-duzenlendi\/"},"modified":"2025-11-11T10:02:10","modified_gmt":"2025-11-11T08:02:10","slug":"doga-kolejinde-10-kasim-nedeniyle-toren-duzenlendi","status":"publish","type":"post","link":"https:\/\/kibrisdakik.com\/?p=99048","title":{"rendered":"DO\u011eA KOLEJ\u0130&#8217;NDE 10 KASIM NEDEN\u0130YLE T\u00d6REN D\u00dcZENLEND\u0130"},"content":{"rendered":"<p><\/p>\n<div data-text-id=\"189146\" property=\"articleBody\">\n<p>Do\u011fu Akdeniz Do\u011fa \u0130lkokulu ve Anaokulu, T\u00fcrkiye Cumhuriyeti\u2019nin kurucusu ve Ba\u015f\u00f6\u011fretmen Mustafa Kemal Atat\u00fcrk\u2019\u00fc, \u00f6l\u00fcm\u00fcn\u00fcn 87\u2019nci y\u0131l d\u00f6n\u00fcm\u00fcnde d\u00fczenledi\u011fi t\u00f6renle and\u0131.<\/p>\n<p data-end=\"453\" data-start=\"243\">T\u00f6ren, Okul M\u00fcd\u00fcr\u00fc \u015eansel F\u0131rt\u0131naer ve Okul Konseyi \u00f6\u011frencilerinin Atat\u00fcrk b\u00fcst\u00fcne \u00e7elenk koymas\u0131yla ba\u015flad\u0131. F\u0131rt\u0131naer konu\u015fmas\u0131nda, Atat\u00fcrk ilke ve devrimlerinin her zaman savunucusu olacaklar\u0131n\u0131 vurgulad\u0131.<img loading=\"lazy\" decoding=\"async\" height=\"431\" src=\"https:\/\/mhahabercom.teimg.com\/mhahaber-com\/uploads\/2025\/11\/5-493.png\" width=\"706\"\/><\/p>\n<p data-end=\"672\" data-is-last-node=\"\" data-is-only-node=\"\" data-start=\"455\">\u00d6\u011frencilerin sundu\u011fu pandomim g\u00f6sterisi duygusal anlara sahne olurken, okul korosu Atat\u00fcrk\u2019\u00fc anma temal\u0131 \u015fark\u0131lar seslendirdi. T\u00f6ren, \u00f6\u011frencilerin \u00f6\u011fretmenleri e\u015fli\u011finde Atat\u00fcrk b\u00fcst\u00fcne \u00e7i\u00e7ek b\u0131rakmalar\u0131yla sona erdi. <strong>(MHA)<\/strong><\/p>\n<\/p><\/div>\n","protected":false},"excerpt":{"rendered":"<p>Do\u011fu Akdeniz Do\u011fa \u0130lkokulu ve Anaokulu, T\u00fcrkiye Cumhuriyeti\u2019nin kurucusu ve Ba\u015f\u00f6\u011fretmen Mustafa Kemal Atat\u00fcrk\u2019\u00fc, \u00f6l\u00fcm\u00fcn\u00fcn 87\u2019nci y\u0131l d\u00f6n\u00fcm\u00fcnde d\u00fczenledi\u011fi t\u00f6renle and\u0131. T\u00f6ren, Okul M\u00fcd\u00fcr\u00fc \u015eansel F\u0131rt\u0131naer ve Okul Konseyi \u00f6\u011frencilerinin Atat\u00fcrk b\u00fcst\u00fcne \u00e7elenk koymas\u0131yla ba\u015flad\u0131. F\u0131rt\u0131naer konu\u015fmas\u0131nda, Atat\u00fcrk ilke ve devrimlerinin her zaman savunucusu olacaklar\u0131n\u0131 vurgulad\u0131. \u00d6\u011frencilerin sundu\u011fu pandomim g\u00f6sterisi duygusal anlara sahne olurken, okul<\/p>\n","protected":false},"author":1,"featured_media":99049,"comment_status":"open","ping_status":"open","sticky":false,"template":"","format":"standard","meta":{"footnotes":""},"categories":[81],"tags":[],"class_list":["post-99048","post","type-post","status-publish","format-standard","has-post-thumbnail","hentry","category-kibris"],"yoast_head":"<!-- This site is optimized with the Yoast SEO plugin v27.5 - https:\/\/yoast.com\/product\/yoast-seo-wordpress\/ -->\n<title>DO\u011eA KOLEJ\u0130&#039;NDE 10 KASIM NEDEN\u0130YLE T\u00d6REN D\u00dcZENLEND\u0130 -<\/title>\n<meta name=\"robots\" content=\"index, follow, max-snippet:-1, max-image-preview:large, max-video-preview:-1\" \/>\n<link rel=\"canonical\" href=\"https:\/\/kibrisdakik.com\/?p=99048\" \/>\n<meta property=\"og:locale\" content=\"tr_TR\" \/>\n<meta property=\"og:type\" content=\"article\" \/>\n<meta property=\"og:title\" content=\"DO\u011eA KOLEJ\u0130&#039;NDE 10 KASIM NEDEN\u0130YLE T\u00d6REN D\u00dcZENLEND\u0130 -\" \/>\n<meta property=\"og:description\" content=\"Do\u011fu Akdeniz Do\u011fa \u0130lkokulu ve Anaokulu, T\u00fcrkiye Cumhuriyeti\u2019nin kurucusu ve Ba\u015f\u00f6\u011fretmen Mustafa Kemal Atat\u00fcrk\u2019\u00fc, \u00f6l\u00fcm\u00fcn\u00fcn 87\u2019nci y\u0131l d\u00f6n\u00fcm\u00fcnde d\u00fczenledi\u011fi t\u00f6renle and\u0131. T\u00f6ren, Okul M\u00fcd\u00fcr\u00fc \u015eansel F\u0131rt\u0131naer ve Okul Konseyi \u00f6\u011frencilerinin Atat\u00fcrk b\u00fcst\u00fcne \u00e7elenk koymas\u0131yla ba\u015flad\u0131. F\u0131rt\u0131naer konu\u015fmas\u0131nda, Atat\u00fcrk ilke ve devrimlerinin her zaman savunucusu olacaklar\u0131n\u0131 vurgulad\u0131. \u00d6\u011frencilerin sundu\u011fu pandomim g\u00f6sterisi duygusal anlara sahne olurken, okul\" \/>\n<meta property=\"og:url\" content=\"https:\/\/kibrisdakik.com\/?p=99048\" \/>\n<meta property=\"article:published_time\" content=\"2025-11-11T08:02:10+00:00\" \/>\n<meta property=\"og:image\" content=\"https:\/\/kibrisdakik.com\/wp-content\/uploads\/2025\/11\/mha-sari-beyaz-720.png\" \/>\n\t<meta property=\"og:image:width\" content=\"1280\" \/>\n\t<meta property=\"og:image:height\" content=\"720\" \/>\n\t<meta property=\"og:image:type\" content=\"image\/png\" \/>\n<meta name=\"author\" content=\"admin\" \/>\n<meta name=\"twitter:card\" content=\"summary_large_image\" \/>\n<meta name=\"twitter:label1\" content=\"Yazan:\" \/>\n\t<meta name=\"twitter:data1\" content=\"admin\" \/>\n\t<meta name=\"twitter:label2\" content=\"Tahmini okuma s\u00fcresi\" \/>\n\t<meta name=\"twitter:data2\" content=\"1 dakika\" \/>\n<script type=\"application\/ld+json\" class=\"yoast-schema-graph\">{\"@context\":\"https:\\\/\\\/schema.org\",\"@graph\":[{\"@type\":\"Article\",\"@id\":\"https:\\\/\\\/kibrisdakik.com\\\/?p=99048#article\",\"isPartOf\":{\"@id\":\"https:\\\/\\\/kibrisdakik.com\\\/?p=99048\"},\"author\":{\"name\":\"admin\",\"@id\":\"https:\\\/\\\/kibrisdakik.com\\\/#\\\/schema\\\/person\\\/9cd9d437bbb44f72b73ba127e06d8e79\"},\"headline\":\"DO\u011eA KOLEJ\u0130&#8217;NDE 10 KASIM NEDEN\u0130YLE T\u00d6REN D\u00dcZENLEND\u0130\",\"datePublished\":\"2025-11-11T08:02:10+00:00\",\"mainEntityOfPage\":{\"@id\":\"https:\\\/\\\/kibrisdakik.com\\\/?p=99048\"},\"wordCount\":128,\"commentCount\":0,\"image\":{\"@id\":\"https:\\\/\\\/kibrisdakik.com\\\/?p=99048#primaryimage\"},\"thumbnailUrl\":\"https:\\\/\\\/kibrisdakik.com\\\/wp-content\\\/uploads\\\/2025\\\/11\\\/mha-sari-beyaz-720.png\",\"articleSection\":[\"K\u0131br\u0131s\"],\"inLanguage\":\"tr\",\"potentialAction\":[{\"@type\":\"CommentAction\",\"name\":\"Comment\",\"target\":[\"https:\\\/\\\/kibrisdakik.com\\\/?p=99048#respond\"]}]},{\"@type\":\"WebPage\",\"@id\":\"https:\\\/\\\/kibrisdakik.com\\\/?p=99048\",\"url\":\"https:\\\/\\\/kibrisdakik.com\\\/?p=99048\",\"name\":\"DO\u011eA KOLEJ\u0130'NDE 10 KASIM NEDEN\u0130YLE T\u00d6REN D\u00dcZENLEND\u0130 -\",\"isPartOf\":{\"@id\":\"https:\\\/\\\/kibrisdakik.com\\\/#website\"},\"primaryImageOfPage\":{\"@id\":\"https:\\\/\\\/kibrisdakik.com\\\/?p=99048#primaryimage\"},\"image\":{\"@id\":\"https:\\\/\\\/kibrisdakik.com\\\/?p=99048#primaryimage\"},\"thumbnailUrl\":\"https:\\\/\\\/kibrisdakik.com\\\/wp-content\\\/uploads\\\/2025\\\/11\\\/mha-sari-beyaz-720.png\",\"datePublished\":\"2025-11-11T08:02:10+00:00\",\"author\":{\"@id\":\"https:\\\/\\\/kibrisdakik.com\\\/#\\\/schema\\\/person\\\/9cd9d437bbb44f72b73ba127e06d8e79\"},\"breadcrumb\":{\"@id\":\"https:\\\/\\\/kibrisdakik.com\\\/?p=99048#breadcrumb\"},\"inLanguage\":\"tr\",\"potentialAction\":[{\"@type\":\"ReadAction\",\"target\":[\"https:\\\/\\\/kibrisdakik.com\\\/?p=99048\"]}]},{\"@type\":\"ImageObject\",\"inLanguage\":\"tr\",\"@id\":\"https:\\\/\\\/kibrisdakik.com\\\/?p=99048#primaryimage\",\"url\":\"https:\\\/\\\/kibrisdakik.com\\\/wp-content\\\/uploads\\\/2025\\\/11\\\/mha-sari-beyaz-720.png\",\"contentUrl\":\"https:\\\/\\\/kibrisdakik.com\\\/wp-content\\\/uploads\\\/2025\\\/11\\\/mha-sari-beyaz-720.png\",\"width\":1280,\"height\":720},{\"@type\":\"BreadcrumbList\",\"@id\":\"https:\\\/\\\/kibrisdakik.com\\\/?p=99048#breadcrumb\",\"itemListElement\":[{\"@type\":\"ListItem\",\"position\":1,\"name\":\"Home\",\"item\":\"https:\\\/\\\/kibrisdakik.com\\\/\"},{\"@type\":\"ListItem\",\"position\":2,\"name\":\"DO\u011eA KOLEJ\u0130&#8217;NDE 10 KASIM NEDEN\u0130YLE T\u00d6REN D\u00dcZENLEND\u0130\"}]},{\"@type\":\"WebSite\",\"@id\":\"https:\\\/\\\/kibrisdakik.com\\\/#website\",\"url\":\"https:\\\/\\\/kibrisdakik.com\\\/\",\"name\":\"\",\"description\":\"Tam vaktinde haber\",\"potentialAction\":[{\"@type\":\"SearchAction\",\"target\":{\"@type\":\"EntryPoint\",\"urlTemplate\":\"https:\\\/\\\/kibrisdakik.com\\\/?s={search_term_string}\"},\"query-input\":{\"@type\":\"PropertyValueSpecification\",\"valueRequired\":true,\"valueName\":\"search_term_string\"}}],\"inLanguage\":\"tr\"},{\"@type\":\"Person\",\"@id\":\"https:\\\/\\\/kibrisdakik.com\\\/#\\\/schema\\\/person\\\/9cd9d437bbb44f72b73ba127e06d8e79\",\"name\":\"admin\",\"image\":{\"@type\":\"ImageObject\",\"inLanguage\":\"tr\",\"@id\":\"https:\\\/\\\/secure.gravatar.com\\\/avatar\\\/ccc17943b9d660506c869530f897617f7cb1c21a4bf30023f252596d83e1f007?s=96&d=mm&r=g\",\"url\":\"https:\\\/\\\/secure.gravatar.com\\\/avatar\\\/ccc17943b9d660506c869530f897617f7cb1c21a4bf30023f252596d83e1f007?s=96&d=mm&r=g\",\"contentUrl\":\"https:\\\/\\\/secure.gravatar.com\\\/avatar\\\/ccc17943b9d660506c869530f897617f7cb1c21a4bf30023f252596d83e1f007?s=96&d=mm&r=g\",\"caption\":\"admin\"},\"sameAs\":[\"https:\\\/\\\/kibrisdakik.com\"],\"url\":\"https:\\\/\\\/kibrisdakik.com\\\/?author=1\"}]}<\/script>\n<!-- \/ Yoast SEO plugin. -->","yoast_head_json":{"title":"DO\u011eA KOLEJ\u0130'NDE 10 KASIM NEDEN\u0130YLE T\u00d6REN D\u00dcZENLEND\u0130 -","robots":{"index":"index","follow":"follow","max-snippet":"max-snippet:-1","max-image-preview":"max-image-preview:large","max-video-preview":"max-video-preview:-1"},"canonical":"https:\/\/kibrisdakik.com\/?p=99048","og_locale":"tr_TR","og_type":"article","og_title":"DO\u011eA KOLEJ\u0130'NDE 10 KASIM NEDEN\u0130YLE T\u00d6REN D\u00dcZENLEND\u0130 -","og_description":"Do\u011fu Akdeniz Do\u011fa \u0130lkokulu ve Anaokulu, T\u00fcrkiye Cumhuriyeti\u2019nin kurucusu ve Ba\u015f\u00f6\u011fretmen Mustafa Kemal Atat\u00fcrk\u2019\u00fc, \u00f6l\u00fcm\u00fcn\u00fcn 87\u2019nci y\u0131l d\u00f6n\u00fcm\u00fcnde d\u00fczenledi\u011fi t\u00f6renle and\u0131. T\u00f6ren, Okul M\u00fcd\u00fcr\u00fc \u015eansel F\u0131rt\u0131naer ve Okul Konseyi \u00f6\u011frencilerinin Atat\u00fcrk b\u00fcst\u00fcne \u00e7elenk koymas\u0131yla ba\u015flad\u0131. F\u0131rt\u0131naer konu\u015fmas\u0131nda, Atat\u00fcrk ilke ve devrimlerinin her zaman savunucusu olacaklar\u0131n\u0131 vurgulad\u0131. \u00d6\u011frencilerin sundu\u011fu pandomim g\u00f6sterisi duygusal anlara sahne olurken, okul","og_url":"https:\/\/kibrisdakik.com\/?p=99048","article_published_time":"2025-11-11T08:02:10+00:00","og_image":[{"width":1280,"height":720,"url":"https:\/\/kibrisdakik.com\/wp-content\/uploads\/2025\/11\/mha-sari-beyaz-720.png","type":"image\/png"}],"author":"admin","twitter_card":"summary_large_image","twitter_misc":{"Yazan:":"admin","Tahmini okuma s\u00fcresi":"1 dakika"},"schema":{"@context":"https:\/\/schema.org","@graph":[{"@type":"Article","@id":"https:\/\/kibrisdakik.com\/?p=99048#article","isPartOf":{"@id":"https:\/\/kibrisdakik.com\/?p=99048"},"author":{"name":"admin","@id":"https:\/\/kibrisdakik.com\/#\/schema\/person\/9cd9d437bbb44f72b73ba127e06d8e79"},"headline":"DO\u011eA KOLEJ\u0130&#8217;NDE 10 KASIM NEDEN\u0130YLE T\u00d6REN D\u00dcZENLEND\u0130","datePublished":"2025-11-11T08:02:10+00:00","mainEntityOfPage":{"@id":"https:\/\/kibrisdakik.com\/?p=99048"},"wordCount":128,"commentCount":0,"image":{"@id":"https:\/\/kibrisdakik.com\/?p=99048#primaryimage"},"thumbnailUrl":"https:\/\/kibrisdakik.com\/wp-content\/uploads\/2025\/11\/mha-sari-beyaz-720.png","articleSection":["K\u0131br\u0131s"],"inLanguage":"tr","potentialAction":[{"@type":"CommentAction","name":"Comment","target":["https:\/\/kibrisdakik.com\/?p=99048#respond"]}]},{"@type":"WebPage","@id":"https:\/\/kibrisdakik.com\/?p=99048","url":"https:\/\/kibrisdakik.com\/?p=99048","name":"DO\u011eA KOLEJ\u0130'NDE 10 KASIM NEDEN\u0130YLE T\u00d6REN D\u00dcZENLEND\u0130 -","isPartOf":{"@id":"https:\/\/kibrisdakik.com\/#website"},"primaryImageOfPage":{"@id":"https:\/\/kibrisdakik.com\/?p=99048#primaryimage"},"image":{"@id":"https:\/\/kibrisdakik.com\/?p=99048#primaryimage"},"thumbnailUrl":"https:\/\/kibrisdakik.com\/wp-content\/uploads\/2025\/11\/mha-sari-beyaz-720.png","datePublished":"2025-11-11T08:02:10+00:00","author":{"@id":"https:\/\/kibrisdakik.com\/#\/schema\/person\/9cd9d437bbb44f72b73ba127e06d8e79"},"breadcrumb":{"@id":"https:\/\/kibrisdakik.com\/?p=99048#breadcrumb"},"inLanguage":"tr","potentialAction":[{"@type":"ReadAction","target":["https:\/\/kibrisdakik.com\/?p=99048"]}]},{"@type":"ImageObject","inLanguage":"tr","@id":"https:\/\/kibrisdakik.com\/?p=99048#primaryimage","url":"https:\/\/kibrisdakik.com\/wp-content\/uploads\/2025\/11\/mha-sari-beyaz-720.png","contentUrl":"https:\/\/kibrisdakik.com\/wp-content\/uploads\/2025\/11\/mha-sari-beyaz-720.png","width":1280,"height":720},{"@type":"BreadcrumbList","@id":"https:\/\/kibrisdakik.com\/?p=99048#breadcrumb","itemListElement":[{"@type":"ListItem","position":1,"name":"Home","item":"https:\/\/kibrisdakik.com\/"},{"@type":"ListItem","position":2,"name":"DO\u011eA KOLEJ\u0130&#8217;NDE 10 KASIM NEDEN\u0130YLE T\u00d6REN D\u00dcZENLEND\u0130"}]},{"@type":"WebSite","@id":"https:\/\/kibrisdakik.com\/#website","url":"https:\/\/kibrisdakik.com\/","name":"","description":"Tam vaktinde haber","potentialAction":[{"@type":"SearchAction","target":{"@type":"EntryPoint","urlTemplate":"https:\/\/kibrisdakik.com\/?s={search_term_string}"},"query-input":{"@type":"PropertyValueSpecification","valueRequired":true,"valueName":"search_term_string"}}],"inLanguage":"tr"},{"@type":"Person","@id":"https:\/\/kibrisdakik.com\/#\/schema\/person\/9cd9d437bbb44f72b73ba127e06d8e79","name":"admin","image":{"@type":"ImageObject","inLanguage":"tr","@id":"https:\/\/secure.gravatar.com\/avatar\/ccc17943b9d660506c869530f897617f7cb1c21a4bf30023f252596d83e1f007?s=96&d=mm&r=g","url":"https:\/\/secure.gravatar.com\/avatar\/ccc17943b9d660506c869530f897617f7cb1c21a4bf30023f252596d83e1f007?s=96&d=mm&r=g","contentUrl":"https:\/\/secure.gravatar.com\/avatar\/ccc17943b9d660506c869530f897617f7cb1c21a4bf30023f252596d83e1f007?s=96&d=mm&r=g","caption":"admin"},"sameAs":["https:\/\/kibrisdakik.com"],"url":"https:\/\/kibrisdakik.com\/?author=1"}]}},"_links":{"self":[{"href":"https:\/\/kibrisdakik.com\/index.php?rest_route=\/wp\/v2\/posts\/99048","targetHints":{"allow":["GET"]}}],"collection":[{"href":"https:\/\/kibrisdakik.com\/index.php?rest_route=\/wp\/v2\/posts"}],"about":[{"href":"https:\/\/kibrisdakik.com\/index.php?rest_route=\/wp\/v2\/types\/post"}],"author":[{"embeddable":true,"href":"https:\/\/kibrisdakik.com\/index.php?rest_route=\/wp\/v2\/users\/1"}],"replies":[{"embeddable":true,"href":"https:\/\/kibrisdakik.com\/index.php?rest_route=%2Fwp%2Fv2%2Fcomments&post=99048"}],"version-history":[{"count":0,"href":"https:\/\/kibrisdakik.com\/index.php?rest_route=\/wp\/v2\/posts\/99048\/revisions"}],"wp:featuredmedia":[{"embeddable":true,"href":"https:\/\/kibrisdakik.com\/index.php?rest_route=\/wp\/v2\/media\/99049"}],"wp:attachment":[{"href":"https:\/\/kibrisdakik.com\/index.php?rest_route=%2Fwp%2Fv2%2Fmedia&parent=99048"}],"wp:term":[{"taxonomy":"category","embeddable":true,"href":"https:\/\/kibrisdakik.com\/index.php?rest_route=%2Fwp%2Fv2%2Fcategories&post=99048"},{"taxonomy":"post_tag","embeddable":true,"href":"https:\/\/kibrisdakik.com\/index.php?rest_route=%2Fwp%2Fv2%2Ftags&post=99048"}],"curies":[{"name":"wp","href":"https:\/\/api.w.org\/{rel}","templated":true}]}}