{"id":99058,"date":"2025-11-11T10:49:09","date_gmt":"2025-11-11T08:49:09","guid":{"rendered":"https:\/\/kibrisdakik.com\/index.php\/2025\/11\/11\/filipinlerde-kalmaegi-tayfununda-hayatini-kaybedenlerin-sayisi-232ye-cikti\/"},"modified":"2025-11-11T10:49:09","modified_gmt":"2025-11-11T08:49:09","slug":"filipinlerde-kalmaegi-tayfununda-hayatini-kaybedenlerin-sayisi-232ye-cikti","status":"publish","type":"post","link":"https:\/\/kibrisdakik.com\/?p=99058","title":{"rendered":"Filipinler&#039;de Kalmaegi Tayfunu&#039;nda hayat\u0131n\u0131 kaybedenlerin say\u0131s\u0131 232&#039;ye \u00e7\u0131kt\u0131"},"content":{"rendered":"<p><\/p>\n<div class=\"news-content\">\n<p>\n\tFilipinler Haber Ajans\u0131n\u0131n (PNA) haberine g\u00f6re, Ulusal Afet Riskini Azaltma ve Y\u00f6netim Konseyi (NDRRMC), Kalmaegi Tayfunu&#8217;nun yol a\u00e7t\u0131\u011f\u0131 afet ve kazalara ili\u015fkin a\u00e7\u0131klama yapt\u0131.<\/p>\n<p>\n\tA\u00e7\u0131klamada, \u00fclke i\u00e7inde &#8220;Tino&#8221; olarak adland\u0131r\u0131lan Kalmaegi Tayfunu nedeniyle hayat\u0131n\u0131 kaybedenlerin say\u0131s\u0131n\u0131n 232&#8217;ye y\u00fckseldi\u011fi, 112 ki\u015finin kay\u0131p oldu\u011fu bildirildi.<\/p>\n<p>\n\tTayfun sebebiyle 523 ki\u015finin yaraland\u0131\u011f\u0131 belirtilen a\u00e7\u0131klamada, 134 bin 949 evin hasar g\u00f6rd\u00fc\u011f\u00fc, 20 bin 510 evin y\u0131k\u0131ld\u0131\u011f\u0131, tar\u0131m ve altyap\u0131 tesislerinin zarar g\u00f6rd\u00fc\u011f\u00fc kaydedildi.<\/p>\n<h2>\n\tFilipinler, Kalmaegi&#8217;nin ard\u0131ndan s\u00fcper tayfunla kar\u015f\u0131 kar\u015f\u0131ya<\/h2>\n<p>\n\tFilipinler&#8217;i etkisi alt\u0131na alan Fung-wong (Uwan) Tayfunu&#8217;nun yol a\u00e7t\u0131\u011f\u0131 sel ve toprak kaymalar\u0131nda ise hayat\u0131n\u0131 kaybedenlerin say\u0131s\u0131 18&#8217;e y\u00fckseldi.<\/p>\n<p>\n\tPolis, toprak kaymalar\u0131 sonucu Nueva Vizcaya b\u00f6lgesinde 3 \u00e7ocu\u011fun \u00f6ld\u00fc\u011f\u00fcn\u00fc, 4 ki\u015finin yaraland\u0131\u011f\u0131n\u0131, Kalinga b\u00f6lgesinde de 2 ki\u015finin hayat\u0131n\u0131 kaybetti\u011fini, 2 ki\u015finin kay\u0131p oldu\u011funu a\u00e7\u0131klad\u0131.<\/p>\n<p>\n\t1 milyon 400 binden fazla ki\u015finin g\u00fcvenli alanlara tahliye edildi\u011fini belirten yetkililer, yakla\u015f\u0131k 240 bin ki\u015finin geceyi s\u0131\u011f\u0131naklarda ge\u00e7irdi\u011fini ifade etti.<\/p>\n<p>\n\tYetkililer, en az 132 kuzey k\u00f6y\u00fcn\u00fcn sular alt\u0131nda kald\u0131\u011f\u0131n\u0131, 4 bin 100&#8217;den fazla evin de hasar g\u00f6rd\u00fc\u011f\u00fcn\u00fc aktard\u0131.<\/p>\n<p>\n\tSaatte 185 kilometre h\u0131zla &#8220;s\u00fcper tayfun&#8221; kategorisine ula\u015fan Fung-wong zay\u0131flayarak G\u00fcney \u00c7in Denizi&#8217;ne do\u011fru ilerliyor.<\/p>\n<p>\n\tKuzeyde tayfunun vurmas\u0131 beklenen b\u00f6lgelerde yetkililer bug\u00fcn okullar\u0131 ve \u00e7o\u011fu kamu kurumunu kapatma karar\u0131 ald\u0131.<\/p>\n<p>\n\tAyr\u0131ca 325 yurt i\u00e7i ve 61 uluslararas\u0131 u\u00e7u\u015f iptal edilirken, yetkililer f\u0131rt\u0131na nedeniyle dalga boyunun 3 metreyi a\u015fabilece\u011fi konusunda uyard\u0131.<\/p>\n<p>\n\tFilipinler Devlet Ba\u015fkan\u0131 Ferdinand Marcos Jr, 6 Kas\u0131m&#8217;da, afet m\u00fcdahale yetkilileriyle yapt\u0131\u011f\u0131 toplant\u0131da, tayfun nedeniyle &#8220;ulusal afet durumu&#8221; ilan edildi\u011fini bildirmi\u015fti.<\/p>\n<p>\n\tG\u00fcneydo\u011fu Asya \u00fclkesi Filipinler&#8217;i Kas\u0131m 2013&#8217;te vuran Haiyan Tayfunu&#8217;nda 7 bin 300&#8217;den fazla ki\u015fi ya\u015fam\u0131n\u0131 yitirmi\u015fti.<\/p>\n<div class=\"news-tags\">\n<div class=\"title\">ET\u0130KETLER<\/div>\n<div class=\"tags\">\n                                                                            Filipinler\n                                                                    <\/div>\n<\/p><\/div>\n<\/p><\/div>\n","protected":false},"excerpt":{"rendered":"<p>Filipinler Haber Ajans\u0131n\u0131n (PNA) haberine g\u00f6re, Ulusal Afet Riskini Azaltma ve Y\u00f6netim Konseyi (NDRRMC), Kalmaegi Tayfunu&#8217;nun yol a\u00e7t\u0131\u011f\u0131 afet ve kazalara ili\u015fkin a\u00e7\u0131klama yapt\u0131. A\u00e7\u0131klamada, \u00fclke i\u00e7inde &#8220;Tino&#8221; olarak adland\u0131r\u0131lan Kalmaegi Tayfunu nedeniyle hayat\u0131n\u0131 kaybedenlerin say\u0131s\u0131n\u0131n 232&#8217;ye y\u00fckseldi\u011fi, 112 ki\u015finin kay\u0131p oldu\u011fu bildirildi. Tayfun sebebiyle 523 ki\u015finin yaraland\u0131\u011f\u0131 belirtilen a\u00e7\u0131klamada, 134 bin 949 evin hasar<\/p>\n","protected":false},"author":1,"featured_media":98753,"comment_status":"open","ping_status":"open","sticky":false,"template":"","format":"standard","meta":{"footnotes":""},"categories":[306],"tags":[],"class_list":["post-99058","post","type-post","status-publish","format-standard","has-post-thumbnail","hentry","category-dunya"],"yoast_head":"<!-- This site is optimized with the Yoast SEO plugin v27.5 - https:\/\/yoast.com\/product\/yoast-seo-wordpress\/ -->\n<title>Filipinler&#039;de Kalmaegi Tayfunu&#039;nda hayat\u0131n\u0131 kaybedenlerin say\u0131s\u0131 232&#039;ye \u00e7\u0131kt\u0131 -<\/title>\n<meta name=\"robots\" content=\"index, follow, max-snippet:-1, max-image-preview:large, max-video-preview:-1\" \/>\n<link rel=\"canonical\" href=\"https:\/\/kibrisdakik.com\/?p=99058\" \/>\n<meta property=\"og:locale\" content=\"tr_TR\" \/>\n<meta property=\"og:type\" content=\"article\" \/>\n<meta property=\"og:title\" content=\"Filipinler&#039;de Kalmaegi Tayfunu&#039;nda hayat\u0131n\u0131 kaybedenlerin say\u0131s\u0131 232&#039;ye \u00e7\u0131kt\u0131 -\" \/>\n<meta property=\"og:description\" content=\"Filipinler Haber Ajans\u0131n\u0131n (PNA) haberine g\u00f6re, Ulusal Afet Riskini Azaltma ve Y\u00f6netim Konseyi (NDRRMC), Kalmaegi Tayfunu&#8217;nun yol a\u00e7t\u0131\u011f\u0131 afet ve kazalara ili\u015fkin a\u00e7\u0131klama yapt\u0131. A\u00e7\u0131klamada, \u00fclke i\u00e7inde &#8220;Tino&#8221; olarak adland\u0131r\u0131lan Kalmaegi Tayfunu nedeniyle hayat\u0131n\u0131 kaybedenlerin say\u0131s\u0131n\u0131n 232&#8217;ye y\u00fckseldi\u011fi, 112 ki\u015finin kay\u0131p oldu\u011fu bildirildi. Tayfun sebebiyle 523 ki\u015finin yaraland\u0131\u011f\u0131 belirtilen a\u00e7\u0131klamada, 134 bin 949 evin hasar\" \/>\n<meta property=\"og:url\" content=\"https:\/\/kibrisdakik.com\/?p=99058\" \/>\n<meta property=\"article:published_time\" content=\"2025-11-11T08:49:09+00:00\" \/>\n<meta property=\"og:image\" content=\"https:\/\/kibrisdakik.com\/wp-content\/uploads\/2025\/11\/filipinler-tayfun-a-2414566.jpg\" \/>\n\t<meta property=\"og:image:width\" content=\"1280\" \/>\n\t<meta property=\"og:image:height\" content=\"720\" \/>\n\t<meta property=\"og:image:type\" content=\"image\/jpeg\" \/>\n<meta name=\"author\" content=\"admin\" \/>\n<meta name=\"twitter:card\" content=\"summary_large_image\" \/>\n<meta name=\"twitter:label1\" content=\"Yazan:\" \/>\n\t<meta name=\"twitter:data1\" content=\"admin\" \/>\n\t<meta name=\"twitter:label2\" content=\"Tahmini okuma s\u00fcresi\" \/>\n\t<meta name=\"twitter:data2\" content=\"2 dakika\" \/>\n<script type=\"application\/ld+json\" class=\"yoast-schema-graph\">{\"@context\":\"https:\\\/\\\/schema.org\",\"@graph\":[{\"@type\":\"Article\",\"@id\":\"https:\\\/\\\/kibrisdakik.com\\\/?p=99058#article\",\"isPartOf\":{\"@id\":\"https:\\\/\\\/kibrisdakik.com\\\/?p=99058\"},\"author\":{\"name\":\"admin\",\"@id\":\"https:\\\/\\\/kibrisdakik.com\\\/#\\\/schema\\\/person\\\/9cd9d437bbb44f72b73ba127e06d8e79\"},\"headline\":\"Filipinler&#039;de Kalmaegi Tayfunu&#039;nda hayat\u0131n\u0131 kaybedenlerin say\u0131s\u0131 232&#039;ye \u00e7\u0131kt\u0131\",\"datePublished\":\"2025-11-11T08:49:09+00:00\",\"mainEntityOfPage\":{\"@id\":\"https:\\\/\\\/kibrisdakik.com\\\/?p=99058\"},\"wordCount\":332,\"commentCount\":0,\"image\":{\"@id\":\"https:\\\/\\\/kibrisdakik.com\\\/?p=99058#primaryimage\"},\"thumbnailUrl\":\"https:\\\/\\\/kibrisdakik.com\\\/wp-content\\\/uploads\\\/2025\\\/11\\\/filipinler-tayfun-a-2414566.jpg\",\"articleSection\":[\"D\u00fcnya\"],\"inLanguage\":\"tr\",\"potentialAction\":[{\"@type\":\"CommentAction\",\"name\":\"Comment\",\"target\":[\"https:\\\/\\\/kibrisdakik.com\\\/?p=99058#respond\"]}]},{\"@type\":\"WebPage\",\"@id\":\"https:\\\/\\\/kibrisdakik.com\\\/?p=99058\",\"url\":\"https:\\\/\\\/kibrisdakik.com\\\/?p=99058\",\"name\":\"Filipinler&#039;de Kalmaegi Tayfunu&#039;nda hayat\u0131n\u0131 kaybedenlerin say\u0131s\u0131 232&#039;ye \u00e7\u0131kt\u0131 -\",\"isPartOf\":{\"@id\":\"https:\\\/\\\/kibrisdakik.com\\\/#website\"},\"primaryImageOfPage\":{\"@id\":\"https:\\\/\\\/kibrisdakik.com\\\/?p=99058#primaryimage\"},\"image\":{\"@id\":\"https:\\\/\\\/kibrisdakik.com\\\/?p=99058#primaryimage\"},\"thumbnailUrl\":\"https:\\\/\\\/kibrisdakik.com\\\/wp-content\\\/uploads\\\/2025\\\/11\\\/filipinler-tayfun-a-2414566.jpg\",\"datePublished\":\"2025-11-11T08:49:09+00:00\",\"author\":{\"@id\":\"https:\\\/\\\/kibrisdakik.com\\\/#\\\/schema\\\/person\\\/9cd9d437bbb44f72b73ba127e06d8e79\"},\"breadcrumb\":{\"@id\":\"https:\\\/\\\/kibrisdakik.com\\\/?p=99058#breadcrumb\"},\"inLanguage\":\"tr\",\"potentialAction\":[{\"@type\":\"ReadAction\",\"target\":[\"https:\\\/\\\/kibrisdakik.com\\\/?p=99058\"]}]},{\"@type\":\"ImageObject\",\"inLanguage\":\"tr\",\"@id\":\"https:\\\/\\\/kibrisdakik.com\\\/?p=99058#primaryimage\",\"url\":\"https:\\\/\\\/kibrisdakik.com\\\/wp-content\\\/uploads\\\/2025\\\/11\\\/filipinler-tayfun-a-2414566.jpg\",\"contentUrl\":\"https:\\\/\\\/kibrisdakik.com\\\/wp-content\\\/uploads\\\/2025\\\/11\\\/filipinler-tayfun-a-2414566.jpg\",\"width\":1280,\"height\":720},{\"@type\":\"BreadcrumbList\",\"@id\":\"https:\\\/\\\/kibrisdakik.com\\\/?p=99058#breadcrumb\",\"itemListElement\":[{\"@type\":\"ListItem\",\"position\":1,\"name\":\"Home\",\"item\":\"https:\\\/\\\/kibrisdakik.com\\\/\"},{\"@type\":\"ListItem\",\"position\":2,\"name\":\"Filipinler&#039;de Kalmaegi Tayfunu&#039;nda hayat\u0131n\u0131 kaybedenlerin say\u0131s\u0131 232&#039;ye \u00e7\u0131kt\u0131\"}]},{\"@type\":\"WebSite\",\"@id\":\"https:\\\/\\\/kibrisdakik.com\\\/#website\",\"url\":\"https:\\\/\\\/kibrisdakik.com\\\/\",\"name\":\"\",\"description\":\"Tam vaktinde haber\",\"potentialAction\":[{\"@type\":\"SearchAction\",\"target\":{\"@type\":\"EntryPoint\",\"urlTemplate\":\"https:\\\/\\\/kibrisdakik.com\\\/?s={search_term_string}\"},\"query-input\":{\"@type\":\"PropertyValueSpecification\",\"valueRequired\":true,\"valueName\":\"search_term_string\"}}],\"inLanguage\":\"tr\"},{\"@type\":\"Person\",\"@id\":\"https:\\\/\\\/kibrisdakik.com\\\/#\\\/schema\\\/person\\\/9cd9d437bbb44f72b73ba127e06d8e79\",\"name\":\"admin\",\"image\":{\"@type\":\"ImageObject\",\"inLanguage\":\"tr\",\"@id\":\"https:\\\/\\\/secure.gravatar.com\\\/avatar\\\/ccc17943b9d660506c869530f897617f7cb1c21a4bf30023f252596d83e1f007?s=96&d=mm&r=g\",\"url\":\"https:\\\/\\\/secure.gravatar.com\\\/avatar\\\/ccc17943b9d660506c869530f897617f7cb1c21a4bf30023f252596d83e1f007?s=96&d=mm&r=g\",\"contentUrl\":\"https:\\\/\\\/secure.gravatar.com\\\/avatar\\\/ccc17943b9d660506c869530f897617f7cb1c21a4bf30023f252596d83e1f007?s=96&d=mm&r=g\",\"caption\":\"admin\"},\"sameAs\":[\"https:\\\/\\\/kibrisdakik.com\"],\"url\":\"https:\\\/\\\/kibrisdakik.com\\\/?author=1\"}]}<\/script>\n<!-- \/ Yoast SEO plugin. -->","yoast_head_json":{"title":"Filipinler&#039;de Kalmaegi Tayfunu&#039;nda hayat\u0131n\u0131 kaybedenlerin say\u0131s\u0131 232&#039;ye \u00e7\u0131kt\u0131 -","robots":{"index":"index","follow":"follow","max-snippet":"max-snippet:-1","max-image-preview":"max-image-preview:large","max-video-preview":"max-video-preview:-1"},"canonical":"https:\/\/kibrisdakik.com\/?p=99058","og_locale":"tr_TR","og_type":"article","og_title":"Filipinler&#039;de Kalmaegi Tayfunu&#039;nda hayat\u0131n\u0131 kaybedenlerin say\u0131s\u0131 232&#039;ye \u00e7\u0131kt\u0131 -","og_description":"Filipinler Haber Ajans\u0131n\u0131n (PNA) haberine g\u00f6re, Ulusal Afet Riskini Azaltma ve Y\u00f6netim Konseyi (NDRRMC), Kalmaegi Tayfunu&#8217;nun yol a\u00e7t\u0131\u011f\u0131 afet ve kazalara ili\u015fkin a\u00e7\u0131klama yapt\u0131. A\u00e7\u0131klamada, \u00fclke i\u00e7inde &#8220;Tino&#8221; olarak adland\u0131r\u0131lan Kalmaegi Tayfunu nedeniyle hayat\u0131n\u0131 kaybedenlerin say\u0131s\u0131n\u0131n 232&#8217;ye y\u00fckseldi\u011fi, 112 ki\u015finin kay\u0131p oldu\u011fu bildirildi. Tayfun sebebiyle 523 ki\u015finin yaraland\u0131\u011f\u0131 belirtilen a\u00e7\u0131klamada, 134 bin 949 evin hasar","og_url":"https:\/\/kibrisdakik.com\/?p=99058","article_published_time":"2025-11-11T08:49:09+00:00","og_image":[{"width":1280,"height":720,"url":"https:\/\/kibrisdakik.com\/wp-content\/uploads\/2025\/11\/filipinler-tayfun-a-2414566.jpg","type":"image\/jpeg"}],"author":"admin","twitter_card":"summary_large_image","twitter_misc":{"Yazan:":"admin","Tahmini okuma s\u00fcresi":"2 dakika"},"schema":{"@context":"https:\/\/schema.org","@graph":[{"@type":"Article","@id":"https:\/\/kibrisdakik.com\/?p=99058#article","isPartOf":{"@id":"https:\/\/kibrisdakik.com\/?p=99058"},"author":{"name":"admin","@id":"https:\/\/kibrisdakik.com\/#\/schema\/person\/9cd9d437bbb44f72b73ba127e06d8e79"},"headline":"Filipinler&#039;de Kalmaegi Tayfunu&#039;nda hayat\u0131n\u0131 kaybedenlerin say\u0131s\u0131 232&#039;ye \u00e7\u0131kt\u0131","datePublished":"2025-11-11T08:49:09+00:00","mainEntityOfPage":{"@id":"https:\/\/kibrisdakik.com\/?p=99058"},"wordCount":332,"commentCount":0,"image":{"@id":"https:\/\/kibrisdakik.com\/?p=99058#primaryimage"},"thumbnailUrl":"https:\/\/kibrisdakik.com\/wp-content\/uploads\/2025\/11\/filipinler-tayfun-a-2414566.jpg","articleSection":["D\u00fcnya"],"inLanguage":"tr","potentialAction":[{"@type":"CommentAction","name":"Comment","target":["https:\/\/kibrisdakik.com\/?p=99058#respond"]}]},{"@type":"WebPage","@id":"https:\/\/kibrisdakik.com\/?p=99058","url":"https:\/\/kibrisdakik.com\/?p=99058","name":"Filipinler&#039;de Kalmaegi Tayfunu&#039;nda hayat\u0131n\u0131 kaybedenlerin say\u0131s\u0131 232&#039;ye \u00e7\u0131kt\u0131 -","isPartOf":{"@id":"https:\/\/kibrisdakik.com\/#website"},"primaryImageOfPage":{"@id":"https:\/\/kibrisdakik.com\/?p=99058#primaryimage"},"image":{"@id":"https:\/\/kibrisdakik.com\/?p=99058#primaryimage"},"thumbnailUrl":"https:\/\/kibrisdakik.com\/wp-content\/uploads\/2025\/11\/filipinler-tayfun-a-2414566.jpg","datePublished":"2025-11-11T08:49:09+00:00","author":{"@id":"https:\/\/kibrisdakik.com\/#\/schema\/person\/9cd9d437bbb44f72b73ba127e06d8e79"},"breadcrumb":{"@id":"https:\/\/kibrisdakik.com\/?p=99058#breadcrumb"},"inLanguage":"tr","potentialAction":[{"@type":"ReadAction","target":["https:\/\/kibrisdakik.com\/?p=99058"]}]},{"@type":"ImageObject","inLanguage":"tr","@id":"https:\/\/kibrisdakik.com\/?p=99058#primaryimage","url":"https:\/\/kibrisdakik.com\/wp-content\/uploads\/2025\/11\/filipinler-tayfun-a-2414566.jpg","contentUrl":"https:\/\/kibrisdakik.com\/wp-content\/uploads\/2025\/11\/filipinler-tayfun-a-2414566.jpg","width":1280,"height":720},{"@type":"BreadcrumbList","@id":"https:\/\/kibrisdakik.com\/?p=99058#breadcrumb","itemListElement":[{"@type":"ListItem","position":1,"name":"Home","item":"https:\/\/kibrisdakik.com\/"},{"@type":"ListItem","position":2,"name":"Filipinler&#039;de Kalmaegi Tayfunu&#039;nda hayat\u0131n\u0131 kaybedenlerin say\u0131s\u0131 232&#039;ye \u00e7\u0131kt\u0131"}]},{"@type":"WebSite","@id":"https:\/\/kibrisdakik.com\/#website","url":"https:\/\/kibrisdakik.com\/","name":"","description":"Tam vaktinde haber","potentialAction":[{"@type":"SearchAction","target":{"@type":"EntryPoint","urlTemplate":"https:\/\/kibrisdakik.com\/?s={search_term_string}"},"query-input":{"@type":"PropertyValueSpecification","valueRequired":true,"valueName":"search_term_string"}}],"inLanguage":"tr"},{"@type":"Person","@id":"https:\/\/kibrisdakik.com\/#\/schema\/person\/9cd9d437bbb44f72b73ba127e06d8e79","name":"admin","image":{"@type":"ImageObject","inLanguage":"tr","@id":"https:\/\/secure.gravatar.com\/avatar\/ccc17943b9d660506c869530f897617f7cb1c21a4bf30023f252596d83e1f007?s=96&d=mm&r=g","url":"https:\/\/secure.gravatar.com\/avatar\/ccc17943b9d660506c869530f897617f7cb1c21a4bf30023f252596d83e1f007?s=96&d=mm&r=g","contentUrl":"https:\/\/secure.gravatar.com\/avatar\/ccc17943b9d660506c869530f897617f7cb1c21a4bf30023f252596d83e1f007?s=96&d=mm&r=g","caption":"admin"},"sameAs":["https:\/\/kibrisdakik.com"],"url":"https:\/\/kibrisdakik.com\/?author=1"}]}},"_links":{"self":[{"href":"https:\/\/kibrisdakik.com\/index.php?rest_route=\/wp\/v2\/posts\/99058","targetHints":{"allow":["GET"]}}],"collection":[{"href":"https:\/\/kibrisdakik.com\/index.php?rest_route=\/wp\/v2\/posts"}],"about":[{"href":"https:\/\/kibrisdakik.com\/index.php?rest_route=\/wp\/v2\/types\/post"}],"author":[{"embeddable":true,"href":"https:\/\/kibrisdakik.com\/index.php?rest_route=\/wp\/v2\/users\/1"}],"replies":[{"embeddable":true,"href":"https:\/\/kibrisdakik.com\/index.php?rest_route=%2Fwp%2Fv2%2Fcomments&post=99058"}],"version-history":[{"count":0,"href":"https:\/\/kibrisdakik.com\/index.php?rest_route=\/wp\/v2\/posts\/99058\/revisions"}],"wp:featuredmedia":[{"embeddable":true,"href":"https:\/\/kibrisdakik.com\/index.php?rest_route=\/wp\/v2\/media\/98753"}],"wp:attachment":[{"href":"https:\/\/kibrisdakik.com\/index.php?rest_route=%2Fwp%2Fv2%2Fmedia&parent=99058"}],"wp:term":[{"taxonomy":"category","embeddable":true,"href":"https:\/\/kibrisdakik.com\/index.php?rest_route=%2Fwp%2Fv2%2Fcategories&post=99058"},{"taxonomy":"post_tag","embeddable":true,"href":"https:\/\/kibrisdakik.com\/index.php?rest_route=%2Fwp%2Fv2%2Ftags&post=99058"}],"curies":[{"name":"wp","href":"https:\/\/api.w.org\/{rel}","templated":true}]}}