{"id":99061,"date":"2025-11-11T11:10:58","date_gmt":"2025-11-11T09:10:58","guid":{"rendered":"https:\/\/kibrisdakik.com\/index.php\/2025\/11\/11\/hamas-idam-yasasi-filistinli-tutuklulara-yonelik-toplu-cinayet-girisimi\/"},"modified":"2025-11-11T11:10:58","modified_gmt":"2025-11-11T09:10:58","slug":"hamas-idam-yasasi-filistinli-tutuklulara-yonelik-toplu-cinayet-girisimi","status":"publish","type":"post","link":"https:\/\/kibrisdakik.com\/?p=99061","title":{"rendered":"Hamas: \u0130dam yasas\u0131 Filistinli tutuklulara y\u00f6nelik toplu cinayet giri\u015fimi"},"content":{"rendered":"<p><\/p>\n<div class=\"news-content\">\n<p>\n\tHamas\u2019tan yap\u0131lan yaz\u0131l\u0131 a\u00e7\u0131klamada, s\u00f6z konusu tasar\u0131n\u0131n kabul edilmesinin, &#8220;Filistinlilere y\u00f6nelik planl\u0131 toplu cinayeti me\u015frula\u015ft\u0131rma giri\u015fimi ve \u0130srail h\u00fck\u00fcmetinin \u0131rk\u00e7\u0131, su\u00e7 odakl\u0131 politikas\u0131n\u0131n bir uzant\u0131s\u0131&#8221; oldu\u011fu vurguland\u0131.<\/p>\n<p>\n\tA\u00e7\u0131klamada, &#8220;Tasar\u0131, i\u015fgal alt\u0131ndaki Filistin halk\u0131na y\u00f6nelik organize \u015fekilde kitlesel \u00f6ld\u00fcrmeyi me\u015frula\u015ft\u0131rma giri\u015fimidir.&#8221; ifadeleri kullan\u0131ld\u0131.<\/p>\n<p>\n\tTasar\u0131n\u0131n d\u00fcnya kamuoyunun g\u00f6z\u00fc \u00f6n\u00fcnde ge\u00e7irilmesinin &#8220;fa\u015fist ve sadist bir tutum&#8221; oldu\u011fu belirtilen a\u00e7\u0131klamada, bunun uluslararas\u0131 hukuk ve insan haklar\u0131 normlar\u0131n\u0131n, \u00f6zellikle uluslararas\u0131 insanc\u0131l hukukun ihlali anlam\u0131na geldi\u011fi kaydedildi.<\/p>\n<p>\n\tHamas a\u00e7\u0131klamas\u0131nda, uluslararas\u0131 toplum, Birle\u015fmi\u015f Milletler ve t\u00fcm insan haklar\u0131 \u00f6rg\u00fctlerine &#8220;bu tehlikeli ve \u0131rk\u00e7\u0131 i\u015fgal yasas\u0131n\u0131&#8221; k\u0131nama, \u0130srail\u2019e cayd\u0131r\u0131c\u0131 yapt\u0131r\u0131mlar uygulama ve tasar\u0131n\u0131n geri \u00e7ekilmesi i\u00e7in bask\u0131 yapmalar\u0131 \u00e7a\u011f\u0131r\u0131s\u0131nda bulundu.<\/p>\n<p>\n\tA\u00e7\u0131klamada ayr\u0131ca, \u0130srail cezaevlerinde bulunan ve sistematik i\u015fkence ile k\u00f6t\u00fc muameleye maruz kalan tutuklular\u0131n durumunu incelemek \u00fczere uluslararas\u0131 ara\u015ft\u0131rma komisyonlar\u0131 kurulmas\u0131 talep edilerek bu i\u015fkenceler nedeniyle onlarca tutuklunun ya\u015fam\u0131n\u0131 yitirdi\u011fi hat\u0131rlat\u0131ld\u0131.<\/p>\n<p>\n\tFilistinli tutuklulara idam cezas\u0131 verilmesini i\u00e7eren yasa tasar\u0131s\u0131n\u0131n ilk oylamas\u0131 d\u00fcn \u0130srail Meclisinde yap\u0131ld\u0131. Yasa tasar\u0131s\u0131n\u0131n ilk oylamas\u0131 39 &#8220;evet&#8221; oyuna kar\u015f\u0131l\u0131k 16 &#8220;hay\u0131r&#8221; oyuyla Mecliste kabul edildi.<\/p>\n<p>\n\tS\u00f6z konusu tasar\u0131s\u0131n\u0131n kabul edilmesi i\u00e7in Meclisteki iki oylamadan daha ge\u00e7mesi gerekiyor.<\/p>\n<div class=\"news-tags\">\n<div class=\"title\">ET\u0130KETLER<\/div>\n<div class=\"tags\">\n                                                                            Hamas<br \/>\n                                                                            Filistin Devleti<br \/>\n                                                                            \u0130srail<br \/>\n                                                                            \u0130srail&#8217;in Gazze Soyk\u0131r\u0131m\u0131\n                                                                    <\/div>\n<\/p><\/div>\n<\/p><\/div>\n","protected":false},"excerpt":{"rendered":"<p>Hamas\u2019tan yap\u0131lan yaz\u0131l\u0131 a\u00e7\u0131klamada, s\u00f6z konusu tasar\u0131n\u0131n kabul edilmesinin, &#8220;Filistinlilere y\u00f6nelik planl\u0131 toplu cinayeti me\u015frula\u015ft\u0131rma giri\u015fimi ve \u0130srail h\u00fck\u00fcmetinin \u0131rk\u00e7\u0131, su\u00e7 odakl\u0131 politikas\u0131n\u0131n bir uzant\u0131s\u0131&#8221; oldu\u011fu vurguland\u0131. A\u00e7\u0131klamada, &#8220;Tasar\u0131, i\u015fgal alt\u0131ndaki Filistin halk\u0131na y\u00f6nelik organize \u015fekilde kitlesel \u00f6ld\u00fcrmeyi me\u015frula\u015ft\u0131rma giri\u015fimidir.&#8221; ifadeleri kullan\u0131ld\u0131. Tasar\u0131n\u0131n d\u00fcnya kamuoyunun g\u00f6z\u00fc \u00f6n\u00fcnde ge\u00e7irilmesinin &#8220;fa\u015fist ve sadist bir tutum&#8221; oldu\u011fu belirtilen<\/p>\n","protected":false},"author":1,"featured_media":99062,"comment_status":"open","ping_status":"open","sticky":false,"template":"","format":"standard","meta":{"footnotes":""},"categories":[306],"tags":[],"class_list":["post-99061","post","type-post","status-publish","format-standard","has-post-thumbnail","hentry","category-dunya"],"yoast_head":"<!-- This site is optimized with the Yoast SEO plugin v27.5 - https:\/\/yoast.com\/product\/yoast-seo-wordpress\/ -->\n<title>Hamas: \u0130dam yasas\u0131 Filistinli tutuklulara y\u00f6nelik toplu cinayet giri\u015fimi -<\/title>\n<meta name=\"robots\" content=\"index, follow, max-snippet:-1, max-image-preview:large, max-video-preview:-1\" \/>\n<link rel=\"canonical\" href=\"https:\/\/kibrisdakik.com\/?p=99061\" \/>\n<meta property=\"og:locale\" content=\"tr_TR\" \/>\n<meta property=\"og:type\" content=\"article\" \/>\n<meta property=\"og:title\" content=\"Hamas: \u0130dam yasas\u0131 Filistinli tutuklulara y\u00f6nelik toplu cinayet giri\u015fimi -\" \/>\n<meta property=\"og:description\" content=\"Hamas\u2019tan yap\u0131lan yaz\u0131l\u0131 a\u00e7\u0131klamada, s\u00f6z konusu tasar\u0131n\u0131n kabul edilmesinin, &#8220;Filistinlilere y\u00f6nelik planl\u0131 toplu cinayeti me\u015frula\u015ft\u0131rma giri\u015fimi ve \u0130srail h\u00fck\u00fcmetinin \u0131rk\u00e7\u0131, su\u00e7 odakl\u0131 politikas\u0131n\u0131n bir uzant\u0131s\u0131&#8221; oldu\u011fu vurguland\u0131. A\u00e7\u0131klamada, &#8220;Tasar\u0131, i\u015fgal alt\u0131ndaki Filistin halk\u0131na y\u00f6nelik organize \u015fekilde kitlesel \u00f6ld\u00fcrmeyi me\u015frula\u015ft\u0131rma giri\u015fimidir.&#8221; ifadeleri kullan\u0131ld\u0131. Tasar\u0131n\u0131n d\u00fcnya kamuoyunun g\u00f6z\u00fc \u00f6n\u00fcnde ge\u00e7irilmesinin &#8220;fa\u015fist ve sadist bir tutum&#8221; oldu\u011fu belirtilen\" \/>\n<meta property=\"og:url\" content=\"https:\/\/kibrisdakik.com\/?p=99061\" \/>\n<meta property=\"article:published_time\" content=\"2025-11-11T09:10:58+00:00\" \/>\n<meta property=\"og:image\" content=\"https:\/\/kibrisdakik.com\/wp-content\/uploads\/2025\/11\/esir-takasi-hamas-2332940.jpg\" \/>\n\t<meta property=\"og:image:width\" content=\"1280\" \/>\n\t<meta property=\"og:image:height\" content=\"720\" \/>\n\t<meta property=\"og:image:type\" content=\"image\/jpeg\" \/>\n<meta name=\"author\" content=\"admin\" \/>\n<meta name=\"twitter:card\" content=\"summary_large_image\" \/>\n<meta name=\"twitter:label1\" content=\"Yazan:\" \/>\n\t<meta name=\"twitter:data1\" content=\"admin\" \/>\n\t<meta name=\"twitter:label2\" content=\"Tahmini okuma s\u00fcresi\" \/>\n\t<meta name=\"twitter:data2\" content=\"1 dakika\" \/>\n<script type=\"application\/ld+json\" class=\"yoast-schema-graph\">{\"@context\":\"https:\\\/\\\/schema.org\",\"@graph\":[{\"@type\":\"Article\",\"@id\":\"https:\\\/\\\/kibrisdakik.com\\\/?p=99061#article\",\"isPartOf\":{\"@id\":\"https:\\\/\\\/kibrisdakik.com\\\/?p=99061\"},\"author\":{\"name\":\"admin\",\"@id\":\"https:\\\/\\\/kibrisdakik.com\\\/#\\\/schema\\\/person\\\/9cd9d437bbb44f72b73ba127e06d8e79\"},\"headline\":\"Hamas: \u0130dam yasas\u0131 Filistinli tutuklulara y\u00f6nelik toplu cinayet giri\u015fimi\",\"datePublished\":\"2025-11-11T09:10:58+00:00\",\"mainEntityOfPage\":{\"@id\":\"https:\\\/\\\/kibrisdakik.com\\\/?p=99061\"},\"wordCount\":286,\"commentCount\":0,\"image\":{\"@id\":\"https:\\\/\\\/kibrisdakik.com\\\/?p=99061#primaryimage\"},\"thumbnailUrl\":\"https:\\\/\\\/kibrisdakik.com\\\/wp-content\\\/uploads\\\/2025\\\/11\\\/esir-takasi-hamas-2332940.jpg\",\"articleSection\":[\"D\u00fcnya\"],\"inLanguage\":\"tr\",\"potentialAction\":[{\"@type\":\"CommentAction\",\"name\":\"Comment\",\"target\":[\"https:\\\/\\\/kibrisdakik.com\\\/?p=99061#respond\"]}]},{\"@type\":\"WebPage\",\"@id\":\"https:\\\/\\\/kibrisdakik.com\\\/?p=99061\",\"url\":\"https:\\\/\\\/kibrisdakik.com\\\/?p=99061\",\"name\":\"Hamas: \u0130dam yasas\u0131 Filistinli tutuklulara y\u00f6nelik toplu cinayet giri\u015fimi -\",\"isPartOf\":{\"@id\":\"https:\\\/\\\/kibrisdakik.com\\\/#website\"},\"primaryImageOfPage\":{\"@id\":\"https:\\\/\\\/kibrisdakik.com\\\/?p=99061#primaryimage\"},\"image\":{\"@id\":\"https:\\\/\\\/kibrisdakik.com\\\/?p=99061#primaryimage\"},\"thumbnailUrl\":\"https:\\\/\\\/kibrisdakik.com\\\/wp-content\\\/uploads\\\/2025\\\/11\\\/esir-takasi-hamas-2332940.jpg\",\"datePublished\":\"2025-11-11T09:10:58+00:00\",\"author\":{\"@id\":\"https:\\\/\\\/kibrisdakik.com\\\/#\\\/schema\\\/person\\\/9cd9d437bbb44f72b73ba127e06d8e79\"},\"breadcrumb\":{\"@id\":\"https:\\\/\\\/kibrisdakik.com\\\/?p=99061#breadcrumb\"},\"inLanguage\":\"tr\",\"potentialAction\":[{\"@type\":\"ReadAction\",\"target\":[\"https:\\\/\\\/kibrisdakik.com\\\/?p=99061\"]}]},{\"@type\":\"ImageObject\",\"inLanguage\":\"tr\",\"@id\":\"https:\\\/\\\/kibrisdakik.com\\\/?p=99061#primaryimage\",\"url\":\"https:\\\/\\\/kibrisdakik.com\\\/wp-content\\\/uploads\\\/2025\\\/11\\\/esir-takasi-hamas-2332940.jpg\",\"contentUrl\":\"https:\\\/\\\/kibrisdakik.com\\\/wp-content\\\/uploads\\\/2025\\\/11\\\/esir-takasi-hamas-2332940.jpg\",\"width\":1280,\"height\":720},{\"@type\":\"BreadcrumbList\",\"@id\":\"https:\\\/\\\/kibrisdakik.com\\\/?p=99061#breadcrumb\",\"itemListElement\":[{\"@type\":\"ListItem\",\"position\":1,\"name\":\"Home\",\"item\":\"https:\\\/\\\/kibrisdakik.com\\\/\"},{\"@type\":\"ListItem\",\"position\":2,\"name\":\"Hamas: \u0130dam yasas\u0131 Filistinli tutuklulara y\u00f6nelik toplu cinayet giri\u015fimi\"}]},{\"@type\":\"WebSite\",\"@id\":\"https:\\\/\\\/kibrisdakik.com\\\/#website\",\"url\":\"https:\\\/\\\/kibrisdakik.com\\\/\",\"name\":\"\",\"description\":\"Tam vaktinde haber\",\"potentialAction\":[{\"@type\":\"SearchAction\",\"target\":{\"@type\":\"EntryPoint\",\"urlTemplate\":\"https:\\\/\\\/kibrisdakik.com\\\/?s={search_term_string}\"},\"query-input\":{\"@type\":\"PropertyValueSpecification\",\"valueRequired\":true,\"valueName\":\"search_term_string\"}}],\"inLanguage\":\"tr\"},{\"@type\":\"Person\",\"@id\":\"https:\\\/\\\/kibrisdakik.com\\\/#\\\/schema\\\/person\\\/9cd9d437bbb44f72b73ba127e06d8e79\",\"name\":\"admin\",\"image\":{\"@type\":\"ImageObject\",\"inLanguage\":\"tr\",\"@id\":\"https:\\\/\\\/secure.gravatar.com\\\/avatar\\\/ccc17943b9d660506c869530f897617f7cb1c21a4bf30023f252596d83e1f007?s=96&d=mm&r=g\",\"url\":\"https:\\\/\\\/secure.gravatar.com\\\/avatar\\\/ccc17943b9d660506c869530f897617f7cb1c21a4bf30023f252596d83e1f007?s=96&d=mm&r=g\",\"contentUrl\":\"https:\\\/\\\/secure.gravatar.com\\\/avatar\\\/ccc17943b9d660506c869530f897617f7cb1c21a4bf30023f252596d83e1f007?s=96&d=mm&r=g\",\"caption\":\"admin\"},\"sameAs\":[\"https:\\\/\\\/kibrisdakik.com\"],\"url\":\"https:\\\/\\\/kibrisdakik.com\\\/?author=1\"}]}<\/script>\n<!-- \/ Yoast SEO plugin. -->","yoast_head_json":{"title":"Hamas: \u0130dam yasas\u0131 Filistinli tutuklulara y\u00f6nelik toplu cinayet giri\u015fimi -","robots":{"index":"index","follow":"follow","max-snippet":"max-snippet:-1","max-image-preview":"max-image-preview:large","max-video-preview":"max-video-preview:-1"},"canonical":"https:\/\/kibrisdakik.com\/?p=99061","og_locale":"tr_TR","og_type":"article","og_title":"Hamas: \u0130dam yasas\u0131 Filistinli tutuklulara y\u00f6nelik toplu cinayet giri\u015fimi -","og_description":"Hamas\u2019tan yap\u0131lan yaz\u0131l\u0131 a\u00e7\u0131klamada, s\u00f6z konusu tasar\u0131n\u0131n kabul edilmesinin, &#8220;Filistinlilere y\u00f6nelik planl\u0131 toplu cinayeti me\u015frula\u015ft\u0131rma giri\u015fimi ve \u0130srail h\u00fck\u00fcmetinin \u0131rk\u00e7\u0131, su\u00e7 odakl\u0131 politikas\u0131n\u0131n bir uzant\u0131s\u0131&#8221; oldu\u011fu vurguland\u0131. A\u00e7\u0131klamada, &#8220;Tasar\u0131, i\u015fgal alt\u0131ndaki Filistin halk\u0131na y\u00f6nelik organize \u015fekilde kitlesel \u00f6ld\u00fcrmeyi me\u015frula\u015ft\u0131rma giri\u015fimidir.&#8221; ifadeleri kullan\u0131ld\u0131. Tasar\u0131n\u0131n d\u00fcnya kamuoyunun g\u00f6z\u00fc \u00f6n\u00fcnde ge\u00e7irilmesinin &#8220;fa\u015fist ve sadist bir tutum&#8221; oldu\u011fu belirtilen","og_url":"https:\/\/kibrisdakik.com\/?p=99061","article_published_time":"2025-11-11T09:10:58+00:00","og_image":[{"width":1280,"height":720,"url":"https:\/\/kibrisdakik.com\/wp-content\/uploads\/2025\/11\/esir-takasi-hamas-2332940.jpg","type":"image\/jpeg"}],"author":"admin","twitter_card":"summary_large_image","twitter_misc":{"Yazan:":"admin","Tahmini okuma s\u00fcresi":"1 dakika"},"schema":{"@context":"https:\/\/schema.org","@graph":[{"@type":"Article","@id":"https:\/\/kibrisdakik.com\/?p=99061#article","isPartOf":{"@id":"https:\/\/kibrisdakik.com\/?p=99061"},"author":{"name":"admin","@id":"https:\/\/kibrisdakik.com\/#\/schema\/person\/9cd9d437bbb44f72b73ba127e06d8e79"},"headline":"Hamas: \u0130dam yasas\u0131 Filistinli tutuklulara y\u00f6nelik toplu cinayet giri\u015fimi","datePublished":"2025-11-11T09:10:58+00:00","mainEntityOfPage":{"@id":"https:\/\/kibrisdakik.com\/?p=99061"},"wordCount":286,"commentCount":0,"image":{"@id":"https:\/\/kibrisdakik.com\/?p=99061#primaryimage"},"thumbnailUrl":"https:\/\/kibrisdakik.com\/wp-content\/uploads\/2025\/11\/esir-takasi-hamas-2332940.jpg","articleSection":["D\u00fcnya"],"inLanguage":"tr","potentialAction":[{"@type":"CommentAction","name":"Comment","target":["https:\/\/kibrisdakik.com\/?p=99061#respond"]}]},{"@type":"WebPage","@id":"https:\/\/kibrisdakik.com\/?p=99061","url":"https:\/\/kibrisdakik.com\/?p=99061","name":"Hamas: \u0130dam yasas\u0131 Filistinli tutuklulara y\u00f6nelik toplu cinayet giri\u015fimi -","isPartOf":{"@id":"https:\/\/kibrisdakik.com\/#website"},"primaryImageOfPage":{"@id":"https:\/\/kibrisdakik.com\/?p=99061#primaryimage"},"image":{"@id":"https:\/\/kibrisdakik.com\/?p=99061#primaryimage"},"thumbnailUrl":"https:\/\/kibrisdakik.com\/wp-content\/uploads\/2025\/11\/esir-takasi-hamas-2332940.jpg","datePublished":"2025-11-11T09:10:58+00:00","author":{"@id":"https:\/\/kibrisdakik.com\/#\/schema\/person\/9cd9d437bbb44f72b73ba127e06d8e79"},"breadcrumb":{"@id":"https:\/\/kibrisdakik.com\/?p=99061#breadcrumb"},"inLanguage":"tr","potentialAction":[{"@type":"ReadAction","target":["https:\/\/kibrisdakik.com\/?p=99061"]}]},{"@type":"ImageObject","inLanguage":"tr","@id":"https:\/\/kibrisdakik.com\/?p=99061#primaryimage","url":"https:\/\/kibrisdakik.com\/wp-content\/uploads\/2025\/11\/esir-takasi-hamas-2332940.jpg","contentUrl":"https:\/\/kibrisdakik.com\/wp-content\/uploads\/2025\/11\/esir-takasi-hamas-2332940.jpg","width":1280,"height":720},{"@type":"BreadcrumbList","@id":"https:\/\/kibrisdakik.com\/?p=99061#breadcrumb","itemListElement":[{"@type":"ListItem","position":1,"name":"Home","item":"https:\/\/kibrisdakik.com\/"},{"@type":"ListItem","position":2,"name":"Hamas: \u0130dam yasas\u0131 Filistinli tutuklulara y\u00f6nelik toplu cinayet giri\u015fimi"}]},{"@type":"WebSite","@id":"https:\/\/kibrisdakik.com\/#website","url":"https:\/\/kibrisdakik.com\/","name":"","description":"Tam vaktinde haber","potentialAction":[{"@type":"SearchAction","target":{"@type":"EntryPoint","urlTemplate":"https:\/\/kibrisdakik.com\/?s={search_term_string}"},"query-input":{"@type":"PropertyValueSpecification","valueRequired":true,"valueName":"search_term_string"}}],"inLanguage":"tr"},{"@type":"Person","@id":"https:\/\/kibrisdakik.com\/#\/schema\/person\/9cd9d437bbb44f72b73ba127e06d8e79","name":"admin","image":{"@type":"ImageObject","inLanguage":"tr","@id":"https:\/\/secure.gravatar.com\/avatar\/ccc17943b9d660506c869530f897617f7cb1c21a4bf30023f252596d83e1f007?s=96&d=mm&r=g","url":"https:\/\/secure.gravatar.com\/avatar\/ccc17943b9d660506c869530f897617f7cb1c21a4bf30023f252596d83e1f007?s=96&d=mm&r=g","contentUrl":"https:\/\/secure.gravatar.com\/avatar\/ccc17943b9d660506c869530f897617f7cb1c21a4bf30023f252596d83e1f007?s=96&d=mm&r=g","caption":"admin"},"sameAs":["https:\/\/kibrisdakik.com"],"url":"https:\/\/kibrisdakik.com\/?author=1"}]}},"_links":{"self":[{"href":"https:\/\/kibrisdakik.com\/index.php?rest_route=\/wp\/v2\/posts\/99061","targetHints":{"allow":["GET"]}}],"collection":[{"href":"https:\/\/kibrisdakik.com\/index.php?rest_route=\/wp\/v2\/posts"}],"about":[{"href":"https:\/\/kibrisdakik.com\/index.php?rest_route=\/wp\/v2\/types\/post"}],"author":[{"embeddable":true,"href":"https:\/\/kibrisdakik.com\/index.php?rest_route=\/wp\/v2\/users\/1"}],"replies":[{"embeddable":true,"href":"https:\/\/kibrisdakik.com\/index.php?rest_route=%2Fwp%2Fv2%2Fcomments&post=99061"}],"version-history":[{"count":0,"href":"https:\/\/kibrisdakik.com\/index.php?rest_route=\/wp\/v2\/posts\/99061\/revisions"}],"wp:featuredmedia":[{"embeddable":true,"href":"https:\/\/kibrisdakik.com\/index.php?rest_route=\/wp\/v2\/media\/99062"}],"wp:attachment":[{"href":"https:\/\/kibrisdakik.com\/index.php?rest_route=%2Fwp%2Fv2%2Fmedia&parent=99061"}],"wp:term":[{"taxonomy":"category","embeddable":true,"href":"https:\/\/kibrisdakik.com\/index.php?rest_route=%2Fwp%2Fv2%2Fcategories&post=99061"},{"taxonomy":"post_tag","embeddable":true,"href":"https:\/\/kibrisdakik.com\/index.php?rest_route=%2Fwp%2Fv2%2Ftags&post=99061"}],"curies":[{"name":"wp","href":"https:\/\/api.w.org\/{rel}","templated":true}]}}