{"id":99081,"date":"2025-11-11T12:52:08","date_gmt":"2025-11-11T10:52:08","guid":{"rendered":"https:\/\/kibrisdakik.com\/index.php\/2025\/11\/11\/katil-israil-saldirilarinda-izini-kaybettigi-oglunu-iki-yil-sonra-iskence-edilerek-oldurulmus-halde-buldu\/"},"modified":"2025-11-11T12:52:08","modified_gmt":"2025-11-11T10:52:08","slug":"katil-israil-saldirilarinda-izini-kaybettigi-oglunu-iki-yil-sonra-iskence-edilerek-oldurulmus-halde-buldu","status":"publish","type":"post","link":"https:\/\/kibrisdakik.com\/?p=99081","title":{"rendered":"Katil \u0130srail sald\u0131r\u0131lar\u0131nda izini kaybetti\u011fi o\u011flunu iki y\u0131l sonra i\u015fkence edilerek \u00f6ld\u00fcr\u00fclm\u00fc\u015f halde buldu"},"content":{"rendered":"<p><\/p>\n<div class=\"news-content\">\n<p>\n\tSoyk\u0131r\u0131m\u0131n ba\u015flamas\u0131yla birlikte \u015eabbet, 34 ya\u015f\u0131ndaki o\u011flu Mahmud\u2019un izini kaybetti ve onun \u00f6lenler aras\u0131nda m\u0131 yoksa \u0130srail\u2019in esir ald\u0131\u011f\u0131 ki\u015filer aras\u0131nda m\u0131 oldu\u011funu bilemedi.<\/p>\n<p>\n\tAc\u0131l\u0131 anne, iki y\u0131l boyunca &#8220;Mahmud nerede? Ak\u0131beti ne oldu?&#8221; sorusuyla t\u00fcm tehlikelere ra\u011fmen kap\u0131 kap\u0131 dola\u015ft\u0131.<\/p>\n<p>\n\t\u015eabbet, &#8220;Sava\u015f boyunca onun hayatta oldu\u011funa dair umudumuz vard\u0131. S\u00fcrekli &#8216;Onu g\u00f6ren var m\u0131yd\u0131? Onun hakk\u0131nda bir \u015fey duyan oldu mu?&#8217; diye soruyor ve ara\u015ft\u0131r\u0131yorduk.&#8221; dedi.<\/p>\n<p>\n\tFilistinli anne, sald\u0131r\u0131lar devam ederken bile bir anne olarak Filistinli \u00f6l\u00fcleri ta\u015f\u0131yan ambulanslar\u0131 g\u00f6rd\u00fc\u011f\u00fcnde pe\u015flerinden ko\u015ftu\u011funu ve ula\u015ft\u0131\u011f\u0131nda, bu cesetlerin kime ait oldu\u011funu \u00f6\u011frenmek i\u00e7in yalvarmaya ba\u015flad\u0131\u011f\u0131n\u0131 anlatt\u0131.<\/p>\n<p>\n\t\u015eabbet, s\u00fcrekli dualar\u0131nda &#8220;Mahmud yaral\u0131ysa Rabbim \u015fifa versin, esirse \u00f6zg\u00fcr olsun ve e\u011fer \u015fehitse cesedine ula\u015fay\u0131m.&#8221; \u015feklinde dua etti\u011fini dile getirdi.<\/p>\n<h2>\n\t&#8220;\u0130ki y\u0131l boyunca o\u011flumu canl\u0131 bulma umuduyla ya\u015fad\u0131m&#8221;<\/h2>\n<p>\n\tFilistinli anne \u015eabbet, ate\u015fkesin ba\u015flamas\u0131n\u0131n ard\u0131ndan serbest b\u0131rak\u0131lan esirler ve \u0130srail\u2019den getirilen kimli\u011fi belirsiz Filistinlilerin naa\u015flar\u0131 aras\u0131nda o\u011flunu aramaya ba\u015flad\u0131.<\/p>\n<p>\n\t\u015eabbet, &#8220;\u0130ki y\u0131l boyunca o\u011flumu canl\u0131 bulma umuduyla ya\u015fad\u0131m. Bir keresinde onun \u0130srail hapishanelerinde oldu\u011fu bilgisi geldi. Ate\u015fkeste serbest b\u0131rak\u0131lanlar aras\u0131nda bulamad\u0131m ve umudum k\u0131r\u0131ld\u0131.&#8221; ifadelerini kulland\u0131.<\/p>\n<p>\n\t\u0130srail\u2019in teslim etti\u011fi naa\u015flar aras\u0131nda 25 numaral\u0131 foto\u011frafa bakarken o\u011flunu tan\u0131d\u0131\u011f\u0131n\u0131 aktaran ac\u0131l\u0131 anne, \u015funlar\u0131 s\u00f6yledi:<\/p>\n<p>\n\t&#8220;Mahmud\u2019un y\u00fcz hatlar\u0131 donmu\u015f ve i\u015fkence nedeniyle zarar g\u00f6rm\u00fc\u015f, g\u00f6zleri kapal\u0131, elleri ve ayaklar\u0131 ba\u011fl\u0131, v\u00fccudunun \u00e7e\u015fitli yerlerinde yaralar ve morluklar vard\u0131.&#8221;<\/p>\n<p>\n\t\u015eabbet, o\u011flunu sa\u011f kula\u011f\u0131n\u0131n arkas\u0131ndaki ameliyat izinden tan\u0131yabildi\u011fini belirterek Mahmud\u2019un cesedinde i\u015fkence izlerinin belirgin oldu\u011funu vurgulad\u0131.<\/p>\n<p>\n\tO\u011flunu buldu\u011funda tarifsiz bir ac\u0131 ve deh\u015fet ya\u015fayan anne, g\u00f6zya\u015flar\u0131n\u0131 tutamayarak &#8220;Y\u00fcz\u00fcnde k\u0131r\u0131klar, \u00e7enesinde ve yana\u011f\u0131nda \u00e7atlaklar vard\u0131. Kaburgalar\u0131 k\u0131r\u0131lm\u0131\u015f, ka\u015f\u0131ndan kan s\u0131zm\u0131\u015f, ba\u015f parma\u011f\u0131 kesilmi\u015f, elleri hala ba\u011fl\u0131yd\u0131, ayaklar\u0131 zincirlerle yaralanm\u0131\u015ft\u0131. Boynunda ip vard\u0131, muhtemelen idam edilmi\u015fti.&#8221; diyerek o\u011fluna yap\u0131lan i\u015fkenceleri dile getirdi.<\/p>\n<p>\n\t\u0130srail\u2019in Filistinli esirleri \u00f6ld\u00fcrd\u00fckten sonra \u00e7\u0131plak b\u0131rakarak g\u00f6nderdi\u011fini s\u00f6yleyen anne \u015eabbet, &#8220;Filistinli esirler \u00e7\u0131plak ve i\u015fkence g\u00f6rm\u00fc\u015f \u015fekilde geri gelirken, \u0130srailli esirler ailelerine en iyi k\u0131yafetlerle, onurlu bir \u015fekilde d\u00f6n\u00fcyor.&#8221; dedi.<\/p>\n<h2>\n\t&#8220;G\u00f6zleri s\u0131k\u0131ca kapal\u0131, elleri ve ayaklar\u0131 arkaya ba\u011fl\u0131yd\u0131&#8221;<\/h2>\n<p>\n\tGazze&#8217;deki Sa\u011fl\u0131k Bakanl\u0131\u011f\u0131 \u015eehit Cenazeleri Dairesi Ba\u015fkan\u0131 Ahmed Zuheyr de Mahmud\u2019un naa\u015f\u0131na ili\u015fkin, &#8220;\u015eiddetli \u015fekilde donmu\u015f, \u00e7\u00f6melme pozisyonundayd\u0131. G\u00f6zleri s\u0131k\u0131ca kapal\u0131, elleri ve ayaklar\u0131 arkaya ba\u011fl\u0131yd\u0131, boynunda geni\u015f bir ip vard\u0131.&#8221; ifadelerini kulland\u0131.<\/p>\n<p>\n\tZuheyr, \u0130srail\u2019in teslim etti\u011fi 270 naa\u015f\u0131n 8 a\u015famada Gazze\u2019ye getirildi\u011fini ve ilk iki gruptaki naa\u015flar\u0131n \u00e7o\u011funun \u00e7\u0131plak oldu\u011funu, sadece cinsel b\u00f6lgelerini \u00f6rten k\u00fc\u00e7\u00fck bir par\u00e7a giysi bulundu\u011funu aktard\u0131.<\/p>\n<p>\n\tBaz\u0131 naa\u015flarda eller ve ayak bileklerinde ba\u011flar, g\u00f6zlerde s\u0131k\u0131ca ba\u011flanm\u0131\u015f bantlar ve boyunda ipler g\u00f6r\u00fcld\u00fc\u011f\u00fcn\u00fc ifade eden Zuheyr, i\u015fkenceyle \u00f6ld\u00fcklerinin a\u00e7\u0131k\u00e7a g\u00f6r\u00fcld\u00fc\u011f\u00fcne dikkati \u00e7ekti.<\/p>\n<div class=\"news-tags\">\n<div class=\"title\">ET\u0130KETLER<\/div>\n<div class=\"tags\">\n                                                                            \u0130srail&#8217;in Gazze Soyk\u0131r\u0131m\u0131<br \/>\n                                                                            Gazze<br \/>\n                                                                            \u0130srail\n                                                                    <\/div>\n<\/p><\/div>\n<\/p><\/div>\n","protected":false},"excerpt":{"rendered":"<p>Soyk\u0131r\u0131m\u0131n ba\u015flamas\u0131yla birlikte \u015eabbet, 34 ya\u015f\u0131ndaki o\u011flu Mahmud\u2019un izini kaybetti ve onun \u00f6lenler aras\u0131nda m\u0131 yoksa \u0130srail\u2019in esir ald\u0131\u011f\u0131 ki\u015filer aras\u0131nda m\u0131 oldu\u011funu bilemedi. Ac\u0131l\u0131 anne, iki y\u0131l boyunca &#8220;Mahmud nerede? Ak\u0131beti ne oldu?&#8221; sorusuyla t\u00fcm tehlikelere ra\u011fmen kap\u0131 kap\u0131 dola\u015ft\u0131. \u015eabbet, &#8220;Sava\u015f boyunca onun hayatta oldu\u011funa dair umudumuz vard\u0131. S\u00fcrekli &#8216;Onu g\u00f6ren var m\u0131yd\u0131?<\/p>\n","protected":false},"author":1,"featured_media":96004,"comment_status":"open","ping_status":"open","sticky":false,"template":"","format":"standard","meta":{"footnotes":""},"categories":[306],"tags":[],"class_list":["post-99081","post","type-post","status-publish","format-standard","has-post-thumbnail","hentry","category-dunya"],"yoast_head":"<!-- This site is optimized with the Yoast SEO plugin v27.5 - https:\/\/yoast.com\/product\/yoast-seo-wordpress\/ -->\n<title>Katil \u0130srail sald\u0131r\u0131lar\u0131nda izini kaybetti\u011fi o\u011flunu iki y\u0131l sonra i\u015fkence edilerek \u00f6ld\u00fcr\u00fclm\u00fc\u015f halde buldu -<\/title>\n<meta name=\"robots\" content=\"index, follow, max-snippet:-1, max-image-preview:large, max-video-preview:-1\" \/>\n<link rel=\"canonical\" href=\"https:\/\/kibrisdakik.com\/?p=99081\" \/>\n<meta property=\"og:locale\" content=\"tr_TR\" \/>\n<meta property=\"og:type\" content=\"article\" \/>\n<meta property=\"og:title\" content=\"Katil \u0130srail sald\u0131r\u0131lar\u0131nda izini kaybetti\u011fi o\u011flunu iki y\u0131l sonra i\u015fkence edilerek \u00f6ld\u00fcr\u00fclm\u00fc\u015f halde buldu -\" \/>\n<meta property=\"og:description\" content=\"Soyk\u0131r\u0131m\u0131n ba\u015flamas\u0131yla birlikte \u015eabbet, 34 ya\u015f\u0131ndaki o\u011flu Mahmud\u2019un izini kaybetti ve onun \u00f6lenler aras\u0131nda m\u0131 yoksa \u0130srail\u2019in esir ald\u0131\u011f\u0131 ki\u015filer aras\u0131nda m\u0131 oldu\u011funu bilemedi. Ac\u0131l\u0131 anne, iki y\u0131l boyunca &#8220;Mahmud nerede? Ak\u0131beti ne oldu?&#8221; sorusuyla t\u00fcm tehlikelere ra\u011fmen kap\u0131 kap\u0131 dola\u015ft\u0131. \u015eabbet, &#8220;Sava\u015f boyunca onun hayatta oldu\u011funa dair umudumuz vard\u0131. S\u00fcrekli &#8216;Onu g\u00f6ren var m\u0131yd\u0131?\" \/>\n<meta property=\"og:url\" content=\"https:\/\/kibrisdakik.com\/?p=99081\" \/>\n<meta property=\"article:published_time\" content=\"2025-11-11T10:52:08+00:00\" \/>\n<meta property=\"og:image\" content=\"https:\/\/kibrisdakik.com\/wp-content\/uploads\/2025\/10\/gazze-naas-2408673.jpg\" \/>\n\t<meta property=\"og:image:width\" content=\"1280\" \/>\n\t<meta property=\"og:image:height\" content=\"720\" \/>\n\t<meta property=\"og:image:type\" content=\"image\/jpeg\" \/>\n<meta name=\"author\" content=\"admin\" \/>\n<meta name=\"twitter:card\" content=\"summary_large_image\" \/>\n<meta name=\"twitter:label1\" content=\"Yazan:\" \/>\n\t<meta name=\"twitter:data1\" content=\"admin\" \/>\n\t<meta name=\"twitter:label2\" content=\"Tahmini okuma s\u00fcresi\" \/>\n\t<meta name=\"twitter:data2\" content=\"3 dakika\" \/>\n<script type=\"application\/ld+json\" class=\"yoast-schema-graph\">{\"@context\":\"https:\\\/\\\/schema.org\",\"@graph\":[{\"@type\":\"Article\",\"@id\":\"https:\\\/\\\/kibrisdakik.com\\\/?p=99081#article\",\"isPartOf\":{\"@id\":\"https:\\\/\\\/kibrisdakik.com\\\/?p=99081\"},\"author\":{\"name\":\"admin\",\"@id\":\"https:\\\/\\\/kibrisdakik.com\\\/#\\\/schema\\\/person\\\/9cd9d437bbb44f72b73ba127e06d8e79\"},\"headline\":\"Katil \u0130srail sald\u0131r\u0131lar\u0131nda izini kaybetti\u011fi o\u011flunu iki y\u0131l sonra i\u015fkence edilerek \u00f6ld\u00fcr\u00fclm\u00fc\u015f halde buldu\",\"datePublished\":\"2025-11-11T10:52:08+00:00\",\"mainEntityOfPage\":{\"@id\":\"https:\\\/\\\/kibrisdakik.com\\\/?p=99081\"},\"wordCount\":609,\"commentCount\":0,\"image\":{\"@id\":\"https:\\\/\\\/kibrisdakik.com\\\/?p=99081#primaryimage\"},\"thumbnailUrl\":\"https:\\\/\\\/kibrisdakik.com\\\/wp-content\\\/uploads\\\/2025\\\/10\\\/gazze-naas-2408673.jpg\",\"articleSection\":[\"D\u00fcnya\"],\"inLanguage\":\"tr\",\"potentialAction\":[{\"@type\":\"CommentAction\",\"name\":\"Comment\",\"target\":[\"https:\\\/\\\/kibrisdakik.com\\\/?p=99081#respond\"]}]},{\"@type\":\"WebPage\",\"@id\":\"https:\\\/\\\/kibrisdakik.com\\\/?p=99081\",\"url\":\"https:\\\/\\\/kibrisdakik.com\\\/?p=99081\",\"name\":\"Katil \u0130srail sald\u0131r\u0131lar\u0131nda izini kaybetti\u011fi o\u011flunu iki y\u0131l sonra i\u015fkence edilerek \u00f6ld\u00fcr\u00fclm\u00fc\u015f halde buldu -\",\"isPartOf\":{\"@id\":\"https:\\\/\\\/kibrisdakik.com\\\/#website\"},\"primaryImageOfPage\":{\"@id\":\"https:\\\/\\\/kibrisdakik.com\\\/?p=99081#primaryimage\"},\"image\":{\"@id\":\"https:\\\/\\\/kibrisdakik.com\\\/?p=99081#primaryimage\"},\"thumbnailUrl\":\"https:\\\/\\\/kibrisdakik.com\\\/wp-content\\\/uploads\\\/2025\\\/10\\\/gazze-naas-2408673.jpg\",\"datePublished\":\"2025-11-11T10:52:08+00:00\",\"author\":{\"@id\":\"https:\\\/\\\/kibrisdakik.com\\\/#\\\/schema\\\/person\\\/9cd9d437bbb44f72b73ba127e06d8e79\"},\"breadcrumb\":{\"@id\":\"https:\\\/\\\/kibrisdakik.com\\\/?p=99081#breadcrumb\"},\"inLanguage\":\"tr\",\"potentialAction\":[{\"@type\":\"ReadAction\",\"target\":[\"https:\\\/\\\/kibrisdakik.com\\\/?p=99081\"]}]},{\"@type\":\"ImageObject\",\"inLanguage\":\"tr\",\"@id\":\"https:\\\/\\\/kibrisdakik.com\\\/?p=99081#primaryimage\",\"url\":\"https:\\\/\\\/kibrisdakik.com\\\/wp-content\\\/uploads\\\/2025\\\/10\\\/gazze-naas-2408673.jpg\",\"contentUrl\":\"https:\\\/\\\/kibrisdakik.com\\\/wp-content\\\/uploads\\\/2025\\\/10\\\/gazze-naas-2408673.jpg\",\"width\":1280,\"height\":720},{\"@type\":\"BreadcrumbList\",\"@id\":\"https:\\\/\\\/kibrisdakik.com\\\/?p=99081#breadcrumb\",\"itemListElement\":[{\"@type\":\"ListItem\",\"position\":1,\"name\":\"Home\",\"item\":\"https:\\\/\\\/kibrisdakik.com\\\/\"},{\"@type\":\"ListItem\",\"position\":2,\"name\":\"Katil \u0130srail sald\u0131r\u0131lar\u0131nda izini kaybetti\u011fi o\u011flunu iki y\u0131l sonra i\u015fkence edilerek \u00f6ld\u00fcr\u00fclm\u00fc\u015f halde buldu\"}]},{\"@type\":\"WebSite\",\"@id\":\"https:\\\/\\\/kibrisdakik.com\\\/#website\",\"url\":\"https:\\\/\\\/kibrisdakik.com\\\/\",\"name\":\"\",\"description\":\"Tam vaktinde haber\",\"potentialAction\":[{\"@type\":\"SearchAction\",\"target\":{\"@type\":\"EntryPoint\",\"urlTemplate\":\"https:\\\/\\\/kibrisdakik.com\\\/?s={search_term_string}\"},\"query-input\":{\"@type\":\"PropertyValueSpecification\",\"valueRequired\":true,\"valueName\":\"search_term_string\"}}],\"inLanguage\":\"tr\"},{\"@type\":\"Person\",\"@id\":\"https:\\\/\\\/kibrisdakik.com\\\/#\\\/schema\\\/person\\\/9cd9d437bbb44f72b73ba127e06d8e79\",\"name\":\"admin\",\"image\":{\"@type\":\"ImageObject\",\"inLanguage\":\"tr\",\"@id\":\"https:\\\/\\\/secure.gravatar.com\\\/avatar\\\/ccc17943b9d660506c869530f897617f7cb1c21a4bf30023f252596d83e1f007?s=96&d=mm&r=g\",\"url\":\"https:\\\/\\\/secure.gravatar.com\\\/avatar\\\/ccc17943b9d660506c869530f897617f7cb1c21a4bf30023f252596d83e1f007?s=96&d=mm&r=g\",\"contentUrl\":\"https:\\\/\\\/secure.gravatar.com\\\/avatar\\\/ccc17943b9d660506c869530f897617f7cb1c21a4bf30023f252596d83e1f007?s=96&d=mm&r=g\",\"caption\":\"admin\"},\"sameAs\":[\"https:\\\/\\\/kibrisdakik.com\"],\"url\":\"https:\\\/\\\/kibrisdakik.com\\\/?author=1\"}]}<\/script>\n<!-- \/ Yoast SEO plugin. -->","yoast_head_json":{"title":"Katil \u0130srail sald\u0131r\u0131lar\u0131nda izini kaybetti\u011fi o\u011flunu iki y\u0131l sonra i\u015fkence edilerek \u00f6ld\u00fcr\u00fclm\u00fc\u015f halde buldu -","robots":{"index":"index","follow":"follow","max-snippet":"max-snippet:-1","max-image-preview":"max-image-preview:large","max-video-preview":"max-video-preview:-1"},"canonical":"https:\/\/kibrisdakik.com\/?p=99081","og_locale":"tr_TR","og_type":"article","og_title":"Katil \u0130srail sald\u0131r\u0131lar\u0131nda izini kaybetti\u011fi o\u011flunu iki y\u0131l sonra i\u015fkence edilerek \u00f6ld\u00fcr\u00fclm\u00fc\u015f halde buldu -","og_description":"Soyk\u0131r\u0131m\u0131n ba\u015flamas\u0131yla birlikte \u015eabbet, 34 ya\u015f\u0131ndaki o\u011flu Mahmud\u2019un izini kaybetti ve onun \u00f6lenler aras\u0131nda m\u0131 yoksa \u0130srail\u2019in esir ald\u0131\u011f\u0131 ki\u015filer aras\u0131nda m\u0131 oldu\u011funu bilemedi. Ac\u0131l\u0131 anne, iki y\u0131l boyunca &#8220;Mahmud nerede? Ak\u0131beti ne oldu?&#8221; sorusuyla t\u00fcm tehlikelere ra\u011fmen kap\u0131 kap\u0131 dola\u015ft\u0131. \u015eabbet, &#8220;Sava\u015f boyunca onun hayatta oldu\u011funa dair umudumuz vard\u0131. S\u00fcrekli &#8216;Onu g\u00f6ren var m\u0131yd\u0131?","og_url":"https:\/\/kibrisdakik.com\/?p=99081","article_published_time":"2025-11-11T10:52:08+00:00","og_image":[{"width":1280,"height":720,"url":"https:\/\/kibrisdakik.com\/wp-content\/uploads\/2025\/10\/gazze-naas-2408673.jpg","type":"image\/jpeg"}],"author":"admin","twitter_card":"summary_large_image","twitter_misc":{"Yazan:":"admin","Tahmini okuma s\u00fcresi":"3 dakika"},"schema":{"@context":"https:\/\/schema.org","@graph":[{"@type":"Article","@id":"https:\/\/kibrisdakik.com\/?p=99081#article","isPartOf":{"@id":"https:\/\/kibrisdakik.com\/?p=99081"},"author":{"name":"admin","@id":"https:\/\/kibrisdakik.com\/#\/schema\/person\/9cd9d437bbb44f72b73ba127e06d8e79"},"headline":"Katil \u0130srail sald\u0131r\u0131lar\u0131nda izini kaybetti\u011fi o\u011flunu iki y\u0131l sonra i\u015fkence edilerek \u00f6ld\u00fcr\u00fclm\u00fc\u015f halde buldu","datePublished":"2025-11-11T10:52:08+00:00","mainEntityOfPage":{"@id":"https:\/\/kibrisdakik.com\/?p=99081"},"wordCount":609,"commentCount":0,"image":{"@id":"https:\/\/kibrisdakik.com\/?p=99081#primaryimage"},"thumbnailUrl":"https:\/\/kibrisdakik.com\/wp-content\/uploads\/2025\/10\/gazze-naas-2408673.jpg","articleSection":["D\u00fcnya"],"inLanguage":"tr","potentialAction":[{"@type":"CommentAction","name":"Comment","target":["https:\/\/kibrisdakik.com\/?p=99081#respond"]}]},{"@type":"WebPage","@id":"https:\/\/kibrisdakik.com\/?p=99081","url":"https:\/\/kibrisdakik.com\/?p=99081","name":"Katil \u0130srail sald\u0131r\u0131lar\u0131nda izini kaybetti\u011fi o\u011flunu iki y\u0131l sonra i\u015fkence edilerek \u00f6ld\u00fcr\u00fclm\u00fc\u015f halde buldu -","isPartOf":{"@id":"https:\/\/kibrisdakik.com\/#website"},"primaryImageOfPage":{"@id":"https:\/\/kibrisdakik.com\/?p=99081#primaryimage"},"image":{"@id":"https:\/\/kibrisdakik.com\/?p=99081#primaryimage"},"thumbnailUrl":"https:\/\/kibrisdakik.com\/wp-content\/uploads\/2025\/10\/gazze-naas-2408673.jpg","datePublished":"2025-11-11T10:52:08+00:00","author":{"@id":"https:\/\/kibrisdakik.com\/#\/schema\/person\/9cd9d437bbb44f72b73ba127e06d8e79"},"breadcrumb":{"@id":"https:\/\/kibrisdakik.com\/?p=99081#breadcrumb"},"inLanguage":"tr","potentialAction":[{"@type":"ReadAction","target":["https:\/\/kibrisdakik.com\/?p=99081"]}]},{"@type":"ImageObject","inLanguage":"tr","@id":"https:\/\/kibrisdakik.com\/?p=99081#primaryimage","url":"https:\/\/kibrisdakik.com\/wp-content\/uploads\/2025\/10\/gazze-naas-2408673.jpg","contentUrl":"https:\/\/kibrisdakik.com\/wp-content\/uploads\/2025\/10\/gazze-naas-2408673.jpg","width":1280,"height":720},{"@type":"BreadcrumbList","@id":"https:\/\/kibrisdakik.com\/?p=99081#breadcrumb","itemListElement":[{"@type":"ListItem","position":1,"name":"Home","item":"https:\/\/kibrisdakik.com\/"},{"@type":"ListItem","position":2,"name":"Katil \u0130srail sald\u0131r\u0131lar\u0131nda izini kaybetti\u011fi o\u011flunu iki y\u0131l sonra i\u015fkence edilerek \u00f6ld\u00fcr\u00fclm\u00fc\u015f halde buldu"}]},{"@type":"WebSite","@id":"https:\/\/kibrisdakik.com\/#website","url":"https:\/\/kibrisdakik.com\/","name":"","description":"Tam vaktinde haber","potentialAction":[{"@type":"SearchAction","target":{"@type":"EntryPoint","urlTemplate":"https:\/\/kibrisdakik.com\/?s={search_term_string}"},"query-input":{"@type":"PropertyValueSpecification","valueRequired":true,"valueName":"search_term_string"}}],"inLanguage":"tr"},{"@type":"Person","@id":"https:\/\/kibrisdakik.com\/#\/schema\/person\/9cd9d437bbb44f72b73ba127e06d8e79","name":"admin","image":{"@type":"ImageObject","inLanguage":"tr","@id":"https:\/\/secure.gravatar.com\/avatar\/ccc17943b9d660506c869530f897617f7cb1c21a4bf30023f252596d83e1f007?s=96&d=mm&r=g","url":"https:\/\/secure.gravatar.com\/avatar\/ccc17943b9d660506c869530f897617f7cb1c21a4bf30023f252596d83e1f007?s=96&d=mm&r=g","contentUrl":"https:\/\/secure.gravatar.com\/avatar\/ccc17943b9d660506c869530f897617f7cb1c21a4bf30023f252596d83e1f007?s=96&d=mm&r=g","caption":"admin"},"sameAs":["https:\/\/kibrisdakik.com"],"url":"https:\/\/kibrisdakik.com\/?author=1"}]}},"_links":{"self":[{"href":"https:\/\/kibrisdakik.com\/index.php?rest_route=\/wp\/v2\/posts\/99081","targetHints":{"allow":["GET"]}}],"collection":[{"href":"https:\/\/kibrisdakik.com\/index.php?rest_route=\/wp\/v2\/posts"}],"about":[{"href":"https:\/\/kibrisdakik.com\/index.php?rest_route=\/wp\/v2\/types\/post"}],"author":[{"embeddable":true,"href":"https:\/\/kibrisdakik.com\/index.php?rest_route=\/wp\/v2\/users\/1"}],"replies":[{"embeddable":true,"href":"https:\/\/kibrisdakik.com\/index.php?rest_route=%2Fwp%2Fv2%2Fcomments&post=99081"}],"version-history":[{"count":0,"href":"https:\/\/kibrisdakik.com\/index.php?rest_route=\/wp\/v2\/posts\/99081\/revisions"}],"wp:featuredmedia":[{"embeddable":true,"href":"https:\/\/kibrisdakik.com\/index.php?rest_route=\/wp\/v2\/media\/96004"}],"wp:attachment":[{"href":"https:\/\/kibrisdakik.com\/index.php?rest_route=%2Fwp%2Fv2%2Fmedia&parent=99081"}],"wp:term":[{"taxonomy":"category","embeddable":true,"href":"https:\/\/kibrisdakik.com\/index.php?rest_route=%2Fwp%2Fv2%2Fcategories&post=99081"},{"taxonomy":"post_tag","embeddable":true,"href":"https:\/\/kibrisdakik.com\/index.php?rest_route=%2Fwp%2Fv2%2Ftags&post=99081"}],"curies":[{"name":"wp","href":"https:\/\/api.w.org\/{rel}","templated":true}]}}