{"id":99084,"date":"2025-11-11T13:21:14","date_gmt":"2025-11-11T11:21:14","guid":{"rendered":"https:\/\/kibrisdakik.com\/index.php\/2025\/11\/11\/keser-isgal-edilen-arazi-vatandasin-park-yeri-olacak\/"},"modified":"2025-11-11T13:21:14","modified_gmt":"2025-11-11T11:21:14","slug":"keser-isgal-edilen-arazi-vatandasin-park-yeri-olacak","status":"publish","type":"post","link":"https:\/\/kibrisdakik.com\/?p=99084","title":{"rendered":"KESER: \u201c\u0130\u015eGAL ED\u0130LEN ARAZ\u0130 VATANDA\u015eIN PARK YER\u0130 OLACAK\u201d"},"content":{"rendered":"<p><\/p>\n<div data-text-id=\"189173\" property=\"articleBody\">\n<p>Erg\u00fcn Yahat<\/p>\n<p>Gazima\u011fusa Kaymakam\u0131 \u00d6zden Keser, hastane arazisi i\u00e7inde uzun y\u0131llard\u0131r izinsiz \u015fekilde kullan\u0131lan alan\u0131n bo\u015falt\u0131laraca\u011f\u0131n\u0131 ve b\u00f6lgenin kamu yarar\u0131na park yeri olarak d\u00fczenlenece\u011fini a\u00e7\u0131klad\u0131.<\/p>\n<p>Bas\u0131nda yer alan \u201cHastanenin arazisine zeytin ektiler\u201d haberi \u00fczerine a\u00e7\u0131klama yapan Kaymakam Keser, yap\u0131lan incelemelerde bir vatanda\u015f\u0131n yakla\u015f\u0131k 1 d\u00f6n\u00fcm 3 evlek b\u00fcy\u00fckl\u00fc\u011f\u00fcndeki arazide zeytin a\u011fa\u00e7lar\u0131 ekti\u011fi ve garaj in\u015fa etti\u011fi tespitinde bulunduklar\u0131n\u0131 belirtti.<\/p>\n<p>Keser, \u201cS\u00f6z konusu ki\u015fi araziyi bo\u015faltacak ve ekili olan zeytin a\u011fa\u00e7lar\u0131n\u0131 ba\u015fka bir alana ta\u015f\u0131yacak. Hastane idaresiyle yap\u0131lan de\u011ferlendirme sonucunda, alan\u0131n park yeri olarak d\u00fczenlenmesi i\u00e7in \u00e7al\u0131\u015fmalar ba\u015flat\u0131ld\u0131\u201d dedi.<\/p>\n<p>Hastane \u00e7evresinde ara\u00e7 park\u0131 konusunda ciddi s\u0131k\u0131nt\u0131 ya\u015fand\u0131\u011f\u0131n\u0131 vurgulayan Keser, \u201cVatanda\u015flar ara\u00e7lar\u0131n\u0131 ana yol kenar\u0131na park etmek zorunda kal\u0131yor. Bu durum hem g\u00fcvenlik hem de ula\u015f\u0131m a\u00e7\u0131s\u0131ndan s\u0131k\u0131nt\u0131 yarat\u0131yor. Yeni d\u00fczenlemeyle hastaneye gelen vatanda\u015flara kolayl\u0131k sa\u011flanacak\u201d ifadelerini kulland\u0131.<\/p>\n<\/p><\/div>\n","protected":false},"excerpt":{"rendered":"<p>Erg\u00fcn Yahat Gazima\u011fusa Kaymakam\u0131 \u00d6zden Keser, hastane arazisi i\u00e7inde uzun y\u0131llard\u0131r izinsiz \u015fekilde kullan\u0131lan alan\u0131n bo\u015falt\u0131laraca\u011f\u0131n\u0131 ve b\u00f6lgenin kamu yarar\u0131na park yeri olarak d\u00fczenlenece\u011fini a\u00e7\u0131klad\u0131. Bas\u0131nda yer alan \u201cHastanenin arazisine zeytin ektiler\u201d haberi \u00fczerine a\u00e7\u0131klama yapan Kaymakam Keser, yap\u0131lan incelemelerde bir vatanda\u015f\u0131n yakla\u015f\u0131k 1 d\u00f6n\u00fcm 3 evlek b\u00fcy\u00fckl\u00fc\u011f\u00fcndeki arazide zeytin a\u011fa\u00e7lar\u0131 ekti\u011fi ve garaj in\u015fa<\/p>\n","protected":false},"author":1,"featured_media":99085,"comment_status":"open","ping_status":"open","sticky":false,"template":"","format":"standard","meta":{"footnotes":""},"categories":[81],"tags":[],"class_list":["post-99084","post","type-post","status-publish","format-standard","has-post-thumbnail","hentry","category-kibris"],"yoast_head":"<!-- This site is optimized with the Yoast SEO plugin v27.5 - https:\/\/yoast.com\/product\/yoast-seo-wordpress\/ -->\n<title>KESER: \u201c\u0130\u015eGAL ED\u0130LEN ARAZ\u0130 VATANDA\u015eIN PARK YER\u0130 OLACAK\u201d -<\/title>\n<meta name=\"robots\" content=\"index, follow, max-snippet:-1, max-image-preview:large, max-video-preview:-1\" \/>\n<link rel=\"canonical\" href=\"https:\/\/kibrisdakik.com\/?p=99084\" \/>\n<meta property=\"og:locale\" content=\"tr_TR\" \/>\n<meta property=\"og:type\" content=\"article\" \/>\n<meta property=\"og:title\" content=\"KESER: \u201c\u0130\u015eGAL ED\u0130LEN ARAZ\u0130 VATANDA\u015eIN PARK YER\u0130 OLACAK\u201d -\" \/>\n<meta property=\"og:description\" content=\"Erg\u00fcn Yahat Gazima\u011fusa Kaymakam\u0131 \u00d6zden Keser, hastane arazisi i\u00e7inde uzun y\u0131llard\u0131r izinsiz \u015fekilde kullan\u0131lan alan\u0131n bo\u015falt\u0131laraca\u011f\u0131n\u0131 ve b\u00f6lgenin kamu yarar\u0131na park yeri olarak d\u00fczenlenece\u011fini a\u00e7\u0131klad\u0131. Bas\u0131nda yer alan \u201cHastanenin arazisine zeytin ektiler\u201d haberi \u00fczerine a\u00e7\u0131klama yapan Kaymakam Keser, yap\u0131lan incelemelerde bir vatanda\u015f\u0131n yakla\u015f\u0131k 1 d\u00f6n\u00fcm 3 evlek b\u00fcy\u00fckl\u00fc\u011f\u00fcndeki arazide zeytin a\u011fa\u00e7lar\u0131 ekti\u011fi ve garaj in\u015fa\" \/>\n<meta property=\"og:url\" content=\"https:\/\/kibrisdakik.com\/?p=99084\" \/>\n<meta property=\"article:published_time\" content=\"2025-11-11T11:21:14+00:00\" \/>\n<meta property=\"og:image\" content=\"https:\/\/kibrisdakik.com\/wp-content\/uploads\/2025\/11\/mha-sari-beyaz-730.png\" \/>\n\t<meta property=\"og:image:width\" content=\"1280\" \/>\n\t<meta property=\"og:image:height\" content=\"720\" \/>\n\t<meta property=\"og:image:type\" content=\"image\/png\" \/>\n<meta name=\"author\" content=\"admin\" \/>\n<meta name=\"twitter:card\" content=\"summary_large_image\" \/>\n<meta name=\"twitter:label1\" content=\"Yazan:\" \/>\n\t<meta name=\"twitter:data1\" content=\"admin\" \/>\n\t<meta name=\"twitter:label2\" content=\"Tahmini okuma s\u00fcresi\" \/>\n\t<meta name=\"twitter:data2\" content=\"1 dakika\" \/>\n<script type=\"application\/ld+json\" class=\"yoast-schema-graph\">{\"@context\":\"https:\\\/\\\/schema.org\",\"@graph\":[{\"@type\":\"Article\",\"@id\":\"https:\\\/\\\/kibrisdakik.com\\\/?p=99084#article\",\"isPartOf\":{\"@id\":\"https:\\\/\\\/kibrisdakik.com\\\/?p=99084\"},\"author\":{\"name\":\"admin\",\"@id\":\"https:\\\/\\\/kibrisdakik.com\\\/#\\\/schema\\\/person\\\/9cd9d437bbb44f72b73ba127e06d8e79\"},\"headline\":\"KESER: \u201c\u0130\u015eGAL ED\u0130LEN ARAZ\u0130 VATANDA\u015eIN PARK YER\u0130 OLACAK\u201d\",\"datePublished\":\"2025-11-11T11:21:14+00:00\",\"mainEntityOfPage\":{\"@id\":\"https:\\\/\\\/kibrisdakik.com\\\/?p=99084\"},\"wordCount\":201,\"commentCount\":0,\"image\":{\"@id\":\"https:\\\/\\\/kibrisdakik.com\\\/?p=99084#primaryimage\"},\"thumbnailUrl\":\"https:\\\/\\\/kibrisdakik.com\\\/wp-content\\\/uploads\\\/2025\\\/11\\\/mha-sari-beyaz-730.png\",\"articleSection\":[\"K\u0131br\u0131s\"],\"inLanguage\":\"tr\",\"potentialAction\":[{\"@type\":\"CommentAction\",\"name\":\"Comment\",\"target\":[\"https:\\\/\\\/kibrisdakik.com\\\/?p=99084#respond\"]}]},{\"@type\":\"WebPage\",\"@id\":\"https:\\\/\\\/kibrisdakik.com\\\/?p=99084\",\"url\":\"https:\\\/\\\/kibrisdakik.com\\\/?p=99084\",\"name\":\"KESER: \u201c\u0130\u015eGAL ED\u0130LEN ARAZ\u0130 VATANDA\u015eIN PARK YER\u0130 OLACAK\u201d -\",\"isPartOf\":{\"@id\":\"https:\\\/\\\/kibrisdakik.com\\\/#website\"},\"primaryImageOfPage\":{\"@id\":\"https:\\\/\\\/kibrisdakik.com\\\/?p=99084#primaryimage\"},\"image\":{\"@id\":\"https:\\\/\\\/kibrisdakik.com\\\/?p=99084#primaryimage\"},\"thumbnailUrl\":\"https:\\\/\\\/kibrisdakik.com\\\/wp-content\\\/uploads\\\/2025\\\/11\\\/mha-sari-beyaz-730.png\",\"datePublished\":\"2025-11-11T11:21:14+00:00\",\"author\":{\"@id\":\"https:\\\/\\\/kibrisdakik.com\\\/#\\\/schema\\\/person\\\/9cd9d437bbb44f72b73ba127e06d8e79\"},\"breadcrumb\":{\"@id\":\"https:\\\/\\\/kibrisdakik.com\\\/?p=99084#breadcrumb\"},\"inLanguage\":\"tr\",\"potentialAction\":[{\"@type\":\"ReadAction\",\"target\":[\"https:\\\/\\\/kibrisdakik.com\\\/?p=99084\"]}]},{\"@type\":\"ImageObject\",\"inLanguage\":\"tr\",\"@id\":\"https:\\\/\\\/kibrisdakik.com\\\/?p=99084#primaryimage\",\"url\":\"https:\\\/\\\/kibrisdakik.com\\\/wp-content\\\/uploads\\\/2025\\\/11\\\/mha-sari-beyaz-730.png\",\"contentUrl\":\"https:\\\/\\\/kibrisdakik.com\\\/wp-content\\\/uploads\\\/2025\\\/11\\\/mha-sari-beyaz-730.png\",\"width\":1280,\"height\":720},{\"@type\":\"BreadcrumbList\",\"@id\":\"https:\\\/\\\/kibrisdakik.com\\\/?p=99084#breadcrumb\",\"itemListElement\":[{\"@type\":\"ListItem\",\"position\":1,\"name\":\"Home\",\"item\":\"https:\\\/\\\/kibrisdakik.com\\\/\"},{\"@type\":\"ListItem\",\"position\":2,\"name\":\"KESER: \u201c\u0130\u015eGAL ED\u0130LEN ARAZ\u0130 VATANDA\u015eIN PARK YER\u0130 OLACAK\u201d\"}]},{\"@type\":\"WebSite\",\"@id\":\"https:\\\/\\\/kibrisdakik.com\\\/#website\",\"url\":\"https:\\\/\\\/kibrisdakik.com\\\/\",\"name\":\"\",\"description\":\"Tam vaktinde haber\",\"potentialAction\":[{\"@type\":\"SearchAction\",\"target\":{\"@type\":\"EntryPoint\",\"urlTemplate\":\"https:\\\/\\\/kibrisdakik.com\\\/?s={search_term_string}\"},\"query-input\":{\"@type\":\"PropertyValueSpecification\",\"valueRequired\":true,\"valueName\":\"search_term_string\"}}],\"inLanguage\":\"tr\"},{\"@type\":\"Person\",\"@id\":\"https:\\\/\\\/kibrisdakik.com\\\/#\\\/schema\\\/person\\\/9cd9d437bbb44f72b73ba127e06d8e79\",\"name\":\"admin\",\"image\":{\"@type\":\"ImageObject\",\"inLanguage\":\"tr\",\"@id\":\"https:\\\/\\\/secure.gravatar.com\\\/avatar\\\/ccc17943b9d660506c869530f897617f7cb1c21a4bf30023f252596d83e1f007?s=96&d=mm&r=g\",\"url\":\"https:\\\/\\\/secure.gravatar.com\\\/avatar\\\/ccc17943b9d660506c869530f897617f7cb1c21a4bf30023f252596d83e1f007?s=96&d=mm&r=g\",\"contentUrl\":\"https:\\\/\\\/secure.gravatar.com\\\/avatar\\\/ccc17943b9d660506c869530f897617f7cb1c21a4bf30023f252596d83e1f007?s=96&d=mm&r=g\",\"caption\":\"admin\"},\"sameAs\":[\"https:\\\/\\\/kibrisdakik.com\"],\"url\":\"https:\\\/\\\/kibrisdakik.com\\\/?author=1\"}]}<\/script>\n<!-- \/ Yoast SEO plugin. -->","yoast_head_json":{"title":"KESER: \u201c\u0130\u015eGAL ED\u0130LEN ARAZ\u0130 VATANDA\u015eIN PARK YER\u0130 OLACAK\u201d -","robots":{"index":"index","follow":"follow","max-snippet":"max-snippet:-1","max-image-preview":"max-image-preview:large","max-video-preview":"max-video-preview:-1"},"canonical":"https:\/\/kibrisdakik.com\/?p=99084","og_locale":"tr_TR","og_type":"article","og_title":"KESER: \u201c\u0130\u015eGAL ED\u0130LEN ARAZ\u0130 VATANDA\u015eIN PARK YER\u0130 OLACAK\u201d -","og_description":"Erg\u00fcn Yahat Gazima\u011fusa Kaymakam\u0131 \u00d6zden Keser, hastane arazisi i\u00e7inde uzun y\u0131llard\u0131r izinsiz \u015fekilde kullan\u0131lan alan\u0131n bo\u015falt\u0131laraca\u011f\u0131n\u0131 ve b\u00f6lgenin kamu yarar\u0131na park yeri olarak d\u00fczenlenece\u011fini a\u00e7\u0131klad\u0131. Bas\u0131nda yer alan \u201cHastanenin arazisine zeytin ektiler\u201d haberi \u00fczerine a\u00e7\u0131klama yapan Kaymakam Keser, yap\u0131lan incelemelerde bir vatanda\u015f\u0131n yakla\u015f\u0131k 1 d\u00f6n\u00fcm 3 evlek b\u00fcy\u00fckl\u00fc\u011f\u00fcndeki arazide zeytin a\u011fa\u00e7lar\u0131 ekti\u011fi ve garaj in\u015fa","og_url":"https:\/\/kibrisdakik.com\/?p=99084","article_published_time":"2025-11-11T11:21:14+00:00","og_image":[{"width":1280,"height":720,"url":"https:\/\/kibrisdakik.com\/wp-content\/uploads\/2025\/11\/mha-sari-beyaz-730.png","type":"image\/png"}],"author":"admin","twitter_card":"summary_large_image","twitter_misc":{"Yazan:":"admin","Tahmini okuma s\u00fcresi":"1 dakika"},"schema":{"@context":"https:\/\/schema.org","@graph":[{"@type":"Article","@id":"https:\/\/kibrisdakik.com\/?p=99084#article","isPartOf":{"@id":"https:\/\/kibrisdakik.com\/?p=99084"},"author":{"name":"admin","@id":"https:\/\/kibrisdakik.com\/#\/schema\/person\/9cd9d437bbb44f72b73ba127e06d8e79"},"headline":"KESER: \u201c\u0130\u015eGAL ED\u0130LEN ARAZ\u0130 VATANDA\u015eIN PARK YER\u0130 OLACAK\u201d","datePublished":"2025-11-11T11:21:14+00:00","mainEntityOfPage":{"@id":"https:\/\/kibrisdakik.com\/?p=99084"},"wordCount":201,"commentCount":0,"image":{"@id":"https:\/\/kibrisdakik.com\/?p=99084#primaryimage"},"thumbnailUrl":"https:\/\/kibrisdakik.com\/wp-content\/uploads\/2025\/11\/mha-sari-beyaz-730.png","articleSection":["K\u0131br\u0131s"],"inLanguage":"tr","potentialAction":[{"@type":"CommentAction","name":"Comment","target":["https:\/\/kibrisdakik.com\/?p=99084#respond"]}]},{"@type":"WebPage","@id":"https:\/\/kibrisdakik.com\/?p=99084","url":"https:\/\/kibrisdakik.com\/?p=99084","name":"KESER: \u201c\u0130\u015eGAL ED\u0130LEN ARAZ\u0130 VATANDA\u015eIN PARK YER\u0130 OLACAK\u201d -","isPartOf":{"@id":"https:\/\/kibrisdakik.com\/#website"},"primaryImageOfPage":{"@id":"https:\/\/kibrisdakik.com\/?p=99084#primaryimage"},"image":{"@id":"https:\/\/kibrisdakik.com\/?p=99084#primaryimage"},"thumbnailUrl":"https:\/\/kibrisdakik.com\/wp-content\/uploads\/2025\/11\/mha-sari-beyaz-730.png","datePublished":"2025-11-11T11:21:14+00:00","author":{"@id":"https:\/\/kibrisdakik.com\/#\/schema\/person\/9cd9d437bbb44f72b73ba127e06d8e79"},"breadcrumb":{"@id":"https:\/\/kibrisdakik.com\/?p=99084#breadcrumb"},"inLanguage":"tr","potentialAction":[{"@type":"ReadAction","target":["https:\/\/kibrisdakik.com\/?p=99084"]}]},{"@type":"ImageObject","inLanguage":"tr","@id":"https:\/\/kibrisdakik.com\/?p=99084#primaryimage","url":"https:\/\/kibrisdakik.com\/wp-content\/uploads\/2025\/11\/mha-sari-beyaz-730.png","contentUrl":"https:\/\/kibrisdakik.com\/wp-content\/uploads\/2025\/11\/mha-sari-beyaz-730.png","width":1280,"height":720},{"@type":"BreadcrumbList","@id":"https:\/\/kibrisdakik.com\/?p=99084#breadcrumb","itemListElement":[{"@type":"ListItem","position":1,"name":"Home","item":"https:\/\/kibrisdakik.com\/"},{"@type":"ListItem","position":2,"name":"KESER: \u201c\u0130\u015eGAL ED\u0130LEN ARAZ\u0130 VATANDA\u015eIN PARK YER\u0130 OLACAK\u201d"}]},{"@type":"WebSite","@id":"https:\/\/kibrisdakik.com\/#website","url":"https:\/\/kibrisdakik.com\/","name":"","description":"Tam vaktinde haber","potentialAction":[{"@type":"SearchAction","target":{"@type":"EntryPoint","urlTemplate":"https:\/\/kibrisdakik.com\/?s={search_term_string}"},"query-input":{"@type":"PropertyValueSpecification","valueRequired":true,"valueName":"search_term_string"}}],"inLanguage":"tr"},{"@type":"Person","@id":"https:\/\/kibrisdakik.com\/#\/schema\/person\/9cd9d437bbb44f72b73ba127e06d8e79","name":"admin","image":{"@type":"ImageObject","inLanguage":"tr","@id":"https:\/\/secure.gravatar.com\/avatar\/ccc17943b9d660506c869530f897617f7cb1c21a4bf30023f252596d83e1f007?s=96&d=mm&r=g","url":"https:\/\/secure.gravatar.com\/avatar\/ccc17943b9d660506c869530f897617f7cb1c21a4bf30023f252596d83e1f007?s=96&d=mm&r=g","contentUrl":"https:\/\/secure.gravatar.com\/avatar\/ccc17943b9d660506c869530f897617f7cb1c21a4bf30023f252596d83e1f007?s=96&d=mm&r=g","caption":"admin"},"sameAs":["https:\/\/kibrisdakik.com"],"url":"https:\/\/kibrisdakik.com\/?author=1"}]}},"_links":{"self":[{"href":"https:\/\/kibrisdakik.com\/index.php?rest_route=\/wp\/v2\/posts\/99084","targetHints":{"allow":["GET"]}}],"collection":[{"href":"https:\/\/kibrisdakik.com\/index.php?rest_route=\/wp\/v2\/posts"}],"about":[{"href":"https:\/\/kibrisdakik.com\/index.php?rest_route=\/wp\/v2\/types\/post"}],"author":[{"embeddable":true,"href":"https:\/\/kibrisdakik.com\/index.php?rest_route=\/wp\/v2\/users\/1"}],"replies":[{"embeddable":true,"href":"https:\/\/kibrisdakik.com\/index.php?rest_route=%2Fwp%2Fv2%2Fcomments&post=99084"}],"version-history":[{"count":0,"href":"https:\/\/kibrisdakik.com\/index.php?rest_route=\/wp\/v2\/posts\/99084\/revisions"}],"wp:featuredmedia":[{"embeddable":true,"href":"https:\/\/kibrisdakik.com\/index.php?rest_route=\/wp\/v2\/media\/99085"}],"wp:attachment":[{"href":"https:\/\/kibrisdakik.com\/index.php?rest_route=%2Fwp%2Fv2%2Fmedia&parent=99084"}],"wp:term":[{"taxonomy":"category","embeddable":true,"href":"https:\/\/kibrisdakik.com\/index.php?rest_route=%2Fwp%2Fv2%2Fcategories&post=99084"},{"taxonomy":"post_tag","embeddable":true,"href":"https:\/\/kibrisdakik.com\/index.php?rest_route=%2Fwp%2Fv2%2Ftags&post=99084"}],"curies":[{"name":"wp","href":"https:\/\/api.w.org\/{rel}","templated":true}]}}