{"id":99086,"date":"2025-11-11T13:36:40","date_gmt":"2025-11-11T11:36:40","guid":{"rendered":"https:\/\/kibrisdakik.com\/index.php\/2025\/11\/11\/abnin-destekledigi-afrika-geri-donus-programindaki-yardimlar-tartisma-yaratti\/"},"modified":"2025-11-11T13:36:40","modified_gmt":"2025-11-11T11:36:40","slug":"abnin-destekledigi-afrika-geri-donus-programindaki-yardimlar-tartisma-yaratti","status":"publish","type":"post","link":"https:\/\/kibrisdakik.com\/?p=99086","title":{"rendered":"AB&#039;nin destekledi\u011fi Afrika geri d\u00f6n\u00fc\u015f program\u0131ndaki yard\u0131mlar tart\u0131\u015fma yaratt\u0131"},"content":{"rendered":"<p><\/p>\n<div class=\"news-content\">\n<p>\n\tAP&#8217;nin haberine g\u00f6re, geri d\u00f6nen baz\u0131 Afrikal\u0131 g\u00f6\u00e7menler, kendilerine vadedilen ekonomik ve sosyal deste\u011fin verilmedi\u011fini \u00f6ne s\u00fcrd\u00fc.<\/p>\n<p>\n\tS\u00f6z konusu iddialar, AB&#8217;nin g\u00f6\u00e7 y\u00f6netimi politikalar\u0131 ile IOM&#8217;un uygulamalar\u0131 konusunda \u015feffafl\u0131k ve hesap verebilirlik tart\u0131\u015fmalar\u0131n\u0131 yeniden g\u00fcndeme getirdi.<\/p>\n<p>\n\tAB&#8217;nin 2016&#8217;da ba\u015flatt\u0131\u011f\u0131 ve IOM taraf\u0131ndan y\u00fcr\u00fct\u00fclen &#8220;G\u00f6n\u00fcll\u00fc Geri D\u00f6n\u00fc\u015f ve Yeniden Entegrasyon&#8221; program\u0131, Avrupa&#8217;ya ula\u015famayan Afrikal\u0131 g\u00f6\u00e7menlerin \u00fclkelerine geri d\u00f6nmesini ve yeniden hayata tutunmas\u0131n\u0131 hedefliyor.<\/p>\n<p>\n\t2022-2025 d\u00f6neminde, 100 binden fazla Sahra Alt\u0131 Afrikal\u0131 g\u00f6\u00e7menin Kuzey Afrika ve Nijer\u2019den geri d\u00f6n\u00fc\u015f\u00fc sa\u011fland\u0131.<\/p>\n<p>\n\tToplam b\u00fct\u00e7esi 380 milyon dolar olan program\u0131n y\u00fczde 58&#8217;inin, &#8220;geri d\u00f6n\u00fc\u015f sonras\u0131 destek&#8221; i\u00e7in ayr\u0131ld\u0131\u011f\u0131 bildirildi.<\/p>\n<p>\n\tIOM, s\u00f6z konusu desteklerin bar\u0131nma, t\u0131bbi yard\u0131m, psikososyal hizmet, mesleki e\u011fitim ve k\u00fc\u00e7\u00fck i\u015fletme hibelerini kapsad\u0131\u011f\u0131n\u0131 belirtiyor.<\/p>\n<h2>\n\tBaz\u0131 g\u00f6\u00e7menler destek alamad\u0131klar\u0131n\u0131 iddia etti<\/h2>\n<p>\n\tGambiya ve Gine&#8217;deki baz\u0131 geri d\u00f6nen g\u00f6\u00e7menler, IOM&#8217;un kendilerine vadedilen yard\u0131mlar\u0131n\u0131 almad\u0131klar\u0131n\u0131 \u00f6ne s\u00fcrd\u00fc.<\/p>\n<p>\n\tGine&#8217;den 20 ya\u015f\u0131ndaki Kabinet Kante, iki y\u0131l s\u00fcren ba\u015far\u0131s\u0131z Avrupa yolculu\u011funun ard\u0131ndan IOM arac\u0131l\u0131\u011f\u0131yla \u00fclkesine d\u00f6nd\u00fc\u011f\u00fcn\u00fc ancak mesleki e\u011fitim talebine yan\u0131t alamad\u0131\u011f\u0131n\u0131 s\u00f6yledi.<\/p>\n<p>\n\tKante, benzer durumda olan 50&#8217;den fazla ki\u015finin bulunduklar\u0131 bir WhatsApp grubunda kendi deneyimlerini payla\u015ft\u0131klar\u0131n\u0131 anlatt\u0131.<\/p>\n<h2>\n\tIOM: Gecikmeler ya\u015fanabiliyor<\/h2>\n<p>\n\tIOM Bat\u0131 Afrika B\u00f6lge Ofisinden Fran\u00e7ois Xavier Ada, 90 binden fazla ki\u015finin yeniden entegrasyon s\u00fcrecine ba\u015flad\u0131\u011f\u0131n\u0131, 60 bininin ise s\u00fcreci tamamlad\u0131\u011f\u0131n\u0131 bildirdi.<\/p>\n<p>\n\tAda, baz\u0131 vakalarda y\u00fcksek i\u015f y\u00fck\u00fc veya eksik belgeler nedeniyle gecikmeler ya\u015fanabildi\u011fini belirterek, &#8220;Bekletilen ki\u015filerle ilgili bilgi almaktan memnuniyet duyar\u0131z ancak bireysel vakalar\u0131 payla\u015fam\u0131yoruz.&#8221; ifadesini kulland\u0131.<\/p>\n<p>\n\tAB yetkilileri ise IOM&#8217;un a\u00e7\u0131klamalar\u0131n\u0131 yinelemekle yetindi.<\/p>\n<p>\n\tBr\u00fcksel merkezli Avrupa M\u00fclteciler ve S\u00fcrg\u00fcnler Konseyinden Josephine Liebl, AB fonlar\u0131n\u0131n kullan\u0131m\u0131nda &#8220;\u015feffafl\u0131k ve hesap verebilirlik&#8221; eksikli\u011fi bulundu\u011funu savundu.<\/p>\n<p>\n\tG\u00f6\u00e7 Politikas\u0131 Enstit\u00fcs\u00fc Direkt\u00f6r\u00fc Camille Le Coz ise program\u0131n geri d\u00f6n\u00fc\u015f s\u00fcrecinde \u00f6nemli rol oynad\u0131\u011f\u0131n\u0131 ancak g\u00f6\u00e7menlerin uzun vadeli entegrasyonu i\u00e7in gerekli sosyal ve ekonomik deste\u011fin eksik kald\u0131\u011f\u0131n\u0131 ifade etti.<\/p>\n<p>\n\tGine&#8217;de faaliyet g\u00f6steren D\u00fczensiz G\u00f6\u00e7le M\u00fccadele Derne\u011fi Direkt\u00f6r\u00fc Elhadj Mohamed Diallo da &#8220;Amac\u0131m\u0131z insanlar\u0131 burada tutmak de\u011fil, yeniden hayatlar\u0131n\u0131n kontrol\u00fcn\u00fc ellerine vermek. G\u00f6\u00e7 do\u011fald\u0131r, suyu engellerseniz, mutlaka yolunu bulur.&#8221; dedi.<\/p>\n<div class=\"news-tags\">\n<div class=\"title\">ET\u0130KETLER<\/div>\n<div class=\"tags\">\n                                                                            G\u00f6\u00e7<br \/>\n                                                                            D\u00fczensiz G\u00f6\u00e7menler<br \/>\n                                                                            Afrika<br \/>\n                                                                            Avrupa Birli\u011fi\n                                                                    <\/div>\n<\/p><\/div>\n<\/p><\/div>\n","protected":false},"excerpt":{"rendered":"<p>AP&#8217;nin haberine g\u00f6re, geri d\u00f6nen baz\u0131 Afrikal\u0131 g\u00f6\u00e7menler, kendilerine vadedilen ekonomik ve sosyal deste\u011fin verilmedi\u011fini \u00f6ne s\u00fcrd\u00fc. S\u00f6z konusu iddialar, AB&#8217;nin g\u00f6\u00e7 y\u00f6netimi politikalar\u0131 ile IOM&#8217;un uygulamalar\u0131 konusunda \u015feffafl\u0131k ve hesap verebilirlik tart\u0131\u015fmalar\u0131n\u0131 yeniden g\u00fcndeme getirdi. AB&#8217;nin 2016&#8217;da ba\u015flatt\u0131\u011f\u0131 ve IOM taraf\u0131ndan y\u00fcr\u00fct\u00fclen &#8220;G\u00f6n\u00fcll\u00fc Geri D\u00f6n\u00fc\u015f ve Yeniden Entegrasyon&#8221; program\u0131, Avrupa&#8217;ya ula\u015famayan Afrikal\u0131 g\u00f6\u00e7menlerin \u00fclkelerine<\/p>\n","protected":false},"author":1,"featured_media":94497,"comment_status":"open","ping_status":"open","sticky":false,"template":"","format":"standard","meta":{"footnotes":""},"categories":[306],"tags":[],"class_list":["post-99086","post","type-post","status-publish","format-standard","has-post-thumbnail","hentry","category-dunya"],"yoast_head":"<!-- This site is optimized with the Yoast SEO plugin v27.5 - https:\/\/yoast.com\/product\/yoast-seo-wordpress\/ -->\n<title>AB&#039;nin destekledi\u011fi Afrika geri d\u00f6n\u00fc\u015f program\u0131ndaki yard\u0131mlar tart\u0131\u015fma yaratt\u0131 -<\/title>\n<meta name=\"robots\" content=\"index, follow, max-snippet:-1, max-image-preview:large, max-video-preview:-1\" \/>\n<link rel=\"canonical\" href=\"https:\/\/kibrisdakik.com\/?p=99086\" \/>\n<meta property=\"og:locale\" content=\"tr_TR\" \/>\n<meta property=\"og:type\" content=\"article\" \/>\n<meta property=\"og:title\" content=\"AB&#039;nin destekledi\u011fi Afrika geri d\u00f6n\u00fc\u015f program\u0131ndaki yard\u0131mlar tart\u0131\u015fma yaratt\u0131 -\" \/>\n<meta property=\"og:description\" content=\"AP&#8217;nin haberine g\u00f6re, geri d\u00f6nen baz\u0131 Afrikal\u0131 g\u00f6\u00e7menler, kendilerine vadedilen ekonomik ve sosyal deste\u011fin verilmedi\u011fini \u00f6ne s\u00fcrd\u00fc. S\u00f6z konusu iddialar, AB&#8217;nin g\u00f6\u00e7 y\u00f6netimi politikalar\u0131 ile IOM&#8217;un uygulamalar\u0131 konusunda \u015feffafl\u0131k ve hesap verebilirlik tart\u0131\u015fmalar\u0131n\u0131 yeniden g\u00fcndeme getirdi. AB&#8217;nin 2016&#8217;da ba\u015flatt\u0131\u011f\u0131 ve IOM taraf\u0131ndan y\u00fcr\u00fct\u00fclen &#8220;G\u00f6n\u00fcll\u00fc Geri D\u00f6n\u00fc\u015f ve Yeniden Entegrasyon&#8221; program\u0131, Avrupa&#8217;ya ula\u015famayan Afrikal\u0131 g\u00f6\u00e7menlerin \u00fclkelerine\" \/>\n<meta property=\"og:url\" content=\"https:\/\/kibrisdakik.com\/?p=99086\" \/>\n<meta property=\"article:published_time\" content=\"2025-11-11T11:36:40+00:00\" \/>\n<meta property=\"og:image\" content=\"https:\/\/kibrisdakik.com\/wp-content\/uploads\/2025\/10\/avrupa-birligi-ab-reu-1543463.jpg\" \/>\n\t<meta property=\"og:image:width\" content=\"1280\" \/>\n\t<meta property=\"og:image:height\" content=\"720\" \/>\n\t<meta property=\"og:image:type\" content=\"image\/jpeg\" \/>\n<meta name=\"author\" content=\"admin\" \/>\n<meta name=\"twitter:card\" content=\"summary_large_image\" \/>\n<meta name=\"twitter:label1\" content=\"Yazan:\" \/>\n\t<meta name=\"twitter:data1\" content=\"admin\" \/>\n\t<meta name=\"twitter:label2\" content=\"Tahmini okuma s\u00fcresi\" \/>\n\t<meta name=\"twitter:data2\" content=\"2 dakika\" \/>\n<script type=\"application\/ld+json\" class=\"yoast-schema-graph\">{\"@context\":\"https:\\\/\\\/schema.org\",\"@graph\":[{\"@type\":\"Article\",\"@id\":\"https:\\\/\\\/kibrisdakik.com\\\/?p=99086#article\",\"isPartOf\":{\"@id\":\"https:\\\/\\\/kibrisdakik.com\\\/?p=99086\"},\"author\":{\"name\":\"admin\",\"@id\":\"https:\\\/\\\/kibrisdakik.com\\\/#\\\/schema\\\/person\\\/9cd9d437bbb44f72b73ba127e06d8e79\"},\"headline\":\"AB&#039;nin destekledi\u011fi Afrika geri d\u00f6n\u00fc\u015f program\u0131ndaki yard\u0131mlar tart\u0131\u015fma yaratt\u0131\",\"datePublished\":\"2025-11-11T11:36:40+00:00\",\"mainEntityOfPage\":{\"@id\":\"https:\\\/\\\/kibrisdakik.com\\\/?p=99086\"},\"wordCount\":455,\"commentCount\":0,\"image\":{\"@id\":\"https:\\\/\\\/kibrisdakik.com\\\/?p=99086#primaryimage\"},\"thumbnailUrl\":\"https:\\\/\\\/kibrisdakik.com\\\/wp-content\\\/uploads\\\/2025\\\/10\\\/avrupa-birligi-ab-reu-1543463.jpg\",\"articleSection\":[\"D\u00fcnya\"],\"inLanguage\":\"tr\",\"potentialAction\":[{\"@type\":\"CommentAction\",\"name\":\"Comment\",\"target\":[\"https:\\\/\\\/kibrisdakik.com\\\/?p=99086#respond\"]}]},{\"@type\":\"WebPage\",\"@id\":\"https:\\\/\\\/kibrisdakik.com\\\/?p=99086\",\"url\":\"https:\\\/\\\/kibrisdakik.com\\\/?p=99086\",\"name\":\"AB&#039;nin destekledi\u011fi Afrika geri d\u00f6n\u00fc\u015f program\u0131ndaki yard\u0131mlar tart\u0131\u015fma yaratt\u0131 -\",\"isPartOf\":{\"@id\":\"https:\\\/\\\/kibrisdakik.com\\\/#website\"},\"primaryImageOfPage\":{\"@id\":\"https:\\\/\\\/kibrisdakik.com\\\/?p=99086#primaryimage\"},\"image\":{\"@id\":\"https:\\\/\\\/kibrisdakik.com\\\/?p=99086#primaryimage\"},\"thumbnailUrl\":\"https:\\\/\\\/kibrisdakik.com\\\/wp-content\\\/uploads\\\/2025\\\/10\\\/avrupa-birligi-ab-reu-1543463.jpg\",\"datePublished\":\"2025-11-11T11:36:40+00:00\",\"author\":{\"@id\":\"https:\\\/\\\/kibrisdakik.com\\\/#\\\/schema\\\/person\\\/9cd9d437bbb44f72b73ba127e06d8e79\"},\"breadcrumb\":{\"@id\":\"https:\\\/\\\/kibrisdakik.com\\\/?p=99086#breadcrumb\"},\"inLanguage\":\"tr\",\"potentialAction\":[{\"@type\":\"ReadAction\",\"target\":[\"https:\\\/\\\/kibrisdakik.com\\\/?p=99086\"]}]},{\"@type\":\"ImageObject\",\"inLanguage\":\"tr\",\"@id\":\"https:\\\/\\\/kibrisdakik.com\\\/?p=99086#primaryimage\",\"url\":\"https:\\\/\\\/kibrisdakik.com\\\/wp-content\\\/uploads\\\/2025\\\/10\\\/avrupa-birligi-ab-reu-1543463.jpg\",\"contentUrl\":\"https:\\\/\\\/kibrisdakik.com\\\/wp-content\\\/uploads\\\/2025\\\/10\\\/avrupa-birligi-ab-reu-1543463.jpg\",\"width\":1280,\"height\":720},{\"@type\":\"BreadcrumbList\",\"@id\":\"https:\\\/\\\/kibrisdakik.com\\\/?p=99086#breadcrumb\",\"itemListElement\":[{\"@type\":\"ListItem\",\"position\":1,\"name\":\"Home\",\"item\":\"https:\\\/\\\/kibrisdakik.com\\\/\"},{\"@type\":\"ListItem\",\"position\":2,\"name\":\"AB&#039;nin destekledi\u011fi Afrika geri d\u00f6n\u00fc\u015f program\u0131ndaki yard\u0131mlar tart\u0131\u015fma yaratt\u0131\"}]},{\"@type\":\"WebSite\",\"@id\":\"https:\\\/\\\/kibrisdakik.com\\\/#website\",\"url\":\"https:\\\/\\\/kibrisdakik.com\\\/\",\"name\":\"\",\"description\":\"Tam vaktinde haber\",\"potentialAction\":[{\"@type\":\"SearchAction\",\"target\":{\"@type\":\"EntryPoint\",\"urlTemplate\":\"https:\\\/\\\/kibrisdakik.com\\\/?s={search_term_string}\"},\"query-input\":{\"@type\":\"PropertyValueSpecification\",\"valueRequired\":true,\"valueName\":\"search_term_string\"}}],\"inLanguage\":\"tr\"},{\"@type\":\"Person\",\"@id\":\"https:\\\/\\\/kibrisdakik.com\\\/#\\\/schema\\\/person\\\/9cd9d437bbb44f72b73ba127e06d8e79\",\"name\":\"admin\",\"image\":{\"@type\":\"ImageObject\",\"inLanguage\":\"tr\",\"@id\":\"https:\\\/\\\/secure.gravatar.com\\\/avatar\\\/ccc17943b9d660506c869530f897617f7cb1c21a4bf30023f252596d83e1f007?s=96&d=mm&r=g\",\"url\":\"https:\\\/\\\/secure.gravatar.com\\\/avatar\\\/ccc17943b9d660506c869530f897617f7cb1c21a4bf30023f252596d83e1f007?s=96&d=mm&r=g\",\"contentUrl\":\"https:\\\/\\\/secure.gravatar.com\\\/avatar\\\/ccc17943b9d660506c869530f897617f7cb1c21a4bf30023f252596d83e1f007?s=96&d=mm&r=g\",\"caption\":\"admin\"},\"sameAs\":[\"https:\\\/\\\/kibrisdakik.com\"],\"url\":\"https:\\\/\\\/kibrisdakik.com\\\/?author=1\"}]}<\/script>\n<!-- \/ Yoast SEO plugin. -->","yoast_head_json":{"title":"AB&#039;nin destekledi\u011fi Afrika geri d\u00f6n\u00fc\u015f program\u0131ndaki yard\u0131mlar tart\u0131\u015fma yaratt\u0131 -","robots":{"index":"index","follow":"follow","max-snippet":"max-snippet:-1","max-image-preview":"max-image-preview:large","max-video-preview":"max-video-preview:-1"},"canonical":"https:\/\/kibrisdakik.com\/?p=99086","og_locale":"tr_TR","og_type":"article","og_title":"AB&#039;nin destekledi\u011fi Afrika geri d\u00f6n\u00fc\u015f program\u0131ndaki yard\u0131mlar tart\u0131\u015fma yaratt\u0131 -","og_description":"AP&#8217;nin haberine g\u00f6re, geri d\u00f6nen baz\u0131 Afrikal\u0131 g\u00f6\u00e7menler, kendilerine vadedilen ekonomik ve sosyal deste\u011fin verilmedi\u011fini \u00f6ne s\u00fcrd\u00fc. S\u00f6z konusu iddialar, AB&#8217;nin g\u00f6\u00e7 y\u00f6netimi politikalar\u0131 ile IOM&#8217;un uygulamalar\u0131 konusunda \u015feffafl\u0131k ve hesap verebilirlik tart\u0131\u015fmalar\u0131n\u0131 yeniden g\u00fcndeme getirdi. AB&#8217;nin 2016&#8217;da ba\u015flatt\u0131\u011f\u0131 ve IOM taraf\u0131ndan y\u00fcr\u00fct\u00fclen &#8220;G\u00f6n\u00fcll\u00fc Geri D\u00f6n\u00fc\u015f ve Yeniden Entegrasyon&#8221; program\u0131, Avrupa&#8217;ya ula\u015famayan Afrikal\u0131 g\u00f6\u00e7menlerin \u00fclkelerine","og_url":"https:\/\/kibrisdakik.com\/?p=99086","article_published_time":"2025-11-11T11:36:40+00:00","og_image":[{"width":1280,"height":720,"url":"https:\/\/kibrisdakik.com\/wp-content\/uploads\/2025\/10\/avrupa-birligi-ab-reu-1543463.jpg","type":"image\/jpeg"}],"author":"admin","twitter_card":"summary_large_image","twitter_misc":{"Yazan:":"admin","Tahmini okuma s\u00fcresi":"2 dakika"},"schema":{"@context":"https:\/\/schema.org","@graph":[{"@type":"Article","@id":"https:\/\/kibrisdakik.com\/?p=99086#article","isPartOf":{"@id":"https:\/\/kibrisdakik.com\/?p=99086"},"author":{"name":"admin","@id":"https:\/\/kibrisdakik.com\/#\/schema\/person\/9cd9d437bbb44f72b73ba127e06d8e79"},"headline":"AB&#039;nin destekledi\u011fi Afrika geri d\u00f6n\u00fc\u015f program\u0131ndaki yard\u0131mlar tart\u0131\u015fma yaratt\u0131","datePublished":"2025-11-11T11:36:40+00:00","mainEntityOfPage":{"@id":"https:\/\/kibrisdakik.com\/?p=99086"},"wordCount":455,"commentCount":0,"image":{"@id":"https:\/\/kibrisdakik.com\/?p=99086#primaryimage"},"thumbnailUrl":"https:\/\/kibrisdakik.com\/wp-content\/uploads\/2025\/10\/avrupa-birligi-ab-reu-1543463.jpg","articleSection":["D\u00fcnya"],"inLanguage":"tr","potentialAction":[{"@type":"CommentAction","name":"Comment","target":["https:\/\/kibrisdakik.com\/?p=99086#respond"]}]},{"@type":"WebPage","@id":"https:\/\/kibrisdakik.com\/?p=99086","url":"https:\/\/kibrisdakik.com\/?p=99086","name":"AB&#039;nin destekledi\u011fi Afrika geri d\u00f6n\u00fc\u015f program\u0131ndaki yard\u0131mlar tart\u0131\u015fma yaratt\u0131 -","isPartOf":{"@id":"https:\/\/kibrisdakik.com\/#website"},"primaryImageOfPage":{"@id":"https:\/\/kibrisdakik.com\/?p=99086#primaryimage"},"image":{"@id":"https:\/\/kibrisdakik.com\/?p=99086#primaryimage"},"thumbnailUrl":"https:\/\/kibrisdakik.com\/wp-content\/uploads\/2025\/10\/avrupa-birligi-ab-reu-1543463.jpg","datePublished":"2025-11-11T11:36:40+00:00","author":{"@id":"https:\/\/kibrisdakik.com\/#\/schema\/person\/9cd9d437bbb44f72b73ba127e06d8e79"},"breadcrumb":{"@id":"https:\/\/kibrisdakik.com\/?p=99086#breadcrumb"},"inLanguage":"tr","potentialAction":[{"@type":"ReadAction","target":["https:\/\/kibrisdakik.com\/?p=99086"]}]},{"@type":"ImageObject","inLanguage":"tr","@id":"https:\/\/kibrisdakik.com\/?p=99086#primaryimage","url":"https:\/\/kibrisdakik.com\/wp-content\/uploads\/2025\/10\/avrupa-birligi-ab-reu-1543463.jpg","contentUrl":"https:\/\/kibrisdakik.com\/wp-content\/uploads\/2025\/10\/avrupa-birligi-ab-reu-1543463.jpg","width":1280,"height":720},{"@type":"BreadcrumbList","@id":"https:\/\/kibrisdakik.com\/?p=99086#breadcrumb","itemListElement":[{"@type":"ListItem","position":1,"name":"Home","item":"https:\/\/kibrisdakik.com\/"},{"@type":"ListItem","position":2,"name":"AB&#039;nin destekledi\u011fi Afrika geri d\u00f6n\u00fc\u015f program\u0131ndaki yard\u0131mlar tart\u0131\u015fma yaratt\u0131"}]},{"@type":"WebSite","@id":"https:\/\/kibrisdakik.com\/#website","url":"https:\/\/kibrisdakik.com\/","name":"","description":"Tam vaktinde haber","potentialAction":[{"@type":"SearchAction","target":{"@type":"EntryPoint","urlTemplate":"https:\/\/kibrisdakik.com\/?s={search_term_string}"},"query-input":{"@type":"PropertyValueSpecification","valueRequired":true,"valueName":"search_term_string"}}],"inLanguage":"tr"},{"@type":"Person","@id":"https:\/\/kibrisdakik.com\/#\/schema\/person\/9cd9d437bbb44f72b73ba127e06d8e79","name":"admin","image":{"@type":"ImageObject","inLanguage":"tr","@id":"https:\/\/secure.gravatar.com\/avatar\/ccc17943b9d660506c869530f897617f7cb1c21a4bf30023f252596d83e1f007?s=96&d=mm&r=g","url":"https:\/\/secure.gravatar.com\/avatar\/ccc17943b9d660506c869530f897617f7cb1c21a4bf30023f252596d83e1f007?s=96&d=mm&r=g","contentUrl":"https:\/\/secure.gravatar.com\/avatar\/ccc17943b9d660506c869530f897617f7cb1c21a4bf30023f252596d83e1f007?s=96&d=mm&r=g","caption":"admin"},"sameAs":["https:\/\/kibrisdakik.com"],"url":"https:\/\/kibrisdakik.com\/?author=1"}]}},"_links":{"self":[{"href":"https:\/\/kibrisdakik.com\/index.php?rest_route=\/wp\/v2\/posts\/99086","targetHints":{"allow":["GET"]}}],"collection":[{"href":"https:\/\/kibrisdakik.com\/index.php?rest_route=\/wp\/v2\/posts"}],"about":[{"href":"https:\/\/kibrisdakik.com\/index.php?rest_route=\/wp\/v2\/types\/post"}],"author":[{"embeddable":true,"href":"https:\/\/kibrisdakik.com\/index.php?rest_route=\/wp\/v2\/users\/1"}],"replies":[{"embeddable":true,"href":"https:\/\/kibrisdakik.com\/index.php?rest_route=%2Fwp%2Fv2%2Fcomments&post=99086"}],"version-history":[{"count":0,"href":"https:\/\/kibrisdakik.com\/index.php?rest_route=\/wp\/v2\/posts\/99086\/revisions"}],"wp:featuredmedia":[{"embeddable":true,"href":"https:\/\/kibrisdakik.com\/index.php?rest_route=\/wp\/v2\/media\/94497"}],"wp:attachment":[{"href":"https:\/\/kibrisdakik.com\/index.php?rest_route=%2Fwp%2Fv2%2Fmedia&parent=99086"}],"wp:term":[{"taxonomy":"category","embeddable":true,"href":"https:\/\/kibrisdakik.com\/index.php?rest_route=%2Fwp%2Fv2%2Fcategories&post=99086"},{"taxonomy":"post_tag","embeddable":true,"href":"https:\/\/kibrisdakik.com\/index.php?rest_route=%2Fwp%2Fv2%2Ftags&post=99086"}],"curies":[{"name":"wp","href":"https:\/\/api.w.org\/{rel}","templated":true}]}}