{"id":99203,"date":"2025-11-12T13:17:30","date_gmt":"2025-11-12T11:17:30","guid":{"rendered":"https:\/\/kibrisdakik.com\/index.php\/2025\/11\/12\/milli-egitim-bakani-ktoeos-grevinin-ogrencinin-velinin-ve-halkin-haklarini-hice-saydigini-soyledi\/"},"modified":"2025-11-12T13:17:30","modified_gmt":"2025-11-12T11:17:30","slug":"milli-egitim-bakani-ktoeos-grevinin-ogrencinin-velinin-ve-halkin-haklarini-hice-saydigini-soyledi","status":"publish","type":"post","link":"https:\/\/kibrisdakik.com\/?p=99203","title":{"rendered":"M\u0130LL\u0130 E\u011e\u0130T\u0130M BAKANI KTOE\u00d6S GREV\u0130N\u0130N, \u00d6\u011eRENC\u0130N\u0130N, VEL\u0130N\u0130N VE HALKIN HAKLARINI \u201cH\u0130\u00c7E SAYDI\u011eINI\u201d S\u00d6YLED\u0130."},"content":{"rendered":"<p><\/p>\n<p>\u00c7avu\u015fo\u011flu, \u201c\u00d6\u011fretmenlerimize tehdit de\u011fil, \u00e7a\u011fr\u0131 yap\u0131yoruz. Ancak \u00f6\u011frencilerin e\u011fitim hakk\u0131 ihlal edilirse buna g\u00f6z yummay\u0131z.\u201d dedi.<\/p>\n<p>Yasalara uymayan \u00f6\u011fretmenlere soru\u015fturma a\u00e7acaklar\u0131n\u0131 kaydeden \u00c7avu\u015fo\u011flu, \u201cBu konuda taviz vermeyece\u011fiz.\u201d diye konu\u015ftu.<\/p>\n<p><em>Sendika y\u00f6netiminin yasa ve Anayasay\u0131 tan\u0131mad\u0131\u011f\u0131n\u0131 s\u00f6yleyerek ele\u015ftirilerde bulunan \u00c7avu\u015fo\u011flu, \u00f6\u011frencinin, velinin ve halk\u0131n haklar\u0131n\u0131n hi\u00e7e say\u0131ld\u0131\u011f\u0131n\u0131 s\u00f6yleyerek, \u201cBu s\u00fcrd\u00fcr\u00fclemez tutumu reddediyor ve k\u0131n\u0131yoruz.\u201d dedi.<\/em><\/p>\n<p><em>\u00d6\u011fretmenin grev hakk\u0131 oldu\u011fu gibi, h\u00fck\u00fcmetin de \u00e7ocuklar\u0131n e\u011fitim haklar\u0131n\u0131n kesintiye u\u011framamas\u0131 i\u00e7in grevi erteleme hakk\u0131n\u0131n ayn\u0131 yasal d\u00fczenlemeye tabii oldu\u011funu belirten Naz\u0131m \u00c7avu\u015fo\u011flu, sendikan\u0131n bilin\u00e7li olarak \u201cterminoloji \u015fa\u015f\u0131rtmas\u0131\u201d yapt\u0131\u011f\u0131n\u0131 kaydetti.<\/em><\/p>\n<p><em>\u201cSanki bu \u00fclkede laiklik elden gidiyormu\u015f gibi bir alg\u0131 olu\u015fturuyor. Oysa bu halk 450 y\u0131ld\u0131r ho\u015fg\u00f6r\u00fcyle, herkesin inanc\u0131na sayg\u0131l\u0131 bi\u00e7imde ya\u015famaktad\u0131r. Atat\u00fcrk ilke ve devrimleriyle bi\u00e7imlenen laik yap\u0131y\u0131 kimse bozamaz.\u201d diyen \u00c7avu\u015fo\u011flu, \u201claikli\u011fin korunmas\u0131n\u0131n sendikan\u0131n y\u00f6netimine kalmad\u0131\u011f\u0131n\u0131\u201d s\u00f6yledi.<\/em><\/p>\n<p><em>\u00c7avu\u015fo\u011flu, yasalara uymayan \u00f6\u011fretmenlere gerekli soru\u015fturmalar\u0131 a\u00e7acaklar\u0131n\u0131 s\u00f6yleyerek, \u201cBu konuda taviz vermeyece\u011fiz.\u201d dedi.<\/em><\/p>\n<p><em>Bakanl\u0131\u011f\u0131n t\u00fcm okullara grev erteleme karar\u0131na uyma \u00e7a\u011fr\u0131s\u0131 yapt\u0131\u011f\u0131n\u0131 hat\u0131rlatan Bakan \u00c7avu\u015fo\u011flu, \u201cE\u011fitimin kesintiye u\u011frat\u0131lmas\u0131na asla izin vermeyece\u011fiz. \u00d6\u011fretmenlerimize tehdit de\u011fil, \u00e7a\u011fr\u0131 yap\u0131yoruz. Ancak \u00f6\u011frencilerin e\u011fitim hakk\u0131 ihlal edilirse buna g\u00f6z yummay\u0131z.\u201d diye konu\u015ftu.<\/em><\/p>\n","protected":false},"excerpt":{"rendered":"<p>\u00c7avu\u015fo\u011flu, \u201c\u00d6\u011fretmenlerimize tehdit de\u011fil, \u00e7a\u011fr\u0131 yap\u0131yoruz. Ancak \u00f6\u011frencilerin e\u011fitim hakk\u0131 ihlal edilirse buna g\u00f6z yummay\u0131z.\u201d dedi. Yasalara uymayan \u00f6\u011fretmenlere soru\u015fturma a\u00e7acaklar\u0131n\u0131 kaydeden \u00c7avu\u015fo\u011flu, \u201cBu konuda taviz vermeyece\u011fiz.\u201d diye konu\u015ftu. Sendika y\u00f6netiminin yasa ve Anayasay\u0131 tan\u0131mad\u0131\u011f\u0131n\u0131 s\u00f6yleyerek ele\u015ftirilerde bulunan \u00c7avu\u015fo\u011flu, \u00f6\u011frencinin, velinin ve halk\u0131n haklar\u0131n\u0131n hi\u00e7e say\u0131ld\u0131\u011f\u0131n\u0131 s\u00f6yleyerek, \u201cBu s\u00fcrd\u00fcr\u00fclemez tutumu reddediyor ve k\u0131n\u0131yoruz.\u201d dedi. \u00d6\u011fretmenin<\/p>\n","protected":false},"author":1,"featured_media":99204,"comment_status":"open","ping_status":"open","sticky":false,"template":"","format":"standard","meta":{"footnotes":""},"categories":[81],"tags":[],"class_list":["post-99203","post","type-post","status-publish","format-standard","has-post-thumbnail","hentry","category-kibris"],"yoast_head":"<!-- This site is optimized with the Yoast SEO plugin v27.5 - https:\/\/yoast.com\/product\/yoast-seo-wordpress\/ -->\n<title>M\u0130LL\u0130 E\u011e\u0130T\u0130M BAKANI KTOE\u00d6S GREV\u0130N\u0130N, \u00d6\u011eRENC\u0130N\u0130N, VEL\u0130N\u0130N VE HALKIN HAKLARINI \u201cH\u0130\u00c7E SAYDI\u011eINI\u201d S\u00d6YLED\u0130. -<\/title>\n<meta name=\"robots\" content=\"index, follow, max-snippet:-1, max-image-preview:large, max-video-preview:-1\" \/>\n<link rel=\"canonical\" href=\"https:\/\/kibrisdakik.com\/?p=99203\" \/>\n<meta property=\"og:locale\" content=\"tr_TR\" \/>\n<meta property=\"og:type\" content=\"article\" \/>\n<meta property=\"og:title\" content=\"M\u0130LL\u0130 E\u011e\u0130T\u0130M BAKANI KTOE\u00d6S GREV\u0130N\u0130N, \u00d6\u011eRENC\u0130N\u0130N, VEL\u0130N\u0130N VE HALKIN HAKLARINI \u201cH\u0130\u00c7E SAYDI\u011eINI\u201d S\u00d6YLED\u0130. -\" \/>\n<meta property=\"og:description\" content=\"\u00c7avu\u015fo\u011flu, \u201c\u00d6\u011fretmenlerimize tehdit de\u011fil, \u00e7a\u011fr\u0131 yap\u0131yoruz. Ancak \u00f6\u011frencilerin e\u011fitim hakk\u0131 ihlal edilirse buna g\u00f6z yummay\u0131z.\u201d dedi. Yasalara uymayan \u00f6\u011fretmenlere soru\u015fturma a\u00e7acaklar\u0131n\u0131 kaydeden \u00c7avu\u015fo\u011flu, \u201cBu konuda taviz vermeyece\u011fiz.\u201d diye konu\u015ftu. Sendika y\u00f6netiminin yasa ve Anayasay\u0131 tan\u0131mad\u0131\u011f\u0131n\u0131 s\u00f6yleyerek ele\u015ftirilerde bulunan \u00c7avu\u015fo\u011flu, \u00f6\u011frencinin, velinin ve halk\u0131n haklar\u0131n\u0131n hi\u00e7e say\u0131ld\u0131\u011f\u0131n\u0131 s\u00f6yleyerek, \u201cBu s\u00fcrd\u00fcr\u00fclemez tutumu reddediyor ve k\u0131n\u0131yoruz.\u201d dedi. \u00d6\u011fretmenin\" \/>\n<meta property=\"og:url\" content=\"https:\/\/kibrisdakik.com\/?p=99203\" \/>\n<meta property=\"article:published_time\" content=\"2025-11-12T11:17:30+00:00\" \/>\n<meta property=\"og:image\" content=\"https:\/\/kibrisdakik.com\/wp-content\/uploads\/2025\/11\/3-671.png\" \/>\n\t<meta property=\"og:image:width\" content=\"1280\" \/>\n\t<meta property=\"og:image:height\" content=\"720\" \/>\n\t<meta property=\"og:image:type\" content=\"image\/png\" \/>\n<meta name=\"author\" content=\"admin\" \/>\n<meta name=\"twitter:card\" content=\"summary_large_image\" \/>\n<meta name=\"twitter:label1\" content=\"Yazan:\" \/>\n\t<meta name=\"twitter:data1\" content=\"admin\" \/>\n\t<meta name=\"twitter:label2\" content=\"Tahmini okuma s\u00fcresi\" \/>\n\t<meta name=\"twitter:data2\" content=\"1 dakika\" \/>\n<script type=\"application\/ld+json\" class=\"yoast-schema-graph\">{\"@context\":\"https:\\\/\\\/schema.org\",\"@graph\":[{\"@type\":\"Article\",\"@id\":\"https:\\\/\\\/kibrisdakik.com\\\/?p=99203#article\",\"isPartOf\":{\"@id\":\"https:\\\/\\\/kibrisdakik.com\\\/?p=99203\"},\"author\":{\"name\":\"admin\",\"@id\":\"https:\\\/\\\/kibrisdakik.com\\\/#\\\/schema\\\/person\\\/9cd9d437bbb44f72b73ba127e06d8e79\"},\"headline\":\"M\u0130LL\u0130 E\u011e\u0130T\u0130M BAKANI KTOE\u00d6S GREV\u0130N\u0130N, \u00d6\u011eRENC\u0130N\u0130N, VEL\u0130N\u0130N VE HALKIN HAKLARINI \u201cH\u0130\u00c7E SAYDI\u011eINI\u201d S\u00d6YLED\u0130.\",\"datePublished\":\"2025-11-12T11:17:30+00:00\",\"mainEntityOfPage\":{\"@id\":\"https:\\\/\\\/kibrisdakik.com\\\/?p=99203\"},\"wordCount\":300,\"commentCount\":0,\"image\":{\"@id\":\"https:\\\/\\\/kibrisdakik.com\\\/?p=99203#primaryimage\"},\"thumbnailUrl\":\"https:\\\/\\\/kibrisdakik.com\\\/wp-content\\\/uploads\\\/2025\\\/11\\\/3-671.png\",\"articleSection\":[\"K\u0131br\u0131s\"],\"inLanguage\":\"tr\",\"potentialAction\":[{\"@type\":\"CommentAction\",\"name\":\"Comment\",\"target\":[\"https:\\\/\\\/kibrisdakik.com\\\/?p=99203#respond\"]}]},{\"@type\":\"WebPage\",\"@id\":\"https:\\\/\\\/kibrisdakik.com\\\/?p=99203\",\"url\":\"https:\\\/\\\/kibrisdakik.com\\\/?p=99203\",\"name\":\"M\u0130LL\u0130 E\u011e\u0130T\u0130M BAKANI KTOE\u00d6S GREV\u0130N\u0130N, \u00d6\u011eRENC\u0130N\u0130N, VEL\u0130N\u0130N VE HALKIN HAKLARINI \u201cH\u0130\u00c7E SAYDI\u011eINI\u201d S\u00d6YLED\u0130. -\",\"isPartOf\":{\"@id\":\"https:\\\/\\\/kibrisdakik.com\\\/#website\"},\"primaryImageOfPage\":{\"@id\":\"https:\\\/\\\/kibrisdakik.com\\\/?p=99203#primaryimage\"},\"image\":{\"@id\":\"https:\\\/\\\/kibrisdakik.com\\\/?p=99203#primaryimage\"},\"thumbnailUrl\":\"https:\\\/\\\/kibrisdakik.com\\\/wp-content\\\/uploads\\\/2025\\\/11\\\/3-671.png\",\"datePublished\":\"2025-11-12T11:17:30+00:00\",\"author\":{\"@id\":\"https:\\\/\\\/kibrisdakik.com\\\/#\\\/schema\\\/person\\\/9cd9d437bbb44f72b73ba127e06d8e79\"},\"breadcrumb\":{\"@id\":\"https:\\\/\\\/kibrisdakik.com\\\/?p=99203#breadcrumb\"},\"inLanguage\":\"tr\",\"potentialAction\":[{\"@type\":\"ReadAction\",\"target\":[\"https:\\\/\\\/kibrisdakik.com\\\/?p=99203\"]}]},{\"@type\":\"ImageObject\",\"inLanguage\":\"tr\",\"@id\":\"https:\\\/\\\/kibrisdakik.com\\\/?p=99203#primaryimage\",\"url\":\"https:\\\/\\\/kibrisdakik.com\\\/wp-content\\\/uploads\\\/2025\\\/11\\\/3-671.png\",\"contentUrl\":\"https:\\\/\\\/kibrisdakik.com\\\/wp-content\\\/uploads\\\/2025\\\/11\\\/3-671.png\",\"width\":1280,\"height\":720},{\"@type\":\"BreadcrumbList\",\"@id\":\"https:\\\/\\\/kibrisdakik.com\\\/?p=99203#breadcrumb\",\"itemListElement\":[{\"@type\":\"ListItem\",\"position\":1,\"name\":\"Home\",\"item\":\"https:\\\/\\\/kibrisdakik.com\\\/\"},{\"@type\":\"ListItem\",\"position\":2,\"name\":\"M\u0130LL\u0130 E\u011e\u0130T\u0130M BAKANI KTOE\u00d6S GREV\u0130N\u0130N, \u00d6\u011eRENC\u0130N\u0130N, VEL\u0130N\u0130N VE HALKIN HAKLARINI \u201cH\u0130\u00c7E SAYDI\u011eINI\u201d S\u00d6YLED\u0130.\"}]},{\"@type\":\"WebSite\",\"@id\":\"https:\\\/\\\/kibrisdakik.com\\\/#website\",\"url\":\"https:\\\/\\\/kibrisdakik.com\\\/\",\"name\":\"\",\"description\":\"Tam vaktinde haber\",\"potentialAction\":[{\"@type\":\"SearchAction\",\"target\":{\"@type\":\"EntryPoint\",\"urlTemplate\":\"https:\\\/\\\/kibrisdakik.com\\\/?s={search_term_string}\"},\"query-input\":{\"@type\":\"PropertyValueSpecification\",\"valueRequired\":true,\"valueName\":\"search_term_string\"}}],\"inLanguage\":\"tr\"},{\"@type\":\"Person\",\"@id\":\"https:\\\/\\\/kibrisdakik.com\\\/#\\\/schema\\\/person\\\/9cd9d437bbb44f72b73ba127e06d8e79\",\"name\":\"admin\",\"image\":{\"@type\":\"ImageObject\",\"inLanguage\":\"tr\",\"@id\":\"https:\\\/\\\/secure.gravatar.com\\\/avatar\\\/ccc17943b9d660506c869530f897617f7cb1c21a4bf30023f252596d83e1f007?s=96&d=mm&r=g\",\"url\":\"https:\\\/\\\/secure.gravatar.com\\\/avatar\\\/ccc17943b9d660506c869530f897617f7cb1c21a4bf30023f252596d83e1f007?s=96&d=mm&r=g\",\"contentUrl\":\"https:\\\/\\\/secure.gravatar.com\\\/avatar\\\/ccc17943b9d660506c869530f897617f7cb1c21a4bf30023f252596d83e1f007?s=96&d=mm&r=g\",\"caption\":\"admin\"},\"sameAs\":[\"https:\\\/\\\/kibrisdakik.com\"],\"url\":\"https:\\\/\\\/kibrisdakik.com\\\/?author=1\"}]}<\/script>\n<!-- \/ Yoast SEO plugin. -->","yoast_head_json":{"title":"M\u0130LL\u0130 E\u011e\u0130T\u0130M BAKANI KTOE\u00d6S GREV\u0130N\u0130N, \u00d6\u011eRENC\u0130N\u0130N, VEL\u0130N\u0130N VE HALKIN HAKLARINI \u201cH\u0130\u00c7E SAYDI\u011eINI\u201d S\u00d6YLED\u0130. -","robots":{"index":"index","follow":"follow","max-snippet":"max-snippet:-1","max-image-preview":"max-image-preview:large","max-video-preview":"max-video-preview:-1"},"canonical":"https:\/\/kibrisdakik.com\/?p=99203","og_locale":"tr_TR","og_type":"article","og_title":"M\u0130LL\u0130 E\u011e\u0130T\u0130M BAKANI KTOE\u00d6S GREV\u0130N\u0130N, \u00d6\u011eRENC\u0130N\u0130N, VEL\u0130N\u0130N VE HALKIN HAKLARINI \u201cH\u0130\u00c7E SAYDI\u011eINI\u201d S\u00d6YLED\u0130. -","og_description":"\u00c7avu\u015fo\u011flu, \u201c\u00d6\u011fretmenlerimize tehdit de\u011fil, \u00e7a\u011fr\u0131 yap\u0131yoruz. Ancak \u00f6\u011frencilerin e\u011fitim hakk\u0131 ihlal edilirse buna g\u00f6z yummay\u0131z.\u201d dedi. Yasalara uymayan \u00f6\u011fretmenlere soru\u015fturma a\u00e7acaklar\u0131n\u0131 kaydeden \u00c7avu\u015fo\u011flu, \u201cBu konuda taviz vermeyece\u011fiz.\u201d diye konu\u015ftu. Sendika y\u00f6netiminin yasa ve Anayasay\u0131 tan\u0131mad\u0131\u011f\u0131n\u0131 s\u00f6yleyerek ele\u015ftirilerde bulunan \u00c7avu\u015fo\u011flu, \u00f6\u011frencinin, velinin ve halk\u0131n haklar\u0131n\u0131n hi\u00e7e say\u0131ld\u0131\u011f\u0131n\u0131 s\u00f6yleyerek, \u201cBu s\u00fcrd\u00fcr\u00fclemez tutumu reddediyor ve k\u0131n\u0131yoruz.\u201d dedi. \u00d6\u011fretmenin","og_url":"https:\/\/kibrisdakik.com\/?p=99203","article_published_time":"2025-11-12T11:17:30+00:00","og_image":[{"width":1280,"height":720,"url":"https:\/\/kibrisdakik.com\/wp-content\/uploads\/2025\/11\/3-671.png","type":"image\/png"}],"author":"admin","twitter_card":"summary_large_image","twitter_misc":{"Yazan:":"admin","Tahmini okuma s\u00fcresi":"1 dakika"},"schema":{"@context":"https:\/\/schema.org","@graph":[{"@type":"Article","@id":"https:\/\/kibrisdakik.com\/?p=99203#article","isPartOf":{"@id":"https:\/\/kibrisdakik.com\/?p=99203"},"author":{"name":"admin","@id":"https:\/\/kibrisdakik.com\/#\/schema\/person\/9cd9d437bbb44f72b73ba127e06d8e79"},"headline":"M\u0130LL\u0130 E\u011e\u0130T\u0130M BAKANI KTOE\u00d6S GREV\u0130N\u0130N, \u00d6\u011eRENC\u0130N\u0130N, VEL\u0130N\u0130N VE HALKIN HAKLARINI \u201cH\u0130\u00c7E SAYDI\u011eINI\u201d S\u00d6YLED\u0130.","datePublished":"2025-11-12T11:17:30+00:00","mainEntityOfPage":{"@id":"https:\/\/kibrisdakik.com\/?p=99203"},"wordCount":300,"commentCount":0,"image":{"@id":"https:\/\/kibrisdakik.com\/?p=99203#primaryimage"},"thumbnailUrl":"https:\/\/kibrisdakik.com\/wp-content\/uploads\/2025\/11\/3-671.png","articleSection":["K\u0131br\u0131s"],"inLanguage":"tr","potentialAction":[{"@type":"CommentAction","name":"Comment","target":["https:\/\/kibrisdakik.com\/?p=99203#respond"]}]},{"@type":"WebPage","@id":"https:\/\/kibrisdakik.com\/?p=99203","url":"https:\/\/kibrisdakik.com\/?p=99203","name":"M\u0130LL\u0130 E\u011e\u0130T\u0130M BAKANI KTOE\u00d6S GREV\u0130N\u0130N, \u00d6\u011eRENC\u0130N\u0130N, VEL\u0130N\u0130N VE HALKIN HAKLARINI \u201cH\u0130\u00c7E SAYDI\u011eINI\u201d S\u00d6YLED\u0130. -","isPartOf":{"@id":"https:\/\/kibrisdakik.com\/#website"},"primaryImageOfPage":{"@id":"https:\/\/kibrisdakik.com\/?p=99203#primaryimage"},"image":{"@id":"https:\/\/kibrisdakik.com\/?p=99203#primaryimage"},"thumbnailUrl":"https:\/\/kibrisdakik.com\/wp-content\/uploads\/2025\/11\/3-671.png","datePublished":"2025-11-12T11:17:30+00:00","author":{"@id":"https:\/\/kibrisdakik.com\/#\/schema\/person\/9cd9d437bbb44f72b73ba127e06d8e79"},"breadcrumb":{"@id":"https:\/\/kibrisdakik.com\/?p=99203#breadcrumb"},"inLanguage":"tr","potentialAction":[{"@type":"ReadAction","target":["https:\/\/kibrisdakik.com\/?p=99203"]}]},{"@type":"ImageObject","inLanguage":"tr","@id":"https:\/\/kibrisdakik.com\/?p=99203#primaryimage","url":"https:\/\/kibrisdakik.com\/wp-content\/uploads\/2025\/11\/3-671.png","contentUrl":"https:\/\/kibrisdakik.com\/wp-content\/uploads\/2025\/11\/3-671.png","width":1280,"height":720},{"@type":"BreadcrumbList","@id":"https:\/\/kibrisdakik.com\/?p=99203#breadcrumb","itemListElement":[{"@type":"ListItem","position":1,"name":"Home","item":"https:\/\/kibrisdakik.com\/"},{"@type":"ListItem","position":2,"name":"M\u0130LL\u0130 E\u011e\u0130T\u0130M BAKANI KTOE\u00d6S GREV\u0130N\u0130N, \u00d6\u011eRENC\u0130N\u0130N, VEL\u0130N\u0130N VE HALKIN HAKLARINI \u201cH\u0130\u00c7E SAYDI\u011eINI\u201d S\u00d6YLED\u0130."}]},{"@type":"WebSite","@id":"https:\/\/kibrisdakik.com\/#website","url":"https:\/\/kibrisdakik.com\/","name":"","description":"Tam vaktinde haber","potentialAction":[{"@type":"SearchAction","target":{"@type":"EntryPoint","urlTemplate":"https:\/\/kibrisdakik.com\/?s={search_term_string}"},"query-input":{"@type":"PropertyValueSpecification","valueRequired":true,"valueName":"search_term_string"}}],"inLanguage":"tr"},{"@type":"Person","@id":"https:\/\/kibrisdakik.com\/#\/schema\/person\/9cd9d437bbb44f72b73ba127e06d8e79","name":"admin","image":{"@type":"ImageObject","inLanguage":"tr","@id":"https:\/\/secure.gravatar.com\/avatar\/ccc17943b9d660506c869530f897617f7cb1c21a4bf30023f252596d83e1f007?s=96&d=mm&r=g","url":"https:\/\/secure.gravatar.com\/avatar\/ccc17943b9d660506c869530f897617f7cb1c21a4bf30023f252596d83e1f007?s=96&d=mm&r=g","contentUrl":"https:\/\/secure.gravatar.com\/avatar\/ccc17943b9d660506c869530f897617f7cb1c21a4bf30023f252596d83e1f007?s=96&d=mm&r=g","caption":"admin"},"sameAs":["https:\/\/kibrisdakik.com"],"url":"https:\/\/kibrisdakik.com\/?author=1"}]}},"_links":{"self":[{"href":"https:\/\/kibrisdakik.com\/index.php?rest_route=\/wp\/v2\/posts\/99203","targetHints":{"allow":["GET"]}}],"collection":[{"href":"https:\/\/kibrisdakik.com\/index.php?rest_route=\/wp\/v2\/posts"}],"about":[{"href":"https:\/\/kibrisdakik.com\/index.php?rest_route=\/wp\/v2\/types\/post"}],"author":[{"embeddable":true,"href":"https:\/\/kibrisdakik.com\/index.php?rest_route=\/wp\/v2\/users\/1"}],"replies":[{"embeddable":true,"href":"https:\/\/kibrisdakik.com\/index.php?rest_route=%2Fwp%2Fv2%2Fcomments&post=99203"}],"version-history":[{"count":0,"href":"https:\/\/kibrisdakik.com\/index.php?rest_route=\/wp\/v2\/posts\/99203\/revisions"}],"wp:featuredmedia":[{"embeddable":true,"href":"https:\/\/kibrisdakik.com\/index.php?rest_route=\/wp\/v2\/media\/99204"}],"wp:attachment":[{"href":"https:\/\/kibrisdakik.com\/index.php?rest_route=%2Fwp%2Fv2%2Fmedia&parent=99203"}],"wp:term":[{"taxonomy":"category","embeddable":true,"href":"https:\/\/kibrisdakik.com\/index.php?rest_route=%2Fwp%2Fv2%2Fcategories&post=99203"},{"taxonomy":"post_tag","embeddable":true,"href":"https:\/\/kibrisdakik.com\/index.php?rest_route=%2Fwp%2Fv2%2Ftags&post=99203"}],"curies":[{"name":"wp","href":"https:\/\/api.w.org\/{rel}","templated":true}]}}