{"id":99319,"date":"2025-11-13T10:01:04","date_gmt":"2025-11-13T08:01:04","guid":{"rendered":"https:\/\/kibrisdakik.com\/index.php\/2025\/11\/13\/mik-baskani-ve-calisani-mahkemeye-cikariliyor\/"},"modified":"2025-11-13T10:01:04","modified_gmt":"2025-11-13T08:01:04","slug":"mik-baskani-ve-calisani-mahkemeye-cikariliyor","status":"publish","type":"post","link":"https:\/\/kibrisdakik.com\/?p=99319","title":{"rendered":"M\u0130K BA\u015eKANI VE \u00c7ALI\u015eANI MAHKEMEYE \u00c7IKARILIYOR"},"content":{"rendered":"<p><\/p>\n<div data-text-id=\"189349\" property=\"articleBody\">\n<article dir=\"auto\" tabindex=\"-1\">&#13;<\/p>\n<p>R\u00fc\u015fvet soru\u015fturmas\u0131 kapsam\u0131nda tutuklanan Merkezi \u0130hale Komisyonu (M\u0130K) Ba\u015fkan\u0131 Salih Canse\u00e7 ile birlikte g\u00f6zalt\u0131na al\u0131nan bir M\u0130K \u00e7al\u0131\u015fan\u0131, Lefko\u015fa Kaza Mahkemesi\u2019ne getirildi.<\/p>\n<p>&#13;<br \/>\n&#13;<\/p>\n<p>Canse\u00e7\u2019in sabah saatlerinde y\u00fcksek tansiyon \u015fikayeti nedeniyle hastaneye kald\u0131r\u0131ld\u0131\u011f\u0131, yap\u0131lan sa\u011fl\u0131k kontrollerinin ard\u0131ndan Mali Polis g\u00f6zetiminde mahkemeye sevk edildi\u011fi \u00f6\u011frenildi.<\/p>\n<p>                                &#13;<br \/>\n&#13;<\/p>\n<p>Detaylar gelecek&#8230;<\/p>\n<p>&#13;<br \/>\n<\/article>\n<\/p><\/div>\n","protected":false},"excerpt":{"rendered":"<p>&#13; R\u00fc\u015fvet soru\u015fturmas\u0131 kapsam\u0131nda tutuklanan Merkezi \u0130hale Komisyonu (M\u0130K) Ba\u015fkan\u0131 Salih Canse\u00e7 ile birlikte g\u00f6zalt\u0131na al\u0131nan bir M\u0130K \u00e7al\u0131\u015fan\u0131, Lefko\u015fa Kaza Mahkemesi\u2019ne getirildi. &#13; &#13; Canse\u00e7\u2019in sabah saatlerinde y\u00fcksek tansiyon \u015fikayeti nedeniyle hastaneye kald\u0131r\u0131ld\u0131\u011f\u0131, yap\u0131lan sa\u011fl\u0131k kontrollerinin ard\u0131ndan Mali Polis g\u00f6zetiminde mahkemeye sevk edildi\u011fi \u00f6\u011frenildi. &#13; &#13; Detaylar gelecek&#8230; &#13;<\/p>\n","protected":false},"author":1,"featured_media":99320,"comment_status":"open","ping_status":"open","sticky":false,"template":"","format":"standard","meta":{"footnotes":""},"categories":[81],"tags":[],"class_list":["post-99319","post","type-post","status-publish","format-standard","has-post-thumbnail","hentry","category-kibris"],"yoast_head":"<!-- This site is optimized with the Yoast SEO plugin v27.5 - https:\/\/yoast.com\/product\/yoast-seo-wordpress\/ -->\n<title>M\u0130K BA\u015eKANI VE \u00c7ALI\u015eANI MAHKEMEYE \u00c7IKARILIYOR -<\/title>\n<meta name=\"robots\" content=\"index, follow, max-snippet:-1, max-image-preview:large, max-video-preview:-1\" \/>\n<link rel=\"canonical\" href=\"https:\/\/kibrisdakik.com\/?p=99319\" \/>\n<meta property=\"og:locale\" content=\"tr_TR\" \/>\n<meta property=\"og:type\" content=\"article\" \/>\n<meta property=\"og:title\" content=\"M\u0130K BA\u015eKANI VE \u00c7ALI\u015eANI MAHKEMEYE \u00c7IKARILIYOR -\" \/>\n<meta property=\"og:description\" content=\"&#013; R\u00fc\u015fvet soru\u015fturmas\u0131 kapsam\u0131nda tutuklanan Merkezi \u0130hale Komisyonu (M\u0130K) Ba\u015fkan\u0131 Salih Canse\u00e7 ile birlikte g\u00f6zalt\u0131na al\u0131nan bir M\u0130K \u00e7al\u0131\u015fan\u0131, Lefko\u015fa Kaza Mahkemesi\u2019ne getirildi. &#013; &#013; Canse\u00e7\u2019in sabah saatlerinde y\u00fcksek tansiyon \u015fikayeti nedeniyle hastaneye kald\u0131r\u0131ld\u0131\u011f\u0131, yap\u0131lan sa\u011fl\u0131k kontrollerinin ard\u0131ndan Mali Polis g\u00f6zetiminde mahkemeye sevk edildi\u011fi \u00f6\u011frenildi. &#013; &#013; Detaylar gelecek&#8230; &#013;\" \/>\n<meta property=\"og:url\" content=\"https:\/\/kibrisdakik.com\/?p=99319\" \/>\n<meta property=\"article:published_time\" content=\"2025-11-13T08:01:04+00:00\" \/>\n<meta property=\"og:image\" content=\"https:\/\/kibrisdakik.com\/wp-content\/uploads\/2025\/11\/mha-sari-beyaz-774.png\" \/>\n\t<meta property=\"og:image:width\" content=\"1280\" \/>\n\t<meta property=\"og:image:height\" content=\"720\" \/>\n\t<meta property=\"og:image:type\" content=\"image\/png\" \/>\n<meta name=\"author\" content=\"admin\" \/>\n<meta name=\"twitter:card\" content=\"summary_large_image\" \/>\n<meta name=\"twitter:label1\" content=\"Yazan:\" \/>\n\t<meta name=\"twitter:data1\" content=\"admin\" \/>\n<script type=\"application\/ld+json\" class=\"yoast-schema-graph\">{\"@context\":\"https:\\\/\\\/schema.org\",\"@graph\":[{\"@type\":\"Article\",\"@id\":\"https:\\\/\\\/kibrisdakik.com\\\/?p=99319#article\",\"isPartOf\":{\"@id\":\"https:\\\/\\\/kibrisdakik.com\\\/?p=99319\"},\"author\":{\"name\":\"admin\",\"@id\":\"https:\\\/\\\/kibrisdakik.com\\\/#\\\/schema\\\/person\\\/9cd9d437bbb44f72b73ba127e06d8e79\"},\"headline\":\"M\u0130K BA\u015eKANI VE \u00c7ALI\u015eANI MAHKEMEYE \u00c7IKARILIYOR\",\"datePublished\":\"2025-11-13T08:01:04+00:00\",\"mainEntityOfPage\":{\"@id\":\"https:\\\/\\\/kibrisdakik.com\\\/?p=99319\"},\"wordCount\":75,\"commentCount\":0,\"image\":{\"@id\":\"https:\\\/\\\/kibrisdakik.com\\\/?p=99319#primaryimage\"},\"thumbnailUrl\":\"https:\\\/\\\/kibrisdakik.com\\\/wp-content\\\/uploads\\\/2025\\\/11\\\/mha-sari-beyaz-774.png\",\"articleSection\":[\"K\u0131br\u0131s\"],\"inLanguage\":\"tr\",\"potentialAction\":[{\"@type\":\"CommentAction\",\"name\":\"Comment\",\"target\":[\"https:\\\/\\\/kibrisdakik.com\\\/?p=99319#respond\"]}]},{\"@type\":\"WebPage\",\"@id\":\"https:\\\/\\\/kibrisdakik.com\\\/?p=99319\",\"url\":\"https:\\\/\\\/kibrisdakik.com\\\/?p=99319\",\"name\":\"M\u0130K BA\u015eKANI VE \u00c7ALI\u015eANI MAHKEMEYE \u00c7IKARILIYOR -\",\"isPartOf\":{\"@id\":\"https:\\\/\\\/kibrisdakik.com\\\/#website\"},\"primaryImageOfPage\":{\"@id\":\"https:\\\/\\\/kibrisdakik.com\\\/?p=99319#primaryimage\"},\"image\":{\"@id\":\"https:\\\/\\\/kibrisdakik.com\\\/?p=99319#primaryimage\"},\"thumbnailUrl\":\"https:\\\/\\\/kibrisdakik.com\\\/wp-content\\\/uploads\\\/2025\\\/11\\\/mha-sari-beyaz-774.png\",\"datePublished\":\"2025-11-13T08:01:04+00:00\",\"author\":{\"@id\":\"https:\\\/\\\/kibrisdakik.com\\\/#\\\/schema\\\/person\\\/9cd9d437bbb44f72b73ba127e06d8e79\"},\"breadcrumb\":{\"@id\":\"https:\\\/\\\/kibrisdakik.com\\\/?p=99319#breadcrumb\"},\"inLanguage\":\"tr\",\"potentialAction\":[{\"@type\":\"ReadAction\",\"target\":[\"https:\\\/\\\/kibrisdakik.com\\\/?p=99319\"]}]},{\"@type\":\"ImageObject\",\"inLanguage\":\"tr\",\"@id\":\"https:\\\/\\\/kibrisdakik.com\\\/?p=99319#primaryimage\",\"url\":\"https:\\\/\\\/kibrisdakik.com\\\/wp-content\\\/uploads\\\/2025\\\/11\\\/mha-sari-beyaz-774.png\",\"contentUrl\":\"https:\\\/\\\/kibrisdakik.com\\\/wp-content\\\/uploads\\\/2025\\\/11\\\/mha-sari-beyaz-774.png\",\"width\":1280,\"height\":720},{\"@type\":\"BreadcrumbList\",\"@id\":\"https:\\\/\\\/kibrisdakik.com\\\/?p=99319#breadcrumb\",\"itemListElement\":[{\"@type\":\"ListItem\",\"position\":1,\"name\":\"Home\",\"item\":\"https:\\\/\\\/kibrisdakik.com\\\/\"},{\"@type\":\"ListItem\",\"position\":2,\"name\":\"M\u0130K BA\u015eKANI VE \u00c7ALI\u015eANI MAHKEMEYE \u00c7IKARILIYOR\"}]},{\"@type\":\"WebSite\",\"@id\":\"https:\\\/\\\/kibrisdakik.com\\\/#website\",\"url\":\"https:\\\/\\\/kibrisdakik.com\\\/\",\"name\":\"\",\"description\":\"Tam vaktinde haber\",\"potentialAction\":[{\"@type\":\"SearchAction\",\"target\":{\"@type\":\"EntryPoint\",\"urlTemplate\":\"https:\\\/\\\/kibrisdakik.com\\\/?s={search_term_string}\"},\"query-input\":{\"@type\":\"PropertyValueSpecification\",\"valueRequired\":true,\"valueName\":\"search_term_string\"}}],\"inLanguage\":\"tr\"},{\"@type\":\"Person\",\"@id\":\"https:\\\/\\\/kibrisdakik.com\\\/#\\\/schema\\\/person\\\/9cd9d437bbb44f72b73ba127e06d8e79\",\"name\":\"admin\",\"image\":{\"@type\":\"ImageObject\",\"inLanguage\":\"tr\",\"@id\":\"https:\\\/\\\/secure.gravatar.com\\\/avatar\\\/ccc17943b9d660506c869530f897617f7cb1c21a4bf30023f252596d83e1f007?s=96&d=mm&r=g\",\"url\":\"https:\\\/\\\/secure.gravatar.com\\\/avatar\\\/ccc17943b9d660506c869530f897617f7cb1c21a4bf30023f252596d83e1f007?s=96&d=mm&r=g\",\"contentUrl\":\"https:\\\/\\\/secure.gravatar.com\\\/avatar\\\/ccc17943b9d660506c869530f897617f7cb1c21a4bf30023f252596d83e1f007?s=96&d=mm&r=g\",\"caption\":\"admin\"},\"sameAs\":[\"https:\\\/\\\/kibrisdakik.com\"],\"url\":\"https:\\\/\\\/kibrisdakik.com\\\/?author=1\"}]}<\/script>\n<!-- \/ Yoast SEO plugin. -->","yoast_head_json":{"title":"M\u0130K BA\u015eKANI VE \u00c7ALI\u015eANI MAHKEMEYE \u00c7IKARILIYOR -","robots":{"index":"index","follow":"follow","max-snippet":"max-snippet:-1","max-image-preview":"max-image-preview:large","max-video-preview":"max-video-preview:-1"},"canonical":"https:\/\/kibrisdakik.com\/?p=99319","og_locale":"tr_TR","og_type":"article","og_title":"M\u0130K BA\u015eKANI VE \u00c7ALI\u015eANI MAHKEMEYE \u00c7IKARILIYOR -","og_description":"&#13; R\u00fc\u015fvet soru\u015fturmas\u0131 kapsam\u0131nda tutuklanan Merkezi \u0130hale Komisyonu (M\u0130K) Ba\u015fkan\u0131 Salih Canse\u00e7 ile birlikte g\u00f6zalt\u0131na al\u0131nan bir M\u0130K \u00e7al\u0131\u015fan\u0131, Lefko\u015fa Kaza Mahkemesi\u2019ne getirildi. &#13; &#13; Canse\u00e7\u2019in sabah saatlerinde y\u00fcksek tansiyon \u015fikayeti nedeniyle hastaneye kald\u0131r\u0131ld\u0131\u011f\u0131, yap\u0131lan sa\u011fl\u0131k kontrollerinin ard\u0131ndan Mali Polis g\u00f6zetiminde mahkemeye sevk edildi\u011fi \u00f6\u011frenildi. &#13; &#13; Detaylar gelecek&#8230; &#13;","og_url":"https:\/\/kibrisdakik.com\/?p=99319","article_published_time":"2025-11-13T08:01:04+00:00","og_image":[{"width":1280,"height":720,"url":"https:\/\/kibrisdakik.com\/wp-content\/uploads\/2025\/11\/mha-sari-beyaz-774.png","type":"image\/png"}],"author":"admin","twitter_card":"summary_large_image","twitter_misc":{"Yazan:":"admin"},"schema":{"@context":"https:\/\/schema.org","@graph":[{"@type":"Article","@id":"https:\/\/kibrisdakik.com\/?p=99319#article","isPartOf":{"@id":"https:\/\/kibrisdakik.com\/?p=99319"},"author":{"name":"admin","@id":"https:\/\/kibrisdakik.com\/#\/schema\/person\/9cd9d437bbb44f72b73ba127e06d8e79"},"headline":"M\u0130K BA\u015eKANI VE \u00c7ALI\u015eANI MAHKEMEYE \u00c7IKARILIYOR","datePublished":"2025-11-13T08:01:04+00:00","mainEntityOfPage":{"@id":"https:\/\/kibrisdakik.com\/?p=99319"},"wordCount":75,"commentCount":0,"image":{"@id":"https:\/\/kibrisdakik.com\/?p=99319#primaryimage"},"thumbnailUrl":"https:\/\/kibrisdakik.com\/wp-content\/uploads\/2025\/11\/mha-sari-beyaz-774.png","articleSection":["K\u0131br\u0131s"],"inLanguage":"tr","potentialAction":[{"@type":"CommentAction","name":"Comment","target":["https:\/\/kibrisdakik.com\/?p=99319#respond"]}]},{"@type":"WebPage","@id":"https:\/\/kibrisdakik.com\/?p=99319","url":"https:\/\/kibrisdakik.com\/?p=99319","name":"M\u0130K BA\u015eKANI VE \u00c7ALI\u015eANI MAHKEMEYE \u00c7IKARILIYOR -","isPartOf":{"@id":"https:\/\/kibrisdakik.com\/#website"},"primaryImageOfPage":{"@id":"https:\/\/kibrisdakik.com\/?p=99319#primaryimage"},"image":{"@id":"https:\/\/kibrisdakik.com\/?p=99319#primaryimage"},"thumbnailUrl":"https:\/\/kibrisdakik.com\/wp-content\/uploads\/2025\/11\/mha-sari-beyaz-774.png","datePublished":"2025-11-13T08:01:04+00:00","author":{"@id":"https:\/\/kibrisdakik.com\/#\/schema\/person\/9cd9d437bbb44f72b73ba127e06d8e79"},"breadcrumb":{"@id":"https:\/\/kibrisdakik.com\/?p=99319#breadcrumb"},"inLanguage":"tr","potentialAction":[{"@type":"ReadAction","target":["https:\/\/kibrisdakik.com\/?p=99319"]}]},{"@type":"ImageObject","inLanguage":"tr","@id":"https:\/\/kibrisdakik.com\/?p=99319#primaryimage","url":"https:\/\/kibrisdakik.com\/wp-content\/uploads\/2025\/11\/mha-sari-beyaz-774.png","contentUrl":"https:\/\/kibrisdakik.com\/wp-content\/uploads\/2025\/11\/mha-sari-beyaz-774.png","width":1280,"height":720},{"@type":"BreadcrumbList","@id":"https:\/\/kibrisdakik.com\/?p=99319#breadcrumb","itemListElement":[{"@type":"ListItem","position":1,"name":"Home","item":"https:\/\/kibrisdakik.com\/"},{"@type":"ListItem","position":2,"name":"M\u0130K BA\u015eKANI VE \u00c7ALI\u015eANI MAHKEMEYE \u00c7IKARILIYOR"}]},{"@type":"WebSite","@id":"https:\/\/kibrisdakik.com\/#website","url":"https:\/\/kibrisdakik.com\/","name":"","description":"Tam vaktinde haber","potentialAction":[{"@type":"SearchAction","target":{"@type":"EntryPoint","urlTemplate":"https:\/\/kibrisdakik.com\/?s={search_term_string}"},"query-input":{"@type":"PropertyValueSpecification","valueRequired":true,"valueName":"search_term_string"}}],"inLanguage":"tr"},{"@type":"Person","@id":"https:\/\/kibrisdakik.com\/#\/schema\/person\/9cd9d437bbb44f72b73ba127e06d8e79","name":"admin","image":{"@type":"ImageObject","inLanguage":"tr","@id":"https:\/\/secure.gravatar.com\/avatar\/ccc17943b9d660506c869530f897617f7cb1c21a4bf30023f252596d83e1f007?s=96&d=mm&r=g","url":"https:\/\/secure.gravatar.com\/avatar\/ccc17943b9d660506c869530f897617f7cb1c21a4bf30023f252596d83e1f007?s=96&d=mm&r=g","contentUrl":"https:\/\/secure.gravatar.com\/avatar\/ccc17943b9d660506c869530f897617f7cb1c21a4bf30023f252596d83e1f007?s=96&d=mm&r=g","caption":"admin"},"sameAs":["https:\/\/kibrisdakik.com"],"url":"https:\/\/kibrisdakik.com\/?author=1"}]}},"_links":{"self":[{"href":"https:\/\/kibrisdakik.com\/index.php?rest_route=\/wp\/v2\/posts\/99319","targetHints":{"allow":["GET"]}}],"collection":[{"href":"https:\/\/kibrisdakik.com\/index.php?rest_route=\/wp\/v2\/posts"}],"about":[{"href":"https:\/\/kibrisdakik.com\/index.php?rest_route=\/wp\/v2\/types\/post"}],"author":[{"embeddable":true,"href":"https:\/\/kibrisdakik.com\/index.php?rest_route=\/wp\/v2\/users\/1"}],"replies":[{"embeddable":true,"href":"https:\/\/kibrisdakik.com\/index.php?rest_route=%2Fwp%2Fv2%2Fcomments&post=99319"}],"version-history":[{"count":0,"href":"https:\/\/kibrisdakik.com\/index.php?rest_route=\/wp\/v2\/posts\/99319\/revisions"}],"wp:featuredmedia":[{"embeddable":true,"href":"https:\/\/kibrisdakik.com\/index.php?rest_route=\/wp\/v2\/media\/99320"}],"wp:attachment":[{"href":"https:\/\/kibrisdakik.com\/index.php?rest_route=%2Fwp%2Fv2%2Fmedia&parent=99319"}],"wp:term":[{"taxonomy":"category","embeddable":true,"href":"https:\/\/kibrisdakik.com\/index.php?rest_route=%2Fwp%2Fv2%2Fcategories&post=99319"},{"taxonomy":"post_tag","embeddable":true,"href":"https:\/\/kibrisdakik.com\/index.php?rest_route=%2Fwp%2Fv2%2Ftags&post=99319"}],"curies":[{"name":"wp","href":"https:\/\/api.w.org\/{rel}","templated":true}]}}