{"id":99401,"date":"2025-11-13T16:14:03","date_gmt":"2025-11-13T14:14:03","guid":{"rendered":"https:\/\/kibrisdakik.com\/index.php\/2025\/11\/13\/israil-hapishanesinde-kanser-olmadigi-halde-kemoterapi-uygulamislar\/"},"modified":"2025-11-13T16:14:03","modified_gmt":"2025-11-13T14:14:03","slug":"israil-hapishanesinde-kanser-olmadigi-halde-kemoterapi-uygulamislar","status":"publish","type":"post","link":"https:\/\/kibrisdakik.com\/?p=99401","title":{"rendered":"\u0130srail hapishanesinde kanser olmad\u0131\u011f\u0131 halde kemoterapi uygulam\u0131\u015flar"},"content":{"rendered":"<p><\/p>\n<div class=\"news-content\">\n<p>\n\t\u0130srail hapishane ve g\u00f6zalt\u0131 merkezlerinde aralar\u0131nda kad\u0131n, \u00e7ocuk, ya\u015fl\u0131 ve hastalar\u0131n da bulundu\u011fu 10 bini a\u015fk\u0131n Filistinli bulunuyor. \u0130srail bu Filistinlileri d\u00f6verek, a\u00e7 b\u0131rakarak, t\u0131bbi ihmal ve bir de sahte hastal\u0131klarla yava\u015f yava\u015f \u00f6ld\u00fcrme politikas\u0131 izliyor.<\/p>\n<p>\n\t\u0130srail hapishanelerindeki esirlerin kurtar\u0131lmas\u0131 ulusal bir mesele oldu\u011fu i\u00e7in 10 Ekim&#8217;de var\u0131lan ate\u015fkesin en \u00f6nemli maddelerinden biri kar\u015f\u0131l\u0131kl\u0131 esir takas\u0131 oldu. Esir takas\u0131nda \u00f6zellikle m\u00fcebbet hapis cezas\u0131 alm\u0131\u015f olanlar\u0131n serbest b\u0131rak\u0131lmas\u0131 talep edildi.<\/p>\n<p>\n\t\u0130ki defa m\u00fcebbet ve art\u0131 50 y\u0131l hapis cezas\u0131 alan El-Bureyc M\u00fclteci Kamp\u0131&#8217;ndan \u0130mad es-Serrac, esir takas\u0131 kapsam\u0131nda 13 Ekim 2025&#8217;te serbest kald\u0131. \u00d6zg\u00fcrl\u00fc\u011f\u00fcne kavu\u015fan Serrac, asl\u0131nda kanser olmad\u0131\u011f\u0131n\u0131 ve sadece &#8220;kand\u0131r\u0131ld\u0131\u011f\u0131n\u0131&#8221; \u00f6\u011frendi.<\/p>\n<p>\n\tSerrac, hapishanede ya\u015fad\u0131klar\u0131n\u0131, sahte hastal\u0131\u011f\u0131na nas\u0131l inand\u0131r\u0131ld\u0131\u011f\u0131n\u0131 ve \u0130srail Ceza \u0130nfaz Kurumu&#8217;nun Filistinli esirleri &#8220;t\u0131bbi ihmal ve sahte hastal\u0131kla&#8221; fiziksel ve ruhsal olarak \u00f6ld\u00fcrme politikas\u0131n\u0131 a\u00e7\u0131klad\u0131.<\/p>\n<h2>\n\tUzun s\u00fcre kanser tedavisi g\u00f6rd\u00fc<\/h2>\n<p>\n\tSerrac&#8217;\u0131n sa\u011fl\u0131k sorunlar\u0131 2017&#8217;de hapishanelerde ba\u015flat\u0131lan a\u00e7l\u0131k grevine kat\u0131lmas\u0131yla ba\u015flad\u0131. Mide, idrar yollar\u0131 ve di\u011fer organlar\u0131nda sorunlar \u00e7\u0131kt\u0131. \u0130srail Ceza \u0130nfaz Kurumu taraf\u0131ndan yap\u0131lan tahliller sonras\u0131nda da Askalan&#8217;daki Barzilai T\u0131p Merkezi&#8217;ne sevk edildi. Orada Serrac&#8217;a prostat kanseri oldu\u011fu s\u00f6ylendi.<\/p>\n<p>\n\tY\u00fcksek doz kortizonlu ila\u00e7 almaya ve kemoterapi g\u00f6rmeye ba\u015flayan Serrac&#8217;\u0131n tedavisi Ekim 2023&#8217;te \u0130srail&#8217;in Gazze sald\u0131r\u0131lar\u0131n\u0131n ba\u015flamas\u0131yla birlikte 7 ay boyunca tedavisi durduruldu.<\/p>\n<p>\n\tBedeni ila\u00e7lara al\u0131\u015fan Serrac, tedavisi durunca hem psikolojik hem de fizyolojik olarak zor bir s\u00fcre\u00e7ten ge\u00e7ti. \u0130nfaz kurumu idaresinden tedavisine devam edilmesini talep eden Serrac&#8217;a kulland\u0131\u011f\u0131 ila\u00e7lar\u0131n yar\u0131s\u0131n\u0131 tekrar vermeye ba\u015flad\u0131lar ve hapisten \u00e7\u0131k\u0131ncaya kadar &#8220;s\u00f6zde&#8221; tedavisi bu \u015fekilde devam etti.<\/p>\n<h2>\n\tHapisten \u00e7\u0131k\u0131nca hasta olmad\u0131\u011f\u0131n\u0131 \u00f6\u011frendi<\/h2>\n<p>\n\tSerrac&#8217;\u0131n hayat\u0131 hapisten \u00e7\u0131kt\u0131ktan sonra tamamen de\u011fi\u015fti. Serbest b\u0131rak\u0131ld\u0131ktan sonra Gazze \u015eeridi&#8217;nin g\u00fcneyindeki Han Yunus&#8217;ta bulunan Nas\u0131r Hastanesine gitti ve bir dizi tahlil yapt\u0131rd\u0131. Elinde hastal\u0131klar\u0131na dair bir rapor ya da belge olmad\u0131\u011f\u0131 i\u00e7in doktorlara \u015fifahi olarak durumu anlatt\u0131. Ama tahliller sonras\u0131nda doktorlar ona kanser olmad\u0131\u011f\u0131n\u0131 s\u00f6yledi.<\/p>\n<p>\n\tTedavi s\u00fcreci devam ederken bedenindeki de\u011fi\u015fimlerin kendisini \u015f\u00fcpheye d\u00fc\u015f\u00fcrd\u00fc\u011f\u00fcn\u00fc anlatan Serrac, \u015f\u00f6yle konu\u015ftu:<\/p>\n<p>\n\t&#8220;Kulland\u0131\u011f\u0131m ila\u00e7lar nedeniyle baz\u0131 organlar\u0131m\u0131n y\u0131k\u0131ma u\u011frad\u0131\u011f\u0131n\u0131 hissediyordum. \u0130drar yollar\u0131m tahri\u015f oldu ve idrar ka\u00e7\u0131rmaya ba\u015flad\u0131m. Yani bir \u015feylerin yanl\u0131\u015f yap\u0131ld\u0131\u011f\u0131ndan ve bunun bir aldatmaca olabilece\u011finden \u015f\u00fcpheleniyordum \u00e7\u00fcnk\u00fc bunun \u00f6rnekleri hapishanelerde daha \u00f6nce ya\u015fand\u0131. Ama pes etmi\u015ftim \u00e7\u00fcnk\u00fc ba\u015fka alternatifim yoktu.&#8221;<\/p>\n<p>\n\tSerrac, &#8220;Nas\u0131r Hastanesindeki doktorlar bana kanser olmad\u0131\u011f\u0131m\u0131 s\u00f6yledi. Bu \u00e7ok g\u00fczel bir m\u00fcjdeydi. Ruhsal ve fiziksel durumum de\u011fi\u015fti. Moralim d\u00fczeldi, bug\u00fcn daha iyiyim.&#8221; dedi.<\/p>\n<h2>\n\tFilistinli esirler t\u0131bbi ihmal sonucu hayat\u0131n\u0131 kaybediyor<\/h2>\n<p>\n\tHapishanelerdeki t\u0131bbi ihmale de de\u011finen Serrac, bu nedenle hayatlar\u0131n\u0131 kaybeden Nas\u0131r Ebu Hamid, Kemal Ebu Va&#8217;ar ve Balata M\u00fclteci Kamp\u0131&#8217;ndan Ramle Hastanesi&#8217;nde tan\u0131\u015ft\u0131\u011f\u0131 bir esiri \u00f6rnek verdi.<\/p>\n<p>\n\tBu esirlere hastal\u0131klar\u0131 ilerledikten sonra kanser olduklar\u0131n\u0131n s\u00f6ylendi\u011fini kaydeden Serrac, \u00e7ektikleri s\u0131k\u0131nt\u0131lar\u0131 \u015f\u00f6yle anlatt\u0131:<\/p>\n<p>\n\t&#8220;Ebu Hamid (20 y\u0131l hapis yatt\u0131ktan sonra 2022&#8217;de Ramle Hapishanesinde kanserden \u00f6ld\u00fc) kemoterapi g\u00f6rmedi ve sonunda pes etti, ilahi takdire teslim oldu. \u00c7\u00fcnk\u00fc d\u00f6n\u00fc\u015f\u00fc olmayan bir noktaya geldi\u011fini anlad\u0131. \u00d6mr\u00fcn\u00fcn son 2 ay\u0131nda hastaneden hastaneye nakillerden ve yap\u0131lan tahlillerden \u00e7ok \u00e7ekti.<\/p>\n<p>\n\tGazze&#8217;nin kuzeyinden Mahmud Ubeyd isimli bir esire de kan kanseri oldu\u011funu s\u00f6ylemi\u015flerdi. Kan\u0131n\u0131 her ay filtreden (l\u00f6koferez denilen i\u015flemde hastan\u0131n kan\u0131 bir filtreden ge\u00e7irilerek i\u00e7indeki artm\u0131\u015f l\u00f6kositler temizlenir ve hastaya geri verilir) ge\u00e7irip geri veriyorlard\u0131. Kemal Ebu Va&#8217;ar&#8217;a da kanser oldu\u011funu s\u00f6ylediler ama son seviyeye geldi\u011finde.&#8221;<\/p>\n<h2>\n\tEsirler maddi ve manevi tasfiyeye u\u011fruyor<\/h2>\n<p>\n\tSerrac, &#8220;esirlerin kasten \u00f6ld\u00fcr\u00fclmesi, t\u0131bbi ihmal ve sahte hastal\u0131klarla kand\u0131r\u0131lmalar\u0131n\u0131n&#8221; \u0130srail&#8217;in uzun y\u0131llard\u0131r uygulad\u0131\u011f\u0131 ve herkes taraf\u0131ndan bilinen bir politika oldu\u011funu vurgulad\u0131.<\/p>\n<p>\n\t\u0130srail y\u00f6netiminin, sahte hastal\u0131k te\u015fhisi ve kas\u0131tl\u0131 yanl\u0131\u015f tedavilerle esirlerin bedenlerine hastal\u0131klar\u0131 bir nevi &#8220;enjekte etti\u011fini&#8221; kaydeden Serrac, &#8220;Cenin&#8217;den bir esirin bedenine bu \u015fekilde bir hastal\u0131\u011f\u0131n enjekte edildi\u011fini (\u00e7enesinden yap\u0131lan bir i\u011fneyle) ve esirin serbest b\u0131rak\u0131ld\u0131ktan bir ka\u00e7 hafta sonra vefat etti\u011fini&#8221; dile getirdi.<\/p>\n<p>\n\tGazze&#8217;de 20&#8217;li ya\u015flarda bir gen\u00e7le tan\u0131\u015ft\u0131\u011f\u0131n\u0131, ona da &#8220;kan kanseri oldu\u011funun s\u00f6ylendi\u011fini, l\u00f6koferez ve kemoterapi tedavisi g\u00f6rd\u00fc\u011f\u00fcn\u00fc ama serbest kald\u0131ktan sonra hasta olmad\u0131\u011f\u0131n\u0131 \u00f6\u011frendi\u011fini&#8221; aktaran Serrac, s\u00f6zlerine \u015f\u00f6yle devam etti:<\/p>\n<p>\n\t&#8220;Bu \u015fekilde kand\u0131r\u0131lan, yava\u015f yava\u015f \u00f6ld\u00fcr\u00fclen, maddi ve manevi tasfiyeye u\u011frayanlar\u0131n say\u0131s\u0131 \u00e7ok y\u00fcksek. Yalan haberler, s\u00f6ylentiler yayarak benim ailemi de defalarca \u00f6ld\u00fcrd\u00fcler, maneviyat\u0131m\u0131z\u0131 d\u00fc\u015f\u00fcrmeye \u00e7al\u0131\u015ft\u0131lar. Bu \u0130srail&#8217;in uygulad\u0131\u011f\u0131 eski bir politika ve tam da i\u015fgalciden ve gardiyanlardan beklenen bir davran\u0131\u015f.&#8221;<\/p>\n<div class=\"news-tags\">\n<div class=\"title\">ET\u0130KETLER<\/div>\n<div class=\"tags\">\n                                                                            Filistin &#8211; \u0130srail \u00c7at\u0131\u015fmas\u0131<br \/>\n                                                                            \u0130srail\n                                                                    <\/div>\n<\/p><\/div>\n<\/p><\/div>\n","protected":false},"excerpt":{"rendered":"<p>\u0130srail hapishane ve g\u00f6zalt\u0131 merkezlerinde aralar\u0131nda kad\u0131n, \u00e7ocuk, ya\u015fl\u0131 ve hastalar\u0131n da bulundu\u011fu 10 bini a\u015fk\u0131n Filistinli bulunuyor. \u0130srail bu Filistinlileri d\u00f6verek, a\u00e7 b\u0131rakarak, t\u0131bbi ihmal ve bir de sahte hastal\u0131klarla yava\u015f yava\u015f \u00f6ld\u00fcrme politikas\u0131 izliyor. \u0130srail hapishanelerindeki esirlerin kurtar\u0131lmas\u0131 ulusal bir mesele oldu\u011fu i\u00e7in 10 Ekim&#8217;de var\u0131lan ate\u015fkesin en \u00f6nemli maddelerinden biri kar\u015f\u0131l\u0131kl\u0131 esir<\/p>\n","protected":false},"author":1,"featured_media":99402,"comment_status":"open","ping_status":"open","sticky":false,"template":"","format":"standard","meta":{"footnotes":""},"categories":[306],"tags":[],"class_list":["post-99401","post","type-post","status-publish","format-standard","has-post-thumbnail","hentry","category-dunya"],"yoast_head":"<!-- This site is optimized with the Yoast SEO plugin v27.4 - https:\/\/yoast.com\/product\/yoast-seo-wordpress\/ -->\n<title>\u0130srail hapishanesinde kanser olmad\u0131\u011f\u0131 halde kemoterapi uygulam\u0131\u015flar -<\/title>\n<meta name=\"robots\" content=\"index, follow, max-snippet:-1, max-image-preview:large, max-video-preview:-1\" \/>\n<link rel=\"canonical\" href=\"https:\/\/kibrisdakik.com\/?p=99401\" \/>\n<meta property=\"og:locale\" content=\"tr_TR\" \/>\n<meta property=\"og:type\" content=\"article\" \/>\n<meta property=\"og:title\" content=\"\u0130srail hapishanesinde kanser olmad\u0131\u011f\u0131 halde kemoterapi uygulam\u0131\u015flar -\" \/>\n<meta property=\"og:description\" content=\"\u0130srail hapishane ve g\u00f6zalt\u0131 merkezlerinde aralar\u0131nda kad\u0131n, \u00e7ocuk, ya\u015fl\u0131 ve hastalar\u0131n da bulundu\u011fu 10 bini a\u015fk\u0131n Filistinli bulunuyor. \u0130srail bu Filistinlileri d\u00f6verek, a\u00e7 b\u0131rakarak, t\u0131bbi ihmal ve bir de sahte hastal\u0131klarla yava\u015f yava\u015f \u00f6ld\u00fcrme politikas\u0131 izliyor. \u0130srail hapishanelerindeki esirlerin kurtar\u0131lmas\u0131 ulusal bir mesele oldu\u011fu i\u00e7in 10 Ekim&#8217;de var\u0131lan ate\u015fkesin en \u00f6nemli maddelerinden biri kar\u015f\u0131l\u0131kl\u0131 esir\" \/>\n<meta property=\"og:url\" content=\"https:\/\/kibrisdakik.com\/?p=99401\" \/>\n<meta property=\"article:published_time\" content=\"2025-11-13T14:14:03+00:00\" \/>\n<meta property=\"og:image\" content=\"https:\/\/kibrisdakik.com\/wp-content\/uploads\/2025\/11\/kansergazeeli-adam-2416455.jpg\" \/>\n\t<meta property=\"og:image:width\" content=\"1280\" \/>\n\t<meta property=\"og:image:height\" content=\"720\" \/>\n\t<meta property=\"og:image:type\" content=\"image\/jpeg\" \/>\n<meta name=\"author\" content=\"admin\" \/>\n<meta name=\"twitter:card\" content=\"summary_large_image\" \/>\n<meta name=\"twitter:label1\" content=\"Yazan:\" \/>\n\t<meta name=\"twitter:data1\" content=\"admin\" \/>\n\t<meta name=\"twitter:label2\" content=\"Tahmini okuma s\u00fcresi\" \/>\n\t<meta name=\"twitter:data2\" content=\"4 dakika\" \/>\n<script type=\"application\/ld+json\" class=\"yoast-schema-graph\">{\"@context\":\"https:\\\/\\\/schema.org\",\"@graph\":[{\"@type\":\"Article\",\"@id\":\"https:\\\/\\\/kibrisdakik.com\\\/?p=99401#article\",\"isPartOf\":{\"@id\":\"https:\\\/\\\/kibrisdakik.com\\\/?p=99401\"},\"author\":{\"name\":\"admin\",\"@id\":\"https:\\\/\\\/kibrisdakik.com\\\/#\\\/schema\\\/person\\\/9cd9d437bbb44f72b73ba127e06d8e79\"},\"headline\":\"\u0130srail hapishanesinde kanser olmad\u0131\u011f\u0131 halde kemoterapi uygulam\u0131\u015flar\",\"datePublished\":\"2025-11-13T14:14:03+00:00\",\"mainEntityOfPage\":{\"@id\":\"https:\\\/\\\/kibrisdakik.com\\\/?p=99401\"},\"wordCount\":896,\"commentCount\":0,\"image\":{\"@id\":\"https:\\\/\\\/kibrisdakik.com\\\/?p=99401#primaryimage\"},\"thumbnailUrl\":\"https:\\\/\\\/kibrisdakik.com\\\/wp-content\\\/uploads\\\/2025\\\/11\\\/kansergazeeli-adam-2416455.jpg\",\"articleSection\":[\"D\u00fcnya\"],\"inLanguage\":\"tr\",\"potentialAction\":[{\"@type\":\"CommentAction\",\"name\":\"Comment\",\"target\":[\"https:\\\/\\\/kibrisdakik.com\\\/?p=99401#respond\"]}]},{\"@type\":\"WebPage\",\"@id\":\"https:\\\/\\\/kibrisdakik.com\\\/?p=99401\",\"url\":\"https:\\\/\\\/kibrisdakik.com\\\/?p=99401\",\"name\":\"\u0130srail hapishanesinde kanser olmad\u0131\u011f\u0131 halde kemoterapi uygulam\u0131\u015flar -\",\"isPartOf\":{\"@id\":\"https:\\\/\\\/kibrisdakik.com\\\/#website\"},\"primaryImageOfPage\":{\"@id\":\"https:\\\/\\\/kibrisdakik.com\\\/?p=99401#primaryimage\"},\"image\":{\"@id\":\"https:\\\/\\\/kibrisdakik.com\\\/?p=99401#primaryimage\"},\"thumbnailUrl\":\"https:\\\/\\\/kibrisdakik.com\\\/wp-content\\\/uploads\\\/2025\\\/11\\\/kansergazeeli-adam-2416455.jpg\",\"datePublished\":\"2025-11-13T14:14:03+00:00\",\"author\":{\"@id\":\"https:\\\/\\\/kibrisdakik.com\\\/#\\\/schema\\\/person\\\/9cd9d437bbb44f72b73ba127e06d8e79\"},\"breadcrumb\":{\"@id\":\"https:\\\/\\\/kibrisdakik.com\\\/?p=99401#breadcrumb\"},\"inLanguage\":\"tr\",\"potentialAction\":[{\"@type\":\"ReadAction\",\"target\":[\"https:\\\/\\\/kibrisdakik.com\\\/?p=99401\"]}]},{\"@type\":\"ImageObject\",\"inLanguage\":\"tr\",\"@id\":\"https:\\\/\\\/kibrisdakik.com\\\/?p=99401#primaryimage\",\"url\":\"https:\\\/\\\/kibrisdakik.com\\\/wp-content\\\/uploads\\\/2025\\\/11\\\/kansergazeeli-adam-2416455.jpg\",\"contentUrl\":\"https:\\\/\\\/kibrisdakik.com\\\/wp-content\\\/uploads\\\/2025\\\/11\\\/kansergazeeli-adam-2416455.jpg\",\"width\":1280,\"height\":720},{\"@type\":\"BreadcrumbList\",\"@id\":\"https:\\\/\\\/kibrisdakik.com\\\/?p=99401#breadcrumb\",\"itemListElement\":[{\"@type\":\"ListItem\",\"position\":1,\"name\":\"Home\",\"item\":\"https:\\\/\\\/kibrisdakik.com\\\/\"},{\"@type\":\"ListItem\",\"position\":2,\"name\":\"\u0130srail hapishanesinde kanser olmad\u0131\u011f\u0131 halde kemoterapi uygulam\u0131\u015flar\"}]},{\"@type\":\"WebSite\",\"@id\":\"https:\\\/\\\/kibrisdakik.com\\\/#website\",\"url\":\"https:\\\/\\\/kibrisdakik.com\\\/\",\"name\":\"\",\"description\":\"Tam vaktinde haber\",\"potentialAction\":[{\"@type\":\"SearchAction\",\"target\":{\"@type\":\"EntryPoint\",\"urlTemplate\":\"https:\\\/\\\/kibrisdakik.com\\\/?s={search_term_string}\"},\"query-input\":{\"@type\":\"PropertyValueSpecification\",\"valueRequired\":true,\"valueName\":\"search_term_string\"}}],\"inLanguage\":\"tr\"},{\"@type\":\"Person\",\"@id\":\"https:\\\/\\\/kibrisdakik.com\\\/#\\\/schema\\\/person\\\/9cd9d437bbb44f72b73ba127e06d8e79\",\"name\":\"admin\",\"image\":{\"@type\":\"ImageObject\",\"inLanguage\":\"tr\",\"@id\":\"https:\\\/\\\/secure.gravatar.com\\\/avatar\\\/ccc17943b9d660506c869530f897617f7cb1c21a4bf30023f252596d83e1f007?s=96&d=mm&r=g\",\"url\":\"https:\\\/\\\/secure.gravatar.com\\\/avatar\\\/ccc17943b9d660506c869530f897617f7cb1c21a4bf30023f252596d83e1f007?s=96&d=mm&r=g\",\"contentUrl\":\"https:\\\/\\\/secure.gravatar.com\\\/avatar\\\/ccc17943b9d660506c869530f897617f7cb1c21a4bf30023f252596d83e1f007?s=96&d=mm&r=g\",\"caption\":\"admin\"},\"sameAs\":[\"https:\\\/\\\/kibrisdakik.com\"],\"url\":\"https:\\\/\\\/kibrisdakik.com\\\/?author=1\"}]}<\/script>\n<!-- \/ Yoast SEO plugin. -->","yoast_head_json":{"title":"\u0130srail hapishanesinde kanser olmad\u0131\u011f\u0131 halde kemoterapi uygulam\u0131\u015flar -","robots":{"index":"index","follow":"follow","max-snippet":"max-snippet:-1","max-image-preview":"max-image-preview:large","max-video-preview":"max-video-preview:-1"},"canonical":"https:\/\/kibrisdakik.com\/?p=99401","og_locale":"tr_TR","og_type":"article","og_title":"\u0130srail hapishanesinde kanser olmad\u0131\u011f\u0131 halde kemoterapi uygulam\u0131\u015flar -","og_description":"\u0130srail hapishane ve g\u00f6zalt\u0131 merkezlerinde aralar\u0131nda kad\u0131n, \u00e7ocuk, ya\u015fl\u0131 ve hastalar\u0131n da bulundu\u011fu 10 bini a\u015fk\u0131n Filistinli bulunuyor. \u0130srail bu Filistinlileri d\u00f6verek, a\u00e7 b\u0131rakarak, t\u0131bbi ihmal ve bir de sahte hastal\u0131klarla yava\u015f yava\u015f \u00f6ld\u00fcrme politikas\u0131 izliyor. \u0130srail hapishanelerindeki esirlerin kurtar\u0131lmas\u0131 ulusal bir mesele oldu\u011fu i\u00e7in 10 Ekim&#8217;de var\u0131lan ate\u015fkesin en \u00f6nemli maddelerinden biri kar\u015f\u0131l\u0131kl\u0131 esir","og_url":"https:\/\/kibrisdakik.com\/?p=99401","article_published_time":"2025-11-13T14:14:03+00:00","og_image":[{"width":1280,"height":720,"url":"https:\/\/kibrisdakik.com\/wp-content\/uploads\/2025\/11\/kansergazeeli-adam-2416455.jpg","type":"image\/jpeg"}],"author":"admin","twitter_card":"summary_large_image","twitter_misc":{"Yazan:":"admin","Tahmini okuma s\u00fcresi":"4 dakika"},"schema":{"@context":"https:\/\/schema.org","@graph":[{"@type":"Article","@id":"https:\/\/kibrisdakik.com\/?p=99401#article","isPartOf":{"@id":"https:\/\/kibrisdakik.com\/?p=99401"},"author":{"name":"admin","@id":"https:\/\/kibrisdakik.com\/#\/schema\/person\/9cd9d437bbb44f72b73ba127e06d8e79"},"headline":"\u0130srail hapishanesinde kanser olmad\u0131\u011f\u0131 halde kemoterapi uygulam\u0131\u015flar","datePublished":"2025-11-13T14:14:03+00:00","mainEntityOfPage":{"@id":"https:\/\/kibrisdakik.com\/?p=99401"},"wordCount":896,"commentCount":0,"image":{"@id":"https:\/\/kibrisdakik.com\/?p=99401#primaryimage"},"thumbnailUrl":"https:\/\/kibrisdakik.com\/wp-content\/uploads\/2025\/11\/kansergazeeli-adam-2416455.jpg","articleSection":["D\u00fcnya"],"inLanguage":"tr","potentialAction":[{"@type":"CommentAction","name":"Comment","target":["https:\/\/kibrisdakik.com\/?p=99401#respond"]}]},{"@type":"WebPage","@id":"https:\/\/kibrisdakik.com\/?p=99401","url":"https:\/\/kibrisdakik.com\/?p=99401","name":"\u0130srail hapishanesinde kanser olmad\u0131\u011f\u0131 halde kemoterapi uygulam\u0131\u015flar -","isPartOf":{"@id":"https:\/\/kibrisdakik.com\/#website"},"primaryImageOfPage":{"@id":"https:\/\/kibrisdakik.com\/?p=99401#primaryimage"},"image":{"@id":"https:\/\/kibrisdakik.com\/?p=99401#primaryimage"},"thumbnailUrl":"https:\/\/kibrisdakik.com\/wp-content\/uploads\/2025\/11\/kansergazeeli-adam-2416455.jpg","datePublished":"2025-11-13T14:14:03+00:00","author":{"@id":"https:\/\/kibrisdakik.com\/#\/schema\/person\/9cd9d437bbb44f72b73ba127e06d8e79"},"breadcrumb":{"@id":"https:\/\/kibrisdakik.com\/?p=99401#breadcrumb"},"inLanguage":"tr","potentialAction":[{"@type":"ReadAction","target":["https:\/\/kibrisdakik.com\/?p=99401"]}]},{"@type":"ImageObject","inLanguage":"tr","@id":"https:\/\/kibrisdakik.com\/?p=99401#primaryimage","url":"https:\/\/kibrisdakik.com\/wp-content\/uploads\/2025\/11\/kansergazeeli-adam-2416455.jpg","contentUrl":"https:\/\/kibrisdakik.com\/wp-content\/uploads\/2025\/11\/kansergazeeli-adam-2416455.jpg","width":1280,"height":720},{"@type":"BreadcrumbList","@id":"https:\/\/kibrisdakik.com\/?p=99401#breadcrumb","itemListElement":[{"@type":"ListItem","position":1,"name":"Home","item":"https:\/\/kibrisdakik.com\/"},{"@type":"ListItem","position":2,"name":"\u0130srail hapishanesinde kanser olmad\u0131\u011f\u0131 halde kemoterapi uygulam\u0131\u015flar"}]},{"@type":"WebSite","@id":"https:\/\/kibrisdakik.com\/#website","url":"https:\/\/kibrisdakik.com\/","name":"","description":"Tam vaktinde haber","potentialAction":[{"@type":"SearchAction","target":{"@type":"EntryPoint","urlTemplate":"https:\/\/kibrisdakik.com\/?s={search_term_string}"},"query-input":{"@type":"PropertyValueSpecification","valueRequired":true,"valueName":"search_term_string"}}],"inLanguage":"tr"},{"@type":"Person","@id":"https:\/\/kibrisdakik.com\/#\/schema\/person\/9cd9d437bbb44f72b73ba127e06d8e79","name":"admin","image":{"@type":"ImageObject","inLanguage":"tr","@id":"https:\/\/secure.gravatar.com\/avatar\/ccc17943b9d660506c869530f897617f7cb1c21a4bf30023f252596d83e1f007?s=96&d=mm&r=g","url":"https:\/\/secure.gravatar.com\/avatar\/ccc17943b9d660506c869530f897617f7cb1c21a4bf30023f252596d83e1f007?s=96&d=mm&r=g","contentUrl":"https:\/\/secure.gravatar.com\/avatar\/ccc17943b9d660506c869530f897617f7cb1c21a4bf30023f252596d83e1f007?s=96&d=mm&r=g","caption":"admin"},"sameAs":["https:\/\/kibrisdakik.com"],"url":"https:\/\/kibrisdakik.com\/?author=1"}]}},"_links":{"self":[{"href":"https:\/\/kibrisdakik.com\/index.php?rest_route=\/wp\/v2\/posts\/99401","targetHints":{"allow":["GET"]}}],"collection":[{"href":"https:\/\/kibrisdakik.com\/index.php?rest_route=\/wp\/v2\/posts"}],"about":[{"href":"https:\/\/kibrisdakik.com\/index.php?rest_route=\/wp\/v2\/types\/post"}],"author":[{"embeddable":true,"href":"https:\/\/kibrisdakik.com\/index.php?rest_route=\/wp\/v2\/users\/1"}],"replies":[{"embeddable":true,"href":"https:\/\/kibrisdakik.com\/index.php?rest_route=%2Fwp%2Fv2%2Fcomments&post=99401"}],"version-history":[{"count":0,"href":"https:\/\/kibrisdakik.com\/index.php?rest_route=\/wp\/v2\/posts\/99401\/revisions"}],"wp:featuredmedia":[{"embeddable":true,"href":"https:\/\/kibrisdakik.com\/index.php?rest_route=\/wp\/v2\/media\/99402"}],"wp:attachment":[{"href":"https:\/\/kibrisdakik.com\/index.php?rest_route=%2Fwp%2Fv2%2Fmedia&parent=99401"}],"wp:term":[{"taxonomy":"category","embeddable":true,"href":"https:\/\/kibrisdakik.com\/index.php?rest_route=%2Fwp%2Fv2%2Fcategories&post=99401"},{"taxonomy":"post_tag","embeddable":true,"href":"https:\/\/kibrisdakik.com\/index.php?rest_route=%2Fwp%2Fv2%2Ftags&post=99401"}],"curies":[{"name":"wp","href":"https:\/\/api.w.org\/{rel}","templated":true}]}}