{"id":99444,"date":"2025-11-13T19:44:08","date_gmt":"2025-11-13T17:44:08","guid":{"rendered":"https:\/\/kibrisdakik.com\/index.php\/2025\/11\/13\/akansoy-erhurman-halkinin-sesini-ankarada-duyurdu\/"},"modified":"2025-11-13T19:44:08","modified_gmt":"2025-11-13T17:44:08","slug":"akansoy-erhurman-halkinin-sesini-ankarada-duyurdu","status":"publish","type":"post","link":"https:\/\/kibrisdakik.com\/?p=99444","title":{"rendered":"AKANSOY: \u201cERH\u00dcRMAN, HALKININ SES\u0130N\u0130 ANKARA\u2019DA DUYURDU\u201d"},"content":{"rendered":"<p><\/p>\n<div data-text-id=\"189484\" property=\"articleBody\">\n<p>CTP Milletvekili As\u0131m Akansoy, Cumhurba\u015fkan\u0131 Tufan Erh\u00fcrman\u2019\u0131n Ankara\u2019da T\u00fcrkiye Cumhurba\u015fkan\u0131 Recep Tayyip Erdo\u011fan ile ger\u00e7ekle\u015ftirdi\u011fi bas\u0131n toplant\u0131s\u0131na ili\u015fkin a\u00e7\u0131klamalarda bulundu. Akansoy, Erh\u00fcrman\u2019\u0131n tutumunu ve iki \u00fclke aras\u0131ndaki ili\u015fkiler a\u00e7\u0131s\u0131ndan de\u011ferlendirdi.<\/p>\n<p>Akansoy a\u00e7\u0131klamas\u0131nda, \u015funlar\u0131 ifade etti:<\/p>\n<p>\u201cCumhurba\u015fkan\u0131m\u0131z Say\u0131n Erh\u00fcrman\u2019\u0131n, Cumhurba\u015fkan\u0131 Say\u0131n Erdo\u011fan ile ger\u00e7ekle\u015ftirdi\u011fi bas\u0131n toplant\u0131s\u0131n\u0131 ilgiyle izledik. Say\u0131n Erh\u00fcrman\u2019\u0131n, &#8216;kendi halk\u0131n\u0131n varl\u0131\u011f\u0131&#8217;n\u0131 \u00f6ne \u00e7\u0131karan tutumu ve se\u00e7im d\u00f6neminde dile getirdi\u011fi temel arg\u00fcmanlar\u0131 Ankara\u2019da da a\u00e7\u0131k bi\u00e7imde ifade etmesi son derece de\u011ferlidir.<\/p>\n<p>Halk\u0131n demokratik iradesiyle se\u00e7ilmi\u015f bir lider olarak, iki karde\u015f \u00fclke aras\u0131nda yeni bir anlay\u0131\u015f temelinde \u015fekillenecek ili\u015fkilerin ilk ad\u0131m\u0131n\u0131 ortaya koymas\u0131 dikkat \u00e7ekici ve ufuk a\u00e7\u0131c\u0131d\u0131r. Ortak bas\u0131n a\u00e7\u0131klamas\u0131nda, \u00e7\u00f6z\u00fcm iradesinin her iki lider taraf\u0131ndan da g\u00fc\u00e7l\u00fc bi\u00e7imde vurgulanmas\u0131; &#8216;i\u015f ola&#8217; de\u011fil, &#8216;sonu\u00e7 almay\u0131 hedefleyen&#8217; bir m\u00fczakere s\u00fcrecine i\u015faret edilmesi de anlaml\u0131 ve umut vericidir. Bu, bir ilk ad\u0131md\u0131r.<\/p>\n<p>Elbette T\u00fcrkiye Cumhuriyeti\u2019nin kendi de\u011ferlendirmeleri ve bu do\u011frultuda \u00f6zel yakla\u015f\u0131mlar\u0131 olacakt\u0131r. Bunu bilerek, dikkatli ve kar\u015f\u0131l\u0131kl\u0131 sayg\u0131 temelinde s\u00fcrd\u00fcr\u00fclecek yap\u0131c\u0131 ili\u015fkilerin son derece k\u0131ymetli oldu\u011funu d\u00fc\u015f\u00fcn\u00fcyorum. Bundan sonraki s\u00fcrecin, &#8216;umudu iradeye d\u00f6n\u00fc\u015ft\u00fcrme&#8217;yi hedefleyece\u011finden ku\u015fku duymuyorum.\u201d (MHA)<\/p>\n<\/p><\/div>\n","protected":false},"excerpt":{"rendered":"<p>CTP Milletvekili As\u0131m Akansoy, Cumhurba\u015fkan\u0131 Tufan Erh\u00fcrman\u2019\u0131n Ankara\u2019da T\u00fcrkiye Cumhurba\u015fkan\u0131 Recep Tayyip Erdo\u011fan ile ger\u00e7ekle\u015ftirdi\u011fi bas\u0131n toplant\u0131s\u0131na ili\u015fkin a\u00e7\u0131klamalarda bulundu. Akansoy, Erh\u00fcrman\u2019\u0131n tutumunu ve iki \u00fclke aras\u0131ndaki ili\u015fkiler a\u00e7\u0131s\u0131ndan de\u011ferlendirdi. Akansoy a\u00e7\u0131klamas\u0131nda, \u015funlar\u0131 ifade etti: \u201cCumhurba\u015fkan\u0131m\u0131z Say\u0131n Erh\u00fcrman\u2019\u0131n, Cumhurba\u015fkan\u0131 Say\u0131n Erdo\u011fan ile ger\u00e7ekle\u015ftirdi\u011fi bas\u0131n toplant\u0131s\u0131n\u0131 ilgiyle izledik. Say\u0131n Erh\u00fcrman\u2019\u0131n, &#8216;kendi halk\u0131n\u0131n varl\u0131\u011f\u0131&#8217;n\u0131 \u00f6ne \u00e7\u0131karan tutumu<\/p>\n","protected":false},"author":1,"featured_media":99445,"comment_status":"open","ping_status":"open","sticky":false,"template":"","format":"standard","meta":{"footnotes":""},"categories":[81],"tags":[],"class_list":["post-99444","post","type-post","status-publish","format-standard","has-post-thumbnail","hentry","category-kibris"],"yoast_head":"<!-- This site is optimized with the Yoast SEO plugin v27.5 - https:\/\/yoast.com\/product\/yoast-seo-wordpress\/ -->\n<title>AKANSOY: \u201cERH\u00dcRMAN, HALKININ SES\u0130N\u0130 ANKARA\u2019DA DUYURDU\u201d -<\/title>\n<meta name=\"robots\" content=\"index, follow, max-snippet:-1, max-image-preview:large, max-video-preview:-1\" \/>\n<link rel=\"canonical\" href=\"https:\/\/kibrisdakik.com\/?p=99444\" \/>\n<meta property=\"og:locale\" content=\"tr_TR\" \/>\n<meta property=\"og:type\" content=\"article\" \/>\n<meta property=\"og:title\" content=\"AKANSOY: \u201cERH\u00dcRMAN, HALKININ SES\u0130N\u0130 ANKARA\u2019DA DUYURDU\u201d -\" \/>\n<meta property=\"og:description\" content=\"CTP Milletvekili As\u0131m Akansoy, Cumhurba\u015fkan\u0131 Tufan Erh\u00fcrman\u2019\u0131n Ankara\u2019da T\u00fcrkiye Cumhurba\u015fkan\u0131 Recep Tayyip Erdo\u011fan ile ger\u00e7ekle\u015ftirdi\u011fi bas\u0131n toplant\u0131s\u0131na ili\u015fkin a\u00e7\u0131klamalarda bulundu. Akansoy, Erh\u00fcrman\u2019\u0131n tutumunu ve iki \u00fclke aras\u0131ndaki ili\u015fkiler a\u00e7\u0131s\u0131ndan de\u011ferlendirdi. Akansoy a\u00e7\u0131klamas\u0131nda, \u015funlar\u0131 ifade etti: \u201cCumhurba\u015fkan\u0131m\u0131z Say\u0131n Erh\u00fcrman\u2019\u0131n, Cumhurba\u015fkan\u0131 Say\u0131n Erdo\u011fan ile ger\u00e7ekle\u015ftirdi\u011fi bas\u0131n toplant\u0131s\u0131n\u0131 ilgiyle izledik. Say\u0131n Erh\u00fcrman\u2019\u0131n, &#8216;kendi halk\u0131n\u0131n varl\u0131\u011f\u0131&#8217;n\u0131 \u00f6ne \u00e7\u0131karan tutumu\" \/>\n<meta property=\"og:url\" content=\"https:\/\/kibrisdakik.com\/?p=99444\" \/>\n<meta property=\"article:published_time\" content=\"2025-11-13T17:44:08+00:00\" \/>\n<meta property=\"og:image\" content=\"https:\/\/kibrisdakik.com\/wp-content\/uploads\/2025\/11\/mha-sari-beyaz-814.png\" \/>\n\t<meta property=\"og:image:width\" content=\"1280\" \/>\n\t<meta property=\"og:image:height\" content=\"720\" \/>\n\t<meta property=\"og:image:type\" content=\"image\/png\" \/>\n<meta name=\"author\" content=\"admin\" \/>\n<meta name=\"twitter:card\" content=\"summary_large_image\" \/>\n<meta name=\"twitter:label1\" content=\"Yazan:\" \/>\n\t<meta name=\"twitter:data1\" content=\"admin\" \/>\n\t<meta name=\"twitter:label2\" content=\"Tahmini okuma s\u00fcresi\" \/>\n\t<meta name=\"twitter:data2\" content=\"1 dakika\" \/>\n<script type=\"application\/ld+json\" class=\"yoast-schema-graph\">{\"@context\":\"https:\\\/\\\/schema.org\",\"@graph\":[{\"@type\":\"Article\",\"@id\":\"https:\\\/\\\/kibrisdakik.com\\\/?p=99444#article\",\"isPartOf\":{\"@id\":\"https:\\\/\\\/kibrisdakik.com\\\/?p=99444\"},\"author\":{\"name\":\"admin\",\"@id\":\"https:\\\/\\\/kibrisdakik.com\\\/#\\\/schema\\\/person\\\/9cd9d437bbb44f72b73ba127e06d8e79\"},\"headline\":\"AKANSOY: \u201cERH\u00dcRMAN, HALKININ SES\u0130N\u0130 ANKARA\u2019DA DUYURDU\u201d\",\"datePublished\":\"2025-11-13T17:44:08+00:00\",\"mainEntityOfPage\":{\"@id\":\"https:\\\/\\\/kibrisdakik.com\\\/?p=99444\"},\"wordCount\":274,\"commentCount\":0,\"image\":{\"@id\":\"https:\\\/\\\/kibrisdakik.com\\\/?p=99444#primaryimage\"},\"thumbnailUrl\":\"https:\\\/\\\/kibrisdakik.com\\\/wp-content\\\/uploads\\\/2025\\\/11\\\/mha-sari-beyaz-814.png\",\"articleSection\":[\"K\u0131br\u0131s\"],\"inLanguage\":\"tr\",\"potentialAction\":[{\"@type\":\"CommentAction\",\"name\":\"Comment\",\"target\":[\"https:\\\/\\\/kibrisdakik.com\\\/?p=99444#respond\"]}]},{\"@type\":\"WebPage\",\"@id\":\"https:\\\/\\\/kibrisdakik.com\\\/?p=99444\",\"url\":\"https:\\\/\\\/kibrisdakik.com\\\/?p=99444\",\"name\":\"AKANSOY: \u201cERH\u00dcRMAN, HALKININ SES\u0130N\u0130 ANKARA\u2019DA DUYURDU\u201d -\",\"isPartOf\":{\"@id\":\"https:\\\/\\\/kibrisdakik.com\\\/#website\"},\"primaryImageOfPage\":{\"@id\":\"https:\\\/\\\/kibrisdakik.com\\\/?p=99444#primaryimage\"},\"image\":{\"@id\":\"https:\\\/\\\/kibrisdakik.com\\\/?p=99444#primaryimage\"},\"thumbnailUrl\":\"https:\\\/\\\/kibrisdakik.com\\\/wp-content\\\/uploads\\\/2025\\\/11\\\/mha-sari-beyaz-814.png\",\"datePublished\":\"2025-11-13T17:44:08+00:00\",\"author\":{\"@id\":\"https:\\\/\\\/kibrisdakik.com\\\/#\\\/schema\\\/person\\\/9cd9d437bbb44f72b73ba127e06d8e79\"},\"breadcrumb\":{\"@id\":\"https:\\\/\\\/kibrisdakik.com\\\/?p=99444#breadcrumb\"},\"inLanguage\":\"tr\",\"potentialAction\":[{\"@type\":\"ReadAction\",\"target\":[\"https:\\\/\\\/kibrisdakik.com\\\/?p=99444\"]}]},{\"@type\":\"ImageObject\",\"inLanguage\":\"tr\",\"@id\":\"https:\\\/\\\/kibrisdakik.com\\\/?p=99444#primaryimage\",\"url\":\"https:\\\/\\\/kibrisdakik.com\\\/wp-content\\\/uploads\\\/2025\\\/11\\\/mha-sari-beyaz-814.png\",\"contentUrl\":\"https:\\\/\\\/kibrisdakik.com\\\/wp-content\\\/uploads\\\/2025\\\/11\\\/mha-sari-beyaz-814.png\",\"width\":1280,\"height\":720},{\"@type\":\"BreadcrumbList\",\"@id\":\"https:\\\/\\\/kibrisdakik.com\\\/?p=99444#breadcrumb\",\"itemListElement\":[{\"@type\":\"ListItem\",\"position\":1,\"name\":\"Home\",\"item\":\"https:\\\/\\\/kibrisdakik.com\\\/\"},{\"@type\":\"ListItem\",\"position\":2,\"name\":\"AKANSOY: \u201cERH\u00dcRMAN, HALKININ SES\u0130N\u0130 ANKARA\u2019DA DUYURDU\u201d\"}]},{\"@type\":\"WebSite\",\"@id\":\"https:\\\/\\\/kibrisdakik.com\\\/#website\",\"url\":\"https:\\\/\\\/kibrisdakik.com\\\/\",\"name\":\"\",\"description\":\"Tam vaktinde haber\",\"potentialAction\":[{\"@type\":\"SearchAction\",\"target\":{\"@type\":\"EntryPoint\",\"urlTemplate\":\"https:\\\/\\\/kibrisdakik.com\\\/?s={search_term_string}\"},\"query-input\":{\"@type\":\"PropertyValueSpecification\",\"valueRequired\":true,\"valueName\":\"search_term_string\"}}],\"inLanguage\":\"tr\"},{\"@type\":\"Person\",\"@id\":\"https:\\\/\\\/kibrisdakik.com\\\/#\\\/schema\\\/person\\\/9cd9d437bbb44f72b73ba127e06d8e79\",\"name\":\"admin\",\"image\":{\"@type\":\"ImageObject\",\"inLanguage\":\"tr\",\"@id\":\"https:\\\/\\\/secure.gravatar.com\\\/avatar\\\/ccc17943b9d660506c869530f897617f7cb1c21a4bf30023f252596d83e1f007?s=96&d=mm&r=g\",\"url\":\"https:\\\/\\\/secure.gravatar.com\\\/avatar\\\/ccc17943b9d660506c869530f897617f7cb1c21a4bf30023f252596d83e1f007?s=96&d=mm&r=g\",\"contentUrl\":\"https:\\\/\\\/secure.gravatar.com\\\/avatar\\\/ccc17943b9d660506c869530f897617f7cb1c21a4bf30023f252596d83e1f007?s=96&d=mm&r=g\",\"caption\":\"admin\"},\"sameAs\":[\"https:\\\/\\\/kibrisdakik.com\"],\"url\":\"https:\\\/\\\/kibrisdakik.com\\\/?author=1\"}]}<\/script>\n<!-- \/ Yoast SEO plugin. -->","yoast_head_json":{"title":"AKANSOY: \u201cERH\u00dcRMAN, HALKININ SES\u0130N\u0130 ANKARA\u2019DA DUYURDU\u201d -","robots":{"index":"index","follow":"follow","max-snippet":"max-snippet:-1","max-image-preview":"max-image-preview:large","max-video-preview":"max-video-preview:-1"},"canonical":"https:\/\/kibrisdakik.com\/?p=99444","og_locale":"tr_TR","og_type":"article","og_title":"AKANSOY: \u201cERH\u00dcRMAN, HALKININ SES\u0130N\u0130 ANKARA\u2019DA DUYURDU\u201d -","og_description":"CTP Milletvekili As\u0131m Akansoy, Cumhurba\u015fkan\u0131 Tufan Erh\u00fcrman\u2019\u0131n Ankara\u2019da T\u00fcrkiye Cumhurba\u015fkan\u0131 Recep Tayyip Erdo\u011fan ile ger\u00e7ekle\u015ftirdi\u011fi bas\u0131n toplant\u0131s\u0131na ili\u015fkin a\u00e7\u0131klamalarda bulundu. Akansoy, Erh\u00fcrman\u2019\u0131n tutumunu ve iki \u00fclke aras\u0131ndaki ili\u015fkiler a\u00e7\u0131s\u0131ndan de\u011ferlendirdi. Akansoy a\u00e7\u0131klamas\u0131nda, \u015funlar\u0131 ifade etti: \u201cCumhurba\u015fkan\u0131m\u0131z Say\u0131n Erh\u00fcrman\u2019\u0131n, Cumhurba\u015fkan\u0131 Say\u0131n Erdo\u011fan ile ger\u00e7ekle\u015ftirdi\u011fi bas\u0131n toplant\u0131s\u0131n\u0131 ilgiyle izledik. Say\u0131n Erh\u00fcrman\u2019\u0131n, &#8216;kendi halk\u0131n\u0131n varl\u0131\u011f\u0131&#8217;n\u0131 \u00f6ne \u00e7\u0131karan tutumu","og_url":"https:\/\/kibrisdakik.com\/?p=99444","article_published_time":"2025-11-13T17:44:08+00:00","og_image":[{"width":1280,"height":720,"url":"https:\/\/kibrisdakik.com\/wp-content\/uploads\/2025\/11\/mha-sari-beyaz-814.png","type":"image\/png"}],"author":"admin","twitter_card":"summary_large_image","twitter_misc":{"Yazan:":"admin","Tahmini okuma s\u00fcresi":"1 dakika"},"schema":{"@context":"https:\/\/schema.org","@graph":[{"@type":"Article","@id":"https:\/\/kibrisdakik.com\/?p=99444#article","isPartOf":{"@id":"https:\/\/kibrisdakik.com\/?p=99444"},"author":{"name":"admin","@id":"https:\/\/kibrisdakik.com\/#\/schema\/person\/9cd9d437bbb44f72b73ba127e06d8e79"},"headline":"AKANSOY: \u201cERH\u00dcRMAN, HALKININ SES\u0130N\u0130 ANKARA\u2019DA DUYURDU\u201d","datePublished":"2025-11-13T17:44:08+00:00","mainEntityOfPage":{"@id":"https:\/\/kibrisdakik.com\/?p=99444"},"wordCount":274,"commentCount":0,"image":{"@id":"https:\/\/kibrisdakik.com\/?p=99444#primaryimage"},"thumbnailUrl":"https:\/\/kibrisdakik.com\/wp-content\/uploads\/2025\/11\/mha-sari-beyaz-814.png","articleSection":["K\u0131br\u0131s"],"inLanguage":"tr","potentialAction":[{"@type":"CommentAction","name":"Comment","target":["https:\/\/kibrisdakik.com\/?p=99444#respond"]}]},{"@type":"WebPage","@id":"https:\/\/kibrisdakik.com\/?p=99444","url":"https:\/\/kibrisdakik.com\/?p=99444","name":"AKANSOY: \u201cERH\u00dcRMAN, HALKININ SES\u0130N\u0130 ANKARA\u2019DA DUYURDU\u201d -","isPartOf":{"@id":"https:\/\/kibrisdakik.com\/#website"},"primaryImageOfPage":{"@id":"https:\/\/kibrisdakik.com\/?p=99444#primaryimage"},"image":{"@id":"https:\/\/kibrisdakik.com\/?p=99444#primaryimage"},"thumbnailUrl":"https:\/\/kibrisdakik.com\/wp-content\/uploads\/2025\/11\/mha-sari-beyaz-814.png","datePublished":"2025-11-13T17:44:08+00:00","author":{"@id":"https:\/\/kibrisdakik.com\/#\/schema\/person\/9cd9d437bbb44f72b73ba127e06d8e79"},"breadcrumb":{"@id":"https:\/\/kibrisdakik.com\/?p=99444#breadcrumb"},"inLanguage":"tr","potentialAction":[{"@type":"ReadAction","target":["https:\/\/kibrisdakik.com\/?p=99444"]}]},{"@type":"ImageObject","inLanguage":"tr","@id":"https:\/\/kibrisdakik.com\/?p=99444#primaryimage","url":"https:\/\/kibrisdakik.com\/wp-content\/uploads\/2025\/11\/mha-sari-beyaz-814.png","contentUrl":"https:\/\/kibrisdakik.com\/wp-content\/uploads\/2025\/11\/mha-sari-beyaz-814.png","width":1280,"height":720},{"@type":"BreadcrumbList","@id":"https:\/\/kibrisdakik.com\/?p=99444#breadcrumb","itemListElement":[{"@type":"ListItem","position":1,"name":"Home","item":"https:\/\/kibrisdakik.com\/"},{"@type":"ListItem","position":2,"name":"AKANSOY: \u201cERH\u00dcRMAN, HALKININ SES\u0130N\u0130 ANKARA\u2019DA DUYURDU\u201d"}]},{"@type":"WebSite","@id":"https:\/\/kibrisdakik.com\/#website","url":"https:\/\/kibrisdakik.com\/","name":"","description":"Tam vaktinde haber","potentialAction":[{"@type":"SearchAction","target":{"@type":"EntryPoint","urlTemplate":"https:\/\/kibrisdakik.com\/?s={search_term_string}"},"query-input":{"@type":"PropertyValueSpecification","valueRequired":true,"valueName":"search_term_string"}}],"inLanguage":"tr"},{"@type":"Person","@id":"https:\/\/kibrisdakik.com\/#\/schema\/person\/9cd9d437bbb44f72b73ba127e06d8e79","name":"admin","image":{"@type":"ImageObject","inLanguage":"tr","@id":"https:\/\/secure.gravatar.com\/avatar\/ccc17943b9d660506c869530f897617f7cb1c21a4bf30023f252596d83e1f007?s=96&d=mm&r=g","url":"https:\/\/secure.gravatar.com\/avatar\/ccc17943b9d660506c869530f897617f7cb1c21a4bf30023f252596d83e1f007?s=96&d=mm&r=g","contentUrl":"https:\/\/secure.gravatar.com\/avatar\/ccc17943b9d660506c869530f897617f7cb1c21a4bf30023f252596d83e1f007?s=96&d=mm&r=g","caption":"admin"},"sameAs":["https:\/\/kibrisdakik.com"],"url":"https:\/\/kibrisdakik.com\/?author=1"}]}},"_links":{"self":[{"href":"https:\/\/kibrisdakik.com\/index.php?rest_route=\/wp\/v2\/posts\/99444","targetHints":{"allow":["GET"]}}],"collection":[{"href":"https:\/\/kibrisdakik.com\/index.php?rest_route=\/wp\/v2\/posts"}],"about":[{"href":"https:\/\/kibrisdakik.com\/index.php?rest_route=\/wp\/v2\/types\/post"}],"author":[{"embeddable":true,"href":"https:\/\/kibrisdakik.com\/index.php?rest_route=\/wp\/v2\/users\/1"}],"replies":[{"embeddable":true,"href":"https:\/\/kibrisdakik.com\/index.php?rest_route=%2Fwp%2Fv2%2Fcomments&post=99444"}],"version-history":[{"count":0,"href":"https:\/\/kibrisdakik.com\/index.php?rest_route=\/wp\/v2\/posts\/99444\/revisions"}],"wp:featuredmedia":[{"embeddable":true,"href":"https:\/\/kibrisdakik.com\/index.php?rest_route=\/wp\/v2\/media\/99445"}],"wp:attachment":[{"href":"https:\/\/kibrisdakik.com\/index.php?rest_route=%2Fwp%2Fv2%2Fmedia&parent=99444"}],"wp:term":[{"taxonomy":"category","embeddable":true,"href":"https:\/\/kibrisdakik.com\/index.php?rest_route=%2Fwp%2Fv2%2Fcategories&post=99444"},{"taxonomy":"post_tag","embeddable":true,"href":"https:\/\/kibrisdakik.com\/index.php?rest_route=%2Fwp%2Fv2%2Ftags&post=99444"}],"curies":[{"name":"wp","href":"https:\/\/api.w.org\/{rel}","templated":true}]}}