{"id":99450,"date":"2025-11-13T21:23:05","date_gmt":"2025-11-13T19:23:05","guid":{"rendered":"https:\/\/kibrisdakik.com\/index.php\/2025\/11\/13\/hirvatistanda-dusen-turk-yangin-ucaginin-enkazina-ulasildi\/"},"modified":"2025-11-13T21:23:05","modified_gmt":"2025-11-13T19:23:05","slug":"hirvatistanda-dusen-turk-yangin-ucaginin-enkazina-ulasildi","status":"publish","type":"post","link":"https:\/\/kibrisdakik.com\/?p=99450","title":{"rendered":"HIRVAT\u0130STAN\u2019DA D\u00dc\u015eEN T\u00dcRK YANGIN U\u00c7A\u011eININ ENKAZINA ULA\u015eILDI"},"content":{"rendered":"<p><\/p>\n<p>Bak\u0131m faaliyeti i\u00e7in H\u0131rvatistan\u2019a giden Orman Genel M\u00fcd\u00fcrl\u00fc\u011f\u00fc\u2019ne (OGM) ait iki yang\u0131n s\u00f6nd\u00fcrme u\u00e7a\u011f\u0131ndan biriyle telsiz irtibat\u0131 kesildi. Tar\u0131m ve Orman Bakan\u0131 \u0130brahim Yumakl\u0131, kaybolan u\u00e7a\u011f\u0131n enkaz\u0131na ula\u015f\u0131ld\u0131\u011f\u0131n\u0131 ve bir pilotun \u015fehit oldu\u011funu a\u00e7\u0131klad\u0131.<\/p>\n<p>OGM\u2019ye ait iki adet <strong>AT-802 tipi yang\u0131n s\u00f6nd\u00fcrme u\u00e7a\u011f\u0131<\/strong>, planl\u0131 bak\u0131m i\u00e7in 12 Kas\u0131m \u00c7ar\u015famba g\u00fcn\u00fc saat 10.24\u2019te \u00c7anakkale\u2019den H\u0131rvatistan\u2019\u0131n Zagreb kentine hareket etti. Meteorolojik ko\u015fullar nedeniyle u\u00e7aklar geceyi Rijeka Havaalan\u0131\u2019nda ge\u00e7irdi.<\/p>\n<p>\u0130ki u\u00e7ak, 13 Kas\u0131m Per\u015fembe g\u00fcn\u00fc TS\u0130 17.38\u2019de yeniden havaland\u0131 ancak hava muhalefeti sebebiyle geri d\u00f6nme karar\u0131 ald\u0131. D\u00f6n\u00fc\u015f s\u0131ras\u0131nda u\u00e7aklardan biri Rijeka Havaalan\u0131\u2019na g\u00fcvenli \u015fekilde inerken, di\u011fer u\u00e7akla saat 18.25\u2019te telsiz irtibat\u0131 kesildi.<\/p>\n<p>Bakan Yumakl\u0131, sosyal medya hesab\u0131ndan yapt\u0131\u011f\u0131 a\u00e7\u0131klamada, \u201cH\u0131rvatistan\u2019da telsiz irtibat\u0131 kesilen u\u00e7a\u011f\u0131m\u0131z\u0131n enkaz\u0131na Senj kenti yak\u0131nlar\u0131nda ula\u015f\u0131lm\u0131\u015ft\u0131r. Elim kazada \u015fehit olan pilotumuza Allah\u2019tan rahmet, ailesine ve sevenlerine ba\u015fsa\u011fl\u0131\u011f\u0131 diliyorum. Orman te\u015fkilat\u0131m\u0131z\u0131n ve aziz milletimizin ba\u015f\u0131 sa\u011f olsun.\u201d ifadelerini kulland\u0131.<\/p>\n","protected":false},"excerpt":{"rendered":"<p>Bak\u0131m faaliyeti i\u00e7in H\u0131rvatistan\u2019a giden Orman Genel M\u00fcd\u00fcrl\u00fc\u011f\u00fc\u2019ne (OGM) ait iki yang\u0131n s\u00f6nd\u00fcrme u\u00e7a\u011f\u0131ndan biriyle telsiz irtibat\u0131 kesildi. Tar\u0131m ve Orman Bakan\u0131 \u0130brahim Yumakl\u0131, kaybolan u\u00e7a\u011f\u0131n enkaz\u0131na ula\u015f\u0131ld\u0131\u011f\u0131n\u0131 ve bir pilotun \u015fehit oldu\u011funu a\u00e7\u0131klad\u0131. OGM\u2019ye ait iki adet AT-802 tipi yang\u0131n s\u00f6nd\u00fcrme u\u00e7a\u011f\u0131, planl\u0131 bak\u0131m i\u00e7in 12 Kas\u0131m \u00c7ar\u015famba g\u00fcn\u00fc saat 10.24\u2019te \u00c7anakkale\u2019den H\u0131rvatistan\u2019\u0131n Zagreb<\/p>\n","protected":false},"author":1,"featured_media":99451,"comment_status":"open","ping_status":"open","sticky":false,"template":"","format":"standard","meta":{"footnotes":""},"categories":[81],"tags":[],"class_list":["post-99450","post","type-post","status-publish","format-standard","has-post-thumbnail","hentry","category-kibris"],"yoast_head":"<!-- This site is optimized with the Yoast SEO plugin v27.4 - https:\/\/yoast.com\/product\/yoast-seo-wordpress\/ -->\n<title>HIRVAT\u0130STAN\u2019DA D\u00dc\u015eEN T\u00dcRK YANGIN U\u00c7A\u011eININ ENKAZINA ULA\u015eILDI -<\/title>\n<meta name=\"robots\" content=\"index, follow, max-snippet:-1, max-image-preview:large, max-video-preview:-1\" \/>\n<link rel=\"canonical\" href=\"https:\/\/kibrisdakik.com\/?p=99450\" \/>\n<meta property=\"og:locale\" content=\"tr_TR\" \/>\n<meta property=\"og:type\" content=\"article\" \/>\n<meta property=\"og:title\" content=\"HIRVAT\u0130STAN\u2019DA D\u00dc\u015eEN T\u00dcRK YANGIN U\u00c7A\u011eININ ENKAZINA ULA\u015eILDI -\" \/>\n<meta property=\"og:description\" content=\"Bak\u0131m faaliyeti i\u00e7in H\u0131rvatistan\u2019a giden Orman Genel M\u00fcd\u00fcrl\u00fc\u011f\u00fc\u2019ne (OGM) ait iki yang\u0131n s\u00f6nd\u00fcrme u\u00e7a\u011f\u0131ndan biriyle telsiz irtibat\u0131 kesildi. Tar\u0131m ve Orman Bakan\u0131 \u0130brahim Yumakl\u0131, kaybolan u\u00e7a\u011f\u0131n enkaz\u0131na ula\u015f\u0131ld\u0131\u011f\u0131n\u0131 ve bir pilotun \u015fehit oldu\u011funu a\u00e7\u0131klad\u0131. OGM\u2019ye ait iki adet AT-802 tipi yang\u0131n s\u00f6nd\u00fcrme u\u00e7a\u011f\u0131, planl\u0131 bak\u0131m i\u00e7in 12 Kas\u0131m \u00c7ar\u015famba g\u00fcn\u00fc saat 10.24\u2019te \u00c7anakkale\u2019den H\u0131rvatistan\u2019\u0131n Zagreb\" \/>\n<meta property=\"og:url\" content=\"https:\/\/kibrisdakik.com\/?p=99450\" \/>\n<meta property=\"article:published_time\" content=\"2025-11-13T19:23:05+00:00\" \/>\n<meta property=\"og:image\" content=\"https:\/\/kibrisdakik.com\/wp-content\/uploads\/2025\/11\/mha-sari-beyaz-815.png\" \/>\n\t<meta property=\"og:image:width\" content=\"1280\" \/>\n\t<meta property=\"og:image:height\" content=\"720\" \/>\n\t<meta property=\"og:image:type\" content=\"image\/png\" \/>\n<meta name=\"author\" content=\"admin\" \/>\n<meta name=\"twitter:card\" content=\"summary_large_image\" \/>\n<meta name=\"twitter:label1\" content=\"Yazan:\" \/>\n\t<meta name=\"twitter:data1\" content=\"admin\" \/>\n\t<meta name=\"twitter:label2\" content=\"Tahmini okuma s\u00fcresi\" \/>\n\t<meta name=\"twitter:data2\" content=\"1 dakika\" \/>\n<script type=\"application\/ld+json\" class=\"yoast-schema-graph\">{\"@context\":\"https:\\\/\\\/schema.org\",\"@graph\":[{\"@type\":\"Article\",\"@id\":\"https:\\\/\\\/kibrisdakik.com\\\/?p=99450#article\",\"isPartOf\":{\"@id\":\"https:\\\/\\\/kibrisdakik.com\\\/?p=99450\"},\"author\":{\"name\":\"admin\",\"@id\":\"https:\\\/\\\/kibrisdakik.com\\\/#\\\/schema\\\/person\\\/9cd9d437bbb44f72b73ba127e06d8e79\"},\"headline\":\"HIRVAT\u0130STAN\u2019DA D\u00dc\u015eEN T\u00dcRK YANGIN U\u00c7A\u011eININ ENKAZINA ULA\u015eILDI\",\"datePublished\":\"2025-11-13T19:23:05+00:00\",\"mainEntityOfPage\":{\"@id\":\"https:\\\/\\\/kibrisdakik.com\\\/?p=99450\"},\"wordCount\":222,\"commentCount\":0,\"image\":{\"@id\":\"https:\\\/\\\/kibrisdakik.com\\\/?p=99450#primaryimage\"},\"thumbnailUrl\":\"https:\\\/\\\/kibrisdakik.com\\\/wp-content\\\/uploads\\\/2025\\\/11\\\/mha-sari-beyaz-815.png\",\"articleSection\":[\"K\u0131br\u0131s\"],\"inLanguage\":\"tr\",\"potentialAction\":[{\"@type\":\"CommentAction\",\"name\":\"Comment\",\"target\":[\"https:\\\/\\\/kibrisdakik.com\\\/?p=99450#respond\"]}]},{\"@type\":\"WebPage\",\"@id\":\"https:\\\/\\\/kibrisdakik.com\\\/?p=99450\",\"url\":\"https:\\\/\\\/kibrisdakik.com\\\/?p=99450\",\"name\":\"HIRVAT\u0130STAN\u2019DA D\u00dc\u015eEN T\u00dcRK YANGIN U\u00c7A\u011eININ ENKAZINA ULA\u015eILDI -\",\"isPartOf\":{\"@id\":\"https:\\\/\\\/kibrisdakik.com\\\/#website\"},\"primaryImageOfPage\":{\"@id\":\"https:\\\/\\\/kibrisdakik.com\\\/?p=99450#primaryimage\"},\"image\":{\"@id\":\"https:\\\/\\\/kibrisdakik.com\\\/?p=99450#primaryimage\"},\"thumbnailUrl\":\"https:\\\/\\\/kibrisdakik.com\\\/wp-content\\\/uploads\\\/2025\\\/11\\\/mha-sari-beyaz-815.png\",\"datePublished\":\"2025-11-13T19:23:05+00:00\",\"author\":{\"@id\":\"https:\\\/\\\/kibrisdakik.com\\\/#\\\/schema\\\/person\\\/9cd9d437bbb44f72b73ba127e06d8e79\"},\"breadcrumb\":{\"@id\":\"https:\\\/\\\/kibrisdakik.com\\\/?p=99450#breadcrumb\"},\"inLanguage\":\"tr\",\"potentialAction\":[{\"@type\":\"ReadAction\",\"target\":[\"https:\\\/\\\/kibrisdakik.com\\\/?p=99450\"]}]},{\"@type\":\"ImageObject\",\"inLanguage\":\"tr\",\"@id\":\"https:\\\/\\\/kibrisdakik.com\\\/?p=99450#primaryimage\",\"url\":\"https:\\\/\\\/kibrisdakik.com\\\/wp-content\\\/uploads\\\/2025\\\/11\\\/mha-sari-beyaz-815.png\",\"contentUrl\":\"https:\\\/\\\/kibrisdakik.com\\\/wp-content\\\/uploads\\\/2025\\\/11\\\/mha-sari-beyaz-815.png\",\"width\":1280,\"height\":720},{\"@type\":\"BreadcrumbList\",\"@id\":\"https:\\\/\\\/kibrisdakik.com\\\/?p=99450#breadcrumb\",\"itemListElement\":[{\"@type\":\"ListItem\",\"position\":1,\"name\":\"Home\",\"item\":\"https:\\\/\\\/kibrisdakik.com\\\/\"},{\"@type\":\"ListItem\",\"position\":2,\"name\":\"HIRVAT\u0130STAN\u2019DA D\u00dc\u015eEN T\u00dcRK YANGIN U\u00c7A\u011eININ ENKAZINA ULA\u015eILDI\"}]},{\"@type\":\"WebSite\",\"@id\":\"https:\\\/\\\/kibrisdakik.com\\\/#website\",\"url\":\"https:\\\/\\\/kibrisdakik.com\\\/\",\"name\":\"\",\"description\":\"Tam vaktinde haber\",\"potentialAction\":[{\"@type\":\"SearchAction\",\"target\":{\"@type\":\"EntryPoint\",\"urlTemplate\":\"https:\\\/\\\/kibrisdakik.com\\\/?s={search_term_string}\"},\"query-input\":{\"@type\":\"PropertyValueSpecification\",\"valueRequired\":true,\"valueName\":\"search_term_string\"}}],\"inLanguage\":\"tr\"},{\"@type\":\"Person\",\"@id\":\"https:\\\/\\\/kibrisdakik.com\\\/#\\\/schema\\\/person\\\/9cd9d437bbb44f72b73ba127e06d8e79\",\"name\":\"admin\",\"image\":{\"@type\":\"ImageObject\",\"inLanguage\":\"tr\",\"@id\":\"https:\\\/\\\/secure.gravatar.com\\\/avatar\\\/ccc17943b9d660506c869530f897617f7cb1c21a4bf30023f252596d83e1f007?s=96&d=mm&r=g\",\"url\":\"https:\\\/\\\/secure.gravatar.com\\\/avatar\\\/ccc17943b9d660506c869530f897617f7cb1c21a4bf30023f252596d83e1f007?s=96&d=mm&r=g\",\"contentUrl\":\"https:\\\/\\\/secure.gravatar.com\\\/avatar\\\/ccc17943b9d660506c869530f897617f7cb1c21a4bf30023f252596d83e1f007?s=96&d=mm&r=g\",\"caption\":\"admin\"},\"sameAs\":[\"https:\\\/\\\/kibrisdakik.com\"],\"url\":\"https:\\\/\\\/kibrisdakik.com\\\/?author=1\"}]}<\/script>\n<!-- \/ Yoast SEO plugin. -->","yoast_head_json":{"title":"HIRVAT\u0130STAN\u2019DA D\u00dc\u015eEN T\u00dcRK YANGIN U\u00c7A\u011eININ ENKAZINA ULA\u015eILDI -","robots":{"index":"index","follow":"follow","max-snippet":"max-snippet:-1","max-image-preview":"max-image-preview:large","max-video-preview":"max-video-preview:-1"},"canonical":"https:\/\/kibrisdakik.com\/?p=99450","og_locale":"tr_TR","og_type":"article","og_title":"HIRVAT\u0130STAN\u2019DA D\u00dc\u015eEN T\u00dcRK YANGIN U\u00c7A\u011eININ ENKAZINA ULA\u015eILDI -","og_description":"Bak\u0131m faaliyeti i\u00e7in H\u0131rvatistan\u2019a giden Orman Genel M\u00fcd\u00fcrl\u00fc\u011f\u00fc\u2019ne (OGM) ait iki yang\u0131n s\u00f6nd\u00fcrme u\u00e7a\u011f\u0131ndan biriyle telsiz irtibat\u0131 kesildi. Tar\u0131m ve Orman Bakan\u0131 \u0130brahim Yumakl\u0131, kaybolan u\u00e7a\u011f\u0131n enkaz\u0131na ula\u015f\u0131ld\u0131\u011f\u0131n\u0131 ve bir pilotun \u015fehit oldu\u011funu a\u00e7\u0131klad\u0131. OGM\u2019ye ait iki adet AT-802 tipi yang\u0131n s\u00f6nd\u00fcrme u\u00e7a\u011f\u0131, planl\u0131 bak\u0131m i\u00e7in 12 Kas\u0131m \u00c7ar\u015famba g\u00fcn\u00fc saat 10.24\u2019te \u00c7anakkale\u2019den H\u0131rvatistan\u2019\u0131n Zagreb","og_url":"https:\/\/kibrisdakik.com\/?p=99450","article_published_time":"2025-11-13T19:23:05+00:00","og_image":[{"width":1280,"height":720,"url":"https:\/\/kibrisdakik.com\/wp-content\/uploads\/2025\/11\/mha-sari-beyaz-815.png","type":"image\/png"}],"author":"admin","twitter_card":"summary_large_image","twitter_misc":{"Yazan:":"admin","Tahmini okuma s\u00fcresi":"1 dakika"},"schema":{"@context":"https:\/\/schema.org","@graph":[{"@type":"Article","@id":"https:\/\/kibrisdakik.com\/?p=99450#article","isPartOf":{"@id":"https:\/\/kibrisdakik.com\/?p=99450"},"author":{"name":"admin","@id":"https:\/\/kibrisdakik.com\/#\/schema\/person\/9cd9d437bbb44f72b73ba127e06d8e79"},"headline":"HIRVAT\u0130STAN\u2019DA D\u00dc\u015eEN T\u00dcRK YANGIN U\u00c7A\u011eININ ENKAZINA ULA\u015eILDI","datePublished":"2025-11-13T19:23:05+00:00","mainEntityOfPage":{"@id":"https:\/\/kibrisdakik.com\/?p=99450"},"wordCount":222,"commentCount":0,"image":{"@id":"https:\/\/kibrisdakik.com\/?p=99450#primaryimage"},"thumbnailUrl":"https:\/\/kibrisdakik.com\/wp-content\/uploads\/2025\/11\/mha-sari-beyaz-815.png","articleSection":["K\u0131br\u0131s"],"inLanguage":"tr","potentialAction":[{"@type":"CommentAction","name":"Comment","target":["https:\/\/kibrisdakik.com\/?p=99450#respond"]}]},{"@type":"WebPage","@id":"https:\/\/kibrisdakik.com\/?p=99450","url":"https:\/\/kibrisdakik.com\/?p=99450","name":"HIRVAT\u0130STAN\u2019DA D\u00dc\u015eEN T\u00dcRK YANGIN U\u00c7A\u011eININ ENKAZINA ULA\u015eILDI -","isPartOf":{"@id":"https:\/\/kibrisdakik.com\/#website"},"primaryImageOfPage":{"@id":"https:\/\/kibrisdakik.com\/?p=99450#primaryimage"},"image":{"@id":"https:\/\/kibrisdakik.com\/?p=99450#primaryimage"},"thumbnailUrl":"https:\/\/kibrisdakik.com\/wp-content\/uploads\/2025\/11\/mha-sari-beyaz-815.png","datePublished":"2025-11-13T19:23:05+00:00","author":{"@id":"https:\/\/kibrisdakik.com\/#\/schema\/person\/9cd9d437bbb44f72b73ba127e06d8e79"},"breadcrumb":{"@id":"https:\/\/kibrisdakik.com\/?p=99450#breadcrumb"},"inLanguage":"tr","potentialAction":[{"@type":"ReadAction","target":["https:\/\/kibrisdakik.com\/?p=99450"]}]},{"@type":"ImageObject","inLanguage":"tr","@id":"https:\/\/kibrisdakik.com\/?p=99450#primaryimage","url":"https:\/\/kibrisdakik.com\/wp-content\/uploads\/2025\/11\/mha-sari-beyaz-815.png","contentUrl":"https:\/\/kibrisdakik.com\/wp-content\/uploads\/2025\/11\/mha-sari-beyaz-815.png","width":1280,"height":720},{"@type":"BreadcrumbList","@id":"https:\/\/kibrisdakik.com\/?p=99450#breadcrumb","itemListElement":[{"@type":"ListItem","position":1,"name":"Home","item":"https:\/\/kibrisdakik.com\/"},{"@type":"ListItem","position":2,"name":"HIRVAT\u0130STAN\u2019DA D\u00dc\u015eEN T\u00dcRK YANGIN U\u00c7A\u011eININ ENKAZINA ULA\u015eILDI"}]},{"@type":"WebSite","@id":"https:\/\/kibrisdakik.com\/#website","url":"https:\/\/kibrisdakik.com\/","name":"","description":"Tam vaktinde haber","potentialAction":[{"@type":"SearchAction","target":{"@type":"EntryPoint","urlTemplate":"https:\/\/kibrisdakik.com\/?s={search_term_string}"},"query-input":{"@type":"PropertyValueSpecification","valueRequired":true,"valueName":"search_term_string"}}],"inLanguage":"tr"},{"@type":"Person","@id":"https:\/\/kibrisdakik.com\/#\/schema\/person\/9cd9d437bbb44f72b73ba127e06d8e79","name":"admin","image":{"@type":"ImageObject","inLanguage":"tr","@id":"https:\/\/secure.gravatar.com\/avatar\/ccc17943b9d660506c869530f897617f7cb1c21a4bf30023f252596d83e1f007?s=96&d=mm&r=g","url":"https:\/\/secure.gravatar.com\/avatar\/ccc17943b9d660506c869530f897617f7cb1c21a4bf30023f252596d83e1f007?s=96&d=mm&r=g","contentUrl":"https:\/\/secure.gravatar.com\/avatar\/ccc17943b9d660506c869530f897617f7cb1c21a4bf30023f252596d83e1f007?s=96&d=mm&r=g","caption":"admin"},"sameAs":["https:\/\/kibrisdakik.com"],"url":"https:\/\/kibrisdakik.com\/?author=1"}]}},"_links":{"self":[{"href":"https:\/\/kibrisdakik.com\/index.php?rest_route=\/wp\/v2\/posts\/99450","targetHints":{"allow":["GET"]}}],"collection":[{"href":"https:\/\/kibrisdakik.com\/index.php?rest_route=\/wp\/v2\/posts"}],"about":[{"href":"https:\/\/kibrisdakik.com\/index.php?rest_route=\/wp\/v2\/types\/post"}],"author":[{"embeddable":true,"href":"https:\/\/kibrisdakik.com\/index.php?rest_route=\/wp\/v2\/users\/1"}],"replies":[{"embeddable":true,"href":"https:\/\/kibrisdakik.com\/index.php?rest_route=%2Fwp%2Fv2%2Fcomments&post=99450"}],"version-history":[{"count":0,"href":"https:\/\/kibrisdakik.com\/index.php?rest_route=\/wp\/v2\/posts\/99450\/revisions"}],"wp:featuredmedia":[{"embeddable":true,"href":"https:\/\/kibrisdakik.com\/index.php?rest_route=\/wp\/v2\/media\/99451"}],"wp:attachment":[{"href":"https:\/\/kibrisdakik.com\/index.php?rest_route=%2Fwp%2Fv2%2Fmedia&parent=99450"}],"wp:term":[{"taxonomy":"category","embeddable":true,"href":"https:\/\/kibrisdakik.com\/index.php?rest_route=%2Fwp%2Fv2%2Fcategories&post=99450"},{"taxonomy":"post_tag","embeddable":true,"href":"https:\/\/kibrisdakik.com\/index.php?rest_route=%2Fwp%2Fv2%2Ftags&post=99450"}],"curies":[{"name":"wp","href":"https:\/\/api.w.org\/{rel}","templated":true}]}}