{"id":99535,"date":"2025-11-14T14:39:32","date_gmt":"2025-11-14T12:39:32","guid":{"rendered":"https:\/\/kibrisdakik.com\/index.php\/2025\/11\/14\/mik-baskani-ve-personeline-7-gun-ek-tutukluluk\/"},"modified":"2025-11-14T14:39:32","modified_gmt":"2025-11-14T12:39:32","slug":"mik-baskani-ve-personeline-7-gun-ek-tutukluluk","status":"publish","type":"post","link":"https:\/\/kibrisdakik.com\/?p=99535","title":{"rendered":"M\u0130K BA\u015eKANI VE PERSONEL\u0130NE 7 G\u00dcN EK TUTUKLULUK"},"content":{"rendered":"<p><\/p>\n<div data-text-id=\"189573\" property=\"articleBody\">\n<p>Polis Genel M\u00fcd\u00fcrl\u00fc\u011f\u00fc\u2019ne ba\u011fl\u0131 Mali Su\u00e7larla M\u00fccadele \u015eube Amirli\u011fi ekipleri taraf\u0131ndan y\u00fcr\u00fct\u00fclen soru\u015fturma kapsam\u0131nda tutuklanan Merkezi \u0130hale Komisyonu (M\u0130K) Ba\u015fkan\u0131 S.C.(E) ile M\u0130K personeli Y.A.(K) bug\u00fcn yeniden mahkemeye \u00e7\u0131kar\u0131ld\u0131. Zanl\u0131lara 7 g\u00fcn ek tutukluluk verildi.<\/p>\n<p>Lefko\u015fa Kaza Mahkemesi Yarg\u0131c\u0131 \u015eevket Gazi huzurunda g\u00f6r\u00fclen duru\u015fmada, M\u00fcfetti\u015f Muavini Nam\u0131k Kemal Baz olgular\u0131 aktard\u0131, zanl\u0131lar\u0131n bir g\u00fcnl\u00fck tutukluluk s\u00fcresinde doktor kontrol\u00fcnden ge\u00e7irildi\u011fini belirtti.<\/p>\n<p>-\u201c15 ki\u015fi sorguland\u0131, 12 ki\u015fiden ifade temin edildi\u201d<\/p>\n<p>Meseleyle ilgili 15 ki\u015finin sorguland\u0131\u011f\u0131n\u0131, 12 ki\u015fiden ifade temin edildi\u011fini kaydeden Baz, M\u0130K Ba\u015fkan\u0131 S.C.\u2019nin cep telefonundaki WhatsApp kay\u0131tlar\u0131ndan, bir i\u015f insan\u0131na ihaleyle ilgili belgeler att\u0131\u011f\u0131 ve para istedi\u011fi yaz\u0131\u015fmalar\u0131n ortaya \u00e7\u0131kt\u0131\u011f\u0131n\u0131 belirtti.<\/p>\n<p>Zanl\u0131 S.C.\u2019nin makam odas\u0131ndaki bilgisayar\u0131n emare olarak al\u0131nd\u0131\u011f\u0131n\u0131 dile getiren Baz, zanl\u0131lar\u0131n cep telefonlar\u0131n\u0131n incelenmek \u00fczere data \u015fubesine g\u00f6nderildi\u011fini kaydetti. Baz, zanl\u0131 S.C.\u2019nin cep telefonundaki yedeklemelerin geri getirilmesi i\u00e7in inceleme yap\u0131ld\u0131\u011f\u0131n\u0131 ifade etti.<\/p>\n<p>Zanl\u0131lar\u0131n serbest kalmas\u0131 halinde tahkikata etki edebilece\u011fine dikkat \u00e7eken Baz, zanl\u0131lar aleyhinde 7 g\u00fcn ek tutukluluk talep etti.<\/p>\n<p>Yarg\u0131\u00e7 da, zanl\u0131lar\u0131n 7 g\u00fcn daha tutuklu kalmas\u0131n\u0131 emretti.<\/p>\n<p>Zanl\u0131lar aleyhinde \u201cr\u00fc\u015fvet alma, kamu g\u00f6revlisinin iltimas kar\u015f\u0131l\u0131\u011f\u0131 para almas\u0131 ve g\u00f6revi k\u00f6t\u00fcye kullanma\u201d su\u00e7lamalar\u0131 bulunuyor.<\/p>\n<\/p><\/div>\n","protected":false},"excerpt":{"rendered":"<p>Polis Genel M\u00fcd\u00fcrl\u00fc\u011f\u00fc\u2019ne ba\u011fl\u0131 Mali Su\u00e7larla M\u00fccadele \u015eube Amirli\u011fi ekipleri taraf\u0131ndan y\u00fcr\u00fct\u00fclen soru\u015fturma kapsam\u0131nda tutuklanan Merkezi \u0130hale Komisyonu (M\u0130K) Ba\u015fkan\u0131 S.C.(E) ile M\u0130K personeli Y.A.(K) bug\u00fcn yeniden mahkemeye \u00e7\u0131kar\u0131ld\u0131. Zanl\u0131lara 7 g\u00fcn ek tutukluluk verildi. Lefko\u015fa Kaza Mahkemesi Yarg\u0131c\u0131 \u015eevket Gazi huzurunda g\u00f6r\u00fclen duru\u015fmada, M\u00fcfetti\u015f Muavini Nam\u0131k Kemal Baz olgular\u0131 aktard\u0131, zanl\u0131lar\u0131n bir g\u00fcnl\u00fck tutukluluk<\/p>\n","protected":false},"author":1,"featured_media":99536,"comment_status":"open","ping_status":"open","sticky":false,"template":"","format":"standard","meta":{"footnotes":""},"categories":[81],"tags":[],"class_list":["post-99535","post","type-post","status-publish","format-standard","has-post-thumbnail","hentry","category-kibris"],"yoast_head":"<!-- This site is optimized with the Yoast SEO plugin v27.4 - https:\/\/yoast.com\/product\/yoast-seo-wordpress\/ -->\n<title>M\u0130K BA\u015eKANI VE PERSONEL\u0130NE 7 G\u00dcN EK TUTUKLULUK -<\/title>\n<meta name=\"robots\" content=\"index, follow, max-snippet:-1, max-image-preview:large, max-video-preview:-1\" \/>\n<link rel=\"canonical\" href=\"https:\/\/kibrisdakik.com\/?p=99535\" \/>\n<meta property=\"og:locale\" content=\"tr_TR\" \/>\n<meta property=\"og:type\" content=\"article\" \/>\n<meta property=\"og:title\" content=\"M\u0130K BA\u015eKANI VE PERSONEL\u0130NE 7 G\u00dcN EK TUTUKLULUK -\" \/>\n<meta property=\"og:description\" content=\"Polis Genel M\u00fcd\u00fcrl\u00fc\u011f\u00fc\u2019ne ba\u011fl\u0131 Mali Su\u00e7larla M\u00fccadele \u015eube Amirli\u011fi ekipleri taraf\u0131ndan y\u00fcr\u00fct\u00fclen soru\u015fturma kapsam\u0131nda tutuklanan Merkezi \u0130hale Komisyonu (M\u0130K) Ba\u015fkan\u0131 S.C.(E) ile M\u0130K personeli Y.A.(K) bug\u00fcn yeniden mahkemeye \u00e7\u0131kar\u0131ld\u0131. Zanl\u0131lara 7 g\u00fcn ek tutukluluk verildi. Lefko\u015fa Kaza Mahkemesi Yarg\u0131c\u0131 \u015eevket Gazi huzurunda g\u00f6r\u00fclen duru\u015fmada, M\u00fcfetti\u015f Muavini Nam\u0131k Kemal Baz olgular\u0131 aktard\u0131, zanl\u0131lar\u0131n bir g\u00fcnl\u00fck tutukluluk\" \/>\n<meta property=\"og:url\" content=\"https:\/\/kibrisdakik.com\/?p=99535\" \/>\n<meta property=\"article:published_time\" content=\"2025-11-14T12:39:32+00:00\" \/>\n<meta property=\"og:image\" content=\"https:\/\/kibrisdakik.com\/wp-content\/uploads\/2025\/11\/mha-sari-beyaz-837.png\" \/>\n\t<meta property=\"og:image:width\" content=\"1280\" \/>\n\t<meta property=\"og:image:height\" content=\"720\" \/>\n\t<meta property=\"og:image:type\" content=\"image\/png\" \/>\n<meta name=\"author\" content=\"admin\" \/>\n<meta name=\"twitter:card\" content=\"summary_large_image\" \/>\n<meta name=\"twitter:label1\" content=\"Yazan:\" \/>\n\t<meta name=\"twitter:data1\" content=\"admin\" \/>\n\t<meta name=\"twitter:label2\" content=\"Tahmini okuma s\u00fcresi\" \/>\n\t<meta name=\"twitter:data2\" content=\"1 dakika\" \/>\n<script type=\"application\/ld+json\" class=\"yoast-schema-graph\">{\"@context\":\"https:\\\/\\\/schema.org\",\"@graph\":[{\"@type\":\"Article\",\"@id\":\"https:\\\/\\\/kibrisdakik.com\\\/?p=99535#article\",\"isPartOf\":{\"@id\":\"https:\\\/\\\/kibrisdakik.com\\\/?p=99535\"},\"author\":{\"name\":\"admin\",\"@id\":\"https:\\\/\\\/kibrisdakik.com\\\/#\\\/schema\\\/person\\\/9cd9d437bbb44f72b73ba127e06d8e79\"},\"headline\":\"M\u0130K BA\u015eKANI VE PERSONEL\u0130NE 7 G\u00dcN EK TUTUKLULUK\",\"datePublished\":\"2025-11-14T12:39:32+00:00\",\"mainEntityOfPage\":{\"@id\":\"https:\\\/\\\/kibrisdakik.com\\\/?p=99535\"},\"wordCount\":272,\"commentCount\":0,\"image\":{\"@id\":\"https:\\\/\\\/kibrisdakik.com\\\/?p=99535#primaryimage\"},\"thumbnailUrl\":\"https:\\\/\\\/kibrisdakik.com\\\/wp-content\\\/uploads\\\/2025\\\/11\\\/mha-sari-beyaz-837.png\",\"articleSection\":[\"K\u0131br\u0131s\"],\"inLanguage\":\"tr\",\"potentialAction\":[{\"@type\":\"CommentAction\",\"name\":\"Comment\",\"target\":[\"https:\\\/\\\/kibrisdakik.com\\\/?p=99535#respond\"]}]},{\"@type\":\"WebPage\",\"@id\":\"https:\\\/\\\/kibrisdakik.com\\\/?p=99535\",\"url\":\"https:\\\/\\\/kibrisdakik.com\\\/?p=99535\",\"name\":\"M\u0130K BA\u015eKANI VE PERSONEL\u0130NE 7 G\u00dcN EK TUTUKLULUK -\",\"isPartOf\":{\"@id\":\"https:\\\/\\\/kibrisdakik.com\\\/#website\"},\"primaryImageOfPage\":{\"@id\":\"https:\\\/\\\/kibrisdakik.com\\\/?p=99535#primaryimage\"},\"image\":{\"@id\":\"https:\\\/\\\/kibrisdakik.com\\\/?p=99535#primaryimage\"},\"thumbnailUrl\":\"https:\\\/\\\/kibrisdakik.com\\\/wp-content\\\/uploads\\\/2025\\\/11\\\/mha-sari-beyaz-837.png\",\"datePublished\":\"2025-11-14T12:39:32+00:00\",\"author\":{\"@id\":\"https:\\\/\\\/kibrisdakik.com\\\/#\\\/schema\\\/person\\\/9cd9d437bbb44f72b73ba127e06d8e79\"},\"breadcrumb\":{\"@id\":\"https:\\\/\\\/kibrisdakik.com\\\/?p=99535#breadcrumb\"},\"inLanguage\":\"tr\",\"potentialAction\":[{\"@type\":\"ReadAction\",\"target\":[\"https:\\\/\\\/kibrisdakik.com\\\/?p=99535\"]}]},{\"@type\":\"ImageObject\",\"inLanguage\":\"tr\",\"@id\":\"https:\\\/\\\/kibrisdakik.com\\\/?p=99535#primaryimage\",\"url\":\"https:\\\/\\\/kibrisdakik.com\\\/wp-content\\\/uploads\\\/2025\\\/11\\\/mha-sari-beyaz-837.png\",\"contentUrl\":\"https:\\\/\\\/kibrisdakik.com\\\/wp-content\\\/uploads\\\/2025\\\/11\\\/mha-sari-beyaz-837.png\",\"width\":1280,\"height\":720},{\"@type\":\"BreadcrumbList\",\"@id\":\"https:\\\/\\\/kibrisdakik.com\\\/?p=99535#breadcrumb\",\"itemListElement\":[{\"@type\":\"ListItem\",\"position\":1,\"name\":\"Home\",\"item\":\"https:\\\/\\\/kibrisdakik.com\\\/\"},{\"@type\":\"ListItem\",\"position\":2,\"name\":\"M\u0130K BA\u015eKANI VE PERSONEL\u0130NE 7 G\u00dcN EK TUTUKLULUK\"}]},{\"@type\":\"WebSite\",\"@id\":\"https:\\\/\\\/kibrisdakik.com\\\/#website\",\"url\":\"https:\\\/\\\/kibrisdakik.com\\\/\",\"name\":\"\",\"description\":\"Tam vaktinde haber\",\"potentialAction\":[{\"@type\":\"SearchAction\",\"target\":{\"@type\":\"EntryPoint\",\"urlTemplate\":\"https:\\\/\\\/kibrisdakik.com\\\/?s={search_term_string}\"},\"query-input\":{\"@type\":\"PropertyValueSpecification\",\"valueRequired\":true,\"valueName\":\"search_term_string\"}}],\"inLanguage\":\"tr\"},{\"@type\":\"Person\",\"@id\":\"https:\\\/\\\/kibrisdakik.com\\\/#\\\/schema\\\/person\\\/9cd9d437bbb44f72b73ba127e06d8e79\",\"name\":\"admin\",\"image\":{\"@type\":\"ImageObject\",\"inLanguage\":\"tr\",\"@id\":\"https:\\\/\\\/secure.gravatar.com\\\/avatar\\\/ccc17943b9d660506c869530f897617f7cb1c21a4bf30023f252596d83e1f007?s=96&d=mm&r=g\",\"url\":\"https:\\\/\\\/secure.gravatar.com\\\/avatar\\\/ccc17943b9d660506c869530f897617f7cb1c21a4bf30023f252596d83e1f007?s=96&d=mm&r=g\",\"contentUrl\":\"https:\\\/\\\/secure.gravatar.com\\\/avatar\\\/ccc17943b9d660506c869530f897617f7cb1c21a4bf30023f252596d83e1f007?s=96&d=mm&r=g\",\"caption\":\"admin\"},\"sameAs\":[\"https:\\\/\\\/kibrisdakik.com\"],\"url\":\"https:\\\/\\\/kibrisdakik.com\\\/?author=1\"}]}<\/script>\n<!-- \/ Yoast SEO plugin. -->","yoast_head_json":{"title":"M\u0130K BA\u015eKANI VE PERSONEL\u0130NE 7 G\u00dcN EK TUTUKLULUK -","robots":{"index":"index","follow":"follow","max-snippet":"max-snippet:-1","max-image-preview":"max-image-preview:large","max-video-preview":"max-video-preview:-1"},"canonical":"https:\/\/kibrisdakik.com\/?p=99535","og_locale":"tr_TR","og_type":"article","og_title":"M\u0130K BA\u015eKANI VE PERSONEL\u0130NE 7 G\u00dcN EK TUTUKLULUK -","og_description":"Polis Genel M\u00fcd\u00fcrl\u00fc\u011f\u00fc\u2019ne ba\u011fl\u0131 Mali Su\u00e7larla M\u00fccadele \u015eube Amirli\u011fi ekipleri taraf\u0131ndan y\u00fcr\u00fct\u00fclen soru\u015fturma kapsam\u0131nda tutuklanan Merkezi \u0130hale Komisyonu (M\u0130K) Ba\u015fkan\u0131 S.C.(E) ile M\u0130K personeli Y.A.(K) bug\u00fcn yeniden mahkemeye \u00e7\u0131kar\u0131ld\u0131. Zanl\u0131lara 7 g\u00fcn ek tutukluluk verildi. Lefko\u015fa Kaza Mahkemesi Yarg\u0131c\u0131 \u015eevket Gazi huzurunda g\u00f6r\u00fclen duru\u015fmada, M\u00fcfetti\u015f Muavini Nam\u0131k Kemal Baz olgular\u0131 aktard\u0131, zanl\u0131lar\u0131n bir g\u00fcnl\u00fck tutukluluk","og_url":"https:\/\/kibrisdakik.com\/?p=99535","article_published_time":"2025-11-14T12:39:32+00:00","og_image":[{"width":1280,"height":720,"url":"https:\/\/kibrisdakik.com\/wp-content\/uploads\/2025\/11\/mha-sari-beyaz-837.png","type":"image\/png"}],"author":"admin","twitter_card":"summary_large_image","twitter_misc":{"Yazan:":"admin","Tahmini okuma s\u00fcresi":"1 dakika"},"schema":{"@context":"https:\/\/schema.org","@graph":[{"@type":"Article","@id":"https:\/\/kibrisdakik.com\/?p=99535#article","isPartOf":{"@id":"https:\/\/kibrisdakik.com\/?p=99535"},"author":{"name":"admin","@id":"https:\/\/kibrisdakik.com\/#\/schema\/person\/9cd9d437bbb44f72b73ba127e06d8e79"},"headline":"M\u0130K BA\u015eKANI VE PERSONEL\u0130NE 7 G\u00dcN EK TUTUKLULUK","datePublished":"2025-11-14T12:39:32+00:00","mainEntityOfPage":{"@id":"https:\/\/kibrisdakik.com\/?p=99535"},"wordCount":272,"commentCount":0,"image":{"@id":"https:\/\/kibrisdakik.com\/?p=99535#primaryimage"},"thumbnailUrl":"https:\/\/kibrisdakik.com\/wp-content\/uploads\/2025\/11\/mha-sari-beyaz-837.png","articleSection":["K\u0131br\u0131s"],"inLanguage":"tr","potentialAction":[{"@type":"CommentAction","name":"Comment","target":["https:\/\/kibrisdakik.com\/?p=99535#respond"]}]},{"@type":"WebPage","@id":"https:\/\/kibrisdakik.com\/?p=99535","url":"https:\/\/kibrisdakik.com\/?p=99535","name":"M\u0130K BA\u015eKANI VE PERSONEL\u0130NE 7 G\u00dcN EK TUTUKLULUK -","isPartOf":{"@id":"https:\/\/kibrisdakik.com\/#website"},"primaryImageOfPage":{"@id":"https:\/\/kibrisdakik.com\/?p=99535#primaryimage"},"image":{"@id":"https:\/\/kibrisdakik.com\/?p=99535#primaryimage"},"thumbnailUrl":"https:\/\/kibrisdakik.com\/wp-content\/uploads\/2025\/11\/mha-sari-beyaz-837.png","datePublished":"2025-11-14T12:39:32+00:00","author":{"@id":"https:\/\/kibrisdakik.com\/#\/schema\/person\/9cd9d437bbb44f72b73ba127e06d8e79"},"breadcrumb":{"@id":"https:\/\/kibrisdakik.com\/?p=99535#breadcrumb"},"inLanguage":"tr","potentialAction":[{"@type":"ReadAction","target":["https:\/\/kibrisdakik.com\/?p=99535"]}]},{"@type":"ImageObject","inLanguage":"tr","@id":"https:\/\/kibrisdakik.com\/?p=99535#primaryimage","url":"https:\/\/kibrisdakik.com\/wp-content\/uploads\/2025\/11\/mha-sari-beyaz-837.png","contentUrl":"https:\/\/kibrisdakik.com\/wp-content\/uploads\/2025\/11\/mha-sari-beyaz-837.png","width":1280,"height":720},{"@type":"BreadcrumbList","@id":"https:\/\/kibrisdakik.com\/?p=99535#breadcrumb","itemListElement":[{"@type":"ListItem","position":1,"name":"Home","item":"https:\/\/kibrisdakik.com\/"},{"@type":"ListItem","position":2,"name":"M\u0130K BA\u015eKANI VE PERSONEL\u0130NE 7 G\u00dcN EK TUTUKLULUK"}]},{"@type":"WebSite","@id":"https:\/\/kibrisdakik.com\/#website","url":"https:\/\/kibrisdakik.com\/","name":"","description":"Tam vaktinde haber","potentialAction":[{"@type":"SearchAction","target":{"@type":"EntryPoint","urlTemplate":"https:\/\/kibrisdakik.com\/?s={search_term_string}"},"query-input":{"@type":"PropertyValueSpecification","valueRequired":true,"valueName":"search_term_string"}}],"inLanguage":"tr"},{"@type":"Person","@id":"https:\/\/kibrisdakik.com\/#\/schema\/person\/9cd9d437bbb44f72b73ba127e06d8e79","name":"admin","image":{"@type":"ImageObject","inLanguage":"tr","@id":"https:\/\/secure.gravatar.com\/avatar\/ccc17943b9d660506c869530f897617f7cb1c21a4bf30023f252596d83e1f007?s=96&d=mm&r=g","url":"https:\/\/secure.gravatar.com\/avatar\/ccc17943b9d660506c869530f897617f7cb1c21a4bf30023f252596d83e1f007?s=96&d=mm&r=g","contentUrl":"https:\/\/secure.gravatar.com\/avatar\/ccc17943b9d660506c869530f897617f7cb1c21a4bf30023f252596d83e1f007?s=96&d=mm&r=g","caption":"admin"},"sameAs":["https:\/\/kibrisdakik.com"],"url":"https:\/\/kibrisdakik.com\/?author=1"}]}},"_links":{"self":[{"href":"https:\/\/kibrisdakik.com\/index.php?rest_route=\/wp\/v2\/posts\/99535","targetHints":{"allow":["GET"]}}],"collection":[{"href":"https:\/\/kibrisdakik.com\/index.php?rest_route=\/wp\/v2\/posts"}],"about":[{"href":"https:\/\/kibrisdakik.com\/index.php?rest_route=\/wp\/v2\/types\/post"}],"author":[{"embeddable":true,"href":"https:\/\/kibrisdakik.com\/index.php?rest_route=\/wp\/v2\/users\/1"}],"replies":[{"embeddable":true,"href":"https:\/\/kibrisdakik.com\/index.php?rest_route=%2Fwp%2Fv2%2Fcomments&post=99535"}],"version-history":[{"count":0,"href":"https:\/\/kibrisdakik.com\/index.php?rest_route=\/wp\/v2\/posts\/99535\/revisions"}],"wp:featuredmedia":[{"embeddable":true,"href":"https:\/\/kibrisdakik.com\/index.php?rest_route=\/wp\/v2\/media\/99536"}],"wp:attachment":[{"href":"https:\/\/kibrisdakik.com\/index.php?rest_route=%2Fwp%2Fv2%2Fmedia&parent=99535"}],"wp:term":[{"taxonomy":"category","embeddable":true,"href":"https:\/\/kibrisdakik.com\/index.php?rest_route=%2Fwp%2Fv2%2Fcategories&post=99535"},{"taxonomy":"post_tag","embeddable":true,"href":"https:\/\/kibrisdakik.com\/index.php?rest_route=%2Fwp%2Fv2%2Ftags&post=99535"}],"curies":[{"name":"wp","href":"https:\/\/api.w.org\/{rel}","templated":true}]}}