{"id":99569,"date":"2025-11-14T17:57:22","date_gmt":"2025-11-14T15:57:22","guid":{"rendered":"https:\/\/kibrisdakik.com\/index.php\/2025\/11\/14\/kurucu-cumhurbaskani-denktasin-anit-mezarinda-toren-duzenlendi\/"},"modified":"2025-11-14T17:57:22","modified_gmt":"2025-11-14T15:57:22","slug":"kurucu-cumhurbaskani-denktasin-anit-mezarinda-toren-duzenlendi","status":"publish","type":"post","link":"https:\/\/kibrisdakik.com\/?p=99569","title":{"rendered":"KURUCU CUMHURBA\u015eKANI DENKTA\u015e\u2019IN ANIT MEZARI\u2019NDA T\u00d6REN D\u00dcZENLEND\u0130"},"content":{"rendered":"<p><\/p>\n<div data-text-id=\"189625\" property=\"articleBody\">\n<p>Kuzey K\u0131br\u0131s T\u00fcrk Cumhuriyeti\u2019nin (KKTC) kurulu\u015funun 42&#8217;nci y\u0131l d\u00f6n\u00fcm\u00fc nedeniyle Kurucu Cumhurba\u015fkan\u0131 Rauf Raif Denkta\u015f An\u0131t Mezar\u0131\u2019nda t\u00f6ren d\u00fczenlendi.<\/p>\n<p>T\u00f6rene, Cumhurba\u015fkan\u0131 Tufan Erh\u00fcrman, Cumhuriyet Meclisi Ba\u015fkan\u0131 Ziya \u00d6zt\u00fcrkler, Ba\u015fbakan \u00dcnal \u00dcstel, Y\u00fcksek Mahkeme Ba\u015fkan\u0131 Bertan \u00d6zerda\u011f\u2019a vekaleten Y\u00fcksek Mahkeme Yarg\u0131c\u0131 G\u00fclden \u00c7ift\u00e7io\u011flu, 2. Cumhurba\u015fkan\u0131 Mehmet Ali Talat, 5. Cumhurba\u015fkan\u0131 Ersin Tatar, T\u00fcrkiye Cumhuriyeti Lefko\u015fa B\u00fcy\u00fckel\u00e7isi Ali Murat Ba\u015f\u00e7eri, K\u0131br\u0131s T\u00fcrk Bar\u0131\u015f Kuvvetleri Komutan\u0131 Korgeneral Sebahattin K\u0131l\u0131n\u00e7, G\u00fcvenlik Kuvvetleri Komutan\u0131 T\u00fcmgeneral \u0130lker G\u00f6rg\u00fcl\u00fc, Meclis Ba\u015fkan Yard\u0131mc\u0131s\u0131 Fazilet \u00d6zdenefe, baz\u0131 bakanlar, milletvekilleri, Lefko\u015fa T\u00fcrk Belediyesi Ba\u015fkan\u0131 Mehmet Harmanc\u0131, sivil toplum \u00f6rg\u00fct temsilcileri ve Kurucu Cumhurba\u015fkan\u0131 Rauf Raif Denkta\u015f\u2019\u0131n ailesi kat\u0131ld\u0131.,<\/p>\n<p><img loading=\"lazy\" decoding=\"async\" height=\"1654\" src=\"https:\/\/mhahabercom.teimg.com\/mhahaber-com\/uploads\/2025\/11\/176312750339415-kasim-kurucu-cumhurbaskani-denktas-celenk-koyma-toren-programi-2-so.jpg\" width=\"2480\"\/><\/p>\n<p>T\u00f6ren, Cumhurba\u015fkan\u0131 Erh\u00fcrman\u2019\u0131n an\u0131t mezara \u00e7elenk sunmas\u0131yla ba\u015flad\u0131. Sayg\u0131 duru\u015fu ve \u0130stikl\u00e2l Mar\u015f\u0131 e\u015fli\u011finde bayraklar\u0131n g\u00f6ndere \u00e7ekilmesiyle devam eden t\u00f6ren, Erh\u00fcrman\u2019\u0131n An\u0131t Defteri\u2019ni imzalamas\u0131yla son buldu.<img loading=\"lazy\" decoding=\"async\" height=\"1654\" src=\"https:\/\/mhahabercom.teimg.com\/mhahaber-com\/uploads\/2025\/11\/176312750339415-kasim-kurucu-cumhurbaskani-denktas-celenk-koyma-toren-programi-3-so.jpg\" width=\"2480\"\/><\/p>\n<p>Cumhurba\u015fkan\u0131 Erh\u00fcrman, An\u0131t \u00d6zel Defteri\u2019ne \u015funlar\u0131 yazd\u0131:<\/p>\n<p>\u201cK\u0131br\u0131s T\u00fcrk halk\u0131n\u0131n varolu\u015f m\u00fccadelesinin \u00f6nc\u00fclerinden, halk\u0131m\u0131za \u00f6zg\u00fcven kazand\u0131ran, Kuzey K\u0131br\u0131s T\u00fcrk Cumhuriyeti\u2019nin kurucu Cumhurba\u015fkan\u0131 Rauf Raif Denkta\u015f; Kurucusu oldu\u011funuz Cumhuriyet, bug\u00fcn 42. y\u0131l\u0131nda. Cumhuriyet, halk\u0131n iradesiyle; demokrasiye ve hukuka duyulan inan\u00e7la varl\u0131\u011f\u0131n\u0131 s\u00fcrd\u00fcrmektedir.<img loading=\"lazy\" decoding=\"async\" height=\"1654\" src=\"https:\/\/mhahabercom.teimg.com\/mhahaber-com\/uploads\/2025\/11\/176312750339515-kasim-kurucu-cumhurbaskani-denktas-celenk-koyma-toren-programi-4-so.jpg\" width=\"2480\"\/><\/p>\n<p>\u00dclkemizi ve halk\u0131m\u0131z\u0131, insan haklar\u0131na, adalete ve e\u015fitli\u011fe dayal\u0131 bir gelece\u011fe ta\u015f\u0131mak; K\u0131br\u0131s T\u00fcrk halk\u0131n\u0131n onurunu korumak en temel g\u00f6revimizdir. Bu topraklarda herkesin e\u015fit ve refah i\u00e7inde ya\u015famas\u0131 i\u00e7in m\u00fccadelemiz devam ediyor. Bu memleketin \u00e7ocuklar\u0131n\u0131n insan onuruna yara\u015f\u0131r bir hayat\u0131 ya\u015famas\u0131 i\u00e7in \u00e7al\u0131\u015fmaya devam edece\u011fiz. Aziz hat\u0131ran\u0131z \u00f6n\u00fcnde sayg\u0131yla e\u011filiyor, minnetle an\u0131yoruz.\u201d<\/p>\n<\/p><\/div>\n","protected":false},"excerpt":{"rendered":"<p>Kuzey K\u0131br\u0131s T\u00fcrk Cumhuriyeti\u2019nin (KKTC) kurulu\u015funun 42&#8217;nci y\u0131l d\u00f6n\u00fcm\u00fc nedeniyle Kurucu Cumhurba\u015fkan\u0131 Rauf Raif Denkta\u015f An\u0131t Mezar\u0131\u2019nda t\u00f6ren d\u00fczenlendi. T\u00f6rene, Cumhurba\u015fkan\u0131 Tufan Erh\u00fcrman, Cumhuriyet Meclisi Ba\u015fkan\u0131 Ziya \u00d6zt\u00fcrkler, Ba\u015fbakan \u00dcnal \u00dcstel, Y\u00fcksek Mahkeme Ba\u015fkan\u0131 Bertan \u00d6zerda\u011f\u2019a vekaleten Y\u00fcksek Mahkeme Yarg\u0131c\u0131 G\u00fclden \u00c7ift\u00e7io\u011flu, 2. Cumhurba\u015fkan\u0131 Mehmet Ali Talat, 5. Cumhurba\u015fkan\u0131 Ersin Tatar, T\u00fcrkiye Cumhuriyeti Lefko\u015fa B\u00fcy\u00fckel\u00e7isi<\/p>\n","protected":false},"author":1,"featured_media":99570,"comment_status":"open","ping_status":"open","sticky":false,"template":"","format":"standard","meta":{"footnotes":""},"categories":[81],"tags":[],"class_list":["post-99569","post","type-post","status-publish","format-standard","has-post-thumbnail","hentry","category-kibris"],"yoast_head":"<!-- This site is optimized with the Yoast SEO plugin v28.3 - https:\/\/yoast.com\/product\/yoast-seo-wordpress\/ -->\n<title>KURUCU CUMHURBA\u015eKANI DENKTA\u015e\u2019IN ANIT MEZARI\u2019NDA T\u00d6REN D\u00dcZENLEND\u0130 -<\/title>\n<meta name=\"robots\" content=\"index, follow, max-snippet:-1, max-image-preview:large, max-video-preview:-1\" \/>\n<link rel=\"canonical\" href=\"https:\/\/kibrisdakik.com\/?p=99569\" \/>\n<meta property=\"og:locale\" content=\"tr_TR\" \/>\n<meta property=\"og:type\" content=\"article\" \/>\n<meta property=\"og:title\" content=\"KURUCU CUMHURBA\u015eKANI DENKTA\u015e\u2019IN ANIT MEZARI\u2019NDA T\u00d6REN D\u00dcZENLEND\u0130 -\" \/>\n<meta property=\"og:description\" content=\"Kuzey K\u0131br\u0131s T\u00fcrk Cumhuriyeti\u2019nin (KKTC) kurulu\u015funun 42&#8217;nci y\u0131l d\u00f6n\u00fcm\u00fc nedeniyle Kurucu Cumhurba\u015fkan\u0131 Rauf Raif Denkta\u015f An\u0131t Mezar\u0131\u2019nda t\u00f6ren d\u00fczenlendi. T\u00f6rene, Cumhurba\u015fkan\u0131 Tufan Erh\u00fcrman, Cumhuriyet Meclisi Ba\u015fkan\u0131 Ziya \u00d6zt\u00fcrkler, Ba\u015fbakan \u00dcnal \u00dcstel, Y\u00fcksek Mahkeme Ba\u015fkan\u0131 Bertan \u00d6zerda\u011f\u2019a vekaleten Y\u00fcksek Mahkeme Yarg\u0131c\u0131 G\u00fclden \u00c7ift\u00e7io\u011flu, 2. Cumhurba\u015fkan\u0131 Mehmet Ali Talat, 5. Cumhurba\u015fkan\u0131 Ersin Tatar, T\u00fcrkiye Cumhuriyeti Lefko\u015fa B\u00fcy\u00fckel\u00e7isi\" \/>\n<meta property=\"og:url\" content=\"https:\/\/kibrisdakik.com\/?p=99569\" \/>\n<meta property=\"article:published_time\" content=\"2025-11-14T15:57:22+00:00\" \/>\n<meta property=\"og:image\" content=\"https:\/\/kibrisdakik.com\/wp-content\/uploads\/2025\/11\/mha-sari-beyaz-850.png\" \/>\n\t<meta property=\"og:image:width\" content=\"1280\" \/>\n\t<meta property=\"og:image:height\" content=\"720\" \/>\n\t<meta property=\"og:image:type\" content=\"image\/png\" \/>\n<meta name=\"author\" content=\"admin\" \/>\n<meta name=\"twitter:card\" content=\"summary_large_image\" \/>\n<meta name=\"twitter:label1\" content=\"Yazan:\" \/>\n\t<meta name=\"twitter:data1\" content=\"admin\" \/>\n\t<meta name=\"twitter:label2\" content=\"Tahmini okuma s\u00fcresi\" \/>\n\t<meta name=\"twitter:data2\" content=\"2 dakika\" \/>\n<script type=\"application\/ld+json\" class=\"yoast-schema-graph\">{\"@context\":\"https:\\\/\\\/schema.org\",\"@graph\":[{\"@type\":\"Article\",\"@id\":\"https:\\\/\\\/kibrisdakik.com\\\/?p=99569#article\",\"isPartOf\":{\"@id\":\"https:\\\/\\\/kibrisdakik.com\\\/?p=99569\"},\"author\":{\"name\":\"admin\",\"@id\":\"https:\\\/\\\/kibrisdakik.com\\\/#\\\/schema\\\/person\\\/9cd9d437bbb44f72b73ba127e06d8e79\"},\"headline\":\"KURUCU CUMHURBA\u015eKANI DENKTA\u015e\u2019IN ANIT MEZARI\u2019NDA T\u00d6REN D\u00dcZENLEND\u0130\",\"datePublished\":\"2025-11-14T15:57:22+00:00\",\"mainEntityOfPage\":{\"@id\":\"https:\\\/\\\/kibrisdakik.com\\\/?p=99569\"},\"wordCount\":359,\"commentCount\":0,\"publisher\":{\"@id\":\"https:\\\/\\\/kibrisdakik.com\\\/#organization\"},\"image\":{\"@id\":\"https:\\\/\\\/kibrisdakik.com\\\/?p=99569#primaryimage\"},\"thumbnailUrl\":\"https:\\\/\\\/kibrisdakik.com\\\/wp-content\\\/uploads\\\/2025\\\/11\\\/mha-sari-beyaz-850.png\",\"articleSection\":[\"K\u0131br\u0131s\"],\"inLanguage\":\"tr\",\"potentialAction\":[{\"@type\":\"CommentAction\",\"name\":\"Comment\",\"target\":[\"https:\\\/\\\/kibrisdakik.com\\\/?p=99569#respond\"]}]},{\"@type\":\"WebPage\",\"@id\":\"https:\\\/\\\/kibrisdakik.com\\\/?p=99569\",\"url\":\"https:\\\/\\\/kibrisdakik.com\\\/?p=99569\",\"name\":\"KURUCU CUMHURBA\u015eKANI DENKTA\u015e\u2019IN ANIT MEZARI\u2019NDA T\u00d6REN D\u00dcZENLEND\u0130 -\",\"isPartOf\":{\"@id\":\"https:\\\/\\\/kibrisdakik.com\\\/#website\"},\"primaryImageOfPage\":{\"@id\":\"https:\\\/\\\/kibrisdakik.com\\\/?p=99569#primaryimage\"},\"image\":{\"@id\":\"https:\\\/\\\/kibrisdakik.com\\\/?p=99569#primaryimage\"},\"thumbnailUrl\":\"https:\\\/\\\/kibrisdakik.com\\\/wp-content\\\/uploads\\\/2025\\\/11\\\/mha-sari-beyaz-850.png\",\"datePublished\":\"2025-11-14T15:57:22+00:00\",\"breadcrumb\":{\"@id\":\"https:\\\/\\\/kibrisdakik.com\\\/?p=99569#breadcrumb\"},\"inLanguage\":\"tr\",\"potentialAction\":[{\"@type\":\"ReadAction\",\"target\":[\"https:\\\/\\\/kibrisdakik.com\\\/?p=99569\"]}]},{\"@type\":\"ImageObject\",\"inLanguage\":\"tr\",\"@id\":\"https:\\\/\\\/kibrisdakik.com\\\/?p=99569#primaryimage\",\"url\":\"https:\\\/\\\/kibrisdakik.com\\\/wp-content\\\/uploads\\\/2025\\\/11\\\/mha-sari-beyaz-850.png\",\"contentUrl\":\"https:\\\/\\\/kibrisdakik.com\\\/wp-content\\\/uploads\\\/2025\\\/11\\\/mha-sari-beyaz-850.png\",\"width\":1280,\"height\":720},{\"@type\":\"BreadcrumbList\",\"@id\":\"https:\\\/\\\/kibrisdakik.com\\\/?p=99569#breadcrumb\",\"itemListElement\":[{\"@type\":\"ListItem\",\"position\":1,\"name\":\"Home\",\"item\":\"https:\\\/\\\/kibrisdakik.com\\\/\"},{\"@type\":\"ListItem\",\"position\":2,\"name\":\"KURUCU CUMHURBA\u015eKANI DENKTA\u015e\u2019IN ANIT MEZARI\u2019NDA T\u00d6REN D\u00dcZENLEND\u0130\"}]},{\"@type\":\"WebSite\",\"@id\":\"https:\\\/\\\/kibrisdakik.com\\\/#website\",\"url\":\"https:\\\/\\\/kibrisdakik.com\\\/\",\"name\":\"K\u0131br\u0131s Dakik\",\"description\":\"Tam vaktinde haber\",\"publisher\":{\"@id\":\"https:\\\/\\\/kibrisdakik.com\\\/#organization\"},\"potentialAction\":[{\"@type\":\"SearchAction\",\"target\":{\"@type\":\"EntryPoint\",\"urlTemplate\":\"https:\\\/\\\/kibrisdakik.com\\\/?s={search_term_string}\"},\"query-input\":{\"@type\":\"PropertyValueSpecification\",\"valueRequired\":true,\"valueName\":\"search_term_string\"}}],\"inLanguage\":\"tr\"},{\"@type\":\"Organization\",\"@id\":\"https:\\\/\\\/kibrisdakik.com\\\/#organization\",\"name\":\"K\u0131br\u0131s Dakik\",\"url\":\"https:\\\/\\\/kibrisdakik.com\\\/\",\"logo\":{\"@type\":\"ImageObject\",\"inLanguage\":\"tr\",\"@id\":\"https:\\\/\\\/kibrisdakik.com\\\/#\\\/schema\\\/logo\\\/image\\\/\",\"url\":\"https:\\\/\\\/kibrisdakik.com\\\/wp-content\\\/uploads\\\/2025\\\/10\\\/cropped-WhatsApp-Image-2025-10-02-at-12.58.31.jpeg\",\"contentUrl\":\"https:\\\/\\\/kibrisdakik.com\\\/wp-content\\\/uploads\\\/2025\\\/10\\\/cropped-WhatsApp-Image-2025-10-02-at-12.58.31.jpeg\",\"width\":1237,\"height\":190,\"caption\":\"K\u0131br\u0131s Dakik\"},\"image\":{\"@id\":\"https:\\\/\\\/kibrisdakik.com\\\/#\\\/schema\\\/logo\\\/image\\\/\"}},{\"@type\":\"Person\",\"@id\":\"https:\\\/\\\/kibrisdakik.com\\\/#\\\/schema\\\/person\\\/9cd9d437bbb44f72b73ba127e06d8e79\",\"name\":\"admin\",\"image\":{\"@type\":\"ImageObject\",\"inLanguage\":\"tr\",\"@id\":\"https:\\\/\\\/secure.gravatar.com\\\/avatar\\\/ccc17943b9d660506c869530f897617f7cb1c21a4bf30023f252596d83e1f007?s=96&d=mm&r=g\",\"url\":\"https:\\\/\\\/secure.gravatar.com\\\/avatar\\\/ccc17943b9d660506c869530f897617f7cb1c21a4bf30023f252596d83e1f007?s=96&d=mm&r=g\",\"contentUrl\":\"https:\\\/\\\/secure.gravatar.com\\\/avatar\\\/ccc17943b9d660506c869530f897617f7cb1c21a4bf30023f252596d83e1f007?s=96&d=mm&r=g\",\"caption\":\"admin\"},\"sameAs\":[\"https:\\\/\\\/kibrisdakik.com\"],\"url\":\"https:\\\/\\\/kibrisdakik.com\\\/?author=1\"}]}<\/script>\n<!-- \/ Yoast SEO plugin. -->","yoast_head_json":{"title":"KURUCU CUMHURBA\u015eKANI DENKTA\u015e\u2019IN ANIT MEZARI\u2019NDA T\u00d6REN D\u00dcZENLEND\u0130 -","robots":{"index":"index","follow":"follow","max-snippet":"max-snippet:-1","max-image-preview":"max-image-preview:large","max-video-preview":"max-video-preview:-1"},"canonical":"https:\/\/kibrisdakik.com\/?p=99569","og_locale":"tr_TR","og_type":"article","og_title":"KURUCU CUMHURBA\u015eKANI DENKTA\u015e\u2019IN ANIT MEZARI\u2019NDA T\u00d6REN D\u00dcZENLEND\u0130 -","og_description":"Kuzey K\u0131br\u0131s T\u00fcrk Cumhuriyeti\u2019nin (KKTC) kurulu\u015funun 42&#8217;nci y\u0131l d\u00f6n\u00fcm\u00fc nedeniyle Kurucu Cumhurba\u015fkan\u0131 Rauf Raif Denkta\u015f An\u0131t Mezar\u0131\u2019nda t\u00f6ren d\u00fczenlendi. T\u00f6rene, Cumhurba\u015fkan\u0131 Tufan Erh\u00fcrman, Cumhuriyet Meclisi Ba\u015fkan\u0131 Ziya \u00d6zt\u00fcrkler, Ba\u015fbakan \u00dcnal \u00dcstel, Y\u00fcksek Mahkeme Ba\u015fkan\u0131 Bertan \u00d6zerda\u011f\u2019a vekaleten Y\u00fcksek Mahkeme Yarg\u0131c\u0131 G\u00fclden \u00c7ift\u00e7io\u011flu, 2. Cumhurba\u015fkan\u0131 Mehmet Ali Talat, 5. Cumhurba\u015fkan\u0131 Ersin Tatar, T\u00fcrkiye Cumhuriyeti Lefko\u015fa B\u00fcy\u00fckel\u00e7isi","og_url":"https:\/\/kibrisdakik.com\/?p=99569","article_published_time":"2025-11-14T15:57:22+00:00","og_image":[{"width":1280,"height":720,"url":"https:\/\/kibrisdakik.com\/wp-content\/uploads\/2025\/11\/mha-sari-beyaz-850.png","type":"image\/png"}],"author":"admin","twitter_card":"summary_large_image","twitter_misc":{"Yazan:":"admin","Tahmini okuma s\u00fcresi":"2 dakika"},"schema":{"@context":"https:\/\/schema.org","@graph":[{"@type":"Article","@id":"https:\/\/kibrisdakik.com\/?p=99569#article","isPartOf":{"@id":"https:\/\/kibrisdakik.com\/?p=99569"},"author":{"name":"admin","@id":"https:\/\/kibrisdakik.com\/#\/schema\/person\/9cd9d437bbb44f72b73ba127e06d8e79"},"headline":"KURUCU CUMHURBA\u015eKANI DENKTA\u015e\u2019IN ANIT MEZARI\u2019NDA T\u00d6REN D\u00dcZENLEND\u0130","datePublished":"2025-11-14T15:57:22+00:00","mainEntityOfPage":{"@id":"https:\/\/kibrisdakik.com\/?p=99569"},"wordCount":359,"commentCount":0,"publisher":{"@id":"https:\/\/kibrisdakik.com\/#organization"},"image":{"@id":"https:\/\/kibrisdakik.com\/?p=99569#primaryimage"},"thumbnailUrl":"https:\/\/kibrisdakik.com\/wp-content\/uploads\/2025\/11\/mha-sari-beyaz-850.png","articleSection":["K\u0131br\u0131s"],"inLanguage":"tr","potentialAction":[{"@type":"CommentAction","name":"Comment","target":["https:\/\/kibrisdakik.com\/?p=99569#respond"]}]},{"@type":"WebPage","@id":"https:\/\/kibrisdakik.com\/?p=99569","url":"https:\/\/kibrisdakik.com\/?p=99569","name":"KURUCU CUMHURBA\u015eKANI DENKTA\u015e\u2019IN ANIT MEZARI\u2019NDA T\u00d6REN D\u00dcZENLEND\u0130 -","isPartOf":{"@id":"https:\/\/kibrisdakik.com\/#website"},"primaryImageOfPage":{"@id":"https:\/\/kibrisdakik.com\/?p=99569#primaryimage"},"image":{"@id":"https:\/\/kibrisdakik.com\/?p=99569#primaryimage"},"thumbnailUrl":"https:\/\/kibrisdakik.com\/wp-content\/uploads\/2025\/11\/mha-sari-beyaz-850.png","datePublished":"2025-11-14T15:57:22+00:00","breadcrumb":{"@id":"https:\/\/kibrisdakik.com\/?p=99569#breadcrumb"},"inLanguage":"tr","potentialAction":[{"@type":"ReadAction","target":["https:\/\/kibrisdakik.com\/?p=99569"]}]},{"@type":"ImageObject","inLanguage":"tr","@id":"https:\/\/kibrisdakik.com\/?p=99569#primaryimage","url":"https:\/\/kibrisdakik.com\/wp-content\/uploads\/2025\/11\/mha-sari-beyaz-850.png","contentUrl":"https:\/\/kibrisdakik.com\/wp-content\/uploads\/2025\/11\/mha-sari-beyaz-850.png","width":1280,"height":720},{"@type":"BreadcrumbList","@id":"https:\/\/kibrisdakik.com\/?p=99569#breadcrumb","itemListElement":[{"@type":"ListItem","position":1,"name":"Home","item":"https:\/\/kibrisdakik.com\/"},{"@type":"ListItem","position":2,"name":"KURUCU CUMHURBA\u015eKANI DENKTA\u015e\u2019IN ANIT MEZARI\u2019NDA T\u00d6REN D\u00dcZENLEND\u0130"}]},{"@type":"WebSite","@id":"https:\/\/kibrisdakik.com\/#website","url":"https:\/\/kibrisdakik.com\/","name":"K\u0131br\u0131s Dakik","description":"Tam vaktinde haber","publisher":{"@id":"https:\/\/kibrisdakik.com\/#organization"},"potentialAction":[{"@type":"SearchAction","target":{"@type":"EntryPoint","urlTemplate":"https:\/\/kibrisdakik.com\/?s={search_term_string}"},"query-input":{"@type":"PropertyValueSpecification","valueRequired":true,"valueName":"search_term_string"}}],"inLanguage":"tr"},{"@type":"Organization","@id":"https:\/\/kibrisdakik.com\/#organization","name":"K\u0131br\u0131s Dakik","url":"https:\/\/kibrisdakik.com\/","logo":{"@type":"ImageObject","inLanguage":"tr","@id":"https:\/\/kibrisdakik.com\/#\/schema\/logo\/image\/","url":"https:\/\/kibrisdakik.com\/wp-content\/uploads\/2025\/10\/cropped-WhatsApp-Image-2025-10-02-at-12.58.31.jpeg","contentUrl":"https:\/\/kibrisdakik.com\/wp-content\/uploads\/2025\/10\/cropped-WhatsApp-Image-2025-10-02-at-12.58.31.jpeg","width":1237,"height":190,"caption":"K\u0131br\u0131s Dakik"},"image":{"@id":"https:\/\/kibrisdakik.com\/#\/schema\/logo\/image\/"}},{"@type":"Person","@id":"https:\/\/kibrisdakik.com\/#\/schema\/person\/9cd9d437bbb44f72b73ba127e06d8e79","name":"admin","image":{"@type":"ImageObject","inLanguage":"tr","@id":"https:\/\/secure.gravatar.com\/avatar\/ccc17943b9d660506c869530f897617f7cb1c21a4bf30023f252596d83e1f007?s=96&d=mm&r=g","url":"https:\/\/secure.gravatar.com\/avatar\/ccc17943b9d660506c869530f897617f7cb1c21a4bf30023f252596d83e1f007?s=96&d=mm&r=g","contentUrl":"https:\/\/secure.gravatar.com\/avatar\/ccc17943b9d660506c869530f897617f7cb1c21a4bf30023f252596d83e1f007?s=96&d=mm&r=g","caption":"admin"},"sameAs":["https:\/\/kibrisdakik.com"],"url":"https:\/\/kibrisdakik.com\/?author=1"}]}},"_links":{"self":[{"href":"https:\/\/kibrisdakik.com\/index.php?rest_route=\/wp\/v2\/posts\/99569","targetHints":{"allow":["GET"]}}],"collection":[{"href":"https:\/\/kibrisdakik.com\/index.php?rest_route=\/wp\/v2\/posts"}],"about":[{"href":"https:\/\/kibrisdakik.com\/index.php?rest_route=\/wp\/v2\/types\/post"}],"author":[{"embeddable":true,"href":"https:\/\/kibrisdakik.com\/index.php?rest_route=\/wp\/v2\/users\/1"}],"replies":[{"embeddable":true,"href":"https:\/\/kibrisdakik.com\/index.php?rest_route=%2Fwp%2Fv2%2Fcomments&post=99569"}],"version-history":[{"count":0,"href":"https:\/\/kibrisdakik.com\/index.php?rest_route=\/wp\/v2\/posts\/99569\/revisions"}],"wp:featuredmedia":[{"embeddable":true,"href":"https:\/\/kibrisdakik.com\/index.php?rest_route=\/wp\/v2\/media\/99570"}],"wp:attachment":[{"href":"https:\/\/kibrisdakik.com\/index.php?rest_route=%2Fwp%2Fv2%2Fmedia&parent=99569"}],"wp:term":[{"taxonomy":"category","embeddable":true,"href":"https:\/\/kibrisdakik.com\/index.php?rest_route=%2Fwp%2Fv2%2Fcategories&post=99569"},{"taxonomy":"post_tag","embeddable":true,"href":"https:\/\/kibrisdakik.com\/index.php?rest_route=%2Fwp%2Fv2%2Ftags&post=99569"}],"curies":[{"name":"wp","href":"https:\/\/api.w.org\/{rel}","templated":true}]}}