{"id":99612,"date":"2025-11-14T22:22:04","date_gmt":"2025-11-14T20:22:04","guid":{"rendered":"https:\/\/kibrisdakik.com\/index.php\/2025\/11\/14\/doga-kolejinde-kktcnin-42nci-yili-coskuyla-kutlandi\/"},"modified":"2025-11-14T22:22:04","modified_gmt":"2025-11-14T20:22:04","slug":"doga-kolejinde-kktcnin-42nci-yili-coskuyla-kutlandi","status":"publish","type":"post","link":"https:\/\/kibrisdakik.com\/?p=99612","title":{"rendered":"DO\u011eA KOLEJ\u0130\u2019NDE KKTC\u2019N\u0130N 42\u2019NC\u0130 YILI CO\u015eKUYLA KUTLANDI"},"content":{"rendered":"<p><\/p>\n<div data-text-id=\"189651\" property=\"articleBody\">\n<p>Kuzey K\u0131br\u0131s T\u00fcrk Cumhuriyeti\u2019nin (KKTC) 42\u2019nci kurulu\u015f y\u0131ld\u00f6n\u00fcm\u00fc, Do\u011fu Akdeniz Do\u011fa Koleji\u2019nde d\u00fczenlenen t\u00f6renle co\u015fku i\u00e7inde kutland\u0131. Program, sayg\u0131 duru\u015fu ve \u0130stiklal Mar\u015f\u0131\u2019n\u0131n ard\u0131ndan yap\u0131lan konu\u015fmayla ba\u015flad\u0131. Konu\u015fmada, Cumhuriyet\u2019in K\u0131br\u0131s T\u00fcrk halk\u0131 i\u00e7in \u00f6zg\u00fcrl\u00fck, varolu\u015f ve ba\u011f\u0131ms\u0131zl\u0131k m\u00fccadelesinin en g\u00fc\u00e7l\u00fc simgesi oldu\u011funa dikkat \u00e7ekildi.<\/p>\n<p>\u00d6\u011frencilerin okudu\u011fu \u015fiirler ve maniler t\u00f6rene duygu ve canl\u0131l\u0131k katarken, okul orkestras\u0131n\u0131n seslendirdi\u011fi K\u0131br\u0131s ezgileri b\u00fcy\u00fck be\u011feni toplad\u0131. Etkinlik kapsam\u0131nda okul bah\u00e7esinde kurulan k\u00fclt\u00fcrel yiyecek stantlar\u0131nda hellim ikramlar\u0131, kafes tatl\u0131s\u0131 ve \u00e7e\u015fitli yerel lezzetlerle KKTC\u2019nin zengin mutfak k\u00fclt\u00fcr\u00fc tan\u0131t\u0131ld\u0131.<img loading=\"lazy\" decoding=\"async\" height=\"431\" src=\"https:\/\/mhahabercom.teimg.com\/mhahaber-com\/uploads\/2025\/11\/6-414.png\" width=\"706\"\/><\/p>\n<p>Kutlama program\u0131, \u00f6\u011frencilerin bayraklarla okul orkestras\u0131na e\u015flik etmesiyle son buldu. Do\u011fu Akdeniz Do\u011fa Koleji, Cumhuriyet co\u015fkusunu geleneksel de\u011ferlerle birle\u015ftirerek anlaml\u0131 bir kutlamaya imza att\u0131.<strong>(MHA)<\/strong><\/p>\n<\/p><\/div>\n","protected":false},"excerpt":{"rendered":"<p>Kuzey K\u0131br\u0131s T\u00fcrk Cumhuriyeti\u2019nin (KKTC) 42\u2019nci kurulu\u015f y\u0131ld\u00f6n\u00fcm\u00fc, Do\u011fu Akdeniz Do\u011fa Koleji\u2019nde d\u00fczenlenen t\u00f6renle co\u015fku i\u00e7inde kutland\u0131. Program, sayg\u0131 duru\u015fu ve \u0130stiklal Mar\u015f\u0131\u2019n\u0131n ard\u0131ndan yap\u0131lan konu\u015fmayla ba\u015flad\u0131. Konu\u015fmada, Cumhuriyet\u2019in K\u0131br\u0131s T\u00fcrk halk\u0131 i\u00e7in \u00f6zg\u00fcrl\u00fck, varolu\u015f ve ba\u011f\u0131ms\u0131zl\u0131k m\u00fccadelesinin en g\u00fc\u00e7l\u00fc simgesi oldu\u011funa dikkat \u00e7ekildi. \u00d6\u011frencilerin okudu\u011fu \u015fiirler ve maniler t\u00f6rene duygu ve canl\u0131l\u0131k katarken, okul<\/p>\n","protected":false},"author":1,"featured_media":99613,"comment_status":"open","ping_status":"open","sticky":false,"template":"","format":"standard","meta":{"footnotes":""},"categories":[81],"tags":[],"class_list":["post-99612","post","type-post","status-publish","format-standard","has-post-thumbnail","hentry","category-kibris"],"yoast_head":"<!-- This site is optimized with the Yoast SEO plugin v27.5 - https:\/\/yoast.com\/product\/yoast-seo-wordpress\/ -->\n<title>DO\u011eA KOLEJ\u0130\u2019NDE KKTC\u2019N\u0130N 42\u2019NC\u0130 YILI CO\u015eKUYLA KUTLANDI -<\/title>\n<meta name=\"robots\" content=\"index, follow, max-snippet:-1, max-image-preview:large, max-video-preview:-1\" \/>\n<link rel=\"canonical\" href=\"https:\/\/kibrisdakik.com\/?p=99612\" \/>\n<meta property=\"og:locale\" content=\"tr_TR\" \/>\n<meta property=\"og:type\" content=\"article\" \/>\n<meta property=\"og:title\" content=\"DO\u011eA KOLEJ\u0130\u2019NDE KKTC\u2019N\u0130N 42\u2019NC\u0130 YILI CO\u015eKUYLA KUTLANDI -\" \/>\n<meta property=\"og:description\" content=\"Kuzey K\u0131br\u0131s T\u00fcrk Cumhuriyeti\u2019nin (KKTC) 42\u2019nci kurulu\u015f y\u0131ld\u00f6n\u00fcm\u00fc, Do\u011fu Akdeniz Do\u011fa Koleji\u2019nde d\u00fczenlenen t\u00f6renle co\u015fku i\u00e7inde kutland\u0131. Program, sayg\u0131 duru\u015fu ve \u0130stiklal Mar\u015f\u0131\u2019n\u0131n ard\u0131ndan yap\u0131lan konu\u015fmayla ba\u015flad\u0131. Konu\u015fmada, Cumhuriyet\u2019in K\u0131br\u0131s T\u00fcrk halk\u0131 i\u00e7in \u00f6zg\u00fcrl\u00fck, varolu\u015f ve ba\u011f\u0131ms\u0131zl\u0131k m\u00fccadelesinin en g\u00fc\u00e7l\u00fc simgesi oldu\u011funa dikkat \u00e7ekildi. \u00d6\u011frencilerin okudu\u011fu \u015fiirler ve maniler t\u00f6rene duygu ve canl\u0131l\u0131k katarken, okul\" \/>\n<meta property=\"og:url\" content=\"https:\/\/kibrisdakik.com\/?p=99612\" \/>\n<meta property=\"article:published_time\" content=\"2025-11-14T20:22:04+00:00\" \/>\n<meta property=\"og:image\" content=\"https:\/\/kibrisdakik.com\/wp-content\/uploads\/2025\/11\/mha-sari-beyaz-857.png\" \/>\n\t<meta property=\"og:image:width\" content=\"1280\" \/>\n\t<meta property=\"og:image:height\" content=\"720\" \/>\n\t<meta property=\"og:image:type\" content=\"image\/png\" \/>\n<meta name=\"author\" content=\"admin\" \/>\n<meta name=\"twitter:card\" content=\"summary_large_image\" \/>\n<meta name=\"twitter:label1\" content=\"Yazan:\" \/>\n\t<meta name=\"twitter:data1\" content=\"admin\" \/>\n\t<meta name=\"twitter:label2\" content=\"Tahmini okuma s\u00fcresi\" \/>\n\t<meta name=\"twitter:data2\" content=\"1 dakika\" \/>\n<script type=\"application\/ld+json\" class=\"yoast-schema-graph\">{\"@context\":\"https:\\\/\\\/schema.org\",\"@graph\":[{\"@type\":\"Article\",\"@id\":\"https:\\\/\\\/kibrisdakik.com\\\/?p=99612#article\",\"isPartOf\":{\"@id\":\"https:\\\/\\\/kibrisdakik.com\\\/?p=99612\"},\"author\":{\"name\":\"admin\",\"@id\":\"https:\\\/\\\/kibrisdakik.com\\\/#\\\/schema\\\/person\\\/9cd9d437bbb44f72b73ba127e06d8e79\"},\"headline\":\"DO\u011eA KOLEJ\u0130\u2019NDE KKTC\u2019N\u0130N 42\u2019NC\u0130 YILI CO\u015eKUYLA KUTLANDI\",\"datePublished\":\"2025-11-14T20:22:04+00:00\",\"mainEntityOfPage\":{\"@id\":\"https:\\\/\\\/kibrisdakik.com\\\/?p=99612\"},\"wordCount\":186,\"commentCount\":0,\"image\":{\"@id\":\"https:\\\/\\\/kibrisdakik.com\\\/?p=99612#primaryimage\"},\"thumbnailUrl\":\"https:\\\/\\\/kibrisdakik.com\\\/wp-content\\\/uploads\\\/2025\\\/11\\\/mha-sari-beyaz-857.png\",\"articleSection\":[\"K\u0131br\u0131s\"],\"inLanguage\":\"tr\",\"potentialAction\":[{\"@type\":\"CommentAction\",\"name\":\"Comment\",\"target\":[\"https:\\\/\\\/kibrisdakik.com\\\/?p=99612#respond\"]}]},{\"@type\":\"WebPage\",\"@id\":\"https:\\\/\\\/kibrisdakik.com\\\/?p=99612\",\"url\":\"https:\\\/\\\/kibrisdakik.com\\\/?p=99612\",\"name\":\"DO\u011eA KOLEJ\u0130\u2019NDE KKTC\u2019N\u0130N 42\u2019NC\u0130 YILI CO\u015eKUYLA KUTLANDI -\",\"isPartOf\":{\"@id\":\"https:\\\/\\\/kibrisdakik.com\\\/#website\"},\"primaryImageOfPage\":{\"@id\":\"https:\\\/\\\/kibrisdakik.com\\\/?p=99612#primaryimage\"},\"image\":{\"@id\":\"https:\\\/\\\/kibrisdakik.com\\\/?p=99612#primaryimage\"},\"thumbnailUrl\":\"https:\\\/\\\/kibrisdakik.com\\\/wp-content\\\/uploads\\\/2025\\\/11\\\/mha-sari-beyaz-857.png\",\"datePublished\":\"2025-11-14T20:22:04+00:00\",\"author\":{\"@id\":\"https:\\\/\\\/kibrisdakik.com\\\/#\\\/schema\\\/person\\\/9cd9d437bbb44f72b73ba127e06d8e79\"},\"breadcrumb\":{\"@id\":\"https:\\\/\\\/kibrisdakik.com\\\/?p=99612#breadcrumb\"},\"inLanguage\":\"tr\",\"potentialAction\":[{\"@type\":\"ReadAction\",\"target\":[\"https:\\\/\\\/kibrisdakik.com\\\/?p=99612\"]}]},{\"@type\":\"ImageObject\",\"inLanguage\":\"tr\",\"@id\":\"https:\\\/\\\/kibrisdakik.com\\\/?p=99612#primaryimage\",\"url\":\"https:\\\/\\\/kibrisdakik.com\\\/wp-content\\\/uploads\\\/2025\\\/11\\\/mha-sari-beyaz-857.png\",\"contentUrl\":\"https:\\\/\\\/kibrisdakik.com\\\/wp-content\\\/uploads\\\/2025\\\/11\\\/mha-sari-beyaz-857.png\",\"width\":1280,\"height\":720},{\"@type\":\"BreadcrumbList\",\"@id\":\"https:\\\/\\\/kibrisdakik.com\\\/?p=99612#breadcrumb\",\"itemListElement\":[{\"@type\":\"ListItem\",\"position\":1,\"name\":\"Home\",\"item\":\"https:\\\/\\\/kibrisdakik.com\\\/\"},{\"@type\":\"ListItem\",\"position\":2,\"name\":\"DO\u011eA KOLEJ\u0130\u2019NDE KKTC\u2019N\u0130N 42\u2019NC\u0130 YILI CO\u015eKUYLA KUTLANDI\"}]},{\"@type\":\"WebSite\",\"@id\":\"https:\\\/\\\/kibrisdakik.com\\\/#website\",\"url\":\"https:\\\/\\\/kibrisdakik.com\\\/\",\"name\":\"\",\"description\":\"Tam vaktinde haber\",\"potentialAction\":[{\"@type\":\"SearchAction\",\"target\":{\"@type\":\"EntryPoint\",\"urlTemplate\":\"https:\\\/\\\/kibrisdakik.com\\\/?s={search_term_string}\"},\"query-input\":{\"@type\":\"PropertyValueSpecification\",\"valueRequired\":true,\"valueName\":\"search_term_string\"}}],\"inLanguage\":\"tr\"},{\"@type\":\"Person\",\"@id\":\"https:\\\/\\\/kibrisdakik.com\\\/#\\\/schema\\\/person\\\/9cd9d437bbb44f72b73ba127e06d8e79\",\"name\":\"admin\",\"image\":{\"@type\":\"ImageObject\",\"inLanguage\":\"tr\",\"@id\":\"https:\\\/\\\/secure.gravatar.com\\\/avatar\\\/ccc17943b9d660506c869530f897617f7cb1c21a4bf30023f252596d83e1f007?s=96&d=mm&r=g\",\"url\":\"https:\\\/\\\/secure.gravatar.com\\\/avatar\\\/ccc17943b9d660506c869530f897617f7cb1c21a4bf30023f252596d83e1f007?s=96&d=mm&r=g\",\"contentUrl\":\"https:\\\/\\\/secure.gravatar.com\\\/avatar\\\/ccc17943b9d660506c869530f897617f7cb1c21a4bf30023f252596d83e1f007?s=96&d=mm&r=g\",\"caption\":\"admin\"},\"sameAs\":[\"https:\\\/\\\/kibrisdakik.com\"],\"url\":\"https:\\\/\\\/kibrisdakik.com\\\/?author=1\"}]}<\/script>\n<!-- \/ Yoast SEO plugin. -->","yoast_head_json":{"title":"DO\u011eA KOLEJ\u0130\u2019NDE KKTC\u2019N\u0130N 42\u2019NC\u0130 YILI CO\u015eKUYLA KUTLANDI -","robots":{"index":"index","follow":"follow","max-snippet":"max-snippet:-1","max-image-preview":"max-image-preview:large","max-video-preview":"max-video-preview:-1"},"canonical":"https:\/\/kibrisdakik.com\/?p=99612","og_locale":"tr_TR","og_type":"article","og_title":"DO\u011eA KOLEJ\u0130\u2019NDE KKTC\u2019N\u0130N 42\u2019NC\u0130 YILI CO\u015eKUYLA KUTLANDI -","og_description":"Kuzey K\u0131br\u0131s T\u00fcrk Cumhuriyeti\u2019nin (KKTC) 42\u2019nci kurulu\u015f y\u0131ld\u00f6n\u00fcm\u00fc, Do\u011fu Akdeniz Do\u011fa Koleji\u2019nde d\u00fczenlenen t\u00f6renle co\u015fku i\u00e7inde kutland\u0131. Program, sayg\u0131 duru\u015fu ve \u0130stiklal Mar\u015f\u0131\u2019n\u0131n ard\u0131ndan yap\u0131lan konu\u015fmayla ba\u015flad\u0131. Konu\u015fmada, Cumhuriyet\u2019in K\u0131br\u0131s T\u00fcrk halk\u0131 i\u00e7in \u00f6zg\u00fcrl\u00fck, varolu\u015f ve ba\u011f\u0131ms\u0131zl\u0131k m\u00fccadelesinin en g\u00fc\u00e7l\u00fc simgesi oldu\u011funa dikkat \u00e7ekildi. \u00d6\u011frencilerin okudu\u011fu \u015fiirler ve maniler t\u00f6rene duygu ve canl\u0131l\u0131k katarken, okul","og_url":"https:\/\/kibrisdakik.com\/?p=99612","article_published_time":"2025-11-14T20:22:04+00:00","og_image":[{"width":1280,"height":720,"url":"https:\/\/kibrisdakik.com\/wp-content\/uploads\/2025\/11\/mha-sari-beyaz-857.png","type":"image\/png"}],"author":"admin","twitter_card":"summary_large_image","twitter_misc":{"Yazan:":"admin","Tahmini okuma s\u00fcresi":"1 dakika"},"schema":{"@context":"https:\/\/schema.org","@graph":[{"@type":"Article","@id":"https:\/\/kibrisdakik.com\/?p=99612#article","isPartOf":{"@id":"https:\/\/kibrisdakik.com\/?p=99612"},"author":{"name":"admin","@id":"https:\/\/kibrisdakik.com\/#\/schema\/person\/9cd9d437bbb44f72b73ba127e06d8e79"},"headline":"DO\u011eA KOLEJ\u0130\u2019NDE KKTC\u2019N\u0130N 42\u2019NC\u0130 YILI CO\u015eKUYLA KUTLANDI","datePublished":"2025-11-14T20:22:04+00:00","mainEntityOfPage":{"@id":"https:\/\/kibrisdakik.com\/?p=99612"},"wordCount":186,"commentCount":0,"image":{"@id":"https:\/\/kibrisdakik.com\/?p=99612#primaryimage"},"thumbnailUrl":"https:\/\/kibrisdakik.com\/wp-content\/uploads\/2025\/11\/mha-sari-beyaz-857.png","articleSection":["K\u0131br\u0131s"],"inLanguage":"tr","potentialAction":[{"@type":"CommentAction","name":"Comment","target":["https:\/\/kibrisdakik.com\/?p=99612#respond"]}]},{"@type":"WebPage","@id":"https:\/\/kibrisdakik.com\/?p=99612","url":"https:\/\/kibrisdakik.com\/?p=99612","name":"DO\u011eA KOLEJ\u0130\u2019NDE KKTC\u2019N\u0130N 42\u2019NC\u0130 YILI CO\u015eKUYLA KUTLANDI -","isPartOf":{"@id":"https:\/\/kibrisdakik.com\/#website"},"primaryImageOfPage":{"@id":"https:\/\/kibrisdakik.com\/?p=99612#primaryimage"},"image":{"@id":"https:\/\/kibrisdakik.com\/?p=99612#primaryimage"},"thumbnailUrl":"https:\/\/kibrisdakik.com\/wp-content\/uploads\/2025\/11\/mha-sari-beyaz-857.png","datePublished":"2025-11-14T20:22:04+00:00","author":{"@id":"https:\/\/kibrisdakik.com\/#\/schema\/person\/9cd9d437bbb44f72b73ba127e06d8e79"},"breadcrumb":{"@id":"https:\/\/kibrisdakik.com\/?p=99612#breadcrumb"},"inLanguage":"tr","potentialAction":[{"@type":"ReadAction","target":["https:\/\/kibrisdakik.com\/?p=99612"]}]},{"@type":"ImageObject","inLanguage":"tr","@id":"https:\/\/kibrisdakik.com\/?p=99612#primaryimage","url":"https:\/\/kibrisdakik.com\/wp-content\/uploads\/2025\/11\/mha-sari-beyaz-857.png","contentUrl":"https:\/\/kibrisdakik.com\/wp-content\/uploads\/2025\/11\/mha-sari-beyaz-857.png","width":1280,"height":720},{"@type":"BreadcrumbList","@id":"https:\/\/kibrisdakik.com\/?p=99612#breadcrumb","itemListElement":[{"@type":"ListItem","position":1,"name":"Home","item":"https:\/\/kibrisdakik.com\/"},{"@type":"ListItem","position":2,"name":"DO\u011eA KOLEJ\u0130\u2019NDE KKTC\u2019N\u0130N 42\u2019NC\u0130 YILI CO\u015eKUYLA KUTLANDI"}]},{"@type":"WebSite","@id":"https:\/\/kibrisdakik.com\/#website","url":"https:\/\/kibrisdakik.com\/","name":"","description":"Tam vaktinde haber","potentialAction":[{"@type":"SearchAction","target":{"@type":"EntryPoint","urlTemplate":"https:\/\/kibrisdakik.com\/?s={search_term_string}"},"query-input":{"@type":"PropertyValueSpecification","valueRequired":true,"valueName":"search_term_string"}}],"inLanguage":"tr"},{"@type":"Person","@id":"https:\/\/kibrisdakik.com\/#\/schema\/person\/9cd9d437bbb44f72b73ba127e06d8e79","name":"admin","image":{"@type":"ImageObject","inLanguage":"tr","@id":"https:\/\/secure.gravatar.com\/avatar\/ccc17943b9d660506c869530f897617f7cb1c21a4bf30023f252596d83e1f007?s=96&d=mm&r=g","url":"https:\/\/secure.gravatar.com\/avatar\/ccc17943b9d660506c869530f897617f7cb1c21a4bf30023f252596d83e1f007?s=96&d=mm&r=g","contentUrl":"https:\/\/secure.gravatar.com\/avatar\/ccc17943b9d660506c869530f897617f7cb1c21a4bf30023f252596d83e1f007?s=96&d=mm&r=g","caption":"admin"},"sameAs":["https:\/\/kibrisdakik.com"],"url":"https:\/\/kibrisdakik.com\/?author=1"}]}},"_links":{"self":[{"href":"https:\/\/kibrisdakik.com\/index.php?rest_route=\/wp\/v2\/posts\/99612","targetHints":{"allow":["GET"]}}],"collection":[{"href":"https:\/\/kibrisdakik.com\/index.php?rest_route=\/wp\/v2\/posts"}],"about":[{"href":"https:\/\/kibrisdakik.com\/index.php?rest_route=\/wp\/v2\/types\/post"}],"author":[{"embeddable":true,"href":"https:\/\/kibrisdakik.com\/index.php?rest_route=\/wp\/v2\/users\/1"}],"replies":[{"embeddable":true,"href":"https:\/\/kibrisdakik.com\/index.php?rest_route=%2Fwp%2Fv2%2Fcomments&post=99612"}],"version-history":[{"count":0,"href":"https:\/\/kibrisdakik.com\/index.php?rest_route=\/wp\/v2\/posts\/99612\/revisions"}],"wp:featuredmedia":[{"embeddable":true,"href":"https:\/\/kibrisdakik.com\/index.php?rest_route=\/wp\/v2\/media\/99613"}],"wp:attachment":[{"href":"https:\/\/kibrisdakik.com\/index.php?rest_route=%2Fwp%2Fv2%2Fmedia&parent=99612"}],"wp:term":[{"taxonomy":"category","embeddable":true,"href":"https:\/\/kibrisdakik.com\/index.php?rest_route=%2Fwp%2Fv2%2Fcategories&post=99612"},{"taxonomy":"post_tag","embeddable":true,"href":"https:\/\/kibrisdakik.com\/index.php?rest_route=%2Fwp%2Fv2%2Ftags&post=99612"}],"curies":[{"name":"wp","href":"https:\/\/api.w.org\/{rel}","templated":true}]}}