{"id":99630,"date":"2025-11-15T09:58:06","date_gmt":"2025-11-15T07:58:06","guid":{"rendered":"https:\/\/kibrisdakik.com\/index.php\/2025\/11\/15\/lefkosa-sehitler-anitinda-toren-gerceklestirildi\/"},"modified":"2025-11-15T09:58:06","modified_gmt":"2025-11-15T07:58:06","slug":"lefkosa-sehitler-anitinda-toren-gerceklestirildi","status":"publish","type":"post","link":"https:\/\/kibrisdakik.com\/?p=99630","title":{"rendered":"LEFKO\u015eA \u015eEH\u0130TLER ANITI\u2019NDA T\u00d6REN GER\u00c7EKLE\u015eT\u0130R\u0130LD\u0130"},"content":{"rendered":"<p><\/p>\n<div data-text-id=\"189662\" property=\"articleBody\">\n<p>KKTC\u2019nin kurulu\u015f y\u0131l d\u00f6n\u00fcm\u00fc \u00e7er\u00e7evesinde Lefko\u015fa \u015eehitler An\u0131t\u0131\u2019nda t\u00f6ren d\u00fczenlendi.<\/p>\n<p>T\u00f6rene Lefko\u015fa Kaymakam\u0131 Cemal Kuyucu, K\u0131br\u0131s T\u00fcrk Bar\u0131\u015f Kuvvetleri Komutanl\u0131\u011f\u0131 ad\u0131na Piyade Kurmay Albay Ali Karaka\u015f, G\u00fcvenlik Kuvvetleri Komutanl\u0131\u011f\u0131 ad\u0131na Piyade Komando Kurmay Albay Hayati Kaya, baz\u0131 \u00f6rg\u00fct ve siyasi partilerden temsilciler kat\u0131ld\u0131.<\/p>\n<p>T\u00f6ren, an\u0131ta \u00e7elenk konulmas\u0131n\u0131n ard\u0131ndan sayg\u0131 duru\u015fu ve \u0130stiklal Mar\u015f\u0131 e\u015fli\u011finde bayraklar\u0131n g\u00f6ndere \u00e7ekilmesiyle devam etti. Ard\u0131ndan An\u0131t \u00d6zel Defteri imzaland\u0131.<\/p>\n<p>-An\u0131t \u00d6zel Defteri<\/p>\n<p>Lefko\u015fa Kaymakam\u0131 Cemal Kuyucu An\u0131t \u00d6zel Defteri&#8217;ne \u015funlar\u0131 yazd\u0131:<\/p>\n<p>\u201cAziz \u015eehitlerimiz;<img loading=\"lazy\" decoding=\"async\" height=\"2410\" src=\"https:\/\/mhahabercom.teimg.com\/mhahaber-com\/uploads\/2025\/11\/1763190625273sehitler-aniti-toren-tim-4.jpg\" width=\"3610\"\/><\/p>\n<p>T\u00fcrk halk\u0131 tarih boyunca \u00f6zg\u00fcrl\u00fck ve ba\u011f\u0131ms\u0131zl\u0131k idealinden hi\u00e7 vazge\u00e7memi\u015f; kendi kaderine sahip \u00e7\u0131karak b\u00fcy\u00fck bir inan\u00e7, azim ve karal\u0131l\u0131kla \u00f6zg\u00fcr devletini kurmu\u015ftur.<\/p>\n<p>15 Kas\u0131m 1983, bir milletin iradesinin, cesaretinin ve vatan sevgisinin en g\u00fc\u00e7l\u00fc ifadesi, ba\u011f\u0131ms\u0131zl\u0131k yolundaki destans\u0131 m\u00fccadelesinin simgesidir.<\/p>\n<p>Bu anlaml\u0131 g\u00fcnde, bizlere \u00f6zg\u00fcr bir vatan arma\u011fan eden aziz \u015fehitlerimizi rahmetle, kahraman gazilerimizi minnetle an\u0131yor; K\u0131br\u0131s T\u00fcrk halk\u0131n\u0131n onurlu m\u00fccadelesine g\u00f6n\u00fclden sayg\u0131 duyuyorum.<\/p>\n<p>Kuzey K\u0131br\u0131s T\u00fcrk Cumhuriyeti\u2019nin 42\u2019inci kurulu\u015f y\u0131l d\u00f6n\u00fcm\u00fc kutlu olsun.\u201d<\/p>\n<p>-KTBK Komutanl\u0131\u011f\u0131<\/p>\n<p>K\u0131br\u0131s T\u00fcrk Bar\u0131\u015f Kuvvetleri Komutanl\u0131\u011f\u0131 temsilcisi Piyade Kurmay Albay Ali Karaka\u015f, deftere \u015funlar\u0131 yazd\u0131:<\/p>\n<p>\u201cAziz \u015eehitlerimiz;<\/p>\n<p>K\u0131br\u0131s T\u00fcrk halk\u0131n\u0131n onurunu, \u00f6zg\u00fcrl\u00fc\u011f\u00fcn\u00fc ve gelece\u011fini teminat alt\u0131na almak amac\u0131yla canlar\u0131n\u0131z\u0131 feda ederek eri\u015fti\u011finiz kutsal \u015fehitlik mertebesi, milletimizin g\u00f6nl\u00fcnde ebediyen muhafaza edilecektir. U\u011frunda hayat\u0131n\u0131z\u0131 adad\u0131\u011f\u0131n\u0131z bu aziz topraklar \u00fczerinde verdi\u011finiz varolu\u015f m\u00fccadelesi, tarihimizin \u015ferefli sayfalar\u0131nda daima yerini koruyacakt\u0131r.<\/p>\n<p>Vatan\u0131n bekas\u0131 ve milletimizin h\u00fcrriyetini temin etmek ad\u0131na g\u00f6sterdi\u011finiz \u00fcst\u00fcn cesaret, fedak\u00e2rl\u0131k ve kararl\u0131l\u0131k; bizlere ilham veren, yolumuzu ayd\u0131nlatan mukaddes bir mirast\u0131r. Kahramanl\u0131klar\u0131n\u0131z ve b\u0131rakt\u0131\u011f\u0131n\u0131z hat\u0131ralar, daima minnet ve sayg\u0131yla y\u00e2d edilecektir.<\/p>\n<p>Y\u00fcce T\u00fcrk Milletinin mensuplar\u0131 olarak bizler, hakl\u0131 ve onurlu m\u00fccadeleniz neticesinde kurulan Kuzey K\u0131br\u0131s T\u00fcrk Cumhuriyeti&#8217;ni ebediyen ya\u015fatma ve koruma azim ve kararl\u0131l\u0131\u011f\u0131nday\u0131z. Bu kutsal de\u011ferler u\u011fruna gerekti\u011finde canlar\u0131m\u0131z\u0131 seve seve feda etmeye haz\u0131r\u0131z.<\/p>\n<p>Sizleri minnet ve \u015f\u00fckranla an\u0131yor, manevi huzurunuza sayg\u0131yla e\u011filiyoruz.\u201d<\/p>\n<p>-GKK Komutanl\u0131\u011f\u0131<img loading=\"lazy\" decoding=\"async\" height=\"2410\" src=\"https:\/\/mhahabercom.teimg.com\/mhahaber-com\/uploads\/2025\/11\/1763190625273sehitler-aniti-toren-tim-3.jpg\" width=\"3610\"\/><\/p>\n<p>G\u00fcvenlik Kuvvetleri Komutanl\u0131\u011f\u0131 temsilcisi Piyade Komando Kurmay Albay Hayati Kaya, An\u0131t \u00d6zel Defteri&#8217;ne \u015funlar\u0131 yazd\u0131:<\/p>\n<p>\u201cKahraman \u015eehitlerimiz,<\/p>\n<p>Bug\u00fcn Kuzey K\u0131br\u0131s T\u00fcrk Cumhuriyeti\u2019nin 42\u2019inci kurulu\u015f y\u0131l d\u00f6n\u00fcm\u00fcn\u00fc kutlamak \u00fczere huzurlar\u0131n\u0131zday\u0131z.<\/p>\n<p>Sizlerin canlar\u0131n\u0131z\u0131 feda ederek vermi\u015f oldu\u011funuz m\u00fccadeleyi, Kuzey K\u0131br\u0131s T\u00fcrk Cumhuriyeti\u2019ni kurarak ta\u00e7land\u0131rd\u0131k. K\u0131br\u0131s T\u00fcrk\u00fc sizlerden ald\u0131\u011f\u0131 bu g\u00fc\u00e7 ve inan\u00e7la, kurmu\u015f oldu\u011fu cumhuriyeti h\u00fcr ve ba\u011f\u0131ms\u0131z bir \u015fekl\u00eede ya\u015fatacakt\u0131r.<\/p>\n<p>Rahat uyuyunuz! Yakm\u0131\u015f oldu\u011funuz me\u015fale, sizlerden ald\u0131\u011f\u0131m\u0131z g\u00fc\u00e7le ilelebet ta\u015f\u0131nacak, destanla\u015fan m\u00fccadeleleriniz inan\u00e7 dolu k\u0131v\u0131lc\u0131mlar\u0131 paralamaya devam edecektir.<\/p>\n<p>Hepinizi rahmet ve minnetle an\u0131yor, aziz hat\u0131ran\u0131z \u00f6n\u00fcnde sayg\u0131yla e\u011filiyoruz.<\/p>\n<\/p><\/div>\n","protected":false},"excerpt":{"rendered":"<p>KKTC\u2019nin kurulu\u015f y\u0131l d\u00f6n\u00fcm\u00fc \u00e7er\u00e7evesinde Lefko\u015fa \u015eehitler An\u0131t\u0131\u2019nda t\u00f6ren d\u00fczenlendi. T\u00f6rene Lefko\u015fa Kaymakam\u0131 Cemal Kuyucu, K\u0131br\u0131s T\u00fcrk Bar\u0131\u015f Kuvvetleri Komutanl\u0131\u011f\u0131 ad\u0131na Piyade Kurmay Albay Ali Karaka\u015f, G\u00fcvenlik Kuvvetleri Komutanl\u0131\u011f\u0131 ad\u0131na Piyade Komando Kurmay Albay Hayati Kaya, baz\u0131 \u00f6rg\u00fct ve siyasi partilerden temsilciler kat\u0131ld\u0131. T\u00f6ren, an\u0131ta \u00e7elenk konulmas\u0131n\u0131n ard\u0131ndan sayg\u0131 duru\u015fu ve \u0130stiklal Mar\u015f\u0131 e\u015fli\u011finde bayraklar\u0131n<\/p>\n","protected":false},"author":1,"featured_media":99631,"comment_status":"open","ping_status":"open","sticky":false,"template":"","format":"standard","meta":{"footnotes":""},"categories":[81],"tags":[],"class_list":["post-99630","post","type-post","status-publish","format-standard","has-post-thumbnail","hentry","category-kibris"],"yoast_head":"<!-- This site is optimized with the Yoast SEO plugin v28.4 - https:\/\/yoast.com\/product\/yoast-seo-wordpress\/ -->\n<title>LEFKO\u015eA \u015eEH\u0130TLER ANITI\u2019NDA T\u00d6REN GER\u00c7EKLE\u015eT\u0130R\u0130LD\u0130 -<\/title>\n<meta name=\"robots\" content=\"index, follow, max-snippet:-1, max-image-preview:large, max-video-preview:-1\" \/>\n<link rel=\"canonical\" href=\"https:\/\/kibrisdakik.com\/?p=99630\" \/>\n<meta property=\"og:locale\" content=\"tr_TR\" \/>\n<meta property=\"og:type\" content=\"article\" \/>\n<meta property=\"og:title\" content=\"LEFKO\u015eA \u015eEH\u0130TLER ANITI\u2019NDA T\u00d6REN GER\u00c7EKLE\u015eT\u0130R\u0130LD\u0130 -\" \/>\n<meta property=\"og:description\" content=\"KKTC\u2019nin kurulu\u015f y\u0131l d\u00f6n\u00fcm\u00fc \u00e7er\u00e7evesinde Lefko\u015fa \u015eehitler An\u0131t\u0131\u2019nda t\u00f6ren d\u00fczenlendi. T\u00f6rene Lefko\u015fa Kaymakam\u0131 Cemal Kuyucu, K\u0131br\u0131s T\u00fcrk Bar\u0131\u015f Kuvvetleri Komutanl\u0131\u011f\u0131 ad\u0131na Piyade Kurmay Albay Ali Karaka\u015f, G\u00fcvenlik Kuvvetleri Komutanl\u0131\u011f\u0131 ad\u0131na Piyade Komando Kurmay Albay Hayati Kaya, baz\u0131 \u00f6rg\u00fct ve siyasi partilerden temsilciler kat\u0131ld\u0131. T\u00f6ren, an\u0131ta \u00e7elenk konulmas\u0131n\u0131n ard\u0131ndan sayg\u0131 duru\u015fu ve \u0130stiklal Mar\u015f\u0131 e\u015fli\u011finde bayraklar\u0131n\" \/>\n<meta property=\"og:url\" content=\"https:\/\/kibrisdakik.com\/?p=99630\" \/>\n<meta property=\"article:published_time\" content=\"2025-11-15T07:58:06+00:00\" \/>\n<meta property=\"og:image\" content=\"https:\/\/kibrisdakik.com\/wp-content\/uploads\/2025\/11\/mha-sari-beyaz-862.png\" \/>\n\t<meta property=\"og:image:width\" content=\"1280\" \/>\n\t<meta property=\"og:image:height\" content=\"720\" \/>\n\t<meta property=\"og:image:type\" content=\"image\/png\" \/>\n<meta name=\"author\" content=\"admin\" \/>\n<meta name=\"twitter:card\" content=\"summary_large_image\" \/>\n<meta name=\"twitter:label1\" content=\"Yazan:\" \/>\n\t<meta name=\"twitter:data1\" content=\"admin\" \/>\n\t<meta name=\"twitter:label2\" content=\"Tahmini okuma s\u00fcresi\" \/>\n\t<meta name=\"twitter:data2\" content=\"3 dakika\" \/>\n<script type=\"application\/ld+json\" class=\"yoast-schema-graph\">{\"@context\":\"https:\\\/\\\/schema.org\",\"@graph\":[{\"@type\":\"Article\",\"@id\":\"https:\\\/\\\/kibrisdakik.com\\\/?p=99630#article\",\"isPartOf\":{\"@id\":\"https:\\\/\\\/kibrisdakik.com\\\/?p=99630\"},\"author\":{\"name\":\"admin\",\"@id\":\"https:\\\/\\\/kibrisdakik.com\\\/#\\\/schema\\\/person\\\/9cd9d437bbb44f72b73ba127e06d8e79\"},\"headline\":\"LEFKO\u015eA \u015eEH\u0130TLER ANITI\u2019NDA T\u00d6REN GER\u00c7EKLE\u015eT\u0130R\u0130LD\u0130\",\"datePublished\":\"2025-11-15T07:58:06+00:00\",\"mainEntityOfPage\":{\"@id\":\"https:\\\/\\\/kibrisdakik.com\\\/?p=99630\"},\"wordCount\":583,\"commentCount\":0,\"publisher\":{\"@id\":\"https:\\\/\\\/kibrisdakik.com\\\/#organization\"},\"image\":{\"@id\":\"https:\\\/\\\/kibrisdakik.com\\\/?p=99630#primaryimage\"},\"thumbnailUrl\":\"https:\\\/\\\/kibrisdakik.com\\\/wp-content\\\/uploads\\\/2025\\\/11\\\/mha-sari-beyaz-862.png\",\"articleSection\":[\"K\u0131br\u0131s\"],\"inLanguage\":\"tr\",\"potentialAction\":[{\"@type\":\"CommentAction\",\"name\":\"Comment\",\"target\":[\"https:\\\/\\\/kibrisdakik.com\\\/?p=99630#respond\"]}]},{\"@type\":\"WebPage\",\"@id\":\"https:\\\/\\\/kibrisdakik.com\\\/?p=99630\",\"url\":\"https:\\\/\\\/kibrisdakik.com\\\/?p=99630\",\"name\":\"LEFKO\u015eA \u015eEH\u0130TLER ANITI\u2019NDA T\u00d6REN GER\u00c7EKLE\u015eT\u0130R\u0130LD\u0130 -\",\"isPartOf\":{\"@id\":\"https:\\\/\\\/kibrisdakik.com\\\/#website\"},\"primaryImageOfPage\":{\"@id\":\"https:\\\/\\\/kibrisdakik.com\\\/?p=99630#primaryimage\"},\"image\":{\"@id\":\"https:\\\/\\\/kibrisdakik.com\\\/?p=99630#primaryimage\"},\"thumbnailUrl\":\"https:\\\/\\\/kibrisdakik.com\\\/wp-content\\\/uploads\\\/2025\\\/11\\\/mha-sari-beyaz-862.png\",\"datePublished\":\"2025-11-15T07:58:06+00:00\",\"breadcrumb\":{\"@id\":\"https:\\\/\\\/kibrisdakik.com\\\/?p=99630#breadcrumb\"},\"inLanguage\":\"tr\",\"potentialAction\":[{\"@type\":\"ReadAction\",\"target\":[\"https:\\\/\\\/kibrisdakik.com\\\/?p=99630\"]}]},{\"@type\":\"ImageObject\",\"inLanguage\":\"tr\",\"@id\":\"https:\\\/\\\/kibrisdakik.com\\\/?p=99630#primaryimage\",\"url\":\"https:\\\/\\\/kibrisdakik.com\\\/wp-content\\\/uploads\\\/2025\\\/11\\\/mha-sari-beyaz-862.png\",\"contentUrl\":\"https:\\\/\\\/kibrisdakik.com\\\/wp-content\\\/uploads\\\/2025\\\/11\\\/mha-sari-beyaz-862.png\",\"width\":1280,\"height\":720},{\"@type\":\"BreadcrumbList\",\"@id\":\"https:\\\/\\\/kibrisdakik.com\\\/?p=99630#breadcrumb\",\"itemListElement\":[{\"@type\":\"ListItem\",\"position\":1,\"name\":\"Home\",\"item\":\"https:\\\/\\\/kibrisdakik.com\\\/\"},{\"@type\":\"ListItem\",\"position\":2,\"name\":\"LEFKO\u015eA \u015eEH\u0130TLER ANITI\u2019NDA T\u00d6REN GER\u00c7EKLE\u015eT\u0130R\u0130LD\u0130\"}]},{\"@type\":\"WebSite\",\"@id\":\"https:\\\/\\\/kibrisdakik.com\\\/#website\",\"url\":\"https:\\\/\\\/kibrisdakik.com\\\/\",\"name\":\"K\u0131br\u0131s Dakik\",\"description\":\"Tam vaktinde haber\",\"publisher\":{\"@id\":\"https:\\\/\\\/kibrisdakik.com\\\/#organization\"},\"potentialAction\":[{\"@type\":\"SearchAction\",\"target\":{\"@type\":\"EntryPoint\",\"urlTemplate\":\"https:\\\/\\\/kibrisdakik.com\\\/?s={search_term_string}\"},\"query-input\":{\"@type\":\"PropertyValueSpecification\",\"valueRequired\":true,\"valueName\":\"search_term_string\"}}],\"inLanguage\":\"tr\"},{\"@type\":\"Organization\",\"@id\":\"https:\\\/\\\/kibrisdakik.com\\\/#organization\",\"name\":\"K\u0131br\u0131s Dakik\",\"url\":\"https:\\\/\\\/kibrisdakik.com\\\/\",\"logo\":{\"@type\":\"ImageObject\",\"inLanguage\":\"tr\",\"@id\":\"https:\\\/\\\/kibrisdakik.com\\\/#\\\/schema\\\/logo\\\/image\\\/\",\"url\":\"https:\\\/\\\/kibrisdakik.com\\\/wp-content\\\/uploads\\\/2025\\\/10\\\/cropped-WhatsApp-Image-2025-10-02-at-12.58.31.jpeg\",\"contentUrl\":\"https:\\\/\\\/kibrisdakik.com\\\/wp-content\\\/uploads\\\/2025\\\/10\\\/cropped-WhatsApp-Image-2025-10-02-at-12.58.31.jpeg\",\"width\":1237,\"height\":190,\"caption\":\"K\u0131br\u0131s Dakik\"},\"image\":{\"@id\":\"https:\\\/\\\/kibrisdakik.com\\\/#\\\/schema\\\/logo\\\/image\\\/\"}},{\"@type\":\"Person\",\"@id\":\"https:\\\/\\\/kibrisdakik.com\\\/#\\\/schema\\\/person\\\/9cd9d437bbb44f72b73ba127e06d8e79\",\"name\":\"admin\",\"image\":{\"@type\":\"ImageObject\",\"inLanguage\":\"tr\",\"@id\":\"https:\\\/\\\/secure.gravatar.com\\\/avatar\\\/ccc17943b9d660506c869530f897617f7cb1c21a4bf30023f252596d83e1f007?s=96&d=mm&r=g\",\"url\":\"https:\\\/\\\/secure.gravatar.com\\\/avatar\\\/ccc17943b9d660506c869530f897617f7cb1c21a4bf30023f252596d83e1f007?s=96&d=mm&r=g\",\"contentUrl\":\"https:\\\/\\\/secure.gravatar.com\\\/avatar\\\/ccc17943b9d660506c869530f897617f7cb1c21a4bf30023f252596d83e1f007?s=96&d=mm&r=g\",\"caption\":\"admin\"},\"sameAs\":[\"https:\\\/\\\/kibrisdakik.com\"],\"url\":\"https:\\\/\\\/kibrisdakik.com\\\/?author=1\"}]}<\/script>\n<!-- \/ Yoast SEO plugin. -->","yoast_head_json":{"title":"LEFKO\u015eA \u015eEH\u0130TLER ANITI\u2019NDA T\u00d6REN GER\u00c7EKLE\u015eT\u0130R\u0130LD\u0130 -","robots":{"index":"index","follow":"follow","max-snippet":"max-snippet:-1","max-image-preview":"max-image-preview:large","max-video-preview":"max-video-preview:-1"},"canonical":"https:\/\/kibrisdakik.com\/?p=99630","og_locale":"tr_TR","og_type":"article","og_title":"LEFKO\u015eA \u015eEH\u0130TLER ANITI\u2019NDA T\u00d6REN GER\u00c7EKLE\u015eT\u0130R\u0130LD\u0130 -","og_description":"KKTC\u2019nin kurulu\u015f y\u0131l d\u00f6n\u00fcm\u00fc \u00e7er\u00e7evesinde Lefko\u015fa \u015eehitler An\u0131t\u0131\u2019nda t\u00f6ren d\u00fczenlendi. T\u00f6rene Lefko\u015fa Kaymakam\u0131 Cemal Kuyucu, K\u0131br\u0131s T\u00fcrk Bar\u0131\u015f Kuvvetleri Komutanl\u0131\u011f\u0131 ad\u0131na Piyade Kurmay Albay Ali Karaka\u015f, G\u00fcvenlik Kuvvetleri Komutanl\u0131\u011f\u0131 ad\u0131na Piyade Komando Kurmay Albay Hayati Kaya, baz\u0131 \u00f6rg\u00fct ve siyasi partilerden temsilciler kat\u0131ld\u0131. T\u00f6ren, an\u0131ta \u00e7elenk konulmas\u0131n\u0131n ard\u0131ndan sayg\u0131 duru\u015fu ve \u0130stiklal Mar\u015f\u0131 e\u015fli\u011finde bayraklar\u0131n","og_url":"https:\/\/kibrisdakik.com\/?p=99630","article_published_time":"2025-11-15T07:58:06+00:00","og_image":[{"width":1280,"height":720,"url":"https:\/\/kibrisdakik.com\/wp-content\/uploads\/2025\/11\/mha-sari-beyaz-862.png","type":"image\/png"}],"author":"admin","twitter_card":"summary_large_image","twitter_misc":{"Yazan:":"admin","Tahmini okuma s\u00fcresi":"3 dakika"},"schema":{"@context":"https:\/\/schema.org","@graph":[{"@type":"Article","@id":"https:\/\/kibrisdakik.com\/?p=99630#article","isPartOf":{"@id":"https:\/\/kibrisdakik.com\/?p=99630"},"author":{"name":"admin","@id":"https:\/\/kibrisdakik.com\/#\/schema\/person\/9cd9d437bbb44f72b73ba127e06d8e79"},"headline":"LEFKO\u015eA \u015eEH\u0130TLER ANITI\u2019NDA T\u00d6REN GER\u00c7EKLE\u015eT\u0130R\u0130LD\u0130","datePublished":"2025-11-15T07:58:06+00:00","mainEntityOfPage":{"@id":"https:\/\/kibrisdakik.com\/?p=99630"},"wordCount":583,"commentCount":0,"publisher":{"@id":"https:\/\/kibrisdakik.com\/#organization"},"image":{"@id":"https:\/\/kibrisdakik.com\/?p=99630#primaryimage"},"thumbnailUrl":"https:\/\/kibrisdakik.com\/wp-content\/uploads\/2025\/11\/mha-sari-beyaz-862.png","articleSection":["K\u0131br\u0131s"],"inLanguage":"tr","potentialAction":[{"@type":"CommentAction","name":"Comment","target":["https:\/\/kibrisdakik.com\/?p=99630#respond"]}]},{"@type":"WebPage","@id":"https:\/\/kibrisdakik.com\/?p=99630","url":"https:\/\/kibrisdakik.com\/?p=99630","name":"LEFKO\u015eA \u015eEH\u0130TLER ANITI\u2019NDA T\u00d6REN GER\u00c7EKLE\u015eT\u0130R\u0130LD\u0130 -","isPartOf":{"@id":"https:\/\/kibrisdakik.com\/#website"},"primaryImageOfPage":{"@id":"https:\/\/kibrisdakik.com\/?p=99630#primaryimage"},"image":{"@id":"https:\/\/kibrisdakik.com\/?p=99630#primaryimage"},"thumbnailUrl":"https:\/\/kibrisdakik.com\/wp-content\/uploads\/2025\/11\/mha-sari-beyaz-862.png","datePublished":"2025-11-15T07:58:06+00:00","breadcrumb":{"@id":"https:\/\/kibrisdakik.com\/?p=99630#breadcrumb"},"inLanguage":"tr","potentialAction":[{"@type":"ReadAction","target":["https:\/\/kibrisdakik.com\/?p=99630"]}]},{"@type":"ImageObject","inLanguage":"tr","@id":"https:\/\/kibrisdakik.com\/?p=99630#primaryimage","url":"https:\/\/kibrisdakik.com\/wp-content\/uploads\/2025\/11\/mha-sari-beyaz-862.png","contentUrl":"https:\/\/kibrisdakik.com\/wp-content\/uploads\/2025\/11\/mha-sari-beyaz-862.png","width":1280,"height":720},{"@type":"BreadcrumbList","@id":"https:\/\/kibrisdakik.com\/?p=99630#breadcrumb","itemListElement":[{"@type":"ListItem","position":1,"name":"Home","item":"https:\/\/kibrisdakik.com\/"},{"@type":"ListItem","position":2,"name":"LEFKO\u015eA \u015eEH\u0130TLER ANITI\u2019NDA T\u00d6REN GER\u00c7EKLE\u015eT\u0130R\u0130LD\u0130"}]},{"@type":"WebSite","@id":"https:\/\/kibrisdakik.com\/#website","url":"https:\/\/kibrisdakik.com\/","name":"K\u0131br\u0131s Dakik","description":"Tam vaktinde haber","publisher":{"@id":"https:\/\/kibrisdakik.com\/#organization"},"potentialAction":[{"@type":"SearchAction","target":{"@type":"EntryPoint","urlTemplate":"https:\/\/kibrisdakik.com\/?s={search_term_string}"},"query-input":{"@type":"PropertyValueSpecification","valueRequired":true,"valueName":"search_term_string"}}],"inLanguage":"tr"},{"@type":"Organization","@id":"https:\/\/kibrisdakik.com\/#organization","name":"K\u0131br\u0131s Dakik","url":"https:\/\/kibrisdakik.com\/","logo":{"@type":"ImageObject","inLanguage":"tr","@id":"https:\/\/kibrisdakik.com\/#\/schema\/logo\/image\/","url":"https:\/\/kibrisdakik.com\/wp-content\/uploads\/2025\/10\/cropped-WhatsApp-Image-2025-10-02-at-12.58.31.jpeg","contentUrl":"https:\/\/kibrisdakik.com\/wp-content\/uploads\/2025\/10\/cropped-WhatsApp-Image-2025-10-02-at-12.58.31.jpeg","width":1237,"height":190,"caption":"K\u0131br\u0131s Dakik"},"image":{"@id":"https:\/\/kibrisdakik.com\/#\/schema\/logo\/image\/"}},{"@type":"Person","@id":"https:\/\/kibrisdakik.com\/#\/schema\/person\/9cd9d437bbb44f72b73ba127e06d8e79","name":"admin","image":{"@type":"ImageObject","inLanguage":"tr","@id":"https:\/\/secure.gravatar.com\/avatar\/ccc17943b9d660506c869530f897617f7cb1c21a4bf30023f252596d83e1f007?s=96&d=mm&r=g","url":"https:\/\/secure.gravatar.com\/avatar\/ccc17943b9d660506c869530f897617f7cb1c21a4bf30023f252596d83e1f007?s=96&d=mm&r=g","contentUrl":"https:\/\/secure.gravatar.com\/avatar\/ccc17943b9d660506c869530f897617f7cb1c21a4bf30023f252596d83e1f007?s=96&d=mm&r=g","caption":"admin"},"sameAs":["https:\/\/kibrisdakik.com"],"url":"https:\/\/kibrisdakik.com\/?author=1"}]}},"_links":{"self":[{"href":"https:\/\/kibrisdakik.com\/index.php?rest_route=\/wp\/v2\/posts\/99630","targetHints":{"allow":["GET"]}}],"collection":[{"href":"https:\/\/kibrisdakik.com\/index.php?rest_route=\/wp\/v2\/posts"}],"about":[{"href":"https:\/\/kibrisdakik.com\/index.php?rest_route=\/wp\/v2\/types\/post"}],"author":[{"embeddable":true,"href":"https:\/\/kibrisdakik.com\/index.php?rest_route=\/wp\/v2\/users\/1"}],"replies":[{"embeddable":true,"href":"https:\/\/kibrisdakik.com\/index.php?rest_route=%2Fwp%2Fv2%2Fcomments&post=99630"}],"version-history":[{"count":0,"href":"https:\/\/kibrisdakik.com\/index.php?rest_route=\/wp\/v2\/posts\/99630\/revisions"}],"wp:featuredmedia":[{"embeddable":true,"href":"https:\/\/kibrisdakik.com\/index.php?rest_route=\/wp\/v2\/media\/99631"}],"wp:attachment":[{"href":"https:\/\/kibrisdakik.com\/index.php?rest_route=%2Fwp%2Fv2%2Fmedia&parent=99630"}],"wp:term":[{"taxonomy":"category","embeddable":true,"href":"https:\/\/kibrisdakik.com\/index.php?rest_route=%2Fwp%2Fv2%2Fcategories&post=99630"},{"taxonomy":"post_tag","embeddable":true,"href":"https:\/\/kibrisdakik.com\/index.php?rest_route=%2Fwp%2Fv2%2Ftags&post=99630"}],"curies":[{"name":"wp","href":"https:\/\/api.w.org\/{rel}","templated":true}]}}