{"id":99663,"date":"2025-11-15T13:06:04","date_gmt":"2025-11-15T11:06:04","guid":{"rendered":"https:\/\/kibrisdakik.com\/index.php\/2025\/11\/15\/kktcnin-42-kurulus-yil-donumu-izmirde-torenle-kutlandi\/"},"modified":"2025-11-15T13:06:04","modified_gmt":"2025-11-15T11:06:04","slug":"kktcnin-42-kurulus-yil-donumu-izmirde-torenle-kutlandi","status":"publish","type":"post","link":"https:\/\/kibrisdakik.com\/?p=99663","title":{"rendered":"KKTC&#8217;N\u0130N 42. KURULU\u015e YIL D\u00d6N\u00dcM\u00dc \u0130ZM\u0130R&#8217;DE T\u00d6RENLE KUTLANDI"},"content":{"rendered":"<p><\/p>\n<div data-text-id=\"189691\" property=\"articleBody\">\n<p>\u0130zmir&#8217;de Kuzey K\u0131br\u0131s T\u00fcrk Cumhuriyeti&#8217;nin (KKTC) 42. kurulu\u015f y\u0131l d\u00f6n\u00fcm\u00fc dolay\u0131s\u0131yla t\u00f6ren d\u00fczenlendi.<\/p>\n<p>Cumhuriyet Meydan\u0131&#8217;ndaki t\u00f6rende Atat\u00fcrk An\u0131t\u0131&#8217;na \u00e7elenk sunuldu, sayg\u0131 duru\u015funda bulunuldu ve \u0130stiklal Mar\u015f\u0131 okundu.<\/p>\n<p>T\u00f6rende konu\u015fan KKTC&#8217;nin \u0130zmir Ba\u015fkonsolosu Mustafa Davulcu, Azerbaycan-G\u00fcrcistan s\u0131n\u0131r\u0131nda C130 tipi askeri kargo u\u00e7a\u011f\u0131 ile H\u0131rvatistan&#8217;da bulunan Orman Genel M\u00fcd\u00fcrl\u00fc\u011f\u00fcne (OGM) ait yang\u0131n s\u00f6nd\u00fcrme u\u00e7a\u011f\u0131n\u0131n d\u00fc\u015fmesi sonucu \u015fehit olan askerler ve pilota Allah&#8217;tan rahmet diledi.<\/p>\n<p>KKTC&#8217;nin kurulu\u015funun, \u00f6zg\u00fcrl\u00fck ve varolu\u015f m\u00fccadelesinin bir sonucu oldu\u011funu ifade eden Davulcu, K\u0131br\u0131s T\u00fcrk halk\u0131n\u0131n her t\u00fcrl\u00fc yokluk ve bask\u0131ya ra\u011fmen umudunu ve gelece\u011fe olan inanc\u0131n\u0131 yitirmedi\u011fini s\u00f6yledi.<\/p>\n<p>Davulcu, halk\u0131n azmi ve T\u00fcrkiye Cumhuriyeti&#8217;nin deste\u011fiyle KKTC&#8217;nin g\u00fc\u00e7l\u00fc devlet yap\u0131s\u0131na ve demokrasi k\u00fclt\u00fcr\u00fcne kavu\u015ftu\u011funu dile getirerek, \u015funlar\u0131 kaydetti:<\/p>\n<p>&#8220;Bug\u00fcn Kuzey K\u0131br\u0131s T\u00fcrk Cumhuriyeti sosyal ve hukuk devleti ilkelerine ba\u011fl\u0131 y\u00fcksek \u00f6\u011frenim, tar\u0131m ve hizmet sekt\u00f6rlerinde \u00f6nemli ba\u015far\u0131lar elde etmi\u015f, halk\u0131n\u0131n refah d\u00fczeyini istikrarl\u0131 \u015fekilde y\u00fckselten bir \u00fclke konumundad\u0131r. Bu geli\u015fmeler K\u0131br\u0131s T\u00fcrk halk\u0131n\u0131n me\u015fru haklar\u0131n\u0131n ve varl\u0131\u011f\u0131n\u0131n d\u00fcnya kamuoyunda giderek daha fazla tan\u0131nmas\u0131n\u0131n \u00f6nemli bir g\u00f6stergesidir. Anavatan T\u00fcrkiye, her d\u00f6nemde oldu\u011fu gibi bug\u00fcn de K\u0131br\u0131s T\u00fcrk halk\u0131n\u0131n g\u00fcvenli\u011fi, refah\u0131 ve uluslararas\u0131 toplumda hak etti\u011fi yeri alabilmesi i\u00e7in \u00e7abalar\u0131n\u0131 s\u00fcrd\u00fcrmektedir.&#8221;<img loading=\"lazy\" decoding=\"async\" height=\"2656\" src=\"https:\/\/mhahabercom.teimg.com\/mhahaber-com\/uploads\/2025\/11\/1763199280627-a-a-20251115-39712705-39712703-k-k-t-c-n-i-n-42-k-u-r-u-l-u-s-y-i-l-d-o-n-u-m-u-i-z-m-i-r-d-e-t-o-r-e-n-l-e-k-u-t-l-a-n-d-i.jpg\" width=\"3984\"\/><\/p>\n<p>Davulcu, Cumhurba\u015fkan\u0131 Recep Tayyip Erdo\u011fan&#8217;\u0131n Birle\u015fmi\u015f Milletler Genel Kurulu k\u00fcrs\u00fcs\u00fcnden Kuzey K\u0131br\u0131s T\u00fcrk Cumhuriyeti&#8217;nin tan\u0131nmas\u0131na ili\u015fkin yapt\u0131\u011f\u0131 \u00e7a\u011fr\u0131lar\u0131n da \u00e7ok k\u0131ymetli oldu\u011funu vurgulad\u0131.<\/p>\n<p>T\u00f6rene, protokol \u00fcyeleri, gaziler ve vatanda\u015flar kat\u0131ld\u0131.<\/p>\n<\/p><\/div>\n","protected":false},"excerpt":{"rendered":"<p>\u0130zmir&#8217;de Kuzey K\u0131br\u0131s T\u00fcrk Cumhuriyeti&#8217;nin (KKTC) 42. kurulu\u015f y\u0131l d\u00f6n\u00fcm\u00fc dolay\u0131s\u0131yla t\u00f6ren d\u00fczenlendi. Cumhuriyet Meydan\u0131&#8217;ndaki t\u00f6rende Atat\u00fcrk An\u0131t\u0131&#8217;na \u00e7elenk sunuldu, sayg\u0131 duru\u015funda bulunuldu ve \u0130stiklal Mar\u015f\u0131 okundu. T\u00f6rende konu\u015fan KKTC&#8217;nin \u0130zmir Ba\u015fkonsolosu Mustafa Davulcu, Azerbaycan-G\u00fcrcistan s\u0131n\u0131r\u0131nda C130 tipi askeri kargo u\u00e7a\u011f\u0131 ile H\u0131rvatistan&#8217;da bulunan Orman Genel M\u00fcd\u00fcrl\u00fc\u011f\u00fcne (OGM) ait yang\u0131n s\u00f6nd\u00fcrme u\u00e7a\u011f\u0131n\u0131n d\u00fc\u015fmesi sonucu \u015fehit<\/p>\n","protected":false},"author":1,"featured_media":99664,"comment_status":"open","ping_status":"open","sticky":false,"template":"","format":"standard","meta":{"footnotes":""},"categories":[81],"tags":[],"class_list":["post-99663","post","type-post","status-publish","format-standard","has-post-thumbnail","hentry","category-kibris"],"yoast_head":"<!-- This site is optimized with the Yoast SEO plugin v27.4 - https:\/\/yoast.com\/product\/yoast-seo-wordpress\/ -->\n<title>KKTC&#039;N\u0130N 42. KURULU\u015e YIL D\u00d6N\u00dcM\u00dc \u0130ZM\u0130R&#039;DE T\u00d6RENLE KUTLANDI -<\/title>\n<meta name=\"robots\" content=\"index, follow, max-snippet:-1, max-image-preview:large, max-video-preview:-1\" \/>\n<link rel=\"canonical\" href=\"https:\/\/kibrisdakik.com\/?p=99663\" \/>\n<meta property=\"og:locale\" content=\"tr_TR\" \/>\n<meta property=\"og:type\" content=\"article\" \/>\n<meta property=\"og:title\" content=\"KKTC&#039;N\u0130N 42. KURULU\u015e YIL D\u00d6N\u00dcM\u00dc \u0130ZM\u0130R&#039;DE T\u00d6RENLE KUTLANDI -\" \/>\n<meta property=\"og:description\" content=\"\u0130zmir&#8217;de Kuzey K\u0131br\u0131s T\u00fcrk Cumhuriyeti&#8217;nin (KKTC) 42. kurulu\u015f y\u0131l d\u00f6n\u00fcm\u00fc dolay\u0131s\u0131yla t\u00f6ren d\u00fczenlendi. Cumhuriyet Meydan\u0131&#8217;ndaki t\u00f6rende Atat\u00fcrk An\u0131t\u0131&#8217;na \u00e7elenk sunuldu, sayg\u0131 duru\u015funda bulunuldu ve \u0130stiklal Mar\u015f\u0131 okundu. T\u00f6rende konu\u015fan KKTC&#8217;nin \u0130zmir Ba\u015fkonsolosu Mustafa Davulcu, Azerbaycan-G\u00fcrcistan s\u0131n\u0131r\u0131nda C130 tipi askeri kargo u\u00e7a\u011f\u0131 ile H\u0131rvatistan&#8217;da bulunan Orman Genel M\u00fcd\u00fcrl\u00fc\u011f\u00fcne (OGM) ait yang\u0131n s\u00f6nd\u00fcrme u\u00e7a\u011f\u0131n\u0131n d\u00fc\u015fmesi sonucu \u015fehit\" \/>\n<meta property=\"og:url\" content=\"https:\/\/kibrisdakik.com\/?p=99663\" \/>\n<meta property=\"article:published_time\" content=\"2025-11-15T11:06:04+00:00\" \/>\n<meta property=\"og:image\" content=\"https:\/\/kibrisdakik.com\/wp-content\/uploads\/2025\/11\/mha-sari-beyaz-873.png\" \/>\n\t<meta property=\"og:image:width\" content=\"1280\" \/>\n\t<meta property=\"og:image:height\" content=\"720\" \/>\n\t<meta property=\"og:image:type\" content=\"image\/png\" \/>\n<meta name=\"author\" content=\"admin\" \/>\n<meta name=\"twitter:card\" content=\"summary_large_image\" \/>\n<meta name=\"twitter:label1\" content=\"Yazan:\" \/>\n\t<meta name=\"twitter:data1\" content=\"admin\" \/>\n\t<meta name=\"twitter:label2\" content=\"Tahmini okuma s\u00fcresi\" \/>\n\t<meta name=\"twitter:data2\" content=\"2 dakika\" \/>\n<script type=\"application\/ld+json\" class=\"yoast-schema-graph\">{\"@context\":\"https:\\\/\\\/schema.org\",\"@graph\":[{\"@type\":\"Article\",\"@id\":\"https:\\\/\\\/kibrisdakik.com\\\/?p=99663#article\",\"isPartOf\":{\"@id\":\"https:\\\/\\\/kibrisdakik.com\\\/?p=99663\"},\"author\":{\"name\":\"admin\",\"@id\":\"https:\\\/\\\/kibrisdakik.com\\\/#\\\/schema\\\/person\\\/9cd9d437bbb44f72b73ba127e06d8e79\"},\"headline\":\"KKTC&#8217;N\u0130N 42. KURULU\u015e YIL D\u00d6N\u00dcM\u00dc \u0130ZM\u0130R&#8217;DE T\u00d6RENLE KUTLANDI\",\"datePublished\":\"2025-11-15T11:06:04+00:00\",\"mainEntityOfPage\":{\"@id\":\"https:\\\/\\\/kibrisdakik.com\\\/?p=99663\"},\"wordCount\":352,\"commentCount\":0,\"image\":{\"@id\":\"https:\\\/\\\/kibrisdakik.com\\\/?p=99663#primaryimage\"},\"thumbnailUrl\":\"https:\\\/\\\/kibrisdakik.com\\\/wp-content\\\/uploads\\\/2025\\\/11\\\/mha-sari-beyaz-873.png\",\"articleSection\":[\"K\u0131br\u0131s\"],\"inLanguage\":\"tr\",\"potentialAction\":[{\"@type\":\"CommentAction\",\"name\":\"Comment\",\"target\":[\"https:\\\/\\\/kibrisdakik.com\\\/?p=99663#respond\"]}]},{\"@type\":\"WebPage\",\"@id\":\"https:\\\/\\\/kibrisdakik.com\\\/?p=99663\",\"url\":\"https:\\\/\\\/kibrisdakik.com\\\/?p=99663\",\"name\":\"KKTC'N\u0130N 42. KURULU\u015e YIL D\u00d6N\u00dcM\u00dc \u0130ZM\u0130R'DE T\u00d6RENLE KUTLANDI -\",\"isPartOf\":{\"@id\":\"https:\\\/\\\/kibrisdakik.com\\\/#website\"},\"primaryImageOfPage\":{\"@id\":\"https:\\\/\\\/kibrisdakik.com\\\/?p=99663#primaryimage\"},\"image\":{\"@id\":\"https:\\\/\\\/kibrisdakik.com\\\/?p=99663#primaryimage\"},\"thumbnailUrl\":\"https:\\\/\\\/kibrisdakik.com\\\/wp-content\\\/uploads\\\/2025\\\/11\\\/mha-sari-beyaz-873.png\",\"datePublished\":\"2025-11-15T11:06:04+00:00\",\"author\":{\"@id\":\"https:\\\/\\\/kibrisdakik.com\\\/#\\\/schema\\\/person\\\/9cd9d437bbb44f72b73ba127e06d8e79\"},\"breadcrumb\":{\"@id\":\"https:\\\/\\\/kibrisdakik.com\\\/?p=99663#breadcrumb\"},\"inLanguage\":\"tr\",\"potentialAction\":[{\"@type\":\"ReadAction\",\"target\":[\"https:\\\/\\\/kibrisdakik.com\\\/?p=99663\"]}]},{\"@type\":\"ImageObject\",\"inLanguage\":\"tr\",\"@id\":\"https:\\\/\\\/kibrisdakik.com\\\/?p=99663#primaryimage\",\"url\":\"https:\\\/\\\/kibrisdakik.com\\\/wp-content\\\/uploads\\\/2025\\\/11\\\/mha-sari-beyaz-873.png\",\"contentUrl\":\"https:\\\/\\\/kibrisdakik.com\\\/wp-content\\\/uploads\\\/2025\\\/11\\\/mha-sari-beyaz-873.png\",\"width\":1280,\"height\":720},{\"@type\":\"BreadcrumbList\",\"@id\":\"https:\\\/\\\/kibrisdakik.com\\\/?p=99663#breadcrumb\",\"itemListElement\":[{\"@type\":\"ListItem\",\"position\":1,\"name\":\"Home\",\"item\":\"https:\\\/\\\/kibrisdakik.com\\\/\"},{\"@type\":\"ListItem\",\"position\":2,\"name\":\"KKTC&#8217;N\u0130N 42. KURULU\u015e YIL D\u00d6N\u00dcM\u00dc \u0130ZM\u0130R&#8217;DE T\u00d6RENLE KUTLANDI\"}]},{\"@type\":\"WebSite\",\"@id\":\"https:\\\/\\\/kibrisdakik.com\\\/#website\",\"url\":\"https:\\\/\\\/kibrisdakik.com\\\/\",\"name\":\"\",\"description\":\"Tam vaktinde haber\",\"potentialAction\":[{\"@type\":\"SearchAction\",\"target\":{\"@type\":\"EntryPoint\",\"urlTemplate\":\"https:\\\/\\\/kibrisdakik.com\\\/?s={search_term_string}\"},\"query-input\":{\"@type\":\"PropertyValueSpecification\",\"valueRequired\":true,\"valueName\":\"search_term_string\"}}],\"inLanguage\":\"tr\"},{\"@type\":\"Person\",\"@id\":\"https:\\\/\\\/kibrisdakik.com\\\/#\\\/schema\\\/person\\\/9cd9d437bbb44f72b73ba127e06d8e79\",\"name\":\"admin\",\"image\":{\"@type\":\"ImageObject\",\"inLanguage\":\"tr\",\"@id\":\"https:\\\/\\\/secure.gravatar.com\\\/avatar\\\/ccc17943b9d660506c869530f897617f7cb1c21a4bf30023f252596d83e1f007?s=96&d=mm&r=g\",\"url\":\"https:\\\/\\\/secure.gravatar.com\\\/avatar\\\/ccc17943b9d660506c869530f897617f7cb1c21a4bf30023f252596d83e1f007?s=96&d=mm&r=g\",\"contentUrl\":\"https:\\\/\\\/secure.gravatar.com\\\/avatar\\\/ccc17943b9d660506c869530f897617f7cb1c21a4bf30023f252596d83e1f007?s=96&d=mm&r=g\",\"caption\":\"admin\"},\"sameAs\":[\"https:\\\/\\\/kibrisdakik.com\"],\"url\":\"https:\\\/\\\/kibrisdakik.com\\\/?author=1\"}]}<\/script>\n<!-- \/ Yoast SEO plugin. -->","yoast_head_json":{"title":"KKTC'N\u0130N 42. KURULU\u015e YIL D\u00d6N\u00dcM\u00dc \u0130ZM\u0130R'DE T\u00d6RENLE KUTLANDI -","robots":{"index":"index","follow":"follow","max-snippet":"max-snippet:-1","max-image-preview":"max-image-preview:large","max-video-preview":"max-video-preview:-1"},"canonical":"https:\/\/kibrisdakik.com\/?p=99663","og_locale":"tr_TR","og_type":"article","og_title":"KKTC'N\u0130N 42. KURULU\u015e YIL D\u00d6N\u00dcM\u00dc \u0130ZM\u0130R'DE T\u00d6RENLE KUTLANDI -","og_description":"\u0130zmir&#8217;de Kuzey K\u0131br\u0131s T\u00fcrk Cumhuriyeti&#8217;nin (KKTC) 42. kurulu\u015f y\u0131l d\u00f6n\u00fcm\u00fc dolay\u0131s\u0131yla t\u00f6ren d\u00fczenlendi. Cumhuriyet Meydan\u0131&#8217;ndaki t\u00f6rende Atat\u00fcrk An\u0131t\u0131&#8217;na \u00e7elenk sunuldu, sayg\u0131 duru\u015funda bulunuldu ve \u0130stiklal Mar\u015f\u0131 okundu. T\u00f6rende konu\u015fan KKTC&#8217;nin \u0130zmir Ba\u015fkonsolosu Mustafa Davulcu, Azerbaycan-G\u00fcrcistan s\u0131n\u0131r\u0131nda C130 tipi askeri kargo u\u00e7a\u011f\u0131 ile H\u0131rvatistan&#8217;da bulunan Orman Genel M\u00fcd\u00fcrl\u00fc\u011f\u00fcne (OGM) ait yang\u0131n s\u00f6nd\u00fcrme u\u00e7a\u011f\u0131n\u0131n d\u00fc\u015fmesi sonucu \u015fehit","og_url":"https:\/\/kibrisdakik.com\/?p=99663","article_published_time":"2025-11-15T11:06:04+00:00","og_image":[{"width":1280,"height":720,"url":"https:\/\/kibrisdakik.com\/wp-content\/uploads\/2025\/11\/mha-sari-beyaz-873.png","type":"image\/png"}],"author":"admin","twitter_card":"summary_large_image","twitter_misc":{"Yazan:":"admin","Tahmini okuma s\u00fcresi":"2 dakika"},"schema":{"@context":"https:\/\/schema.org","@graph":[{"@type":"Article","@id":"https:\/\/kibrisdakik.com\/?p=99663#article","isPartOf":{"@id":"https:\/\/kibrisdakik.com\/?p=99663"},"author":{"name":"admin","@id":"https:\/\/kibrisdakik.com\/#\/schema\/person\/9cd9d437bbb44f72b73ba127e06d8e79"},"headline":"KKTC&#8217;N\u0130N 42. KURULU\u015e YIL D\u00d6N\u00dcM\u00dc \u0130ZM\u0130R&#8217;DE T\u00d6RENLE KUTLANDI","datePublished":"2025-11-15T11:06:04+00:00","mainEntityOfPage":{"@id":"https:\/\/kibrisdakik.com\/?p=99663"},"wordCount":352,"commentCount":0,"image":{"@id":"https:\/\/kibrisdakik.com\/?p=99663#primaryimage"},"thumbnailUrl":"https:\/\/kibrisdakik.com\/wp-content\/uploads\/2025\/11\/mha-sari-beyaz-873.png","articleSection":["K\u0131br\u0131s"],"inLanguage":"tr","potentialAction":[{"@type":"CommentAction","name":"Comment","target":["https:\/\/kibrisdakik.com\/?p=99663#respond"]}]},{"@type":"WebPage","@id":"https:\/\/kibrisdakik.com\/?p=99663","url":"https:\/\/kibrisdakik.com\/?p=99663","name":"KKTC'N\u0130N 42. KURULU\u015e YIL D\u00d6N\u00dcM\u00dc \u0130ZM\u0130R'DE T\u00d6RENLE KUTLANDI -","isPartOf":{"@id":"https:\/\/kibrisdakik.com\/#website"},"primaryImageOfPage":{"@id":"https:\/\/kibrisdakik.com\/?p=99663#primaryimage"},"image":{"@id":"https:\/\/kibrisdakik.com\/?p=99663#primaryimage"},"thumbnailUrl":"https:\/\/kibrisdakik.com\/wp-content\/uploads\/2025\/11\/mha-sari-beyaz-873.png","datePublished":"2025-11-15T11:06:04+00:00","author":{"@id":"https:\/\/kibrisdakik.com\/#\/schema\/person\/9cd9d437bbb44f72b73ba127e06d8e79"},"breadcrumb":{"@id":"https:\/\/kibrisdakik.com\/?p=99663#breadcrumb"},"inLanguage":"tr","potentialAction":[{"@type":"ReadAction","target":["https:\/\/kibrisdakik.com\/?p=99663"]}]},{"@type":"ImageObject","inLanguage":"tr","@id":"https:\/\/kibrisdakik.com\/?p=99663#primaryimage","url":"https:\/\/kibrisdakik.com\/wp-content\/uploads\/2025\/11\/mha-sari-beyaz-873.png","contentUrl":"https:\/\/kibrisdakik.com\/wp-content\/uploads\/2025\/11\/mha-sari-beyaz-873.png","width":1280,"height":720},{"@type":"BreadcrumbList","@id":"https:\/\/kibrisdakik.com\/?p=99663#breadcrumb","itemListElement":[{"@type":"ListItem","position":1,"name":"Home","item":"https:\/\/kibrisdakik.com\/"},{"@type":"ListItem","position":2,"name":"KKTC&#8217;N\u0130N 42. KURULU\u015e YIL D\u00d6N\u00dcM\u00dc \u0130ZM\u0130R&#8217;DE T\u00d6RENLE KUTLANDI"}]},{"@type":"WebSite","@id":"https:\/\/kibrisdakik.com\/#website","url":"https:\/\/kibrisdakik.com\/","name":"","description":"Tam vaktinde haber","potentialAction":[{"@type":"SearchAction","target":{"@type":"EntryPoint","urlTemplate":"https:\/\/kibrisdakik.com\/?s={search_term_string}"},"query-input":{"@type":"PropertyValueSpecification","valueRequired":true,"valueName":"search_term_string"}}],"inLanguage":"tr"},{"@type":"Person","@id":"https:\/\/kibrisdakik.com\/#\/schema\/person\/9cd9d437bbb44f72b73ba127e06d8e79","name":"admin","image":{"@type":"ImageObject","inLanguage":"tr","@id":"https:\/\/secure.gravatar.com\/avatar\/ccc17943b9d660506c869530f897617f7cb1c21a4bf30023f252596d83e1f007?s=96&d=mm&r=g","url":"https:\/\/secure.gravatar.com\/avatar\/ccc17943b9d660506c869530f897617f7cb1c21a4bf30023f252596d83e1f007?s=96&d=mm&r=g","contentUrl":"https:\/\/secure.gravatar.com\/avatar\/ccc17943b9d660506c869530f897617f7cb1c21a4bf30023f252596d83e1f007?s=96&d=mm&r=g","caption":"admin"},"sameAs":["https:\/\/kibrisdakik.com"],"url":"https:\/\/kibrisdakik.com\/?author=1"}]}},"_links":{"self":[{"href":"https:\/\/kibrisdakik.com\/index.php?rest_route=\/wp\/v2\/posts\/99663","targetHints":{"allow":["GET"]}}],"collection":[{"href":"https:\/\/kibrisdakik.com\/index.php?rest_route=\/wp\/v2\/posts"}],"about":[{"href":"https:\/\/kibrisdakik.com\/index.php?rest_route=\/wp\/v2\/types\/post"}],"author":[{"embeddable":true,"href":"https:\/\/kibrisdakik.com\/index.php?rest_route=\/wp\/v2\/users\/1"}],"replies":[{"embeddable":true,"href":"https:\/\/kibrisdakik.com\/index.php?rest_route=%2Fwp%2Fv2%2Fcomments&post=99663"}],"version-history":[{"count":0,"href":"https:\/\/kibrisdakik.com\/index.php?rest_route=\/wp\/v2\/posts\/99663\/revisions"}],"wp:featuredmedia":[{"embeddable":true,"href":"https:\/\/kibrisdakik.com\/index.php?rest_route=\/wp\/v2\/media\/99664"}],"wp:attachment":[{"href":"https:\/\/kibrisdakik.com\/index.php?rest_route=%2Fwp%2Fv2%2Fmedia&parent=99663"}],"wp:term":[{"taxonomy":"category","embeddable":true,"href":"https:\/\/kibrisdakik.com\/index.php?rest_route=%2Fwp%2Fv2%2Fcategories&post=99663"},{"taxonomy":"post_tag","embeddable":true,"href":"https:\/\/kibrisdakik.com\/index.php?rest_route=%2Fwp%2Fv2%2Ftags&post=99663"}],"curies":[{"name":"wp","href":"https:\/\/api.w.org\/{rel}","templated":true}]}}