{"id":99665,"date":"2025-11-15T13:17:24","date_gmt":"2025-11-15T11:17:24","guid":{"rendered":"https:\/\/kibrisdakik.com\/index.php\/2025\/11\/15\/kktc-buyukelcisi-korukoglundan-anitkabir-ziyareti\/"},"modified":"2025-11-15T13:17:24","modified_gmt":"2025-11-15T11:17:24","slug":"kktc-buyukelcisi-korukoglundan-anitkabir-ziyareti","status":"publish","type":"post","link":"https:\/\/kibrisdakik.com\/?p=99665","title":{"rendered":"KKTC B\u00dcY\u00dcKEL\u00c7\u0130S\u0130 KORUKO\u011eLU\u2019NDAN ANITKAB\u0130R Z\u0130YARET\u0130"},"content":{"rendered":"<p><\/p>\n<div data-text-id=\"189695\" property=\"articleBody\">\n<p>KKTC Ankara B\u00fcy\u00fckel\u00e7isi \u0130smet Koruko\u011flu, KKTC&#8217;nin kurulu\u015funun 42. y\u0131l\u0131 dolay\u0131s\u0131yla An\u0131tkabir&#8217;e ziyarette bulundu.<\/p>\n<p>Beraberindeki heyetle Aslanl\u0131 Yol&#8217;dan y\u00fcr\u00fcyerek Gazi Mustafa Kemal Atat\u00fcrk&#8217;\u00fcn mozolesine gelen Koruko\u011flu, \u00e7elenk b\u0131rakarak sayg\u0131 duru\u015funda bulundu.<\/p>\n<p>Daha sonra hat\u0131ra foto\u011fraf\u0131 \u00e7ektiren Koruko\u011flu, An\u0131tkabir \u00d6zel Defteri&#8217;ni imzalad\u0131.<\/p>\n<p>B\u00fcy\u00fckel\u00e7i Koruko\u011flu, deftere \u015funlar\u0131 yazd\u0131:<\/p>\n<p>&#8220;Aziz Atat\u00fcrk, K\u0131br\u0131s T\u00fcrk halk\u0131n\u0131n varolu\u015f m\u00fccadelesinin en y\u00fcce eseri olan KKTC&#8217;nin 42. kurulu\u015f y\u0131l d\u00f6n\u00fcm\u00fcnde manevi huzurunuzda bulunman\u0131n gururunu ve co\u015fkusunu ya\u015f\u0131yoruz. \u0130lke ve ink\u0131laplar\u0131n\u0131z\u0131n ayd\u0131nlatt\u0131\u011f\u0131 yolda y\u00fcr\u00fcyen K\u0131br\u0131s T\u00fcrk halk\u0131, 15 Kas\u0131m 1983&#8217;te kendi kaderini tayin etme hakk\u0131n\u0131 kullanarak Cumhuriyet&#8217;i ilan etmi\u015f ve \u00f6zg\u00fcrl\u00fck m\u00fccadelesini ta\u00e7land\u0131rm\u0131\u015ft\u0131r. Bu kararl\u0131l\u0131k, T\u00fcrk milletinin istiklal ruhunun K\u0131br\u0131s&#8217;taki en g\u00fc\u00e7l\u00fc yans\u0131mas\u0131d\u0131r.<\/p>\n<p>Bug\u00fcn bizler, ba\u011f\u0131ms\u0131zl\u0131\u011f\u0131m\u0131z\u0131n ve egemenli\u011fimizin teminat\u0131 olan KKTC&#8217;yi \u00e7a\u011fda\u015f d\u00fcnyan\u0131n sayg\u0131n bir \u00fcyesi k\u0131lma azmiyle yolumuza devam ediyoruz. Ana vatan T\u00fcrkiye Cumhuriyeti&#8217;nin sars\u0131lmaz deste\u011fi ve K\u0131br\u0131s T\u00fcrk halk\u0131n\u0131n inanc\u0131, gelece\u011fe g\u00fcvenle y\u00fcr\u00fcy\u00fc\u015f\u00fcm\u00fcz\u00fcn en b\u00fcy\u00fck g\u00fcvencesidir. Ak\u0131l, bilim ve \u00f6zg\u00fcr d\u00fc\u015f\u00fcnceyi esas alan vizyonunuz, demokrasinin, hukukun ve insan onurunun temelini olu\u015fturmaktad\u0131r. Bu de\u011ferlere sahip \u00e7\u0131karak Cumhuriyetimizi ya\u015fatmak, bizler i\u00e7in yaln\u0131zca bir g\u00f6rev de\u011fil ayn\u0131 zamanda en b\u00fcy\u00fck onurdur.<\/p>\n<p>Bu anlaml\u0131 g\u00fcnde b\u00fcy\u00fck T\u00fcrk milletine kazand\u0131rd\u0131\u011f\u0131n\u0131z Cumhuriyet idealini bir kez daha sayg\u0131 ve minnetle an\u0131yor, \u015fehitlerimizi rahmetle, gazilerimizi \u015f\u00fckranla yad ediyorum. Ruhunuz \u015fad olsun.&#8221;<\/p>\n<\/p><\/div>\n","protected":false},"excerpt":{"rendered":"<p>KKTC Ankara B\u00fcy\u00fckel\u00e7isi \u0130smet Koruko\u011flu, KKTC&#8217;nin kurulu\u015funun 42. y\u0131l\u0131 dolay\u0131s\u0131yla An\u0131tkabir&#8217;e ziyarette bulundu. Beraberindeki heyetle Aslanl\u0131 Yol&#8217;dan y\u00fcr\u00fcyerek Gazi Mustafa Kemal Atat\u00fcrk&#8217;\u00fcn mozolesine gelen Koruko\u011flu, \u00e7elenk b\u0131rakarak sayg\u0131 duru\u015funda bulundu. Daha sonra hat\u0131ra foto\u011fraf\u0131 \u00e7ektiren Koruko\u011flu, An\u0131tkabir \u00d6zel Defteri&#8217;ni imzalad\u0131. B\u00fcy\u00fckel\u00e7i Koruko\u011flu, deftere \u015funlar\u0131 yazd\u0131: &#8220;Aziz Atat\u00fcrk, K\u0131br\u0131s T\u00fcrk halk\u0131n\u0131n varolu\u015f m\u00fccadelesinin en y\u00fcce eseri<\/p>\n","protected":false},"author":1,"featured_media":99666,"comment_status":"open","ping_status":"open","sticky":false,"template":"","format":"standard","meta":{"footnotes":""},"categories":[81],"tags":[],"class_list":["post-99665","post","type-post","status-publish","format-standard","has-post-thumbnail","hentry","category-kibris"],"yoast_head":"<!-- This site is optimized with the Yoast SEO plugin v27.5 - https:\/\/yoast.com\/product\/yoast-seo-wordpress\/ -->\n<title>KKTC B\u00dcY\u00dcKEL\u00c7\u0130S\u0130 KORUKO\u011eLU\u2019NDAN ANITKAB\u0130R Z\u0130YARET\u0130 -<\/title>\n<meta name=\"robots\" content=\"index, follow, max-snippet:-1, max-image-preview:large, max-video-preview:-1\" \/>\n<link rel=\"canonical\" href=\"https:\/\/kibrisdakik.com\/?p=99665\" \/>\n<meta property=\"og:locale\" content=\"tr_TR\" \/>\n<meta property=\"og:type\" content=\"article\" \/>\n<meta property=\"og:title\" content=\"KKTC B\u00dcY\u00dcKEL\u00c7\u0130S\u0130 KORUKO\u011eLU\u2019NDAN ANITKAB\u0130R Z\u0130YARET\u0130 -\" \/>\n<meta property=\"og:description\" content=\"KKTC Ankara B\u00fcy\u00fckel\u00e7isi \u0130smet Koruko\u011flu, KKTC&#8217;nin kurulu\u015funun 42. y\u0131l\u0131 dolay\u0131s\u0131yla An\u0131tkabir&#8217;e ziyarette bulundu. Beraberindeki heyetle Aslanl\u0131 Yol&#8217;dan y\u00fcr\u00fcyerek Gazi Mustafa Kemal Atat\u00fcrk&#8217;\u00fcn mozolesine gelen Koruko\u011flu, \u00e7elenk b\u0131rakarak sayg\u0131 duru\u015funda bulundu. Daha sonra hat\u0131ra foto\u011fraf\u0131 \u00e7ektiren Koruko\u011flu, An\u0131tkabir \u00d6zel Defteri&#8217;ni imzalad\u0131. B\u00fcy\u00fckel\u00e7i Koruko\u011flu, deftere \u015funlar\u0131 yazd\u0131: &#8220;Aziz Atat\u00fcrk, K\u0131br\u0131s T\u00fcrk halk\u0131n\u0131n varolu\u015f m\u00fccadelesinin en y\u00fcce eseri\" \/>\n<meta property=\"og:url\" content=\"https:\/\/kibrisdakik.com\/?p=99665\" \/>\n<meta property=\"article:published_time\" content=\"2025-11-15T11:17:24+00:00\" \/>\n<meta property=\"og:image\" content=\"https:\/\/kibrisdakik.com\/wp-content\/uploads\/2025\/11\/mha-sari-beyaz-875.png\" \/>\n\t<meta property=\"og:image:width\" content=\"1280\" \/>\n\t<meta property=\"og:image:height\" content=\"720\" \/>\n\t<meta property=\"og:image:type\" content=\"image\/png\" \/>\n<meta name=\"author\" content=\"admin\" \/>\n<meta name=\"twitter:card\" content=\"summary_large_image\" \/>\n<meta name=\"twitter:label1\" content=\"Yazan:\" \/>\n\t<meta name=\"twitter:data1\" content=\"admin\" \/>\n\t<meta name=\"twitter:label2\" content=\"Tahmini okuma s\u00fcresi\" \/>\n\t<meta name=\"twitter:data2\" content=\"2 dakika\" \/>\n<script type=\"application\/ld+json\" class=\"yoast-schema-graph\">{\"@context\":\"https:\\\/\\\/schema.org\",\"@graph\":[{\"@type\":\"Article\",\"@id\":\"https:\\\/\\\/kibrisdakik.com\\\/?p=99665#article\",\"isPartOf\":{\"@id\":\"https:\\\/\\\/kibrisdakik.com\\\/?p=99665\"},\"author\":{\"name\":\"admin\",\"@id\":\"https:\\\/\\\/kibrisdakik.com\\\/#\\\/schema\\\/person\\\/9cd9d437bbb44f72b73ba127e06d8e79\"},\"headline\":\"KKTC B\u00dcY\u00dcKEL\u00c7\u0130S\u0130 KORUKO\u011eLU\u2019NDAN ANITKAB\u0130R Z\u0130YARET\u0130\",\"datePublished\":\"2025-11-15T11:17:24+00:00\",\"mainEntityOfPage\":{\"@id\":\"https:\\\/\\\/kibrisdakik.com\\\/?p=99665\"},\"wordCount\":322,\"commentCount\":0,\"image\":{\"@id\":\"https:\\\/\\\/kibrisdakik.com\\\/?p=99665#primaryimage\"},\"thumbnailUrl\":\"https:\\\/\\\/kibrisdakik.com\\\/wp-content\\\/uploads\\\/2025\\\/11\\\/mha-sari-beyaz-875.png\",\"articleSection\":[\"K\u0131br\u0131s\"],\"inLanguage\":\"tr\",\"potentialAction\":[{\"@type\":\"CommentAction\",\"name\":\"Comment\",\"target\":[\"https:\\\/\\\/kibrisdakik.com\\\/?p=99665#respond\"]}]},{\"@type\":\"WebPage\",\"@id\":\"https:\\\/\\\/kibrisdakik.com\\\/?p=99665\",\"url\":\"https:\\\/\\\/kibrisdakik.com\\\/?p=99665\",\"name\":\"KKTC B\u00dcY\u00dcKEL\u00c7\u0130S\u0130 KORUKO\u011eLU\u2019NDAN ANITKAB\u0130R Z\u0130YARET\u0130 -\",\"isPartOf\":{\"@id\":\"https:\\\/\\\/kibrisdakik.com\\\/#website\"},\"primaryImageOfPage\":{\"@id\":\"https:\\\/\\\/kibrisdakik.com\\\/?p=99665#primaryimage\"},\"image\":{\"@id\":\"https:\\\/\\\/kibrisdakik.com\\\/?p=99665#primaryimage\"},\"thumbnailUrl\":\"https:\\\/\\\/kibrisdakik.com\\\/wp-content\\\/uploads\\\/2025\\\/11\\\/mha-sari-beyaz-875.png\",\"datePublished\":\"2025-11-15T11:17:24+00:00\",\"author\":{\"@id\":\"https:\\\/\\\/kibrisdakik.com\\\/#\\\/schema\\\/person\\\/9cd9d437bbb44f72b73ba127e06d8e79\"},\"breadcrumb\":{\"@id\":\"https:\\\/\\\/kibrisdakik.com\\\/?p=99665#breadcrumb\"},\"inLanguage\":\"tr\",\"potentialAction\":[{\"@type\":\"ReadAction\",\"target\":[\"https:\\\/\\\/kibrisdakik.com\\\/?p=99665\"]}]},{\"@type\":\"ImageObject\",\"inLanguage\":\"tr\",\"@id\":\"https:\\\/\\\/kibrisdakik.com\\\/?p=99665#primaryimage\",\"url\":\"https:\\\/\\\/kibrisdakik.com\\\/wp-content\\\/uploads\\\/2025\\\/11\\\/mha-sari-beyaz-875.png\",\"contentUrl\":\"https:\\\/\\\/kibrisdakik.com\\\/wp-content\\\/uploads\\\/2025\\\/11\\\/mha-sari-beyaz-875.png\",\"width\":1280,\"height\":720},{\"@type\":\"BreadcrumbList\",\"@id\":\"https:\\\/\\\/kibrisdakik.com\\\/?p=99665#breadcrumb\",\"itemListElement\":[{\"@type\":\"ListItem\",\"position\":1,\"name\":\"Home\",\"item\":\"https:\\\/\\\/kibrisdakik.com\\\/\"},{\"@type\":\"ListItem\",\"position\":2,\"name\":\"KKTC B\u00dcY\u00dcKEL\u00c7\u0130S\u0130 KORUKO\u011eLU\u2019NDAN ANITKAB\u0130R Z\u0130YARET\u0130\"}]},{\"@type\":\"WebSite\",\"@id\":\"https:\\\/\\\/kibrisdakik.com\\\/#website\",\"url\":\"https:\\\/\\\/kibrisdakik.com\\\/\",\"name\":\"\",\"description\":\"Tam vaktinde haber\",\"potentialAction\":[{\"@type\":\"SearchAction\",\"target\":{\"@type\":\"EntryPoint\",\"urlTemplate\":\"https:\\\/\\\/kibrisdakik.com\\\/?s={search_term_string}\"},\"query-input\":{\"@type\":\"PropertyValueSpecification\",\"valueRequired\":true,\"valueName\":\"search_term_string\"}}],\"inLanguage\":\"tr\"},{\"@type\":\"Person\",\"@id\":\"https:\\\/\\\/kibrisdakik.com\\\/#\\\/schema\\\/person\\\/9cd9d437bbb44f72b73ba127e06d8e79\",\"name\":\"admin\",\"image\":{\"@type\":\"ImageObject\",\"inLanguage\":\"tr\",\"@id\":\"https:\\\/\\\/secure.gravatar.com\\\/avatar\\\/ccc17943b9d660506c869530f897617f7cb1c21a4bf30023f252596d83e1f007?s=96&d=mm&r=g\",\"url\":\"https:\\\/\\\/secure.gravatar.com\\\/avatar\\\/ccc17943b9d660506c869530f897617f7cb1c21a4bf30023f252596d83e1f007?s=96&d=mm&r=g\",\"contentUrl\":\"https:\\\/\\\/secure.gravatar.com\\\/avatar\\\/ccc17943b9d660506c869530f897617f7cb1c21a4bf30023f252596d83e1f007?s=96&d=mm&r=g\",\"caption\":\"admin\"},\"sameAs\":[\"https:\\\/\\\/kibrisdakik.com\"],\"url\":\"https:\\\/\\\/kibrisdakik.com\\\/?author=1\"}]}<\/script>\n<!-- \/ Yoast SEO plugin. -->","yoast_head_json":{"title":"KKTC B\u00dcY\u00dcKEL\u00c7\u0130S\u0130 KORUKO\u011eLU\u2019NDAN ANITKAB\u0130R Z\u0130YARET\u0130 -","robots":{"index":"index","follow":"follow","max-snippet":"max-snippet:-1","max-image-preview":"max-image-preview:large","max-video-preview":"max-video-preview:-1"},"canonical":"https:\/\/kibrisdakik.com\/?p=99665","og_locale":"tr_TR","og_type":"article","og_title":"KKTC B\u00dcY\u00dcKEL\u00c7\u0130S\u0130 KORUKO\u011eLU\u2019NDAN ANITKAB\u0130R Z\u0130YARET\u0130 -","og_description":"KKTC Ankara B\u00fcy\u00fckel\u00e7isi \u0130smet Koruko\u011flu, KKTC&#8217;nin kurulu\u015funun 42. y\u0131l\u0131 dolay\u0131s\u0131yla An\u0131tkabir&#8217;e ziyarette bulundu. Beraberindeki heyetle Aslanl\u0131 Yol&#8217;dan y\u00fcr\u00fcyerek Gazi Mustafa Kemal Atat\u00fcrk&#8217;\u00fcn mozolesine gelen Koruko\u011flu, \u00e7elenk b\u0131rakarak sayg\u0131 duru\u015funda bulundu. Daha sonra hat\u0131ra foto\u011fraf\u0131 \u00e7ektiren Koruko\u011flu, An\u0131tkabir \u00d6zel Defteri&#8217;ni imzalad\u0131. B\u00fcy\u00fckel\u00e7i Koruko\u011flu, deftere \u015funlar\u0131 yazd\u0131: &#8220;Aziz Atat\u00fcrk, K\u0131br\u0131s T\u00fcrk halk\u0131n\u0131n varolu\u015f m\u00fccadelesinin en y\u00fcce eseri","og_url":"https:\/\/kibrisdakik.com\/?p=99665","article_published_time":"2025-11-15T11:17:24+00:00","og_image":[{"width":1280,"height":720,"url":"https:\/\/kibrisdakik.com\/wp-content\/uploads\/2025\/11\/mha-sari-beyaz-875.png","type":"image\/png"}],"author":"admin","twitter_card":"summary_large_image","twitter_misc":{"Yazan:":"admin","Tahmini okuma s\u00fcresi":"2 dakika"},"schema":{"@context":"https:\/\/schema.org","@graph":[{"@type":"Article","@id":"https:\/\/kibrisdakik.com\/?p=99665#article","isPartOf":{"@id":"https:\/\/kibrisdakik.com\/?p=99665"},"author":{"name":"admin","@id":"https:\/\/kibrisdakik.com\/#\/schema\/person\/9cd9d437bbb44f72b73ba127e06d8e79"},"headline":"KKTC B\u00dcY\u00dcKEL\u00c7\u0130S\u0130 KORUKO\u011eLU\u2019NDAN ANITKAB\u0130R Z\u0130YARET\u0130","datePublished":"2025-11-15T11:17:24+00:00","mainEntityOfPage":{"@id":"https:\/\/kibrisdakik.com\/?p=99665"},"wordCount":322,"commentCount":0,"image":{"@id":"https:\/\/kibrisdakik.com\/?p=99665#primaryimage"},"thumbnailUrl":"https:\/\/kibrisdakik.com\/wp-content\/uploads\/2025\/11\/mha-sari-beyaz-875.png","articleSection":["K\u0131br\u0131s"],"inLanguage":"tr","potentialAction":[{"@type":"CommentAction","name":"Comment","target":["https:\/\/kibrisdakik.com\/?p=99665#respond"]}]},{"@type":"WebPage","@id":"https:\/\/kibrisdakik.com\/?p=99665","url":"https:\/\/kibrisdakik.com\/?p=99665","name":"KKTC B\u00dcY\u00dcKEL\u00c7\u0130S\u0130 KORUKO\u011eLU\u2019NDAN ANITKAB\u0130R Z\u0130YARET\u0130 -","isPartOf":{"@id":"https:\/\/kibrisdakik.com\/#website"},"primaryImageOfPage":{"@id":"https:\/\/kibrisdakik.com\/?p=99665#primaryimage"},"image":{"@id":"https:\/\/kibrisdakik.com\/?p=99665#primaryimage"},"thumbnailUrl":"https:\/\/kibrisdakik.com\/wp-content\/uploads\/2025\/11\/mha-sari-beyaz-875.png","datePublished":"2025-11-15T11:17:24+00:00","author":{"@id":"https:\/\/kibrisdakik.com\/#\/schema\/person\/9cd9d437bbb44f72b73ba127e06d8e79"},"breadcrumb":{"@id":"https:\/\/kibrisdakik.com\/?p=99665#breadcrumb"},"inLanguage":"tr","potentialAction":[{"@type":"ReadAction","target":["https:\/\/kibrisdakik.com\/?p=99665"]}]},{"@type":"ImageObject","inLanguage":"tr","@id":"https:\/\/kibrisdakik.com\/?p=99665#primaryimage","url":"https:\/\/kibrisdakik.com\/wp-content\/uploads\/2025\/11\/mha-sari-beyaz-875.png","contentUrl":"https:\/\/kibrisdakik.com\/wp-content\/uploads\/2025\/11\/mha-sari-beyaz-875.png","width":1280,"height":720},{"@type":"BreadcrumbList","@id":"https:\/\/kibrisdakik.com\/?p=99665#breadcrumb","itemListElement":[{"@type":"ListItem","position":1,"name":"Home","item":"https:\/\/kibrisdakik.com\/"},{"@type":"ListItem","position":2,"name":"KKTC B\u00dcY\u00dcKEL\u00c7\u0130S\u0130 KORUKO\u011eLU\u2019NDAN ANITKAB\u0130R Z\u0130YARET\u0130"}]},{"@type":"WebSite","@id":"https:\/\/kibrisdakik.com\/#website","url":"https:\/\/kibrisdakik.com\/","name":"","description":"Tam vaktinde haber","potentialAction":[{"@type":"SearchAction","target":{"@type":"EntryPoint","urlTemplate":"https:\/\/kibrisdakik.com\/?s={search_term_string}"},"query-input":{"@type":"PropertyValueSpecification","valueRequired":true,"valueName":"search_term_string"}}],"inLanguage":"tr"},{"@type":"Person","@id":"https:\/\/kibrisdakik.com\/#\/schema\/person\/9cd9d437bbb44f72b73ba127e06d8e79","name":"admin","image":{"@type":"ImageObject","inLanguage":"tr","@id":"https:\/\/secure.gravatar.com\/avatar\/ccc17943b9d660506c869530f897617f7cb1c21a4bf30023f252596d83e1f007?s=96&d=mm&r=g","url":"https:\/\/secure.gravatar.com\/avatar\/ccc17943b9d660506c869530f897617f7cb1c21a4bf30023f252596d83e1f007?s=96&d=mm&r=g","contentUrl":"https:\/\/secure.gravatar.com\/avatar\/ccc17943b9d660506c869530f897617f7cb1c21a4bf30023f252596d83e1f007?s=96&d=mm&r=g","caption":"admin"},"sameAs":["https:\/\/kibrisdakik.com"],"url":"https:\/\/kibrisdakik.com\/?author=1"}]}},"_links":{"self":[{"href":"https:\/\/kibrisdakik.com\/index.php?rest_route=\/wp\/v2\/posts\/99665","targetHints":{"allow":["GET"]}}],"collection":[{"href":"https:\/\/kibrisdakik.com\/index.php?rest_route=\/wp\/v2\/posts"}],"about":[{"href":"https:\/\/kibrisdakik.com\/index.php?rest_route=\/wp\/v2\/types\/post"}],"author":[{"embeddable":true,"href":"https:\/\/kibrisdakik.com\/index.php?rest_route=\/wp\/v2\/users\/1"}],"replies":[{"embeddable":true,"href":"https:\/\/kibrisdakik.com\/index.php?rest_route=%2Fwp%2Fv2%2Fcomments&post=99665"}],"version-history":[{"count":0,"href":"https:\/\/kibrisdakik.com\/index.php?rest_route=\/wp\/v2\/posts\/99665\/revisions"}],"wp:featuredmedia":[{"embeddable":true,"href":"https:\/\/kibrisdakik.com\/index.php?rest_route=\/wp\/v2\/media\/99666"}],"wp:attachment":[{"href":"https:\/\/kibrisdakik.com\/index.php?rest_route=%2Fwp%2Fv2%2Fmedia&parent=99665"}],"wp:term":[{"taxonomy":"category","embeddable":true,"href":"https:\/\/kibrisdakik.com\/index.php?rest_route=%2Fwp%2Fv2%2Fcategories&post=99665"},{"taxonomy":"post_tag","embeddable":true,"href":"https:\/\/kibrisdakik.com\/index.php?rest_route=%2Fwp%2Fv2%2Ftags&post=99665"}],"curies":[{"name":"wp","href":"https:\/\/api.w.org\/{rel}","templated":true}]}}