{"id":99683,"date":"2025-11-15T15:20:10","date_gmt":"2025-11-15T13:20:10","guid":{"rendered":"https:\/\/kibrisdakik.com\/index.php\/2025\/11\/15\/kktcnin-42-kurulus-yil-donumunde-istanbulda-torenle-kutlandi\/"},"modified":"2025-11-15T15:20:10","modified_gmt":"2025-11-15T13:20:10","slug":"kktcnin-42-kurulus-yil-donumunde-istanbulda-torenle-kutlandi","status":"publish","type":"post","link":"https:\/\/kibrisdakik.com\/?p=99683","title":{"rendered":"KKTC&#8217;N\u0130N 42. KURULU\u015e YIL D\u00d6N\u00dcM\u00dcNDE \u0130STANBUL&#8217;DA T\u00d6RENLE KUTLANDI"},"content":{"rendered":"<p><\/p>\n<div data-text-id=\"189710\" property=\"articleBody\">\n<p>Kuzey K\u0131br\u0131s T\u00fcrk Cumhuriyeti&#8217;nin 42. kurulu\u015f y\u0131l d\u00f6n\u00fcm\u00fc dolay\u0131s\u0131yla Taksim Cumhuriyet An\u0131t\u0131 \u00f6n\u00fcnde t\u00f6ren d\u00fczenlendi.<\/p>\n<p>KKTC \u0130stanbul Ba\u015fkonsoloslu\u011fu taraf\u0131ndan d\u00fczenlenen t\u00f6rende, KKTC&#8217;nin \u0130stanbul Ba\u015fkonsolosu Zalihe Mendeli ve beraberindeki heyet an\u0131ta \u00e7elenk sundu. T\u00f6rende, sayg\u0131 duru\u015funda bulunulmas\u0131n\u0131n ard\u0131ndan \u0130stiklal Mar\u015f\u0131 okundu.<\/p>\n<p>T\u00f6rende konu\u015fan Mendeli, KKTC&#8217;nin kurulu\u015funun K\u0131br\u0131s T\u00fcrk halk\u0131 i\u00e7in b\u00fcy\u00fck bir d\u00f6n\u00fcm noktas\u0131 oldu\u011funu belirterek, &#8220;KKTC&#8217;nin 42. kurulu\u015f y\u0131l d\u00f6n\u00fcm\u00fcn\u00fc \u0130stanbul&#8217;da sizlerle birlikte kutlamaktan b\u00fcy\u00fck mutluluk duyuyorum. Cumhuriyet Bayram\u0131m\u0131z kutlu olsun.&#8221; dedi.<\/p>\n<p>G\u00fcrcistan&#8217;daki u\u00e7ak kazas\u0131 nedeniyle \u00fcz\u00fcnt\u00fcs\u00fcn\u00fc dile getiren Mendeli, kazada \u015fehit olan askerlere Allah&#8217;tan rahmet, ailelerine ba\u015fsa\u011fl\u0131\u011f\u0131 diledi.<\/p>\n<p>K\u0131br\u0131s T\u00fcrk halk\u0131n\u0131n ba\u011f\u0131ms\u0131zl\u0131k yolunda a\u011f\u0131r bedeller \u00f6dedi\u011fini vurgulayan Mendeli, &#8220;Bug\u00fcn \u00f6zg\u00fcrce ya\u015fayabiliyorsak bunu aziz \u015fehitlerimize, kahraman gazilerimize ve her zaman yan\u0131m\u0131zda olan anavatan T\u00fcrkiye&#8217;ye bor\u00e7luyuz.&#8221; ifadesini kulland\u0131.<\/p>\n<p>Mendeli, K\u0131br\u0131s meselesinin y\u0131llard\u0131r s\u00fcren m\u00fczakerelerde Rum taraf\u0131n\u0131n uzla\u015fmaz tutumu nedeniyle sonu\u00e7suz kald\u0131\u011f\u0131n\u0131, Rumlar\u0131n y\u00f6netim ve zenginlikleri payla\u015fmak istemedi\u011fini aktararak, K\u0131br\u0131s T\u00fcrk halk\u0131n\u0131n, ba\u011f\u0131ms\u0131zl\u0131\u011f\u0131ndan ve egemenli\u011finden vazge\u00e7meyece\u011fini, ikinci s\u0131n\u0131f vatanda\u015f olmayaca\u011f\u0131n\u0131 kaydetti.<\/p>\n<p>Konu\u015fmas\u0131n\u0131n ard\u0131ndan Mendeli an\u0131 defterini imzalad\u0131.<\/p>\n<p>T\u00f6rene \u0130stanbul Vali Yard\u0131mc\u0131s\u0131 Cengiz Karabulut, 3. Kolordu Komutanl\u0131\u011f\u0131ndan Tu\u011fgeneral Birol Arslan, D\u0131\u015fi\u015fleri Bakanl\u0131\u011f\u0131 \u0130stanbul Temsilcisi Ay\u015fe S\u00f6zen Usluer, \u0130stanbul B\u00fcy\u00fck\u015fehir Belediyesi D\u0131\u015f \u0130li\u015fkiler Daire Ba\u015fkan\u0131 Barbaros B\u00fcy\u00fcksa\u011fnak, gaziler ve \u00e7ok say\u0131da ki\u015fi kat\u0131ld\u0131. Program, kat\u0131l\u0131mc\u0131lar\u0131n hat\u0131ra foto\u011fraf\u0131 \u00e7ektirmesiyle sona erdi.<\/p>\n<\/p><\/div>\n","protected":false},"excerpt":{"rendered":"<p>Kuzey K\u0131br\u0131s T\u00fcrk Cumhuriyeti&#8217;nin 42. kurulu\u015f y\u0131l d\u00f6n\u00fcm\u00fc dolay\u0131s\u0131yla Taksim Cumhuriyet An\u0131t\u0131 \u00f6n\u00fcnde t\u00f6ren d\u00fczenlendi. KKTC \u0130stanbul Ba\u015fkonsoloslu\u011fu taraf\u0131ndan d\u00fczenlenen t\u00f6rende, KKTC&#8217;nin \u0130stanbul Ba\u015fkonsolosu Zalihe Mendeli ve beraberindeki heyet an\u0131ta \u00e7elenk sundu. T\u00f6rende, sayg\u0131 duru\u015funda bulunulmas\u0131n\u0131n ard\u0131ndan \u0130stiklal Mar\u015f\u0131 okundu. T\u00f6rende konu\u015fan Mendeli, KKTC&#8217;nin kurulu\u015funun K\u0131br\u0131s T\u00fcrk halk\u0131 i\u00e7in b\u00fcy\u00fck bir d\u00f6n\u00fcm noktas\u0131 oldu\u011funu belirterek,<\/p>\n","protected":false},"author":1,"featured_media":99684,"comment_status":"open","ping_status":"open","sticky":false,"template":"","format":"standard","meta":{"footnotes":""},"categories":[81],"tags":[],"class_list":["post-99683","post","type-post","status-publish","format-standard","has-post-thumbnail","hentry","category-kibris"],"yoast_head":"<!-- This site is optimized with the Yoast SEO plugin v27.5 - https:\/\/yoast.com\/product\/yoast-seo-wordpress\/ -->\n<title>KKTC&#039;N\u0130N 42. KURULU\u015e YIL D\u00d6N\u00dcM\u00dcNDE \u0130STANBUL&#039;DA T\u00d6RENLE KUTLANDI -<\/title>\n<meta name=\"robots\" content=\"index, follow, max-snippet:-1, max-image-preview:large, max-video-preview:-1\" \/>\n<link rel=\"canonical\" href=\"https:\/\/kibrisdakik.com\/?p=99683\" \/>\n<meta property=\"og:locale\" content=\"tr_TR\" \/>\n<meta property=\"og:type\" content=\"article\" \/>\n<meta property=\"og:title\" content=\"KKTC&#039;N\u0130N 42. KURULU\u015e YIL D\u00d6N\u00dcM\u00dcNDE \u0130STANBUL&#039;DA T\u00d6RENLE KUTLANDI -\" \/>\n<meta property=\"og:description\" content=\"Kuzey K\u0131br\u0131s T\u00fcrk Cumhuriyeti&#8217;nin 42. kurulu\u015f y\u0131l d\u00f6n\u00fcm\u00fc dolay\u0131s\u0131yla Taksim Cumhuriyet An\u0131t\u0131 \u00f6n\u00fcnde t\u00f6ren d\u00fczenlendi. KKTC \u0130stanbul Ba\u015fkonsoloslu\u011fu taraf\u0131ndan d\u00fczenlenen t\u00f6rende, KKTC&#8217;nin \u0130stanbul Ba\u015fkonsolosu Zalihe Mendeli ve beraberindeki heyet an\u0131ta \u00e7elenk sundu. T\u00f6rende, sayg\u0131 duru\u015funda bulunulmas\u0131n\u0131n ard\u0131ndan \u0130stiklal Mar\u015f\u0131 okundu. T\u00f6rende konu\u015fan Mendeli, KKTC&#8217;nin kurulu\u015funun K\u0131br\u0131s T\u00fcrk halk\u0131 i\u00e7in b\u00fcy\u00fck bir d\u00f6n\u00fcm noktas\u0131 oldu\u011funu belirterek,\" \/>\n<meta property=\"og:url\" content=\"https:\/\/kibrisdakik.com\/?p=99683\" \/>\n<meta property=\"article:published_time\" content=\"2025-11-15T13:20:10+00:00\" \/>\n<meta property=\"og:image\" content=\"https:\/\/kibrisdakik.com\/wp-content\/uploads\/2025\/11\/mha-sari-beyaz-883.png\" \/>\n\t<meta property=\"og:image:width\" content=\"1280\" \/>\n\t<meta property=\"og:image:height\" content=\"720\" \/>\n\t<meta property=\"og:image:type\" content=\"image\/png\" \/>\n<meta name=\"author\" content=\"admin\" \/>\n<meta name=\"twitter:card\" content=\"summary_large_image\" \/>\n<meta name=\"twitter:label1\" content=\"Yazan:\" \/>\n\t<meta name=\"twitter:data1\" content=\"admin\" \/>\n\t<meta name=\"twitter:label2\" content=\"Tahmini okuma s\u00fcresi\" \/>\n\t<meta name=\"twitter:data2\" content=\"2 dakika\" \/>\n<script type=\"application\/ld+json\" class=\"yoast-schema-graph\">{\"@context\":\"https:\\\/\\\/schema.org\",\"@graph\":[{\"@type\":\"Article\",\"@id\":\"https:\\\/\\\/kibrisdakik.com\\\/?p=99683#article\",\"isPartOf\":{\"@id\":\"https:\\\/\\\/kibrisdakik.com\\\/?p=99683\"},\"author\":{\"name\":\"admin\",\"@id\":\"https:\\\/\\\/kibrisdakik.com\\\/#\\\/schema\\\/person\\\/9cd9d437bbb44f72b73ba127e06d8e79\"},\"headline\":\"KKTC&#8217;N\u0130N 42. KURULU\u015e YIL D\u00d6N\u00dcM\u00dcNDE \u0130STANBUL&#8217;DA T\u00d6RENLE KUTLANDI\",\"datePublished\":\"2025-11-15T13:20:10+00:00\",\"mainEntityOfPage\":{\"@id\":\"https:\\\/\\\/kibrisdakik.com\\\/?p=99683\"},\"wordCount\":332,\"commentCount\":0,\"image\":{\"@id\":\"https:\\\/\\\/kibrisdakik.com\\\/?p=99683#primaryimage\"},\"thumbnailUrl\":\"https:\\\/\\\/kibrisdakik.com\\\/wp-content\\\/uploads\\\/2025\\\/11\\\/mha-sari-beyaz-883.png\",\"articleSection\":[\"K\u0131br\u0131s\"],\"inLanguage\":\"tr\",\"potentialAction\":[{\"@type\":\"CommentAction\",\"name\":\"Comment\",\"target\":[\"https:\\\/\\\/kibrisdakik.com\\\/?p=99683#respond\"]}]},{\"@type\":\"WebPage\",\"@id\":\"https:\\\/\\\/kibrisdakik.com\\\/?p=99683\",\"url\":\"https:\\\/\\\/kibrisdakik.com\\\/?p=99683\",\"name\":\"KKTC'N\u0130N 42. KURULU\u015e YIL D\u00d6N\u00dcM\u00dcNDE \u0130STANBUL'DA T\u00d6RENLE KUTLANDI -\",\"isPartOf\":{\"@id\":\"https:\\\/\\\/kibrisdakik.com\\\/#website\"},\"primaryImageOfPage\":{\"@id\":\"https:\\\/\\\/kibrisdakik.com\\\/?p=99683#primaryimage\"},\"image\":{\"@id\":\"https:\\\/\\\/kibrisdakik.com\\\/?p=99683#primaryimage\"},\"thumbnailUrl\":\"https:\\\/\\\/kibrisdakik.com\\\/wp-content\\\/uploads\\\/2025\\\/11\\\/mha-sari-beyaz-883.png\",\"datePublished\":\"2025-11-15T13:20:10+00:00\",\"author\":{\"@id\":\"https:\\\/\\\/kibrisdakik.com\\\/#\\\/schema\\\/person\\\/9cd9d437bbb44f72b73ba127e06d8e79\"},\"breadcrumb\":{\"@id\":\"https:\\\/\\\/kibrisdakik.com\\\/?p=99683#breadcrumb\"},\"inLanguage\":\"tr\",\"potentialAction\":[{\"@type\":\"ReadAction\",\"target\":[\"https:\\\/\\\/kibrisdakik.com\\\/?p=99683\"]}]},{\"@type\":\"ImageObject\",\"inLanguage\":\"tr\",\"@id\":\"https:\\\/\\\/kibrisdakik.com\\\/?p=99683#primaryimage\",\"url\":\"https:\\\/\\\/kibrisdakik.com\\\/wp-content\\\/uploads\\\/2025\\\/11\\\/mha-sari-beyaz-883.png\",\"contentUrl\":\"https:\\\/\\\/kibrisdakik.com\\\/wp-content\\\/uploads\\\/2025\\\/11\\\/mha-sari-beyaz-883.png\",\"width\":1280,\"height\":720},{\"@type\":\"BreadcrumbList\",\"@id\":\"https:\\\/\\\/kibrisdakik.com\\\/?p=99683#breadcrumb\",\"itemListElement\":[{\"@type\":\"ListItem\",\"position\":1,\"name\":\"Home\",\"item\":\"https:\\\/\\\/kibrisdakik.com\\\/\"},{\"@type\":\"ListItem\",\"position\":2,\"name\":\"KKTC&#8217;N\u0130N 42. KURULU\u015e YIL D\u00d6N\u00dcM\u00dcNDE \u0130STANBUL&#8217;DA T\u00d6RENLE KUTLANDI\"}]},{\"@type\":\"WebSite\",\"@id\":\"https:\\\/\\\/kibrisdakik.com\\\/#website\",\"url\":\"https:\\\/\\\/kibrisdakik.com\\\/\",\"name\":\"\",\"description\":\"Tam vaktinde haber\",\"potentialAction\":[{\"@type\":\"SearchAction\",\"target\":{\"@type\":\"EntryPoint\",\"urlTemplate\":\"https:\\\/\\\/kibrisdakik.com\\\/?s={search_term_string}\"},\"query-input\":{\"@type\":\"PropertyValueSpecification\",\"valueRequired\":true,\"valueName\":\"search_term_string\"}}],\"inLanguage\":\"tr\"},{\"@type\":\"Person\",\"@id\":\"https:\\\/\\\/kibrisdakik.com\\\/#\\\/schema\\\/person\\\/9cd9d437bbb44f72b73ba127e06d8e79\",\"name\":\"admin\",\"image\":{\"@type\":\"ImageObject\",\"inLanguage\":\"tr\",\"@id\":\"https:\\\/\\\/secure.gravatar.com\\\/avatar\\\/ccc17943b9d660506c869530f897617f7cb1c21a4bf30023f252596d83e1f007?s=96&d=mm&r=g\",\"url\":\"https:\\\/\\\/secure.gravatar.com\\\/avatar\\\/ccc17943b9d660506c869530f897617f7cb1c21a4bf30023f252596d83e1f007?s=96&d=mm&r=g\",\"contentUrl\":\"https:\\\/\\\/secure.gravatar.com\\\/avatar\\\/ccc17943b9d660506c869530f897617f7cb1c21a4bf30023f252596d83e1f007?s=96&d=mm&r=g\",\"caption\":\"admin\"},\"sameAs\":[\"https:\\\/\\\/kibrisdakik.com\"],\"url\":\"https:\\\/\\\/kibrisdakik.com\\\/?author=1\"}]}<\/script>\n<!-- \/ Yoast SEO plugin. -->","yoast_head_json":{"title":"KKTC'N\u0130N 42. KURULU\u015e YIL D\u00d6N\u00dcM\u00dcNDE \u0130STANBUL'DA T\u00d6RENLE KUTLANDI -","robots":{"index":"index","follow":"follow","max-snippet":"max-snippet:-1","max-image-preview":"max-image-preview:large","max-video-preview":"max-video-preview:-1"},"canonical":"https:\/\/kibrisdakik.com\/?p=99683","og_locale":"tr_TR","og_type":"article","og_title":"KKTC'N\u0130N 42. KURULU\u015e YIL D\u00d6N\u00dcM\u00dcNDE \u0130STANBUL'DA T\u00d6RENLE KUTLANDI -","og_description":"Kuzey K\u0131br\u0131s T\u00fcrk Cumhuriyeti&#8217;nin 42. kurulu\u015f y\u0131l d\u00f6n\u00fcm\u00fc dolay\u0131s\u0131yla Taksim Cumhuriyet An\u0131t\u0131 \u00f6n\u00fcnde t\u00f6ren d\u00fczenlendi. KKTC \u0130stanbul Ba\u015fkonsoloslu\u011fu taraf\u0131ndan d\u00fczenlenen t\u00f6rende, KKTC&#8217;nin \u0130stanbul Ba\u015fkonsolosu Zalihe Mendeli ve beraberindeki heyet an\u0131ta \u00e7elenk sundu. T\u00f6rende, sayg\u0131 duru\u015funda bulunulmas\u0131n\u0131n ard\u0131ndan \u0130stiklal Mar\u015f\u0131 okundu. T\u00f6rende konu\u015fan Mendeli, KKTC&#8217;nin kurulu\u015funun K\u0131br\u0131s T\u00fcrk halk\u0131 i\u00e7in b\u00fcy\u00fck bir d\u00f6n\u00fcm noktas\u0131 oldu\u011funu belirterek,","og_url":"https:\/\/kibrisdakik.com\/?p=99683","article_published_time":"2025-11-15T13:20:10+00:00","og_image":[{"width":1280,"height":720,"url":"https:\/\/kibrisdakik.com\/wp-content\/uploads\/2025\/11\/mha-sari-beyaz-883.png","type":"image\/png"}],"author":"admin","twitter_card":"summary_large_image","twitter_misc":{"Yazan:":"admin","Tahmini okuma s\u00fcresi":"2 dakika"},"schema":{"@context":"https:\/\/schema.org","@graph":[{"@type":"Article","@id":"https:\/\/kibrisdakik.com\/?p=99683#article","isPartOf":{"@id":"https:\/\/kibrisdakik.com\/?p=99683"},"author":{"name":"admin","@id":"https:\/\/kibrisdakik.com\/#\/schema\/person\/9cd9d437bbb44f72b73ba127e06d8e79"},"headline":"KKTC&#8217;N\u0130N 42. KURULU\u015e YIL D\u00d6N\u00dcM\u00dcNDE \u0130STANBUL&#8217;DA T\u00d6RENLE KUTLANDI","datePublished":"2025-11-15T13:20:10+00:00","mainEntityOfPage":{"@id":"https:\/\/kibrisdakik.com\/?p=99683"},"wordCount":332,"commentCount":0,"image":{"@id":"https:\/\/kibrisdakik.com\/?p=99683#primaryimage"},"thumbnailUrl":"https:\/\/kibrisdakik.com\/wp-content\/uploads\/2025\/11\/mha-sari-beyaz-883.png","articleSection":["K\u0131br\u0131s"],"inLanguage":"tr","potentialAction":[{"@type":"CommentAction","name":"Comment","target":["https:\/\/kibrisdakik.com\/?p=99683#respond"]}]},{"@type":"WebPage","@id":"https:\/\/kibrisdakik.com\/?p=99683","url":"https:\/\/kibrisdakik.com\/?p=99683","name":"KKTC'N\u0130N 42. KURULU\u015e YIL D\u00d6N\u00dcM\u00dcNDE \u0130STANBUL'DA T\u00d6RENLE KUTLANDI -","isPartOf":{"@id":"https:\/\/kibrisdakik.com\/#website"},"primaryImageOfPage":{"@id":"https:\/\/kibrisdakik.com\/?p=99683#primaryimage"},"image":{"@id":"https:\/\/kibrisdakik.com\/?p=99683#primaryimage"},"thumbnailUrl":"https:\/\/kibrisdakik.com\/wp-content\/uploads\/2025\/11\/mha-sari-beyaz-883.png","datePublished":"2025-11-15T13:20:10+00:00","author":{"@id":"https:\/\/kibrisdakik.com\/#\/schema\/person\/9cd9d437bbb44f72b73ba127e06d8e79"},"breadcrumb":{"@id":"https:\/\/kibrisdakik.com\/?p=99683#breadcrumb"},"inLanguage":"tr","potentialAction":[{"@type":"ReadAction","target":["https:\/\/kibrisdakik.com\/?p=99683"]}]},{"@type":"ImageObject","inLanguage":"tr","@id":"https:\/\/kibrisdakik.com\/?p=99683#primaryimage","url":"https:\/\/kibrisdakik.com\/wp-content\/uploads\/2025\/11\/mha-sari-beyaz-883.png","contentUrl":"https:\/\/kibrisdakik.com\/wp-content\/uploads\/2025\/11\/mha-sari-beyaz-883.png","width":1280,"height":720},{"@type":"BreadcrumbList","@id":"https:\/\/kibrisdakik.com\/?p=99683#breadcrumb","itemListElement":[{"@type":"ListItem","position":1,"name":"Home","item":"https:\/\/kibrisdakik.com\/"},{"@type":"ListItem","position":2,"name":"KKTC&#8217;N\u0130N 42. KURULU\u015e YIL D\u00d6N\u00dcM\u00dcNDE \u0130STANBUL&#8217;DA T\u00d6RENLE KUTLANDI"}]},{"@type":"WebSite","@id":"https:\/\/kibrisdakik.com\/#website","url":"https:\/\/kibrisdakik.com\/","name":"","description":"Tam vaktinde haber","potentialAction":[{"@type":"SearchAction","target":{"@type":"EntryPoint","urlTemplate":"https:\/\/kibrisdakik.com\/?s={search_term_string}"},"query-input":{"@type":"PropertyValueSpecification","valueRequired":true,"valueName":"search_term_string"}}],"inLanguage":"tr"},{"@type":"Person","@id":"https:\/\/kibrisdakik.com\/#\/schema\/person\/9cd9d437bbb44f72b73ba127e06d8e79","name":"admin","image":{"@type":"ImageObject","inLanguage":"tr","@id":"https:\/\/secure.gravatar.com\/avatar\/ccc17943b9d660506c869530f897617f7cb1c21a4bf30023f252596d83e1f007?s=96&d=mm&r=g","url":"https:\/\/secure.gravatar.com\/avatar\/ccc17943b9d660506c869530f897617f7cb1c21a4bf30023f252596d83e1f007?s=96&d=mm&r=g","contentUrl":"https:\/\/secure.gravatar.com\/avatar\/ccc17943b9d660506c869530f897617f7cb1c21a4bf30023f252596d83e1f007?s=96&d=mm&r=g","caption":"admin"},"sameAs":["https:\/\/kibrisdakik.com"],"url":"https:\/\/kibrisdakik.com\/?author=1"}]}},"_links":{"self":[{"href":"https:\/\/kibrisdakik.com\/index.php?rest_route=\/wp\/v2\/posts\/99683","targetHints":{"allow":["GET"]}}],"collection":[{"href":"https:\/\/kibrisdakik.com\/index.php?rest_route=\/wp\/v2\/posts"}],"about":[{"href":"https:\/\/kibrisdakik.com\/index.php?rest_route=\/wp\/v2\/types\/post"}],"author":[{"embeddable":true,"href":"https:\/\/kibrisdakik.com\/index.php?rest_route=\/wp\/v2\/users\/1"}],"replies":[{"embeddable":true,"href":"https:\/\/kibrisdakik.com\/index.php?rest_route=%2Fwp%2Fv2%2Fcomments&post=99683"}],"version-history":[{"count":0,"href":"https:\/\/kibrisdakik.com\/index.php?rest_route=\/wp\/v2\/posts\/99683\/revisions"}],"wp:featuredmedia":[{"embeddable":true,"href":"https:\/\/kibrisdakik.com\/index.php?rest_route=\/wp\/v2\/media\/99684"}],"wp:attachment":[{"href":"https:\/\/kibrisdakik.com\/index.php?rest_route=%2Fwp%2Fv2%2Fmedia&parent=99683"}],"wp:term":[{"taxonomy":"category","embeddable":true,"href":"https:\/\/kibrisdakik.com\/index.php?rest_route=%2Fwp%2Fv2%2Fcategories&post=99683"},{"taxonomy":"post_tag","embeddable":true,"href":"https:\/\/kibrisdakik.com\/index.php?rest_route=%2Fwp%2Fv2%2Ftags&post=99683"}],"curies":[{"name":"wp","href":"https:\/\/api.w.org\/{rel}","templated":true}]}}