{"id":99685,"date":"2025-11-15T15:31:12","date_gmt":"2025-11-15T13:31:12","guid":{"rendered":"https:\/\/kibrisdakik.com\/index.php\/2025\/11\/15\/erhurman-cozum-masasi-kurulursa-orada-oluruz\/"},"modified":"2025-11-15T15:31:12","modified_gmt":"2025-11-15T13:31:12","slug":"erhurman-cozum-masasi-kurulursa-orada-oluruz","status":"publish","type":"post","link":"https:\/\/kibrisdakik.com\/?p=99685","title":{"rendered":"ERH\u00dcRMAN: \u201c\u00c7\u00d6Z\u00dcM MASASI KURULURSA ORADA OLURUZ\u201d"},"content":{"rendered":"<p><\/p>\n<div data-text-id=\"189709\" property=\"articleBody\">\n<p>Cumhurba\u015fkan\u0131 Tufan Erh\u00fcrman, K\u0131br\u0131s T\u00fcrk halk\u0131n\u0131n hi\u00e7bir d\u00f6nemde masadan ka\u00e7an taraf olmad\u0131\u011f\u0131n\u0131, bundan sonra da olmayaca\u011f\u0131n\u0131 belirterek, \u201c\u00c7\u00f6z\u00fcm iradesine sahip olan ve bu iradeye sahip oldu\u011funu defalarca kan\u0131tlam\u0131\u015f K\u0131br\u0131sl\u0131 T\u00fcrklerin \u00e7\u00f6z\u00fcms\u00fczl\u00fc\u011f\u00fcn bedelini \u00f6demeye mahkum edilmesini adil bulmam\u0131z\u0131, bunu i\u00e7imize sindirmemizi kimse istemesin.\u201d dedi.<\/p>\n<p>Adada K\u0131br\u0131s Rum halk\u0131n\u0131n ne kadar egemenlik hakk\u0131 varsa K\u0131br\u0131s T\u00fcrk halk\u0131n\u0131n da o kadar egemenlik hakk\u0131 oldu\u011funu vurgulayan Erh\u00fcrman, g\u00fcvenlik, enerji, deniz yetki alanlar\u0131, hidrokarbonlar, ticaret yollar\u0131 gibi konularda K\u0131br\u0131s T\u00fcrk halk\u0131n\u0131n iradesi olmaks\u0131z\u0131n karar verilmesinin kabul edilebilir olmad\u0131\u011f\u0131n\u0131 kaydetti.<\/p>\n<p>Erh\u00fcrman, olas\u0131 bir s\u00fcrecin sonunda K\u0131br\u0131s Rum liderli\u011finin ret\u00e7i tutumuyla kar\u015f\u0131la\u015f\u0131lmas\u0131 halinde hi\u00e7bir \u015fey olmam\u0131\u015f gibi bug\u00fcnk\u00fc stat\u00fckoya geri d\u00f6n\u00fclecek bir s\u00fcreci kabul etmeyece\u011fini belirtti.<\/p>\n<p>Kapsaml\u0131 \u00e7\u00f6z\u00fcme y\u00f6nelik \u00e7\u00f6z\u00fcm odakl\u0131 bir m\u00fczakere masas\u0131 varsa orada olaca\u011f\u0131n\u0131 s\u00f6yleyen Cumhurba\u015fkan\u0131 Erh\u00fcrman, adadaki iki halk\u0131n g\u00fcnl\u00fck hayatlar\u0131n\u0131 kolayla\u015ft\u0131rmaya, g\u00fcvenin tesis edilmesine, \u00e7\u00f6z\u00fcm atmosferinin yarat\u0131lmas\u0131na, kazan-kazan ilkesi \u00e7er\u00e7evesinde ilerideki \u00e7\u00f6z\u00fcme katk\u0131da bulunacak bi\u00e7imde i\u015fbirliklerinin ve \u00e7\u00f6z\u00fcmlerin \u00fcretilmesine y\u00f6nelik g\u00f6r\u00fc\u015fme masas\u0131nda olaca\u011f\u0131n\u0131 kaydetti.<\/p>\n<p>Erh\u00fcrman, \u201cBu zorlu m\u00fccadelemizde, adan\u0131n tamam\u0131n\u0131n garant\u00f6r\u00fc olan T\u00fcrkiye Cumhuriyeti\u2019nin d\u00fcn oldu\u011fu gibi bug\u00fcn de her ko\u015fulda yan\u0131m\u0131zda oldu\u011funu, sars\u0131lmaz karde\u015flik ba\u011flar\u0131m\u0131z \u00e7er\u00e7evesinde gelecekte de kay\u0131ts\u0131z \u015farts\u0131z yan\u0131m\u0131zda olaca\u011f\u0131n\u0131 bilmek bizim en b\u00fcy\u00fck g\u00fcvencemizdir.\u201d dedi.<\/p>\n<p>&#8211; \u201c\u00c7ocuklar\u0131m\u0131z\u0131n d\u00fcnyayla bulu\u015facaklar\u0131 ko\u015fullar\u0131 yaratmak boynumuzun borcudur\u201d<\/p>\n<p>Cumhurba\u015fkan\u0131 Tufan Erh\u00fcrman, Kuzey K\u0131br\u0131s T\u00fcrk Cumhuriyeti\u2019nin 42\u2019nci kurulu\u015f y\u0131l d\u00f6n\u00fcm\u00fc dolay\u0131s\u0131yla Dr. Faz\u0131l K\u00fc\u00e7\u00fck Bulvar\u0131\u2019nda d\u00fczenlenen resmige\u00e7it t\u00f6reninde konu\u015ftu.<\/p>\n<p>K\u0131br\u0131s T\u00fcrk halk\u0131n\u0131n bu adadaki varl\u0131\u011f\u0131n\u0131, kimli\u011fini ve haklar\u0131n\u0131 koruma m\u00fccadelesinin on y\u0131llard\u0131r aral\u0131ks\u0131z bi\u00e7imde devam etti\u011fini kaydeden Erh\u00fcrman, \u015fu ifadeleri kulland\u0131:<\/p>\n<p>\u201cBizden \u00f6nceki nesiller bu m\u00fccadeleyi bug\u00fcnk\u00fcnden \u00e7ok daha zor ko\u015fullarda vermi\u015fler, \u00e7ok a\u011f\u0131r bedeller \u00f6demi\u015flerdir. Onlar\u0131n m\u00fccadelesi, bug\u00fcn bizlerin yolunu ayd\u0131nlatmakta, bizden sonraki nesillere varl\u0131\u011f\u0131m\u0131z\u0131 bug\u00fcnk\u00fcnden \u00e7ok daha iyi ko\u015fullarda s\u00fcrd\u00fcrecekleri bir \u00fclkeyi miras b\u0131rakma azmimizi ve kararl\u0131l\u0131\u011f\u0131m\u0131z\u0131 art\u0131rmaktad\u0131r. Biz, bizden \u00f6ncekilerin bize b\u0131rakt\u0131\u011f\u0131 miras\u0131 geli\u015ftirerek bizden sonrakilere aktarmakla y\u00fck\u00fcml\u00fcy\u00fcz. Bunun i\u00e7in, varl\u0131\u011f\u0131m\u0131z\u0131, kimli\u011fimizi korumak, geli\u015ftirmek, bu topraklara her g\u00fcn daha fazla k\u00f6k salmak, \u00e7ocuklar\u0131m\u0131z\u0131n, hak ettikleri \u015fekilde uygar, insan onuruna yara\u015f\u0131r bir hayat s\u00fcrecekleri, d\u00fcnyan\u0131n geli\u015fmi\u015f \u00fclkelerindeki \u00e7ocuklar\u0131n sahip olduklar\u0131 hak ve olanaklara sahip olacaklar\u0131, d\u00fcnyayla bulu\u015facaklar\u0131 ko\u015fullar\u0131 yaratmak boynumuzun borcudur.\u201d<\/p>\n<p>-\u201cAdada ve b\u00f6lgede kal\u0131c\u0131 istikrar ve bar\u0131\u015f\u0131 sa\u011flamak i\u00e7in \u00e7\u00f6z\u00fcm aray\u0131\u015flar\u0131m\u0131za devam etmek kararl\u0131l\u0131\u011f\u0131nday\u0131z\u201d<\/p>\n<p>E\u015fitlik, \u00f6zg\u00fcrl\u00fck, hukukun \u00fcst\u00fcnl\u00fc\u011f\u00fc, demokrasi, refah, g\u00fcvenlik ve bar\u0131\u015f\u0131n t\u00fcm halklar\u0131n oldu\u011fu gibi K\u0131br\u0131s T\u00fcrk halk\u0131n\u0131n da hakk\u0131 oldu\u011funu vurgulayan Erh\u00fcrman, bunun i\u00e7in bir yandan Kuzey K\u0131br\u0131s T\u00fcrk Cumhuriyeti\u2019nde gerekli d\u00fczenlemeleri ve reformlar\u0131 yapma, halk\u0131 d\u00fcnyayla ve uluslararas\u0131 hukukla bulu\u015fturma, di\u011fer yandan her zaman oldu\u011fu gibi adada ve b\u00f6lgede kal\u0131c\u0131 istikrar ve bar\u0131\u015f\u0131 sa\u011flamak i\u00e7in \u00e7\u00f6z\u00fcm aray\u0131\u015flar\u0131na devam etme kararl\u0131l\u0131\u011f\u0131n\u0131 dile getirdi.<\/p>\n<p>Erh\u00fcrman, \u015f\u00f6yle konu\u015ftu:<\/p>\n<p>\u201cKimileri, Kuzey K\u0131br\u0131s T\u00fcrk Cumhuriyeti\u2019nin kurulmas\u0131n\u0131 ve varl\u0131\u011f\u0131n\u0131 K\u0131br\u0131s T\u00fcrk halk\u0131n\u0131n \u00e7\u00f6z\u00fcm aray\u0131\u015flar\u0131ndan vazge\u00e7mesinin, d\u00fcnyaya s\u0131rt\u0131n\u0131 d\u00f6nme iradesinin bir delili olarak g\u00f6rme ve g\u00f6sterme \u00e7abalar\u0131na devam etmektedir.<\/p>\n<p>Oysa Kuzey K\u0131br\u0131s T\u00fcrk Cumhuriyeti\u2019nin ilan\u0131na ili\u015fkin 15 Kas\u0131m 1983 tarihli Ba\u011f\u0131ms\u0131zl\u0131k Bildirgesi, K\u0131br\u0131s T\u00fcrk halk\u0131n\u0131n Kuzey K\u0131br\u0131s T\u00fcrk Cumhuriyeti kurulurken sergiledi\u011fi iradeyi a\u00e7\u0131k bi\u00e7imde ortaya koymakta ve g\u00f6rmek isteyen herkese ger\u00e7e\u011fi g\u00f6stermektedir.<\/p>\n<p>Bildirge\u2019nin 22. paragraf\u0131 \u015fu s\u00f6zlerle ba\u015flamaktad\u0131r: \u2018Bu tarihi g\u00fcnde bir defa daha, K\u0131br\u0131s Rum halk\u0131na bar\u0131\u015f ve dostluk elimizi uzat\u0131yoruz\u2019. Ve ayn\u0131 paragraf, \u2018Ayn\u0131 Ada\u2019da yan yana ya\u015fama\u011fa mecbur bulunan iki halk\u0131n, aralar\u0131ndaki b\u00fct\u00fcn sorunlar\u0131 e\u015fit d\u00fczeyde m\u00fczakerelerle, bar\u0131\u015f\u00e7\u0131, adil ve kal\u0131c\u0131 bir \u00e7\u00f6z\u00fcme ula\u015ft\u0131rmalar\u0131n\u0131n m\u00fcmk\u00fcn ve zorunlu oldu\u011funa inan\u0131yoruz.\u2019 s\u00f6zc\u00fckleriyle devam etmektedir.<\/p>\n<p>K\u0131br\u0131s T\u00fcrk halk\u0131, K\u0131br\u0131sl\u0131 T\u00fcrkler ve K\u0131br\u0131sl\u0131 Rumlar aras\u0131nda ger\u00e7ekle\u015ftirilecek olan m\u00fczakereler suretiyle ula\u015f\u0131lacak bir \u00e7\u00f6z\u00fcm\u00fc 15 Kas\u0131m 1983\u2019te de ondan sonraki s\u00fcre\u00e7lerde de hi\u00e7bir zaman reddetmemi\u015f, hatta 2004 y\u0131l\u0131nda yap\u0131lan referandumda \u2018evet\u2019 diyerek ve son olarak 2017\u2019de Crans Montana\u2019da T\u00fcrkiye Cumhuriyeti ile birlikte \u00e7\u00f6z\u00fcme y\u00f6nelik son derece yap\u0131c\u0131 bir yakla\u015f\u0131m sergileyerek \u00e7\u00f6z\u00fcm y\u00f6n\u00fcndeki iradesini t\u00fcm d\u00fcnyaya g\u00f6stermi\u015ftir.<\/p>\n<p>Bununla birlikte ilgili d\u00f6nemlerin K\u0131br\u0131s Rum liderlikleri ayn\u0131 iradeyi ortaya koymam\u0131\u015f ve \u00e7\u00f6z\u00fcme ula\u015f\u0131lamam\u0131\u015ft\u0131r.\u201d<\/p>\n<p>K\u0131br\u0131s T\u00fcrk halk\u0131n\u0131n hi\u00e7bir d\u00f6nemde masadan ka\u00e7an taraf olmad\u0131\u011f\u0131n\u0131, bundan sonra da olmayaca\u011f\u0131n\u0131 kaydeden Erh\u00fcrman, \u201cAncak masadan ka\u00e7mamak ba\u015fka bir \u015fey, masaya hapsolmay\u0131 kabul etmek ba\u015fka bir \u015feydir. K\u0131br\u0131s T\u00fcrk halk\u0131, sonu gelmeyen ya da ba\u015far\u0131s\u0131zl\u0131kla sonu\u00e7lanaca\u011f\u0131 ba\u015ftan belli olan m\u00fczakere masalar\u0131n\u0131 de\u011fil, adada ve b\u00f6lgede istikrara ve bar\u0131\u015fa hizmet edecek kal\u0131c\u0131 bir \u00e7\u00f6z\u00fcm\u00fc istemektedir.\u201d dedi.<\/p>\n<p>-\u201cK\u0131br\u0131s T\u00fcrk halk\u0131, egemenlik ve e\u015fitlik haklar\u0131n\u0131n ihlal edilmesine, g\u00f6rmezden gelinmesine, yok say\u0131lmas\u0131na izin vermeyecektir\u201d<\/p>\n<p>Uzun bir s\u00fcreden beri K\u0131br\u0131s sorununun kapsaml\u0131 \u00e7\u00f6z\u00fcm\u00fcne y\u00f6nelik bir m\u00fczakere masas\u0131n\u0131n kurulmad\u0131\u011f\u0131n\u0131 belirten Erh\u00fcrman, ge\u00e7en s\u00fcrede b\u00f6lgede \u00e7ok ciddi ve endi\u015fe verici geli\u015fmelerin ya\u015fand\u0131\u011f\u0131n\u0131 s\u00f6yledi. Erh\u00fcrman, g\u00fcneyde silahlanma ve askeri anla\u015fmalar konusunda sorumsuz ad\u0131mlar at\u0131ld\u0131\u011f\u0131n\u0131, K\u0131br\u0131s T\u00fcrk halk\u0131n\u0131n adadaki ve b\u00f6lgedeki pek \u00e7ok geli\u015fme konusunda g\u00f6rmezden gelinerek yok say\u0131ld\u0131\u011f\u0131n\u0131 belirtti.<\/p>\n<p>K\u0131br\u0131s T\u00fcrk halk\u0131n\u0131n adadaki iki e\u015fit kurucu ortaktan biri oldu\u011funu t\u00fcm d\u00fcnyan\u0131n bilmesi gerekti\u011fini vurgulayan Cumhurba\u015fkan\u0131 Tufan Erh\u00fcrman, \u015f\u00f6yle devam etti:<\/p>\n<p>\u201cK\u0131br\u0131s Rum halk\u0131n\u0131n bu adada ne kadar egemenlik hakk\u0131 varsa K\u0131br\u0131s T\u00fcrk halk\u0131n\u0131n da o kadar vard\u0131r. Ve K\u0131br\u0131s T\u00fcrk halk\u0131, egemenlik ve e\u015fitlik haklar\u0131n\u0131n ihlal edilmesine, g\u00f6rmezden gelinmesine, yok say\u0131lmas\u0131na izin vermeyecektir.<\/p>\n<p>Bug\u00fcn uluslararas\u0131 ili\u015fkilerde en \u00f6nemli ve belirleyici konular aras\u0131nda yer alan g\u00fcvenlik, enerji, deniz yetki alanlar\u0131, hidrokarbonlar, ticaret yollar\u0131 gibi konularda K\u0131br\u0131s T\u00fcrk halk\u0131n\u0131n iradesi olmaks\u0131z\u0131n karar verilmesi kabul edilebilir de\u011fildir.<\/p>\n<p>Bu alanlar bu adada ortak yetki alanlar\u0131d\u0131r. Bizim K\u0131br\u0131s Rum halk\u0131n\u0131n hak ve \u00e7\u0131karlar\u0131nda g\u00f6z\u00fcm\u00fcz yoktur. Ama bilinmelidir ki kendi halk\u0131m\u0131z\u0131n hak ve \u00e7\u0131karlar\u0131n\u0131n ihlal edilmesini de asla i\u00e7imize sindirecek de\u011filiz. K\u0131br\u0131s T\u00fcrk halk\u0131 d\u00fcn oldu\u011fu gibi bug\u00fcn de, hakk\u0131 olandan fazlas\u0131n\u0131 talep etmemekte, hi\u00e7 kimsenin hakk\u0131na g\u00f6z dikmemekte ama hakk\u0131ndan az\u0131na da asla r\u0131za g\u00f6stermemektedir.<\/p>\n<p>Bu sorunun \u00e7\u00f6z\u00fcm yolu elbette diyalog, diplomasi ve m\u00fczakeredir. Konu kapsaml\u0131 \u00e7\u00f6z\u00fcme ili\u015fkin m\u00fczakere oldu\u011funda bir noktan\u0131n alt\u0131n\u0131n \u00e7izilmesi gerekir. Ayn\u0131 yolu y\u00fcr\u00fcyerek farkl\u0131 bir sonuca ula\u015fmak m\u00fcmk\u00fcn olamayaca\u011f\u0131na g\u00f6re, ya\u015fad\u0131klar\u0131m\u0131zdan ders \u00e7\u0131karmak ve y\u00f6ntemleri de\u011fi\u015ftirmek \u015fartt\u0131r.\u201d<\/p>\n<p>&#8211; \u201cM\u00fczakere masas\u0131n\u0131n kurulmas\u0131n\u0131 sa\u011flayacak ko\u015fullar olgunla\u015fana kadar g\u00f6r\u00fc\u015f\u00fclmesi gereken \u00e7ok konu vard\u0131r\u201d<\/p>\n<p>\u201cK\u0131br\u0131s T\u00fcrk halk\u0131, siyasi e\u015fitli\u011finin pazarl\u0131k ya da al ver konusu yap\u0131laca\u011f\u0131, zaman s\u0131n\u0131rlamas\u0131 olmayan, bug\u00fcne kadarki m\u00fczakere s\u00fcre\u00e7lerinde defalarca teyit edilmi\u015f yak\u0131nla\u015fmalar\u0131n yok say\u0131laca\u011f\u0131 ve daha \u00f6nce ya\u015fanm\u0131\u015f oldu\u011fu ve en a\u00e7\u0131k bi\u00e7imiyle Annan Plan\u0131 referandumlar\u0131nda g\u00f6r\u00fcld\u00fc\u011f\u00fc gibi uzun bir s\u00fcrecin sonunda K\u0131br\u0131s Rum liderli\u011finin ret\u00e7i tutumuyla kar\u015f\u0131la\u015f\u0131lmas\u0131 halinde hi\u00e7bir \u015fey olmam\u0131\u015f gibi bug\u00fcnk\u00fc stat\u00fckoya geri d\u00f6n\u00fclecek bir s\u00fcreci kabul etmemektedir.\u201d diyen Erh\u00fcrman, bunlar\u0131n \u00f6n \u015fart olmad\u0131\u011f\u0131n\u0131, \u00e7\u00f6z\u00fcm metodolojisinin unsurlar\u0131 oldu\u011funu kaydetti.<\/p>\n<p>K\u0131br\u0131s T\u00fcrk halk\u0131 hi\u00e7bir zaman masadan ka\u00e7an taraf olmad\u0131\u011f\u0131n\u0131 bundan sonra da olmayaca\u011f\u0131n\u0131 yineleyen Erh\u00fcrman, m\u00fczakere masas\u0131n\u0131n kurulmas\u0131n\u0131 sa\u011flayacak ko\u015fullar olgunla\u015fana kadar g\u00f6r\u00fc\u015f\u00fclmesi gereken \u00e7ok konu oldu\u011funu ifade etti.<\/p>\n<p>Erh\u00fcrman, \u201cKapsaml\u0131 \u00e7\u00f6z\u00fcme y\u00f6nelik \u00e7\u00f6z\u00fcm odakl\u0131 bir m\u00fczakere masas\u0131 varsa orada olaca\u011f\u0131z. O masa hen\u00fcz kurulamad\u0131ysa, adadaki iki halk\u0131n g\u00fcnl\u00fck hayatlar\u0131n\u0131 kolayla\u015ft\u0131rmaya, g\u00fcvenin tesis edilmesine, \u00e7\u00f6z\u00fcm atmosferinin yarat\u0131lmas\u0131na, kazan-kazan ilkesi \u00e7er\u00e7evesinde ilerideki \u00e7\u00f6z\u00fcme katk\u0131da bulunacak bi\u00e7imde i\u015fbirliklerinin ve \u00e7\u00f6z\u00fcmlerin \u00fcretilmesine y\u00f6nelik g\u00f6r\u00fc\u015fme masas\u0131nda olaca\u011f\u0131z.\u201d dedi.<\/p>\n<p>-\u201cEri\u015febildi\u011fimiz her yerde halk\u0131m\u0131z\u0131n hak ve \u00e7\u0131karlar\u0131n\u0131 sonuna kadar savunaca\u011f\u0131z\u201d<\/p>\n<p>Masa d\u0131\u015f\u0131nda da bir d\u00fcnya bulundu\u011funu ve K\u0131br\u0131s T\u00fcrk halk\u0131n\u0131n t\u00fcm halklar gibi d\u00fcnyayla bulu\u015fma hakk\u0131na sahip oldu\u011funu belirten Erh\u00fcrman, \u201cDaha \u00f6nce oldu\u011fu gibi bu d\u00f6nemde de, T\u00fcrkiye Cumhuriyeti\u2019nin a\u00e7\u0131lmas\u0131na yard\u0131mc\u0131 olaca\u011f\u0131 diplomatik olanaklardan da yararlanarak, g\u00f6zlemci \u00fcye oldu\u011fumuz T\u00fcrk Devletleri Te\u015fkilat\u0131, \u0130slam \u0130\u015fbirli\u011fi Te\u015fkilat\u0131 ve Ekonomik \u0130\u015fbirli\u011fi Te\u015fkilat\u0131 yan\u0131 s\u0131ra, Avrupa Konseyi\u2019nde, Avrupa Birli\u011fi\u2019nde s\u00fcrd\u00fcr\u00fclen g\u00f6r\u00fc\u015fmelerde K\u0131br\u0131s Rum liderli\u011fi ile e\u015fit stat\u00fcde oldu\u011fumuz Birle\u015fmi\u015f Milletler\u2019de ve eri\u015febildi\u011fimiz her yerde halk\u0131m\u0131z\u0131n hak ve \u00e7\u0131karlar\u0131n\u0131 sonuna kadar savunaca\u011f\u0131z.\u201d diye konu\u015ftu.<\/p>\n<p>K\u0131br\u0131sl\u0131 T\u00fcrklerin \u00e7\u00f6z\u00fcm iradesine sahip oldu\u011funu defalarca kan\u0131tlad\u0131\u011f\u0131n\u0131 kaydeden Erh\u00fcrman, \u201cK\u0131br\u0131sl\u0131 T\u00fcrklerin \u00e7\u00f6z\u00fcms\u00fczl\u00fc\u011f\u00fcn bedelini \u00f6demeye mahkum edilmesini adil bulmam\u0131z\u0131, bunu i\u00e7imize sindirmemizi kimse istemesin.\u201d dedi.<\/p>\n<p>-\u201cBilinmesini isterim ki \u00e7ocuklar\u0131m\u0131z\u0131n haklar\u0131n\u0131 kimsenin insaf\u0131na b\u0131rakmaz, kimseye yedirmeyiz\u201d<\/p>\n<p>Erh\u00fcrman, s\u00f6zlerini \u015f\u00f6yle s\u00fcrd\u00fcrd\u00fc:<\/p>\n<p>\u201cAdada bizim irademize kar\u015f\u0131n \u00e7\u00f6z\u00fcme ula\u015f\u0131lamad\u0131 diye gen\u00e7lerimizin uluslararas\u0131 spor m\u00fcsabakalar\u0131nda yer alamamas\u0131n\u0131, bilim insanlar\u0131m\u0131z\u0131n, sanat insanlar\u0131m\u0131z\u0131n, i\u015f insanlar\u0131m\u0131z\u0131n d\u00fcnyayla bulu\u015fmakta s\u0131n\u0131rlamalarla kar\u015f\u0131la\u015fmas\u0131n\u0131, ekonomimizin geli\u015fmesinin \u00f6n\u00fcne s\u00fcrekli engeller \u00e7\u0131kar\u0131lmas\u0131n\u0131, \u00e7ocuklar\u0131m\u0131z\u0131n aras\u0131nda annelerinin babalar\u0131n\u0131n veya kendilerinin do\u011fum yerine bak\u0131larak ayr\u0131mc\u0131l\u0131k yap\u0131lmas\u0131n\u0131 kader diye kabullenmemizi kimse bizden beklemesin.<\/p>\n<p>D\u00fcnyadaki herhangi bir \u00e7ocu\u011fun da, bir K\u0131br\u0131sl\u0131 Rum \u00e7ocu\u011fun da, e\u015fitsizlikle kar\u015f\u0131la\u015fmas\u0131, seyahat \u00f6zg\u00fcrl\u00fc\u011f\u00fcn\u00fcn veya e\u011fitim hakk\u0131n\u0131n k\u0131s\u0131tlanmas\u0131, annesinin babas\u0131n\u0131n veya kendisinin do\u011fum yeri dolay\u0131s\u0131yla veya ba\u015fka bir sebeple ayr\u0131mc\u0131l\u0131\u011fa u\u011framas\u0131, d\u00fcnyadaki di\u011fer \u00e7ocuklarla e\u015fit hak ve olanaklara sahip olmamas\u0131, beni de, benim halk\u0131m\u0131 da mutsuz eder.<\/p>\n<p>Sorum uluslararas\u0131 topluma ve K\u0131br\u0131s Rum liderli\u011finedir; &#8216;D\u00fcnyadaki herhangi bir \u00e7ocuk gibi bir K\u0131br\u0131sl\u0131 Rum \u00e7ocu\u011fun da bu sorunlarla kar\u015f\u0131la\u015fmas\u0131 beni ve benim halk\u0131m\u0131 mutsuz ederken, bir K\u0131br\u0131sl\u0131 T\u00fcrk \u00e7ocu\u011fun bu sorunlarla kar\u015f\u0131 kar\u015f\u0131ya kalmas\u0131 sizi mutsuz ediyor mu?&#8217; Samimiyetle \u2018ediyor\u2019 diyorsan\u0131z, bilin ki bu iyi bir ba\u015flang\u0131\u00e7 noktas\u0131d\u0131r. \u2018Etmiyor, umurumda de\u011fil\u2019 diyorsan\u0131z, hatta daha ileri giderek \u00e7ocuklara bedel \u00f6detmekte bir beis g\u00f6rm\u00fcyorsan\u0131z, bilmek durumunday\u0131z ki hen\u00fcz ba\u015flang\u0131\u00e7 noktas\u0131n\u0131n \u00e7ok uza\u011f\u0131nday\u0131z. Ve o durumda bilinmesini isterim ki \u00e7ocuklar\u0131m\u0131z\u0131n haklar\u0131n\u0131 kimsenin insaf\u0131na b\u0131rakmaz, kimseye yedirmeyiz.\u201d<\/p>\n<p>K\u0131br\u0131s T\u00fcrk halk\u0131n\u0131n so\u011fukkanl\u0131, sab\u0131rl\u0131 ama ayn\u0131 zamanda kararl\u0131 oldu\u011funu belirten Erh\u00fcrman, bu halk\u0131n en zor ko\u015fullarda var oldu\u011funu, yar\u0131n da var olaca\u011f\u0131n\u0131, kimsenin bu halk\u0131 g\u00f6rmezden gelemeyece\u011fini, d\u00fcnyayla bulu\u015fmas\u0131n\u0131 kimsenin engelleyemeyece\u011fini vurgulad\u0131.<\/p>\n<p>-\u201c T\u00fcrkiye Cumhuriyeti\u2019nin d\u00fcn oldu\u011fu gibi bug\u00fcn de her ko\u015fulda yan\u0131m\u0131zda oldu\u011funu bilmek bizim en b\u00fcy\u00fck g\u00fcvencemizdir\u201d<\/p>\n<p>Bu zorlu m\u00fccadelede adan\u0131n tamam\u0131n\u0131n garant\u00f6r\u00fc olan T\u00fcrkiye Cumhuriyeti\u2019nin d\u00fcn oldu\u011fu gibi bug\u00fcn de her ko\u015fulda K\u0131br\u0131sl\u0131 T\u00fcrklerin yan\u0131nda oldu\u011funu, sars\u0131lmaz karde\u015flik ba\u011flar\u0131 \u00e7er\u00e7evesinde kay\u0131ts\u0131z \u015farts\u0131z yan\u0131nda olaca\u011f\u0131n\u0131 bilmenin en b\u00fcy\u00fck g\u00fcvence oldu\u011funu kaydeden Cumhurba\u015fkan\u0131 Erh\u00fcrman, \u201cBu vesileyle, k\u0131sa bir s\u00fcre \u00f6nce devlet geleneklerimiz do\u011frultusunda g\u00f6reve ba\u015flad\u0131ktan sonraki ilk ziyaretimi ger\u00e7ekle\u015ftirdi\u011fim T\u00fcrkiye\u2019de g\u00f6r\u00fc\u015ft\u00fc\u011f\u00fcm, Cumhurba\u015fkan\u0131 Say\u0131n Recep Tayyip Erdo\u011fan, T\u00fcrkiye B\u00fcy\u00fck Millet Meclisi Ba\u015fkan\u0131 Say\u0131n Numan Kurtulmu\u015f, bug\u00fcn de te\u015frifleriyle bizi onurland\u0131ran Cumhurba\u015fkan\u0131 Yard\u0131mc\u0131s\u0131 Say\u0131n Cevdet Y\u0131lmaz ve D\u0131\u015fi\u015fleri Bakan\u0131 Say\u0131n Hakan Fidan\u2019a, nazik misafirperverlikleri i\u00e7in bir kez de huzurlar\u0131n\u0131zda y\u00fcrekten te\u015fekk\u00fcr etmek istiyorum.\u201d dedi.<\/p>\n<p>-\u201cHalk\u0131m\u0131z\u0131n i\u00e7eride de ciddi s\u0131k\u0131nt\u0131lar\u0131 vard\u0131r ve bu s\u0131k\u0131nt\u0131lar\u0131n h\u0131zla a\u015f\u0131lmas\u0131 i\u00e7in hep birlikte \u00e7ok \u00e7al\u0131\u015fmam\u0131z gerekmektedir\u201d<\/p>\n<p>Halk\u0131n s\u0131k\u0131nt\u0131lar\u0131n\u0131n yaln\u0131zca K\u0131br\u0131s sorunuyla ve uluslararas\u0131 alanla ilgili olmad\u0131\u011f\u0131n\u0131, i\u00e7eride de ciddi s\u0131k\u0131nt\u0131lar\u0131 oldu\u011funu kaydeden Erh\u00fcrman, bu s\u0131k\u0131nt\u0131lar\u0131n h\u0131zla a\u015f\u0131lmas\u0131 i\u00e7in hep birlikte \u00e7ok \u00e7al\u0131\u015f\u0131lmas\u0131 gerekti\u011fini vurgulad\u0131.<\/p>\n<p>Erh\u00fcrman, \u015funlar\u0131 kaydetti:<\/p>\n<p>\u201cN\u00fcfusumuzu bilece\u011fiz ve bir n\u00fcfus politikas\u0131n\u0131 hayata ge\u00e7irece\u011fiz. N\u00fcfus politikas\u0131 yan\u0131nda ciddi bir muhaceret politikas\u0131n\u0131 da geli\u015ftirme ve \u00fclkemizi g\u00fcvensiz bir \u00fclke konumuna d\u00fc\u015fme riskinden h\u0131zla uzakla\u015ft\u0131rma zorunlulu\u011fumuz vard\u0131r.<\/p>\n<p>Sa\u011fl\u0131kta alt yap\u0131 ve sistem sorunlar\u0131m\u0131z\u0131 g\u00f6rmezden gelmeden, h\u0131zla harekete ge\u00e7mek \u015fartt\u0131r. E\u011fitimde prefabrik s\u0131n\u0131flar, anadili T\u00fcrk\u00e7e olmayan \u00e7ocuklar\u0131n adaptasyonu, \u00f6zel gereksinimli \u00e7ocuklar\u0131m\u0131z\u0131n kar\u015f\u0131lanamayan ihtiya\u00e7lar\u0131, kalite odakl\u0131 olmayan y\u00fcksek\u00f6\u011fretim gibi sorunlar\u0131 h\u0131zla ve planl\u0131 bir \u015fekilde a\u015fmak mecburidir. Beyin g\u00f6\u00e7\u00fc tahamm\u00fcl s\u0131n\u0131rlar\u0131n\u0131 \u00e7oktan a\u015fm\u0131\u015ft\u0131r. Beyin g\u00f6\u00e7\u00fcn\u00fc engelleyecek, tersine g\u00f6\u00e7\u00fc ba\u015flatacak paketler, programlar, planlar h\u0131zla hayata ge\u00e7irilmelidir.<\/p>\n<p>Yurtta\u015flar\u0131m\u0131z\u0131n e\u015fitli\u011fi, karde\u015fli\u011fi ve birli\u011fi vazge\u00e7ilmezimizdir. Irk\u00e7\u0131l\u0131k, ayr\u0131mc\u0131l\u0131k bu topraklarda asla ge\u00e7it vermeyece\u011fimiz anlay\u0131\u015flard\u0131r. Ne \u0131rka, ne dine, ne dile, ne cinsiyete, ne do\u011fum yerine, ne de benzerlerine dayal\u0131 ayr\u0131mc\u0131l\u0131\u011fa ge\u00e7it veririz. Bu memlekette ya\u015fayan her \u00e7ocuk bizim \u00e7ocu\u011fumuzdur ve bir tek \u00e7ocu\u011fumuzun sa\u011fl\u0131k hizmetlerinden, e\u011fitim hizmetlerinden yararlanmada ya\u015fad\u0131\u011f\u0131 sorunlar veya u\u011frayaca\u011f\u0131 ayr\u0131mc\u0131l\u0131k dolay\u0131s\u0131yla g\u00f6z\u00fcnden akan bir damla ya\u015f bu halk\u0131n y\u00fcre\u011fini deler.<\/p>\n<p>\u0130nsanlar\u0131m\u0131z\u0131n, \u00f6zellikle dar gelirli insanlar\u0131m\u0131z\u0131n al\u0131m g\u00fcc\u00fcndeki d\u00fc\u015f\u00fc\u015f, \u00fclkedeki hayat pahal\u0131l\u0131\u011f\u0131, g\u00fcneyin pek \u00e7ok konuda kuzeyden daha ucuz hale gelmesi meselemizdir, gailemizdir. \u00dcreticilerin \u00fcretimden kopma noktas\u0131na gelmesi gailemizdir. Turizm ve y\u00fcksek\u00f6\u011fretim yat\u0131r\u0131mlar\u0131yla kalk\u0131nmay\u0131 hedefleyen bu \u00fclkede \u00e7evre en b\u00fcy\u00fck gailelerimizden biridir ve bu alanlarda hep birlikte \u00e7al\u0131\u015farak az zamanda ciddi i\u015fler yapma y\u00fck\u00fcml\u00fcl\u00fc\u011f\u00fcm\u00fcz vard\u0131r.<\/p>\n<p>Bu halk, bu g\u00fczel adaya sevgiyle, a\u015fkla ba\u011fl\u0131 bireylerden olu\u015fur. Bu adada do\u011fan, burada ya\u015fayan hi\u00e7 kimse buralar\u0131 terk etmek istemez. Bu \u00fclkeyi y\u00f6netme konumunda olan bizlerin g\u00f6revi bu aday\u0131 insanlar\u0131m\u0131z i\u00e7in g\u00fcvenli, huzurlu, mutlu, medeni ve insan onuruna yara\u015f\u0131r bir hayat s\u00fcrecekleri bir mekana d\u00f6n\u00fc\u015ft\u00fcrmektir. Bunun i\u00e7in de en b\u00fcy\u00fck zenginli\u011fimiz olan yeti\u015fmi\u015f insan g\u00fcc\u00fcm\u00fczle, liyakat esas\u0131na g\u00f6re se\u00e7ilmi\u015f kadrolar\u0131m\u0131zla, ciddiyetle ve hep birlikte gece g\u00fcnd\u00fcz demeden \u00e7al\u0131\u015fma y\u00fck\u00fcml\u00fcl\u00fc\u011f\u00fcm\u00fcz vard\u0131r.<\/p>\n<p>Bu, hem bu adada son derece g\u00fc\u00e7 ko\u015fullarda b\u00fcy\u00fck bir varolu\u015f m\u00fccadelesi vermi\u015f b\u00fcy\u00fcklerimize, hem de bu aday\u0131 miras b\u0131rakaca\u011f\u0131m\u0131z gen\u00e7lerimize ve \u00e7ocuklar\u0131m\u0131za kar\u015f\u0131 y\u00fck\u00fcml\u00fcl\u00fc\u011f\u00fcm\u00fczd\u00fcr. Topluluk de\u011fil toplum olman\u0131n, halk olman\u0131n birinci ko\u015fulu benleri bizde bulu\u015fturmak, benin \u00f6zg\u00fcnl\u00fc\u011f\u00fcn\u00fc korurken biz olmay\u0131 ba\u015farmakt\u0131r. Farkl\u0131 d\u00fc\u015f\u00fcnceler zenginli\u011fimizdir, ya\u015fam bi\u00e7imi haline getirdi\u011fimizi defalarca kan\u0131tlad\u0131\u011f\u0131m\u0131z demokrasinin gere\u011fidir. D\u00fc\u015f\u00fcnce \u00f6zg\u00fcrl\u00fc\u011f\u00fc ve halk\u0131m\u0131z\u0131n derin ho\u015fg\u00f6r\u00fcs\u00fc bu \u00fclkede \u00fczerine titrememiz gereken gururumuzdur. Ve bunlar\u0131n yan\u0131nda hepimizi bir noktada bulu\u015fturan, bizi biz yapan, asla ayr\u0131\u015fmayaca\u011f\u0131m\u0131z iki a\u015fk\u0131m\u0131z vard\u0131r. Biri \u00e7ocuklar\u0131m\u0131za, di\u011feri bu topraklara sevdam\u0131zd\u0131r.<\/p>\n<p>\u0130ddiam\u0131z nettir. Biz bu topraklarda hep vard\u0131k, bug\u00fcn var\u0131z, gelecekte \u00e7ok daha iyi ko\u015fullarda var olmaya devam edece\u011fiz.\u201d<\/p>\n<p>Erh\u00fcrman, varolu\u015f m\u00fccadelesinin \u00f6nderleri Dr. Faz\u0131l K\u00fc\u00e7\u00fck ve Rauf Raif Denkta\u015f\u2019\u0131, aziz \u015fehitlerimizi, varolu\u015f m\u00fccadelesinde g\u00f6rev alm\u0131\u015f ve bug\u00fcn hayatta olmayan t\u00fcm insanlar\u0131 sayg\u0131 ve minnetle anarak, gazilere te\u015fekk\u00fcrlerini iletti ve sa\u011fl\u0131kl\u0131, uzun \u00f6m\u00fcrler diledi.<\/p>\n<p>Erh\u00fcrman, Cumhuriyet Bayram\u0131n\u0131 kutlayarak s\u00f6zlerine son verdi.<\/p>\n<\/p><\/div>\n","protected":false},"excerpt":{"rendered":"<p>Cumhurba\u015fkan\u0131 Tufan Erh\u00fcrman, K\u0131br\u0131s T\u00fcrk halk\u0131n\u0131n hi\u00e7bir d\u00f6nemde masadan ka\u00e7an taraf olmad\u0131\u011f\u0131n\u0131, bundan sonra da olmayaca\u011f\u0131n\u0131 belirterek, \u201c\u00c7\u00f6z\u00fcm iradesine sahip olan ve bu iradeye sahip oldu\u011funu defalarca kan\u0131tlam\u0131\u015f K\u0131br\u0131sl\u0131 T\u00fcrklerin \u00e7\u00f6z\u00fcms\u00fczl\u00fc\u011f\u00fcn bedelini \u00f6demeye mahkum edilmesini adil bulmam\u0131z\u0131, bunu i\u00e7imize sindirmemizi kimse istemesin.\u201d dedi. Adada K\u0131br\u0131s Rum halk\u0131n\u0131n ne kadar egemenlik hakk\u0131 varsa K\u0131br\u0131s T\u00fcrk halk\u0131n\u0131n<\/p>\n","protected":false},"author":1,"featured_media":99686,"comment_status":"open","ping_status":"open","sticky":false,"template":"","format":"standard","meta":{"footnotes":""},"categories":[81],"tags":[],"class_list":["post-99685","post","type-post","status-publish","format-standard","has-post-thumbnail","hentry","category-kibris"],"yoast_head":"<!-- This site is optimized with the Yoast SEO plugin v28.4 - https:\/\/yoast.com\/product\/yoast-seo-wordpress\/ -->\n<title>ERH\u00dcRMAN: \u201c\u00c7\u00d6Z\u00dcM MASASI KURULURSA ORADA OLURUZ\u201d -<\/title>\n<meta name=\"robots\" content=\"index, follow, max-snippet:-1, max-image-preview:large, max-video-preview:-1\" \/>\n<link rel=\"canonical\" href=\"https:\/\/kibrisdakik.com\/?p=99685\" \/>\n<meta property=\"og:locale\" content=\"tr_TR\" \/>\n<meta property=\"og:type\" content=\"article\" \/>\n<meta property=\"og:title\" content=\"ERH\u00dcRMAN: \u201c\u00c7\u00d6Z\u00dcM MASASI KURULURSA ORADA OLURUZ\u201d -\" \/>\n<meta property=\"og:description\" content=\"Cumhurba\u015fkan\u0131 Tufan Erh\u00fcrman, K\u0131br\u0131s T\u00fcrk halk\u0131n\u0131n hi\u00e7bir d\u00f6nemde masadan ka\u00e7an taraf olmad\u0131\u011f\u0131n\u0131, bundan sonra da olmayaca\u011f\u0131n\u0131 belirterek, \u201c\u00c7\u00f6z\u00fcm iradesine sahip olan ve bu iradeye sahip oldu\u011funu defalarca kan\u0131tlam\u0131\u015f K\u0131br\u0131sl\u0131 T\u00fcrklerin \u00e7\u00f6z\u00fcms\u00fczl\u00fc\u011f\u00fcn bedelini \u00f6demeye mahkum edilmesini adil bulmam\u0131z\u0131, bunu i\u00e7imize sindirmemizi kimse istemesin.\u201d dedi. Adada K\u0131br\u0131s Rum halk\u0131n\u0131n ne kadar egemenlik hakk\u0131 varsa K\u0131br\u0131s T\u00fcrk halk\u0131n\u0131n\" \/>\n<meta property=\"og:url\" content=\"https:\/\/kibrisdakik.com\/?p=99685\" \/>\n<meta property=\"article:published_time\" content=\"2025-11-15T13:31:12+00:00\" \/>\n<meta property=\"og:image\" content=\"https:\/\/kibrisdakik.com\/wp-content\/uploads\/2025\/11\/mha-sari-beyaz-882.png\" \/>\n\t<meta property=\"og:image:width\" content=\"1280\" \/>\n\t<meta property=\"og:image:height\" content=\"720\" \/>\n\t<meta property=\"og:image:type\" content=\"image\/png\" \/>\n<meta name=\"author\" content=\"admin\" \/>\n<meta name=\"twitter:card\" content=\"summary_large_image\" \/>\n<meta name=\"twitter:label1\" content=\"Yazan:\" \/>\n\t<meta name=\"twitter:data1\" content=\"admin\" \/>\n\t<meta name=\"twitter:label2\" content=\"Tahmini okuma s\u00fcresi\" \/>\n\t<meta name=\"twitter:data2\" content=\"16 dakika\" \/>\n<script type=\"application\/ld+json\" class=\"yoast-schema-graph\">{\"@context\":\"https:\\\/\\\/schema.org\",\"@graph\":[{\"@type\":\"Article\",\"@id\":\"https:\\\/\\\/kibrisdakik.com\\\/?p=99685#article\",\"isPartOf\":{\"@id\":\"https:\\\/\\\/kibrisdakik.com\\\/?p=99685\"},\"author\":{\"name\":\"admin\",\"@id\":\"https:\\\/\\\/kibrisdakik.com\\\/#\\\/schema\\\/person\\\/9cd9d437bbb44f72b73ba127e06d8e79\"},\"headline\":\"ERH\u00dcRMAN: \u201c\u00c7\u00d6Z\u00dcM MASASI KURULURSA ORADA OLURUZ\u201d\",\"datePublished\":\"2025-11-15T13:31:12+00:00\",\"mainEntityOfPage\":{\"@id\":\"https:\\\/\\\/kibrisdakik.com\\\/?p=99685\"},\"wordCount\":3203,\"commentCount\":0,\"publisher\":{\"@id\":\"https:\\\/\\\/kibrisdakik.com\\\/#organization\"},\"image\":{\"@id\":\"https:\\\/\\\/kibrisdakik.com\\\/?p=99685#primaryimage\"},\"thumbnailUrl\":\"https:\\\/\\\/kibrisdakik.com\\\/wp-content\\\/uploads\\\/2025\\\/11\\\/mha-sari-beyaz-882.png\",\"articleSection\":[\"K\u0131br\u0131s\"],\"inLanguage\":\"tr\",\"potentialAction\":[{\"@type\":\"CommentAction\",\"name\":\"Comment\",\"target\":[\"https:\\\/\\\/kibrisdakik.com\\\/?p=99685#respond\"]}]},{\"@type\":\"WebPage\",\"@id\":\"https:\\\/\\\/kibrisdakik.com\\\/?p=99685\",\"url\":\"https:\\\/\\\/kibrisdakik.com\\\/?p=99685\",\"name\":\"ERH\u00dcRMAN: \u201c\u00c7\u00d6Z\u00dcM MASASI KURULURSA ORADA OLURUZ\u201d -\",\"isPartOf\":{\"@id\":\"https:\\\/\\\/kibrisdakik.com\\\/#website\"},\"primaryImageOfPage\":{\"@id\":\"https:\\\/\\\/kibrisdakik.com\\\/?p=99685#primaryimage\"},\"image\":{\"@id\":\"https:\\\/\\\/kibrisdakik.com\\\/?p=99685#primaryimage\"},\"thumbnailUrl\":\"https:\\\/\\\/kibrisdakik.com\\\/wp-content\\\/uploads\\\/2025\\\/11\\\/mha-sari-beyaz-882.png\",\"datePublished\":\"2025-11-15T13:31:12+00:00\",\"breadcrumb\":{\"@id\":\"https:\\\/\\\/kibrisdakik.com\\\/?p=99685#breadcrumb\"},\"inLanguage\":\"tr\",\"potentialAction\":[{\"@type\":\"ReadAction\",\"target\":[\"https:\\\/\\\/kibrisdakik.com\\\/?p=99685\"]}]},{\"@type\":\"ImageObject\",\"inLanguage\":\"tr\",\"@id\":\"https:\\\/\\\/kibrisdakik.com\\\/?p=99685#primaryimage\",\"url\":\"https:\\\/\\\/kibrisdakik.com\\\/wp-content\\\/uploads\\\/2025\\\/11\\\/mha-sari-beyaz-882.png\",\"contentUrl\":\"https:\\\/\\\/kibrisdakik.com\\\/wp-content\\\/uploads\\\/2025\\\/11\\\/mha-sari-beyaz-882.png\",\"width\":1280,\"height\":720},{\"@type\":\"BreadcrumbList\",\"@id\":\"https:\\\/\\\/kibrisdakik.com\\\/?p=99685#breadcrumb\",\"itemListElement\":[{\"@type\":\"ListItem\",\"position\":1,\"name\":\"Home\",\"item\":\"https:\\\/\\\/kibrisdakik.com\\\/\"},{\"@type\":\"ListItem\",\"position\":2,\"name\":\"ERH\u00dcRMAN: \u201c\u00c7\u00d6Z\u00dcM MASASI KURULURSA ORADA OLURUZ\u201d\"}]},{\"@type\":\"WebSite\",\"@id\":\"https:\\\/\\\/kibrisdakik.com\\\/#website\",\"url\":\"https:\\\/\\\/kibrisdakik.com\\\/\",\"name\":\"K\u0131br\u0131s Dakik\",\"description\":\"Tam vaktinde haber\",\"publisher\":{\"@id\":\"https:\\\/\\\/kibrisdakik.com\\\/#organization\"},\"potentialAction\":[{\"@type\":\"SearchAction\",\"target\":{\"@type\":\"EntryPoint\",\"urlTemplate\":\"https:\\\/\\\/kibrisdakik.com\\\/?s={search_term_string}\"},\"query-input\":{\"@type\":\"PropertyValueSpecification\",\"valueRequired\":true,\"valueName\":\"search_term_string\"}}],\"inLanguage\":\"tr\"},{\"@type\":\"Organization\",\"@id\":\"https:\\\/\\\/kibrisdakik.com\\\/#organization\",\"name\":\"K\u0131br\u0131s Dakik\",\"url\":\"https:\\\/\\\/kibrisdakik.com\\\/\",\"logo\":{\"@type\":\"ImageObject\",\"inLanguage\":\"tr\",\"@id\":\"https:\\\/\\\/kibrisdakik.com\\\/#\\\/schema\\\/logo\\\/image\\\/\",\"url\":\"https:\\\/\\\/kibrisdakik.com\\\/wp-content\\\/uploads\\\/2025\\\/10\\\/cropped-WhatsApp-Image-2025-10-02-at-12.58.31.jpeg\",\"contentUrl\":\"https:\\\/\\\/kibrisdakik.com\\\/wp-content\\\/uploads\\\/2025\\\/10\\\/cropped-WhatsApp-Image-2025-10-02-at-12.58.31.jpeg\",\"width\":1237,\"height\":190,\"caption\":\"K\u0131br\u0131s Dakik\"},\"image\":{\"@id\":\"https:\\\/\\\/kibrisdakik.com\\\/#\\\/schema\\\/logo\\\/image\\\/\"}},{\"@type\":\"Person\",\"@id\":\"https:\\\/\\\/kibrisdakik.com\\\/#\\\/schema\\\/person\\\/9cd9d437bbb44f72b73ba127e06d8e79\",\"name\":\"admin\",\"image\":{\"@type\":\"ImageObject\",\"inLanguage\":\"tr\",\"@id\":\"https:\\\/\\\/secure.gravatar.com\\\/avatar\\\/ccc17943b9d660506c869530f897617f7cb1c21a4bf30023f252596d83e1f007?s=96&d=mm&r=g\",\"url\":\"https:\\\/\\\/secure.gravatar.com\\\/avatar\\\/ccc17943b9d660506c869530f897617f7cb1c21a4bf30023f252596d83e1f007?s=96&d=mm&r=g\",\"contentUrl\":\"https:\\\/\\\/secure.gravatar.com\\\/avatar\\\/ccc17943b9d660506c869530f897617f7cb1c21a4bf30023f252596d83e1f007?s=96&d=mm&r=g\",\"caption\":\"admin\"},\"sameAs\":[\"https:\\\/\\\/kibrisdakik.com\"],\"url\":\"https:\\\/\\\/kibrisdakik.com\\\/?author=1\"}]}<\/script>\n<!-- \/ Yoast SEO plugin. -->","yoast_head_json":{"title":"ERH\u00dcRMAN: \u201c\u00c7\u00d6Z\u00dcM MASASI KURULURSA ORADA OLURUZ\u201d -","robots":{"index":"index","follow":"follow","max-snippet":"max-snippet:-1","max-image-preview":"max-image-preview:large","max-video-preview":"max-video-preview:-1"},"canonical":"https:\/\/kibrisdakik.com\/?p=99685","og_locale":"tr_TR","og_type":"article","og_title":"ERH\u00dcRMAN: \u201c\u00c7\u00d6Z\u00dcM MASASI KURULURSA ORADA OLURUZ\u201d -","og_description":"Cumhurba\u015fkan\u0131 Tufan Erh\u00fcrman, K\u0131br\u0131s T\u00fcrk halk\u0131n\u0131n hi\u00e7bir d\u00f6nemde masadan ka\u00e7an taraf olmad\u0131\u011f\u0131n\u0131, bundan sonra da olmayaca\u011f\u0131n\u0131 belirterek, \u201c\u00c7\u00f6z\u00fcm iradesine sahip olan ve bu iradeye sahip oldu\u011funu defalarca kan\u0131tlam\u0131\u015f K\u0131br\u0131sl\u0131 T\u00fcrklerin \u00e7\u00f6z\u00fcms\u00fczl\u00fc\u011f\u00fcn bedelini \u00f6demeye mahkum edilmesini adil bulmam\u0131z\u0131, bunu i\u00e7imize sindirmemizi kimse istemesin.\u201d dedi. Adada K\u0131br\u0131s Rum halk\u0131n\u0131n ne kadar egemenlik hakk\u0131 varsa K\u0131br\u0131s T\u00fcrk halk\u0131n\u0131n","og_url":"https:\/\/kibrisdakik.com\/?p=99685","article_published_time":"2025-11-15T13:31:12+00:00","og_image":[{"width":1280,"height":720,"url":"https:\/\/kibrisdakik.com\/wp-content\/uploads\/2025\/11\/mha-sari-beyaz-882.png","type":"image\/png"}],"author":"admin","twitter_card":"summary_large_image","twitter_misc":{"Yazan:":"admin","Tahmini okuma s\u00fcresi":"16 dakika"},"schema":{"@context":"https:\/\/schema.org","@graph":[{"@type":"Article","@id":"https:\/\/kibrisdakik.com\/?p=99685#article","isPartOf":{"@id":"https:\/\/kibrisdakik.com\/?p=99685"},"author":{"name":"admin","@id":"https:\/\/kibrisdakik.com\/#\/schema\/person\/9cd9d437bbb44f72b73ba127e06d8e79"},"headline":"ERH\u00dcRMAN: \u201c\u00c7\u00d6Z\u00dcM MASASI KURULURSA ORADA OLURUZ\u201d","datePublished":"2025-11-15T13:31:12+00:00","mainEntityOfPage":{"@id":"https:\/\/kibrisdakik.com\/?p=99685"},"wordCount":3203,"commentCount":0,"publisher":{"@id":"https:\/\/kibrisdakik.com\/#organization"},"image":{"@id":"https:\/\/kibrisdakik.com\/?p=99685#primaryimage"},"thumbnailUrl":"https:\/\/kibrisdakik.com\/wp-content\/uploads\/2025\/11\/mha-sari-beyaz-882.png","articleSection":["K\u0131br\u0131s"],"inLanguage":"tr","potentialAction":[{"@type":"CommentAction","name":"Comment","target":["https:\/\/kibrisdakik.com\/?p=99685#respond"]}]},{"@type":"WebPage","@id":"https:\/\/kibrisdakik.com\/?p=99685","url":"https:\/\/kibrisdakik.com\/?p=99685","name":"ERH\u00dcRMAN: \u201c\u00c7\u00d6Z\u00dcM MASASI KURULURSA ORADA OLURUZ\u201d -","isPartOf":{"@id":"https:\/\/kibrisdakik.com\/#website"},"primaryImageOfPage":{"@id":"https:\/\/kibrisdakik.com\/?p=99685#primaryimage"},"image":{"@id":"https:\/\/kibrisdakik.com\/?p=99685#primaryimage"},"thumbnailUrl":"https:\/\/kibrisdakik.com\/wp-content\/uploads\/2025\/11\/mha-sari-beyaz-882.png","datePublished":"2025-11-15T13:31:12+00:00","breadcrumb":{"@id":"https:\/\/kibrisdakik.com\/?p=99685#breadcrumb"},"inLanguage":"tr","potentialAction":[{"@type":"ReadAction","target":["https:\/\/kibrisdakik.com\/?p=99685"]}]},{"@type":"ImageObject","inLanguage":"tr","@id":"https:\/\/kibrisdakik.com\/?p=99685#primaryimage","url":"https:\/\/kibrisdakik.com\/wp-content\/uploads\/2025\/11\/mha-sari-beyaz-882.png","contentUrl":"https:\/\/kibrisdakik.com\/wp-content\/uploads\/2025\/11\/mha-sari-beyaz-882.png","width":1280,"height":720},{"@type":"BreadcrumbList","@id":"https:\/\/kibrisdakik.com\/?p=99685#breadcrumb","itemListElement":[{"@type":"ListItem","position":1,"name":"Home","item":"https:\/\/kibrisdakik.com\/"},{"@type":"ListItem","position":2,"name":"ERH\u00dcRMAN: \u201c\u00c7\u00d6Z\u00dcM MASASI KURULURSA ORADA OLURUZ\u201d"}]},{"@type":"WebSite","@id":"https:\/\/kibrisdakik.com\/#website","url":"https:\/\/kibrisdakik.com\/","name":"K\u0131br\u0131s Dakik","description":"Tam vaktinde haber","publisher":{"@id":"https:\/\/kibrisdakik.com\/#organization"},"potentialAction":[{"@type":"SearchAction","target":{"@type":"EntryPoint","urlTemplate":"https:\/\/kibrisdakik.com\/?s={search_term_string}"},"query-input":{"@type":"PropertyValueSpecification","valueRequired":true,"valueName":"search_term_string"}}],"inLanguage":"tr"},{"@type":"Organization","@id":"https:\/\/kibrisdakik.com\/#organization","name":"K\u0131br\u0131s Dakik","url":"https:\/\/kibrisdakik.com\/","logo":{"@type":"ImageObject","inLanguage":"tr","@id":"https:\/\/kibrisdakik.com\/#\/schema\/logo\/image\/","url":"https:\/\/kibrisdakik.com\/wp-content\/uploads\/2025\/10\/cropped-WhatsApp-Image-2025-10-02-at-12.58.31.jpeg","contentUrl":"https:\/\/kibrisdakik.com\/wp-content\/uploads\/2025\/10\/cropped-WhatsApp-Image-2025-10-02-at-12.58.31.jpeg","width":1237,"height":190,"caption":"K\u0131br\u0131s Dakik"},"image":{"@id":"https:\/\/kibrisdakik.com\/#\/schema\/logo\/image\/"}},{"@type":"Person","@id":"https:\/\/kibrisdakik.com\/#\/schema\/person\/9cd9d437bbb44f72b73ba127e06d8e79","name":"admin","image":{"@type":"ImageObject","inLanguage":"tr","@id":"https:\/\/secure.gravatar.com\/avatar\/ccc17943b9d660506c869530f897617f7cb1c21a4bf30023f252596d83e1f007?s=96&d=mm&r=g","url":"https:\/\/secure.gravatar.com\/avatar\/ccc17943b9d660506c869530f897617f7cb1c21a4bf30023f252596d83e1f007?s=96&d=mm&r=g","contentUrl":"https:\/\/secure.gravatar.com\/avatar\/ccc17943b9d660506c869530f897617f7cb1c21a4bf30023f252596d83e1f007?s=96&d=mm&r=g","caption":"admin"},"sameAs":["https:\/\/kibrisdakik.com"],"url":"https:\/\/kibrisdakik.com\/?author=1"}]}},"_links":{"self":[{"href":"https:\/\/kibrisdakik.com\/index.php?rest_route=\/wp\/v2\/posts\/99685","targetHints":{"allow":["GET"]}}],"collection":[{"href":"https:\/\/kibrisdakik.com\/index.php?rest_route=\/wp\/v2\/posts"}],"about":[{"href":"https:\/\/kibrisdakik.com\/index.php?rest_route=\/wp\/v2\/types\/post"}],"author":[{"embeddable":true,"href":"https:\/\/kibrisdakik.com\/index.php?rest_route=\/wp\/v2\/users\/1"}],"replies":[{"embeddable":true,"href":"https:\/\/kibrisdakik.com\/index.php?rest_route=%2Fwp%2Fv2%2Fcomments&post=99685"}],"version-history":[{"count":0,"href":"https:\/\/kibrisdakik.com\/index.php?rest_route=\/wp\/v2\/posts\/99685\/revisions"}],"wp:featuredmedia":[{"embeddable":true,"href":"https:\/\/kibrisdakik.com\/index.php?rest_route=\/wp\/v2\/media\/99686"}],"wp:attachment":[{"href":"https:\/\/kibrisdakik.com\/index.php?rest_route=%2Fwp%2Fv2%2Fmedia&parent=99685"}],"wp:term":[{"taxonomy":"category","embeddable":true,"href":"https:\/\/kibrisdakik.com\/index.php?rest_route=%2Fwp%2Fv2%2Fcategories&post=99685"},{"taxonomy":"post_tag","embeddable":true,"href":"https:\/\/kibrisdakik.com\/index.php?rest_route=%2Fwp%2Fv2%2Ftags&post=99685"}],"curies":[{"name":"wp","href":"https:\/\/api.w.org\/{rel}","templated":true}]}}