{"id":9970,"date":"2023-07-07T11:07:25","date_gmt":"2023-07-07T11:07:25","guid":{"rendered":"https:\/\/kibrisdakik.com\/index.php\/2023\/07\/07\/kibris-turk-sanayi-odasi-ankara-sanayi-odasi-ile-kardes-oda-oldu\/"},"modified":"2023-07-07T11:07:25","modified_gmt":"2023-07-07T11:07:25","slug":"kibris-turk-sanayi-odasi-ankara-sanayi-odasi-ile-kardes-oda-oldu","status":"publish","type":"post","link":"https:\/\/kibrisdakik.com\/?p=9970","title":{"rendered":"K\u0131br\u0131s T\u00fcrk Sanayi Odas\u0131, Ankara Sanayi Odas\u0131 ile \u201cKarde\u015f Oda\u201d oldu"},"content":{"rendered":"<p><\/p>\n<div>\n<p>\u00a0<\/p>\n<div class=\"mariselle-image-container center\">\n                <img width=\"1600\" height=\"684\" class=\"lazy-image\" alt=\"\" decoding=\"async\" loading=\"lazy\" sizes=\"auto, (max-width: 1600px) 100vw, 1600px\" src=\"https:\/\/brtk.net\/wp-content\/uploads\/2023\/07\/07\/ankara-ziyaret-06.07.23-5.jpeg?ver=6b750dd555e95fe0a58ac4b3482bdcb4\" srcset=\"https:\/\/brtk.net\/wp-content\/uploads\/2023\/07\/07\/ankara-ziyaret-06.07.23-5.jpeg?ver=6b750dd555e95fe0a58ac4b3482bdcb4 1600w, https:\/\/brtk.net\/wp-content\/uploads\/2023\/07\/07\/ankara-ziyaret-06.07.23-5-300x128.jpeg?ver=6b750dd555e95fe0a58ac4b3482bdcb4 300w, https:\/\/brtk.net\/wp-content\/uploads\/2023\/07\/07\/ankara-ziyaret-06.07.23-5-1024x438.jpeg?ver=3b0edbfbdaa5e84c5b7680e82ca28ce0 1024w, https:\/\/brtk.net\/wp-content\/uploads\/2023\/07\/07\/ankara-ziyaret-06.07.23-5-768x328.jpeg?ver=3b0edbfbdaa5e84c5b7680e82ca28ce0 768w, https:\/\/brtk.net\/wp-content\/uploads\/2023\/07\/07\/ankara-ziyaret-06.07.23-5-1536x657.jpeg?ver=3b0edbfbdaa5e84c5b7680e82ca28ce0 1536w\"\/>                            <\/div>\n<p>Ankara\u2019da temaslarda bulunan Ali Kamac\u0131o\u011flu ba\u015fkanl\u0131\u011f\u0131ndaki K\u0131br\u0131s T\u00fcrk Sanayi Odas\u0131 heyeti, Ankara Sanayi Odas\u0131\u2019n\u0131 ziyaret ederek Seyit Ard\u0131\u00e7 ba\u015fkanl\u0131\u011f\u0131ndaki oda yetkileriyle g\u00f6r\u00fc\u015ft\u00fc.<\/p>\n<p>G\u00f6r\u00fc\u015fmede, K\u0131br\u0131s T\u00fcrk Sanayi Odas\u0131 ile Ankara Sanayi Odas\u0131 aras\u0131nda \u201cKarde\u015f Oda \u0130\u015fbirli\u011fi Protokol\u00fc\u201d imzaland\u0131. Protokol ile, oda \u00fcyelerinin i\u015fbirli\u011fi yapmalar\u0131 te\u015fvik edilecek, ticari ili\u015fkiler geli\u015ftirilecek, ortak projeler y\u00fcr\u00fct\u00fclecek ve iki oda aras\u0131nda ticaret ve yat\u0131r\u0131m konular\u0131nda deneyim payla\u015f\u0131m\u0131 yap\u0131lacak.<\/p>\n<p>Ankara Sanayi Odas\u0131 Ba\u015fkan\u0131 Seyit Ard\u0131\u00e7, geli\u015fme ve b\u00fcy\u00fcmenin payla\u015ft\u0131k\u00e7a artt\u0131\u011f\u0131n\u0131 belirtti.<\/p>\n<p>Ard\u0131\u00e7, \u201cKuzey K\u0131br\u0131s T\u00fcrk Cumhuriyeti bizim ayr\u0131lmaz bir par\u00e7am\u0131z. Her zaman, samimiyet ve karde\u015flik temelinde dayan\u0131\u015fmaya ve Kuzey K\u0131br\u0131s T\u00fcrk Cumhuriyeti\u2019nin ekonomik olarak g\u00fc\u00e7lenmesine ve kalk\u0131nmas\u0131na katk\u0131 sa\u011flayacak i\u015fbirliklerine haz\u0131r\u0131z. Karde\u015f oda protokol\u00fc ile KTSO ile olan karde\u015fli\u011fimiz peki\u015fecek ve eminim bu birliktelik yeni i\u015f f\u0131rsatlar\u0131na vesile olacakt\u0131r. Protokol\u00fcn iki odaya ve \u00fcyelerimize hay\u0131rl\u0131 olmas\u0131n\u0131 diliyorum\u201d ifadelerini kulland\u0131.<\/p>\n<p>K\u0131br\u0131s T\u00fcrk Sanayi Odas\u0131 Ba\u015fkan\u0131 Kamac\u0131o\u011flu da, hedeflerinin <a href=\"https:\/\/brtk.net\/\">KKTC<\/a>\u2019nin ihracat\u0131n\u0131 art\u0131rmak oldu\u011funu belirtti.<\/p>\n<p>Kamac\u0131o\u011flu, \u201c\u00dclkemizin \u00fcretim yapabilen bir konuma gelmesi i\u00e7in organize sanayi b\u00f6lgelerine ihtiyac\u0131m\u0131z var. Bizim en \u00f6nemli eksi\u011fimiz tecr\u00fcbe. Ankara Sanayi Odas\u0131 ise bu tecr\u00fcbeye fazlas\u0131yla sahip ve biz de bu tecr\u00fcbelerden faydalanarak ekonomimizin \u00fcretim aya\u011f\u0131n\u0131 da ger\u00e7ekle\u015ftirmek istiyoruz\u201d dedi.<\/p>\n<p>\u00a0<\/p>\n<\/p><\/div>\n<p><script async\n                    defer\n                    crossorigin=\"anonymous\"\n                    src=\"https:\/\/connect.facebook.net\/tr_TR\/sdk.js#xfbml=1&#038;version=v3.3\"\n            ><\/script><\/p>\n","protected":false},"excerpt":{"rendered":"<p>\u00a0 Ankara\u2019da temaslarda bulunan Ali Kamac\u0131o\u011flu ba\u015fkanl\u0131\u011f\u0131ndaki K\u0131br\u0131s T\u00fcrk Sanayi Odas\u0131 heyeti, Ankara Sanayi Odas\u0131\u2019n\u0131 ziyaret ederek Seyit Ard\u0131\u00e7 ba\u015fkanl\u0131\u011f\u0131ndaki oda yetkileriyle g\u00f6r\u00fc\u015ft\u00fc. G\u00f6r\u00fc\u015fmede, K\u0131br\u0131s T\u00fcrk Sanayi Odas\u0131 ile Ankara Sanayi Odas\u0131 aras\u0131nda \u201cKarde\u015f Oda \u0130\u015fbirli\u011fi Protokol\u00fc\u201d imzaland\u0131. Protokol ile, oda \u00fcyelerinin i\u015fbirli\u011fi yapmalar\u0131 te\u015fvik edilecek, ticari ili\u015fkiler geli\u015ftirilecek, ortak projeler y\u00fcr\u00fct\u00fclecek ve iki oda<\/p>\n","protected":false},"author":1,"featured_media":9971,"comment_status":"open","ping_status":"open","sticky":false,"template":"","format":"standard","meta":{"footnotes":""},"categories":[1],"tags":[],"class_list":["post-9970","post","type-post","status-publish","format-standard","has-post-thumbnail","hentry","category-gundem"],"yoast_head":"<!-- This site is optimized with the Yoast SEO plugin v27.5 - https:\/\/yoast.com\/product\/yoast-seo-wordpress\/ -->\n<title>K\u0131br\u0131s T\u00fcrk Sanayi Odas\u0131, Ankara Sanayi Odas\u0131 ile \u201cKarde\u015f Oda\u201d oldu -<\/title>\n<meta name=\"robots\" content=\"index, follow, max-snippet:-1, max-image-preview:large, max-video-preview:-1\" \/>\n<link rel=\"canonical\" href=\"https:\/\/kibrisdakik.com\/?p=9970\" \/>\n<meta property=\"og:locale\" content=\"tr_TR\" \/>\n<meta property=\"og:type\" content=\"article\" \/>\n<meta property=\"og:title\" content=\"K\u0131br\u0131s T\u00fcrk Sanayi Odas\u0131, Ankara Sanayi Odas\u0131 ile \u201cKarde\u015f Oda\u201d oldu -\" \/>\n<meta property=\"og:description\" content=\"\u00a0 Ankara\u2019da temaslarda bulunan Ali Kamac\u0131o\u011flu ba\u015fkanl\u0131\u011f\u0131ndaki K\u0131br\u0131s T\u00fcrk Sanayi Odas\u0131 heyeti, Ankara Sanayi Odas\u0131\u2019n\u0131 ziyaret ederek Seyit Ard\u0131\u00e7 ba\u015fkanl\u0131\u011f\u0131ndaki oda yetkileriyle g\u00f6r\u00fc\u015ft\u00fc. G\u00f6r\u00fc\u015fmede, K\u0131br\u0131s T\u00fcrk Sanayi Odas\u0131 ile Ankara Sanayi Odas\u0131 aras\u0131nda \u201cKarde\u015f Oda \u0130\u015fbirli\u011fi Protokol\u00fc\u201d imzaland\u0131. Protokol ile, oda \u00fcyelerinin i\u015fbirli\u011fi yapmalar\u0131 te\u015fvik edilecek, ticari ili\u015fkiler geli\u015ftirilecek, ortak projeler y\u00fcr\u00fct\u00fclecek ve iki oda\" \/>\n<meta property=\"og:url\" content=\"https:\/\/kibrisdakik.com\/?p=9970\" \/>\n<meta property=\"article:published_time\" content=\"2023-07-07T11:07:25+00:00\" \/>\n<meta property=\"og:image\" content=\"https:\/\/kibrisdakik.com\/wp-content\/uploads\/2023\/07\/ankara-ziyaret-06.07.23-5-740x420.jpeg\" \/>\n\t<meta property=\"og:image:width\" content=\"1600\" \/>\n\t<meta property=\"og:image:height\" content=\"684\" \/>\n\t<meta property=\"og:image:type\" content=\"image\/jpeg\" \/>\n<meta name=\"author\" content=\"admin\" \/>\n<meta name=\"twitter:card\" content=\"summary_large_image\" \/>\n<meta name=\"twitter:label1\" content=\"Yazan:\" \/>\n\t<meta name=\"twitter:data1\" content=\"admin\" \/>\n\t<meta name=\"twitter:label2\" content=\"Tahmini okuma s\u00fcresi\" \/>\n\t<meta name=\"twitter:data2\" content=\"1 dakika\" \/>\n<script type=\"application\/ld+json\" class=\"yoast-schema-graph\">{\"@context\":\"https:\\\/\\\/schema.org\",\"@graph\":[{\"@type\":\"Article\",\"@id\":\"https:\\\/\\\/kibrisdakik.com\\\/?p=9970#article\",\"isPartOf\":{\"@id\":\"https:\\\/\\\/kibrisdakik.com\\\/?p=9970\"},\"author\":{\"name\":\"admin\",\"@id\":\"https:\\\/\\\/kibrisdakik.com\\\/#\\\/schema\\\/person\\\/9cd9d437bbb44f72b73ba127e06d8e79\"},\"headline\":\"K\u0131br\u0131s T\u00fcrk Sanayi Odas\u0131, Ankara Sanayi Odas\u0131 ile \u201cKarde\u015f Oda\u201d oldu\",\"datePublished\":\"2023-07-07T11:07:25+00:00\",\"mainEntityOfPage\":{\"@id\":\"https:\\\/\\\/kibrisdakik.com\\\/?p=9970\"},\"wordCount\":292,\"commentCount\":0,\"image\":{\"@id\":\"https:\\\/\\\/kibrisdakik.com\\\/?p=9970#primaryimage\"},\"thumbnailUrl\":\"https:\\\/\\\/kibrisdakik.com\\\/wp-content\\\/uploads\\\/2023\\\/07\\\/ankara-ziyaret-06.07.23-5-740x420.jpeg\",\"articleSection\":[\"G\u00fcndem\"],\"inLanguage\":\"tr\",\"potentialAction\":[{\"@type\":\"CommentAction\",\"name\":\"Comment\",\"target\":[\"https:\\\/\\\/kibrisdakik.com\\\/?p=9970#respond\"]}]},{\"@type\":\"WebPage\",\"@id\":\"https:\\\/\\\/kibrisdakik.com\\\/?p=9970\",\"url\":\"https:\\\/\\\/kibrisdakik.com\\\/?p=9970\",\"name\":\"K\u0131br\u0131s T\u00fcrk Sanayi Odas\u0131, Ankara Sanayi Odas\u0131 ile \u201cKarde\u015f Oda\u201d oldu -\",\"isPartOf\":{\"@id\":\"https:\\\/\\\/kibrisdakik.com\\\/#website\"},\"primaryImageOfPage\":{\"@id\":\"https:\\\/\\\/kibrisdakik.com\\\/?p=9970#primaryimage\"},\"image\":{\"@id\":\"https:\\\/\\\/kibrisdakik.com\\\/?p=9970#primaryimage\"},\"thumbnailUrl\":\"https:\\\/\\\/kibrisdakik.com\\\/wp-content\\\/uploads\\\/2023\\\/07\\\/ankara-ziyaret-06.07.23-5-740x420.jpeg\",\"datePublished\":\"2023-07-07T11:07:25+00:00\",\"author\":{\"@id\":\"https:\\\/\\\/kibrisdakik.com\\\/#\\\/schema\\\/person\\\/9cd9d437bbb44f72b73ba127e06d8e79\"},\"breadcrumb\":{\"@id\":\"https:\\\/\\\/kibrisdakik.com\\\/?p=9970#breadcrumb\"},\"inLanguage\":\"tr\",\"potentialAction\":[{\"@type\":\"ReadAction\",\"target\":[\"https:\\\/\\\/kibrisdakik.com\\\/?p=9970\"]}]},{\"@type\":\"ImageObject\",\"inLanguage\":\"tr\",\"@id\":\"https:\\\/\\\/kibrisdakik.com\\\/?p=9970#primaryimage\",\"url\":\"https:\\\/\\\/kibrisdakik.com\\\/wp-content\\\/uploads\\\/2023\\\/07\\\/ankara-ziyaret-06.07.23-5-740x420.jpeg\",\"contentUrl\":\"https:\\\/\\\/kibrisdakik.com\\\/wp-content\\\/uploads\\\/2023\\\/07\\\/ankara-ziyaret-06.07.23-5-740x420.jpeg\",\"width\":1600,\"height\":684},{\"@type\":\"BreadcrumbList\",\"@id\":\"https:\\\/\\\/kibrisdakik.com\\\/?p=9970#breadcrumb\",\"itemListElement\":[{\"@type\":\"ListItem\",\"position\":1,\"name\":\"Home\",\"item\":\"https:\\\/\\\/kibrisdakik.com\\\/\"},{\"@type\":\"ListItem\",\"position\":2,\"name\":\"K\u0131br\u0131s T\u00fcrk Sanayi Odas\u0131, Ankara Sanayi Odas\u0131 ile \u201cKarde\u015f Oda\u201d oldu\"}]},{\"@type\":\"WebSite\",\"@id\":\"https:\\\/\\\/kibrisdakik.com\\\/#website\",\"url\":\"https:\\\/\\\/kibrisdakik.com\\\/\",\"name\":\"\",\"description\":\"Tam vaktinde haber\",\"potentialAction\":[{\"@type\":\"SearchAction\",\"target\":{\"@type\":\"EntryPoint\",\"urlTemplate\":\"https:\\\/\\\/kibrisdakik.com\\\/?s={search_term_string}\"},\"query-input\":{\"@type\":\"PropertyValueSpecification\",\"valueRequired\":true,\"valueName\":\"search_term_string\"}}],\"inLanguage\":\"tr\"},{\"@type\":\"Person\",\"@id\":\"https:\\\/\\\/kibrisdakik.com\\\/#\\\/schema\\\/person\\\/9cd9d437bbb44f72b73ba127e06d8e79\",\"name\":\"admin\",\"image\":{\"@type\":\"ImageObject\",\"inLanguage\":\"tr\",\"@id\":\"https:\\\/\\\/secure.gravatar.com\\\/avatar\\\/ccc17943b9d660506c869530f897617f7cb1c21a4bf30023f252596d83e1f007?s=96&d=mm&r=g\",\"url\":\"https:\\\/\\\/secure.gravatar.com\\\/avatar\\\/ccc17943b9d660506c869530f897617f7cb1c21a4bf30023f252596d83e1f007?s=96&d=mm&r=g\",\"contentUrl\":\"https:\\\/\\\/secure.gravatar.com\\\/avatar\\\/ccc17943b9d660506c869530f897617f7cb1c21a4bf30023f252596d83e1f007?s=96&d=mm&r=g\",\"caption\":\"admin\"},\"sameAs\":[\"https:\\\/\\\/kibrisdakik.com\"],\"url\":\"https:\\\/\\\/kibrisdakik.com\\\/?author=1\"}]}<\/script>\n<!-- \/ Yoast SEO plugin. -->","yoast_head_json":{"title":"K\u0131br\u0131s T\u00fcrk Sanayi Odas\u0131, Ankara Sanayi Odas\u0131 ile \u201cKarde\u015f Oda\u201d oldu -","robots":{"index":"index","follow":"follow","max-snippet":"max-snippet:-1","max-image-preview":"max-image-preview:large","max-video-preview":"max-video-preview:-1"},"canonical":"https:\/\/kibrisdakik.com\/?p=9970","og_locale":"tr_TR","og_type":"article","og_title":"K\u0131br\u0131s T\u00fcrk Sanayi Odas\u0131, Ankara Sanayi Odas\u0131 ile \u201cKarde\u015f Oda\u201d oldu -","og_description":"\u00a0 Ankara\u2019da temaslarda bulunan Ali Kamac\u0131o\u011flu ba\u015fkanl\u0131\u011f\u0131ndaki K\u0131br\u0131s T\u00fcrk Sanayi Odas\u0131 heyeti, Ankara Sanayi Odas\u0131\u2019n\u0131 ziyaret ederek Seyit Ard\u0131\u00e7 ba\u015fkanl\u0131\u011f\u0131ndaki oda yetkileriyle g\u00f6r\u00fc\u015ft\u00fc. G\u00f6r\u00fc\u015fmede, K\u0131br\u0131s T\u00fcrk Sanayi Odas\u0131 ile Ankara Sanayi Odas\u0131 aras\u0131nda \u201cKarde\u015f Oda \u0130\u015fbirli\u011fi Protokol\u00fc\u201d imzaland\u0131. Protokol ile, oda \u00fcyelerinin i\u015fbirli\u011fi yapmalar\u0131 te\u015fvik edilecek, ticari ili\u015fkiler geli\u015ftirilecek, ortak projeler y\u00fcr\u00fct\u00fclecek ve iki oda","og_url":"https:\/\/kibrisdakik.com\/?p=9970","article_published_time":"2023-07-07T11:07:25+00:00","og_image":[{"width":1600,"height":684,"url":"https:\/\/kibrisdakik.com\/wp-content\/uploads\/2023\/07\/ankara-ziyaret-06.07.23-5-740x420.jpeg","type":"image\/jpeg"}],"author":"admin","twitter_card":"summary_large_image","twitter_misc":{"Yazan:":"admin","Tahmini okuma s\u00fcresi":"1 dakika"},"schema":{"@context":"https:\/\/schema.org","@graph":[{"@type":"Article","@id":"https:\/\/kibrisdakik.com\/?p=9970#article","isPartOf":{"@id":"https:\/\/kibrisdakik.com\/?p=9970"},"author":{"name":"admin","@id":"https:\/\/kibrisdakik.com\/#\/schema\/person\/9cd9d437bbb44f72b73ba127e06d8e79"},"headline":"K\u0131br\u0131s T\u00fcrk Sanayi Odas\u0131, Ankara Sanayi Odas\u0131 ile \u201cKarde\u015f Oda\u201d oldu","datePublished":"2023-07-07T11:07:25+00:00","mainEntityOfPage":{"@id":"https:\/\/kibrisdakik.com\/?p=9970"},"wordCount":292,"commentCount":0,"image":{"@id":"https:\/\/kibrisdakik.com\/?p=9970#primaryimage"},"thumbnailUrl":"https:\/\/kibrisdakik.com\/wp-content\/uploads\/2023\/07\/ankara-ziyaret-06.07.23-5-740x420.jpeg","articleSection":["G\u00fcndem"],"inLanguage":"tr","potentialAction":[{"@type":"CommentAction","name":"Comment","target":["https:\/\/kibrisdakik.com\/?p=9970#respond"]}]},{"@type":"WebPage","@id":"https:\/\/kibrisdakik.com\/?p=9970","url":"https:\/\/kibrisdakik.com\/?p=9970","name":"K\u0131br\u0131s T\u00fcrk Sanayi Odas\u0131, Ankara Sanayi Odas\u0131 ile \u201cKarde\u015f Oda\u201d oldu -","isPartOf":{"@id":"https:\/\/kibrisdakik.com\/#website"},"primaryImageOfPage":{"@id":"https:\/\/kibrisdakik.com\/?p=9970#primaryimage"},"image":{"@id":"https:\/\/kibrisdakik.com\/?p=9970#primaryimage"},"thumbnailUrl":"https:\/\/kibrisdakik.com\/wp-content\/uploads\/2023\/07\/ankara-ziyaret-06.07.23-5-740x420.jpeg","datePublished":"2023-07-07T11:07:25+00:00","author":{"@id":"https:\/\/kibrisdakik.com\/#\/schema\/person\/9cd9d437bbb44f72b73ba127e06d8e79"},"breadcrumb":{"@id":"https:\/\/kibrisdakik.com\/?p=9970#breadcrumb"},"inLanguage":"tr","potentialAction":[{"@type":"ReadAction","target":["https:\/\/kibrisdakik.com\/?p=9970"]}]},{"@type":"ImageObject","inLanguage":"tr","@id":"https:\/\/kibrisdakik.com\/?p=9970#primaryimage","url":"https:\/\/kibrisdakik.com\/wp-content\/uploads\/2023\/07\/ankara-ziyaret-06.07.23-5-740x420.jpeg","contentUrl":"https:\/\/kibrisdakik.com\/wp-content\/uploads\/2023\/07\/ankara-ziyaret-06.07.23-5-740x420.jpeg","width":1600,"height":684},{"@type":"BreadcrumbList","@id":"https:\/\/kibrisdakik.com\/?p=9970#breadcrumb","itemListElement":[{"@type":"ListItem","position":1,"name":"Home","item":"https:\/\/kibrisdakik.com\/"},{"@type":"ListItem","position":2,"name":"K\u0131br\u0131s T\u00fcrk Sanayi Odas\u0131, Ankara Sanayi Odas\u0131 ile \u201cKarde\u015f Oda\u201d oldu"}]},{"@type":"WebSite","@id":"https:\/\/kibrisdakik.com\/#website","url":"https:\/\/kibrisdakik.com\/","name":"","description":"Tam vaktinde haber","potentialAction":[{"@type":"SearchAction","target":{"@type":"EntryPoint","urlTemplate":"https:\/\/kibrisdakik.com\/?s={search_term_string}"},"query-input":{"@type":"PropertyValueSpecification","valueRequired":true,"valueName":"search_term_string"}}],"inLanguage":"tr"},{"@type":"Person","@id":"https:\/\/kibrisdakik.com\/#\/schema\/person\/9cd9d437bbb44f72b73ba127e06d8e79","name":"admin","image":{"@type":"ImageObject","inLanguage":"tr","@id":"https:\/\/secure.gravatar.com\/avatar\/ccc17943b9d660506c869530f897617f7cb1c21a4bf30023f252596d83e1f007?s=96&d=mm&r=g","url":"https:\/\/secure.gravatar.com\/avatar\/ccc17943b9d660506c869530f897617f7cb1c21a4bf30023f252596d83e1f007?s=96&d=mm&r=g","contentUrl":"https:\/\/secure.gravatar.com\/avatar\/ccc17943b9d660506c869530f897617f7cb1c21a4bf30023f252596d83e1f007?s=96&d=mm&r=g","caption":"admin"},"sameAs":["https:\/\/kibrisdakik.com"],"url":"https:\/\/kibrisdakik.com\/?author=1"}]}},"_links":{"self":[{"href":"https:\/\/kibrisdakik.com\/index.php?rest_route=\/wp\/v2\/posts\/9970","targetHints":{"allow":["GET"]}}],"collection":[{"href":"https:\/\/kibrisdakik.com\/index.php?rest_route=\/wp\/v2\/posts"}],"about":[{"href":"https:\/\/kibrisdakik.com\/index.php?rest_route=\/wp\/v2\/types\/post"}],"author":[{"embeddable":true,"href":"https:\/\/kibrisdakik.com\/index.php?rest_route=\/wp\/v2\/users\/1"}],"replies":[{"embeddable":true,"href":"https:\/\/kibrisdakik.com\/index.php?rest_route=%2Fwp%2Fv2%2Fcomments&post=9970"}],"version-history":[{"count":0,"href":"https:\/\/kibrisdakik.com\/index.php?rest_route=\/wp\/v2\/posts\/9970\/revisions"}],"wp:featuredmedia":[{"embeddable":true,"href":"https:\/\/kibrisdakik.com\/index.php?rest_route=\/wp\/v2\/media\/9971"}],"wp:attachment":[{"href":"https:\/\/kibrisdakik.com\/index.php?rest_route=%2Fwp%2Fv2%2Fmedia&parent=9970"}],"wp:term":[{"taxonomy":"category","embeddable":true,"href":"https:\/\/kibrisdakik.com\/index.php?rest_route=%2Fwp%2Fv2%2Fcategories&post=9970"},{"taxonomy":"post_tag","embeddable":true,"href":"https:\/\/kibrisdakik.com\/index.php?rest_route=%2Fwp%2Fv2%2Ftags&post=9970"}],"curies":[{"name":"wp","href":"https:\/\/api.w.org\/{rel}","templated":true}]}}