{"id":99822,"date":"2025-11-17T14:55:29","date_gmt":"2025-11-17T12:55:29","guid":{"rendered":"https:\/\/kibrisdakik.com\/index.php\/2025\/11\/17\/ogretmen-sendikalari-cumhurbaskanligi-onunde-eylem-yapti\/"},"modified":"2025-11-17T14:55:29","modified_gmt":"2025-11-17T12:55:29","slug":"ogretmen-sendikalari-cumhurbaskanligi-onunde-eylem-yapti","status":"publish","type":"post","link":"https:\/\/kibrisdakik.com\/?p=99822","title":{"rendered":"\u00d6\u011eRETMEN SEND\u0130KALARI CUMHURBA\u015eKANLI\u011eI \u00d6N\u00dcNDE EYLEM YAPTI"},"content":{"rendered":"<p><\/p>\n<div data-text-id=\"189807\" property=\"articleBody\">\n<p>K\u0131br\u0131s T\u00fcrk \u00d6\u011fretmenler Sendikas\u0131 (KT\u00d6S) ile K\u0131br\u0131s T\u00fcrk Orta E\u011fitim \u00d6\u011fretmenler Sendikas\u0131 (KTOE\u00d6S), Cumhurba\u015fkanl\u0131\u011f\u0131 \u00f6n\u00fcnde eylem yapt\u0131.<\/p>\n<p>Gazima\u011fusa \u0130lahiyat Koleji Yap\u0131m Projesi Protokol\u00fc\u2019n\u00fcn Onaylanmas\u0131n\u0131n Uygun Bulunmas\u0131na \u0130li\u015fkin (Onay) Yasa Tasar\u0131s\u0131\u2019n\u0131n bug\u00fcn Meclis\u2019te ele al\u0131nacak olmas\u0131 sebebiyle yap\u0131lan eylemde, KTOE\u00d6S Ba\u015fkan\u0131 Selma Eylem, KT\u00d6S Ba\u015fkan\u0131 Mustafa Baybora ile KTOE\u00d6S Genel Sekreteri Tahir G\u00f6k\u00e7ebel bas\u0131n a\u00e7\u0131klamas\u0131 yapt\u0131.<\/p>\n<p>-Eylem<\/p>\n<p>KTOE\u00d6S Ba\u015fkan\u0131 Selma Eylem, e\u011fitimin, toplum m\u00fchendisli\u011finde en etkili ara\u00e7 oldu\u011funu belirterek, &#8220;e\u011fitimi gericile\u015ftirerek&#8221; hedeflenen toplum modeli yaratma \u00e7al\u0131\u015fmalar\u0131 kapsam\u0131nda \u00fclkede dayatmalar yap\u0131ld\u0131\u011f\u0131n\u0131 savundu.<\/p>\n<p>Gazima\u011fusa \u0130lahiyat Koleji Yap\u0131m Projesi Protokol\u00fc\u2019n\u00fcn Onaylanmas\u0131n\u0131n Uygun Bulunmas\u0131na \u0130li\u015fkin (Onay) Yasa Tasar\u0131s\u0131\u2019n\u0131 ele\u015ftiren Eylem, okul binalar\u0131n\u0131n depreme kar\u015f\u0131 hala g\u00fcvenli hale getirilmedi\u011fini, Lefke Gazi Lisesi \u00f6\u011frenci ve velilerinin isyanda oldu\u011funu belirtti.<\/p>\n<p>Eylem, s\u00f6z konusu okullarda olu\u015fan hasarlar\u0131n, s\u0131va ve boyayla kapatt\u0131r\u0131ld\u0131\u011f\u0131n\u0131 ya da \u201criskli\u201d listesinden \u00e7\u0131kar\u0131ld\u0131\u011f\u0131n\u0131 savundu. \u201cOkullar\u0131m\u0131z, okul idarelerimiz, \u00f6\u011fretmenlerimiz; in\u015faatlar, konteynerler, kalabal\u0131k s\u0131n\u0131flar, eksik kadrolar, sahte tam g\u00fcn ve daha bir\u00e7ok sorunla bo\u011fu\u015furken b\u00f6yle bir dayatman\u0131n g\u00fcndeme getirilmesi kabul edilebilir de\u011fildir.\u201d diyen Eylem, h\u00fck\u00fcmet ve meclise ele\u015ftirilerde bulundu.<\/p>\n<p>Gazima\u011fusa\u2019ya \u0130lahiyat Koleji yap\u0131lmas\u0131 i\u00e7in onay veren h\u00fck\u00fcmeti ele\u015ftiren Eylem, Atat\u00fcrk ilke ve devrimleri do\u011frultusunda laik, bilimsel ve akl\u0131 \u00f6zg\u00fcrle\u015ftiren e\u011fitim ile laik, demokratik, \u00f6zg\u00fcr, ba\u011f\u0131ms\u0131z bir toplum i\u00e7in m\u00fccadeleye devam edeceklerini vurgulad\u0131.<\/p>\n<p>-Baybora<\/p>\n<p>KT\u00d6S Ba\u015fkan\u0131 Mustafa Baybora da, K\u0131br\u0131s T\u00fcrk toplumunun kimli\u011finin, k\u00fclt\u00fcr\u00fcn\u00fcn d\u00f6n\u00fc\u015ft\u00fcr\u00fclmesi i\u00e7in planlanan politikalar\u0131n, e\u011fitim arac\u0131l\u0131\u011f\u0131yla dayat\u0131lmak istendi\u011fini \u00f6ne s\u00fcrd\u00fc.<\/p>\n<p>\u00d6zellikle iki \u00f6\u011fretmen sendikas\u0131 ve toplumun ayd\u0131nl\u0131k ve ilerici kesimleri olarak bu duruma kar\u015f\u0131 \u00e7\u0131kmaya devam edeceklerini kaydeden Baybora, K\u0131br\u0131s T\u00fcrk toplumunun, kimli\u011finin, k\u00fclt\u00fcr\u00fcn\u00fcn ve kendine \u00f6zg\u00fcn ya\u015fam tarz\u0131n\u0131n de\u011fi\u015ftirilmeyece\u011fini vurgulad\u0131.<\/p>\n<p>Baybora, \u00fclkedeki ihtiyac\u0131n; adaletli bir d\u00fczen, insan haklar\u0131, demokrasi, yoksullu\u011fun ortadan kald\u0131r\u0131lmas\u0131 ve gelecekle ilgili endi\u015feler ile gayelerin giderilmesi politikalar\u0131 oldu\u011funu; bunun ilahiyat olmad\u0131\u011f\u0131n\u0131 belirtti.<\/p>\n<p>\u00dclkenin, &#8220;Kara para, fuhu\u015f ve rant cennetine&#8221; \u00e7evrildi\u011fini iddia eden Baybora, bu anlay\u0131\u015f\u0131n kar\u015f\u0131s\u0131nda durmaya korkmadan devam edeceklerini s\u00f6yledi.<\/p>\n<p>Baybora, T\u00fcrkiye D\u0131\u015fi\u015fleri Bakan\u0131&#8217;n\u0131n son yapt\u0131\u011f\u0131 a\u00e7\u0131klamay\u0131 talihsiz olarak nitelendirdi.<\/p>\n<p>-G\u00f6k\u00e7ebel<\/p>\n<p>KTOE\u00d6S Genel Sekreteri Tahir G\u00f6k\u00e7ebel ise, K\u0131br\u0131s T\u00fcrklerinin y\u0131llard\u0131r kendi karakterini, iradesini, ya\u015fam tarz\u0131n\u0131, dilini, dinini korumay\u0131 ba\u015fard\u0131\u011f\u0131n\u0131 ve sayg\u0131 bekledi\u011fini belirtti.<\/p>\n<p>\u201cK\u0131br\u0131s&#8217;ta projeleriniz var ama buras\u0131 bizim vatan\u0131m\u0131z.\u201d diyen G\u00f6k\u00e7ebel, K\u0131br\u0131s T\u00fcrk toplumunun ne T\u00fcrkl\u00fc\u011f\u00fcnden ne dininden ne ya\u015fam bi\u00e7iminden ne dilinden taviz vermeden can\u0131n\u0131 verdi\u011fini kaydetti.<\/p>\n<p>G\u00f6k\u00e7ebel, &#8220;Ba\u015f\u00f6rt\u00fcs\u00fc, ilahiyat, tarikatlar konular\u0131 ile sosyal, k\u00fclt\u00fcrel ve siyasal politikalar\u0131n bir dayatma arac\u0131na d\u00f6n\u00fc\u015ft\u00fcr\u00fcld\u00fc\u011f\u00fcn\u00fc&#8221; \u00f6ne s\u00fcrerek, bunun kar\u015f\u0131s\u0131nda duran ve demokrasi, insan haklar\u0131, Atat\u00fcrk ilke ve ink\u0131laplar\u0131, ayd\u0131nl\u0131k bir \u00fclke, \u00e7ocuklar\u0131n\u0131n \u00f6zg\u00fcrle\u015fmesi ile gelecek i\u00e7in m\u00fccadele eden insanlar\u0131n a\u015fa\u011f\u0131land\u0131\u011f\u0131n\u0131, \u00f6tekile\u015ftirildi\u011fini ve d\u00fc\u015fmanla\u015ft\u0131r\u0131lmaya \u00e7al\u0131\u015f\u0131ld\u0131\u011f\u0131n\u0131 savundu.<\/p>\n<p>G\u00f6k\u00e7ebel, T\u00fcrkiye D\u0131\u015fi\u015fleri Bakan\u0131&#8217;n\u0131n yapt\u0131\u011f\u0131 a\u00e7\u0131klamay\u0131 kabul etmediklerini ifade ederek, h\u00fck\u00fcmete ele\u015ftirilerde bulundu, meclisin temsiliyetinin kalmad\u0131\u011f\u0131n\u0131 iddia etti.<\/p>\n<\/p><\/div>\n","protected":false},"excerpt":{"rendered":"<p>K\u0131br\u0131s T\u00fcrk \u00d6\u011fretmenler Sendikas\u0131 (KT\u00d6S) ile K\u0131br\u0131s T\u00fcrk Orta E\u011fitim \u00d6\u011fretmenler Sendikas\u0131 (KTOE\u00d6S), Cumhurba\u015fkanl\u0131\u011f\u0131 \u00f6n\u00fcnde eylem yapt\u0131. Gazima\u011fusa \u0130lahiyat Koleji Yap\u0131m Projesi Protokol\u00fc\u2019n\u00fcn Onaylanmas\u0131n\u0131n Uygun Bulunmas\u0131na \u0130li\u015fkin (Onay) Yasa Tasar\u0131s\u0131\u2019n\u0131n bug\u00fcn Meclis\u2019te ele al\u0131nacak olmas\u0131 sebebiyle yap\u0131lan eylemde, KTOE\u00d6S Ba\u015fkan\u0131 Selma Eylem, KT\u00d6S Ba\u015fkan\u0131 Mustafa Baybora ile KTOE\u00d6S Genel Sekreteri Tahir G\u00f6k\u00e7ebel bas\u0131n a\u00e7\u0131klamas\u0131 yapt\u0131.<\/p>\n","protected":false},"author":1,"featured_media":99823,"comment_status":"open","ping_status":"open","sticky":false,"template":"","format":"standard","meta":{"footnotes":""},"categories":[81],"tags":[],"class_list":["post-99822","post","type-post","status-publish","format-standard","has-post-thumbnail","hentry","category-kibris"],"yoast_head":"<!-- This site is optimized with the Yoast SEO plugin v27.5 - https:\/\/yoast.com\/product\/yoast-seo-wordpress\/ -->\n<title>\u00d6\u011eRETMEN SEND\u0130KALARI CUMHURBA\u015eKANLI\u011eI \u00d6N\u00dcNDE EYLEM YAPTI -<\/title>\n<meta name=\"robots\" content=\"index, follow, max-snippet:-1, max-image-preview:large, max-video-preview:-1\" \/>\n<link rel=\"canonical\" href=\"https:\/\/kibrisdakik.com\/?p=99822\" \/>\n<meta property=\"og:locale\" content=\"tr_TR\" \/>\n<meta property=\"og:type\" content=\"article\" \/>\n<meta property=\"og:title\" content=\"\u00d6\u011eRETMEN SEND\u0130KALARI CUMHURBA\u015eKANLI\u011eI \u00d6N\u00dcNDE EYLEM YAPTI -\" \/>\n<meta property=\"og:description\" content=\"K\u0131br\u0131s T\u00fcrk \u00d6\u011fretmenler Sendikas\u0131 (KT\u00d6S) ile K\u0131br\u0131s T\u00fcrk Orta E\u011fitim \u00d6\u011fretmenler Sendikas\u0131 (KTOE\u00d6S), Cumhurba\u015fkanl\u0131\u011f\u0131 \u00f6n\u00fcnde eylem yapt\u0131. Gazima\u011fusa \u0130lahiyat Koleji Yap\u0131m Projesi Protokol\u00fc\u2019n\u00fcn Onaylanmas\u0131n\u0131n Uygun Bulunmas\u0131na \u0130li\u015fkin (Onay) Yasa Tasar\u0131s\u0131\u2019n\u0131n bug\u00fcn Meclis\u2019te ele al\u0131nacak olmas\u0131 sebebiyle yap\u0131lan eylemde, KTOE\u00d6S Ba\u015fkan\u0131 Selma Eylem, KT\u00d6S Ba\u015fkan\u0131 Mustafa Baybora ile KTOE\u00d6S Genel Sekreteri Tahir G\u00f6k\u00e7ebel bas\u0131n a\u00e7\u0131klamas\u0131 yapt\u0131.\" \/>\n<meta property=\"og:url\" content=\"https:\/\/kibrisdakik.com\/?p=99822\" \/>\n<meta property=\"article:published_time\" content=\"2025-11-17T12:55:29+00:00\" \/>\n<meta property=\"og:image\" content=\"https:\/\/kibrisdakik.com\/wp-content\/uploads\/2025\/11\/mha-sari-beyaz-914.png\" \/>\n\t<meta property=\"og:image:width\" content=\"1280\" \/>\n\t<meta property=\"og:image:height\" content=\"720\" \/>\n\t<meta property=\"og:image:type\" content=\"image\/png\" \/>\n<meta name=\"author\" content=\"admin\" \/>\n<meta name=\"twitter:card\" content=\"summary_large_image\" \/>\n<meta name=\"twitter:label1\" content=\"Yazan:\" \/>\n\t<meta name=\"twitter:data1\" content=\"admin\" \/>\n\t<meta name=\"twitter:label2\" content=\"Tahmini okuma s\u00fcresi\" \/>\n\t<meta name=\"twitter:data2\" content=\"3 dakika\" \/>\n<script type=\"application\/ld+json\" class=\"yoast-schema-graph\">{\"@context\":\"https:\\\/\\\/schema.org\",\"@graph\":[{\"@type\":\"Article\",\"@id\":\"https:\\\/\\\/kibrisdakik.com\\\/?p=99822#article\",\"isPartOf\":{\"@id\":\"https:\\\/\\\/kibrisdakik.com\\\/?p=99822\"},\"author\":{\"name\":\"admin\",\"@id\":\"https:\\\/\\\/kibrisdakik.com\\\/#\\\/schema\\\/person\\\/9cd9d437bbb44f72b73ba127e06d8e79\"},\"headline\":\"\u00d6\u011eRETMEN SEND\u0130KALARI CUMHURBA\u015eKANLI\u011eI \u00d6N\u00dcNDE EYLEM YAPTI\",\"datePublished\":\"2025-11-17T12:55:29+00:00\",\"mainEntityOfPage\":{\"@id\":\"https:\\\/\\\/kibrisdakik.com\\\/?p=99822\"},\"wordCount\":666,\"commentCount\":0,\"image\":{\"@id\":\"https:\\\/\\\/kibrisdakik.com\\\/?p=99822#primaryimage\"},\"thumbnailUrl\":\"https:\\\/\\\/kibrisdakik.com\\\/wp-content\\\/uploads\\\/2025\\\/11\\\/mha-sari-beyaz-914.png\",\"articleSection\":[\"K\u0131br\u0131s\"],\"inLanguage\":\"tr\",\"potentialAction\":[{\"@type\":\"CommentAction\",\"name\":\"Comment\",\"target\":[\"https:\\\/\\\/kibrisdakik.com\\\/?p=99822#respond\"]}]},{\"@type\":\"WebPage\",\"@id\":\"https:\\\/\\\/kibrisdakik.com\\\/?p=99822\",\"url\":\"https:\\\/\\\/kibrisdakik.com\\\/?p=99822\",\"name\":\"\u00d6\u011eRETMEN SEND\u0130KALARI CUMHURBA\u015eKANLI\u011eI \u00d6N\u00dcNDE EYLEM YAPTI -\",\"isPartOf\":{\"@id\":\"https:\\\/\\\/kibrisdakik.com\\\/#website\"},\"primaryImageOfPage\":{\"@id\":\"https:\\\/\\\/kibrisdakik.com\\\/?p=99822#primaryimage\"},\"image\":{\"@id\":\"https:\\\/\\\/kibrisdakik.com\\\/?p=99822#primaryimage\"},\"thumbnailUrl\":\"https:\\\/\\\/kibrisdakik.com\\\/wp-content\\\/uploads\\\/2025\\\/11\\\/mha-sari-beyaz-914.png\",\"datePublished\":\"2025-11-17T12:55:29+00:00\",\"author\":{\"@id\":\"https:\\\/\\\/kibrisdakik.com\\\/#\\\/schema\\\/person\\\/9cd9d437bbb44f72b73ba127e06d8e79\"},\"breadcrumb\":{\"@id\":\"https:\\\/\\\/kibrisdakik.com\\\/?p=99822#breadcrumb\"},\"inLanguage\":\"tr\",\"potentialAction\":[{\"@type\":\"ReadAction\",\"target\":[\"https:\\\/\\\/kibrisdakik.com\\\/?p=99822\"]}]},{\"@type\":\"ImageObject\",\"inLanguage\":\"tr\",\"@id\":\"https:\\\/\\\/kibrisdakik.com\\\/?p=99822#primaryimage\",\"url\":\"https:\\\/\\\/kibrisdakik.com\\\/wp-content\\\/uploads\\\/2025\\\/11\\\/mha-sari-beyaz-914.png\",\"contentUrl\":\"https:\\\/\\\/kibrisdakik.com\\\/wp-content\\\/uploads\\\/2025\\\/11\\\/mha-sari-beyaz-914.png\",\"width\":1280,\"height\":720},{\"@type\":\"BreadcrumbList\",\"@id\":\"https:\\\/\\\/kibrisdakik.com\\\/?p=99822#breadcrumb\",\"itemListElement\":[{\"@type\":\"ListItem\",\"position\":1,\"name\":\"Home\",\"item\":\"https:\\\/\\\/kibrisdakik.com\\\/\"},{\"@type\":\"ListItem\",\"position\":2,\"name\":\"\u00d6\u011eRETMEN SEND\u0130KALARI CUMHURBA\u015eKANLI\u011eI \u00d6N\u00dcNDE EYLEM YAPTI\"}]},{\"@type\":\"WebSite\",\"@id\":\"https:\\\/\\\/kibrisdakik.com\\\/#website\",\"url\":\"https:\\\/\\\/kibrisdakik.com\\\/\",\"name\":\"\",\"description\":\"Tam vaktinde haber\",\"potentialAction\":[{\"@type\":\"SearchAction\",\"target\":{\"@type\":\"EntryPoint\",\"urlTemplate\":\"https:\\\/\\\/kibrisdakik.com\\\/?s={search_term_string}\"},\"query-input\":{\"@type\":\"PropertyValueSpecification\",\"valueRequired\":true,\"valueName\":\"search_term_string\"}}],\"inLanguage\":\"tr\"},{\"@type\":\"Person\",\"@id\":\"https:\\\/\\\/kibrisdakik.com\\\/#\\\/schema\\\/person\\\/9cd9d437bbb44f72b73ba127e06d8e79\",\"name\":\"admin\",\"image\":{\"@type\":\"ImageObject\",\"inLanguage\":\"tr\",\"@id\":\"https:\\\/\\\/secure.gravatar.com\\\/avatar\\\/ccc17943b9d660506c869530f897617f7cb1c21a4bf30023f252596d83e1f007?s=96&d=mm&r=g\",\"url\":\"https:\\\/\\\/secure.gravatar.com\\\/avatar\\\/ccc17943b9d660506c869530f897617f7cb1c21a4bf30023f252596d83e1f007?s=96&d=mm&r=g\",\"contentUrl\":\"https:\\\/\\\/secure.gravatar.com\\\/avatar\\\/ccc17943b9d660506c869530f897617f7cb1c21a4bf30023f252596d83e1f007?s=96&d=mm&r=g\",\"caption\":\"admin\"},\"sameAs\":[\"https:\\\/\\\/kibrisdakik.com\"],\"url\":\"https:\\\/\\\/kibrisdakik.com\\\/?author=1\"}]}<\/script>\n<!-- \/ Yoast SEO plugin. -->","yoast_head_json":{"title":"\u00d6\u011eRETMEN SEND\u0130KALARI CUMHURBA\u015eKANLI\u011eI \u00d6N\u00dcNDE EYLEM YAPTI -","robots":{"index":"index","follow":"follow","max-snippet":"max-snippet:-1","max-image-preview":"max-image-preview:large","max-video-preview":"max-video-preview:-1"},"canonical":"https:\/\/kibrisdakik.com\/?p=99822","og_locale":"tr_TR","og_type":"article","og_title":"\u00d6\u011eRETMEN SEND\u0130KALARI CUMHURBA\u015eKANLI\u011eI \u00d6N\u00dcNDE EYLEM YAPTI -","og_description":"K\u0131br\u0131s T\u00fcrk \u00d6\u011fretmenler Sendikas\u0131 (KT\u00d6S) ile K\u0131br\u0131s T\u00fcrk Orta E\u011fitim \u00d6\u011fretmenler Sendikas\u0131 (KTOE\u00d6S), Cumhurba\u015fkanl\u0131\u011f\u0131 \u00f6n\u00fcnde eylem yapt\u0131. Gazima\u011fusa \u0130lahiyat Koleji Yap\u0131m Projesi Protokol\u00fc\u2019n\u00fcn Onaylanmas\u0131n\u0131n Uygun Bulunmas\u0131na \u0130li\u015fkin (Onay) Yasa Tasar\u0131s\u0131\u2019n\u0131n bug\u00fcn Meclis\u2019te ele al\u0131nacak olmas\u0131 sebebiyle yap\u0131lan eylemde, KTOE\u00d6S Ba\u015fkan\u0131 Selma Eylem, KT\u00d6S Ba\u015fkan\u0131 Mustafa Baybora ile KTOE\u00d6S Genel Sekreteri Tahir G\u00f6k\u00e7ebel bas\u0131n a\u00e7\u0131klamas\u0131 yapt\u0131.","og_url":"https:\/\/kibrisdakik.com\/?p=99822","article_published_time":"2025-11-17T12:55:29+00:00","og_image":[{"width":1280,"height":720,"url":"https:\/\/kibrisdakik.com\/wp-content\/uploads\/2025\/11\/mha-sari-beyaz-914.png","type":"image\/png"}],"author":"admin","twitter_card":"summary_large_image","twitter_misc":{"Yazan:":"admin","Tahmini okuma s\u00fcresi":"3 dakika"},"schema":{"@context":"https:\/\/schema.org","@graph":[{"@type":"Article","@id":"https:\/\/kibrisdakik.com\/?p=99822#article","isPartOf":{"@id":"https:\/\/kibrisdakik.com\/?p=99822"},"author":{"name":"admin","@id":"https:\/\/kibrisdakik.com\/#\/schema\/person\/9cd9d437bbb44f72b73ba127e06d8e79"},"headline":"\u00d6\u011eRETMEN SEND\u0130KALARI CUMHURBA\u015eKANLI\u011eI \u00d6N\u00dcNDE EYLEM YAPTI","datePublished":"2025-11-17T12:55:29+00:00","mainEntityOfPage":{"@id":"https:\/\/kibrisdakik.com\/?p=99822"},"wordCount":666,"commentCount":0,"image":{"@id":"https:\/\/kibrisdakik.com\/?p=99822#primaryimage"},"thumbnailUrl":"https:\/\/kibrisdakik.com\/wp-content\/uploads\/2025\/11\/mha-sari-beyaz-914.png","articleSection":["K\u0131br\u0131s"],"inLanguage":"tr","potentialAction":[{"@type":"CommentAction","name":"Comment","target":["https:\/\/kibrisdakik.com\/?p=99822#respond"]}]},{"@type":"WebPage","@id":"https:\/\/kibrisdakik.com\/?p=99822","url":"https:\/\/kibrisdakik.com\/?p=99822","name":"\u00d6\u011eRETMEN SEND\u0130KALARI CUMHURBA\u015eKANLI\u011eI \u00d6N\u00dcNDE EYLEM YAPTI -","isPartOf":{"@id":"https:\/\/kibrisdakik.com\/#website"},"primaryImageOfPage":{"@id":"https:\/\/kibrisdakik.com\/?p=99822#primaryimage"},"image":{"@id":"https:\/\/kibrisdakik.com\/?p=99822#primaryimage"},"thumbnailUrl":"https:\/\/kibrisdakik.com\/wp-content\/uploads\/2025\/11\/mha-sari-beyaz-914.png","datePublished":"2025-11-17T12:55:29+00:00","author":{"@id":"https:\/\/kibrisdakik.com\/#\/schema\/person\/9cd9d437bbb44f72b73ba127e06d8e79"},"breadcrumb":{"@id":"https:\/\/kibrisdakik.com\/?p=99822#breadcrumb"},"inLanguage":"tr","potentialAction":[{"@type":"ReadAction","target":["https:\/\/kibrisdakik.com\/?p=99822"]}]},{"@type":"ImageObject","inLanguage":"tr","@id":"https:\/\/kibrisdakik.com\/?p=99822#primaryimage","url":"https:\/\/kibrisdakik.com\/wp-content\/uploads\/2025\/11\/mha-sari-beyaz-914.png","contentUrl":"https:\/\/kibrisdakik.com\/wp-content\/uploads\/2025\/11\/mha-sari-beyaz-914.png","width":1280,"height":720},{"@type":"BreadcrumbList","@id":"https:\/\/kibrisdakik.com\/?p=99822#breadcrumb","itemListElement":[{"@type":"ListItem","position":1,"name":"Home","item":"https:\/\/kibrisdakik.com\/"},{"@type":"ListItem","position":2,"name":"\u00d6\u011eRETMEN SEND\u0130KALARI CUMHURBA\u015eKANLI\u011eI \u00d6N\u00dcNDE EYLEM YAPTI"}]},{"@type":"WebSite","@id":"https:\/\/kibrisdakik.com\/#website","url":"https:\/\/kibrisdakik.com\/","name":"","description":"Tam vaktinde haber","potentialAction":[{"@type":"SearchAction","target":{"@type":"EntryPoint","urlTemplate":"https:\/\/kibrisdakik.com\/?s={search_term_string}"},"query-input":{"@type":"PropertyValueSpecification","valueRequired":true,"valueName":"search_term_string"}}],"inLanguage":"tr"},{"@type":"Person","@id":"https:\/\/kibrisdakik.com\/#\/schema\/person\/9cd9d437bbb44f72b73ba127e06d8e79","name":"admin","image":{"@type":"ImageObject","inLanguage":"tr","@id":"https:\/\/secure.gravatar.com\/avatar\/ccc17943b9d660506c869530f897617f7cb1c21a4bf30023f252596d83e1f007?s=96&d=mm&r=g","url":"https:\/\/secure.gravatar.com\/avatar\/ccc17943b9d660506c869530f897617f7cb1c21a4bf30023f252596d83e1f007?s=96&d=mm&r=g","contentUrl":"https:\/\/secure.gravatar.com\/avatar\/ccc17943b9d660506c869530f897617f7cb1c21a4bf30023f252596d83e1f007?s=96&d=mm&r=g","caption":"admin"},"sameAs":["https:\/\/kibrisdakik.com"],"url":"https:\/\/kibrisdakik.com\/?author=1"}]}},"_links":{"self":[{"href":"https:\/\/kibrisdakik.com\/index.php?rest_route=\/wp\/v2\/posts\/99822","targetHints":{"allow":["GET"]}}],"collection":[{"href":"https:\/\/kibrisdakik.com\/index.php?rest_route=\/wp\/v2\/posts"}],"about":[{"href":"https:\/\/kibrisdakik.com\/index.php?rest_route=\/wp\/v2\/types\/post"}],"author":[{"embeddable":true,"href":"https:\/\/kibrisdakik.com\/index.php?rest_route=\/wp\/v2\/users\/1"}],"replies":[{"embeddable":true,"href":"https:\/\/kibrisdakik.com\/index.php?rest_route=%2Fwp%2Fv2%2Fcomments&post=99822"}],"version-history":[{"count":0,"href":"https:\/\/kibrisdakik.com\/index.php?rest_route=\/wp\/v2\/posts\/99822\/revisions"}],"wp:featuredmedia":[{"embeddable":true,"href":"https:\/\/kibrisdakik.com\/index.php?rest_route=\/wp\/v2\/media\/99823"}],"wp:attachment":[{"href":"https:\/\/kibrisdakik.com\/index.php?rest_route=%2Fwp%2Fv2%2Fmedia&parent=99822"}],"wp:term":[{"taxonomy":"category","embeddable":true,"href":"https:\/\/kibrisdakik.com\/index.php?rest_route=%2Fwp%2Fv2%2Fcategories&post=99822"},{"taxonomy":"post_tag","embeddable":true,"href":"https:\/\/kibrisdakik.com\/index.php?rest_route=%2Fwp%2Fv2%2Ftags&post=99822"}],"curies":[{"name":"wp","href":"https:\/\/api.w.org\/{rel}","templated":true}]}}