{"id":99824,"date":"2025-11-17T15:06:10","date_gmt":"2025-11-17T13:06:10","guid":{"rendered":"https:\/\/kibrisdakik.com\/index.php\/2025\/11\/17\/ozerdag-balkan-anayasa-mahkemeleri-forumuna-katildi\/"},"modified":"2025-11-17T15:06:10","modified_gmt":"2025-11-17T13:06:10","slug":"ozerdag-balkan-anayasa-mahkemeleri-forumuna-katildi","status":"publish","type":"post","link":"https:\/\/kibrisdakik.com\/?p=99824","title":{"rendered":"\u00d6ZERDA\u011e, BALKAN ANAYASA MAHKEMELER\u0130 FORUMU\u2019NA KATILDI"},"content":{"rendered":"<p><\/p>\n<div data-text-id=\"189811\" property=\"articleBody\">\n<p>Y\u00fcksek Mahkeme Ba\u015fkan\u0131 Bertan \u00d6zerda\u011f 13-16 Kas\u0131m 2025 tarihinde Antalya\u2019da ger\u00e7ekle\u015ftirilen Balkan Anayasa Mahkemeleri Forumu\u2019nun 3. Ola\u011fan Toplant\u0131s\u0131na kat\u0131ld\u0131. \u00d6zerda\u011f forum kapsam\u0131nda, \u0130nsan Haklar\u0131n\u0131n Standardizasyonu ve Anayasa Yarg\u0131s\u0131n\u0131n Rol\u00fc konulu uluslararas\u0131 konferansta konu\u015fma yapt\u0131.<\/p>\n<p>Konferansa, ev sahibi T\u00fcrkiye Cumhuriyeti Anayasa Mahkemesi\u2019nin yan\u0131 s\u0131ra Azerbaycan, Arnavutluk, Bulgaristan, Bosna-Hersek, Kosova, Romanya, H\u0131rvatistan, Kuzey Makedonya, Karada\u011f, Moldova Anayasa Mahkemelerinden Ba\u015fkan ve \u00dcyeleri ile Avrupa \u0130nsan Haklar\u0131 Mahkemesi Yarg\u0131\u00e7lar\u0131 kat\u0131ld\u0131. Y\u00fcksek Mahkeme Heyetinde Y\u00fcksek Mahkeme Yarg\u0131c\u0131 Talat Usar da yer ald\u0131.<\/p>\n<\/p><\/div>\n","protected":false},"excerpt":{"rendered":"<p>Y\u00fcksek Mahkeme Ba\u015fkan\u0131 Bertan \u00d6zerda\u011f 13-16 Kas\u0131m 2025 tarihinde Antalya\u2019da ger\u00e7ekle\u015ftirilen Balkan Anayasa Mahkemeleri Forumu\u2019nun 3. Ola\u011fan Toplant\u0131s\u0131na kat\u0131ld\u0131. \u00d6zerda\u011f forum kapsam\u0131nda, \u0130nsan Haklar\u0131n\u0131n Standardizasyonu ve Anayasa Yarg\u0131s\u0131n\u0131n Rol\u00fc konulu uluslararas\u0131 konferansta konu\u015fma yapt\u0131. Konferansa, ev sahibi T\u00fcrkiye Cumhuriyeti Anayasa Mahkemesi\u2019nin yan\u0131 s\u0131ra Azerbaycan, Arnavutluk, Bulgaristan, Bosna-Hersek, Kosova, Romanya, H\u0131rvatistan, Kuzey Makedonya, Karada\u011f, Moldova Anayasa<\/p>\n","protected":false},"author":1,"featured_media":99825,"comment_status":"open","ping_status":"open","sticky":false,"template":"","format":"standard","meta":{"footnotes":""},"categories":[81],"tags":[],"class_list":["post-99824","post","type-post","status-publish","format-standard","has-post-thumbnail","hentry","category-kibris"],"yoast_head":"<!-- This site is optimized with the Yoast SEO plugin v27.5 - https:\/\/yoast.com\/product\/yoast-seo-wordpress\/ -->\n<title>\u00d6ZERDA\u011e, BALKAN ANAYASA MAHKEMELER\u0130 FORUMU\u2019NA KATILDI -<\/title>\n<meta name=\"robots\" content=\"index, follow, max-snippet:-1, max-image-preview:large, max-video-preview:-1\" \/>\n<link rel=\"canonical\" href=\"https:\/\/kibrisdakik.com\/?p=99824\" \/>\n<meta property=\"og:locale\" content=\"tr_TR\" \/>\n<meta property=\"og:type\" content=\"article\" \/>\n<meta property=\"og:title\" content=\"\u00d6ZERDA\u011e, BALKAN ANAYASA MAHKEMELER\u0130 FORUMU\u2019NA KATILDI -\" \/>\n<meta property=\"og:description\" content=\"Y\u00fcksek Mahkeme Ba\u015fkan\u0131 Bertan \u00d6zerda\u011f 13-16 Kas\u0131m 2025 tarihinde Antalya\u2019da ger\u00e7ekle\u015ftirilen Balkan Anayasa Mahkemeleri Forumu\u2019nun 3. Ola\u011fan Toplant\u0131s\u0131na kat\u0131ld\u0131. \u00d6zerda\u011f forum kapsam\u0131nda, \u0130nsan Haklar\u0131n\u0131n Standardizasyonu ve Anayasa Yarg\u0131s\u0131n\u0131n Rol\u00fc konulu uluslararas\u0131 konferansta konu\u015fma yapt\u0131. Konferansa, ev sahibi T\u00fcrkiye Cumhuriyeti Anayasa Mahkemesi\u2019nin yan\u0131 s\u0131ra Azerbaycan, Arnavutluk, Bulgaristan, Bosna-Hersek, Kosova, Romanya, H\u0131rvatistan, Kuzey Makedonya, Karada\u011f, Moldova Anayasa\" \/>\n<meta property=\"og:url\" content=\"https:\/\/kibrisdakik.com\/?p=99824\" \/>\n<meta property=\"article:published_time\" content=\"2025-11-17T13:06:10+00:00\" \/>\n<meta property=\"og:image\" content=\"https:\/\/kibrisdakik.com\/wp-content\/uploads\/2025\/11\/mha-sari-beyaz-915.png\" \/>\n\t<meta property=\"og:image:width\" content=\"1280\" \/>\n\t<meta property=\"og:image:height\" content=\"720\" \/>\n\t<meta property=\"og:image:type\" content=\"image\/png\" \/>\n<meta name=\"author\" content=\"admin\" \/>\n<meta name=\"twitter:card\" content=\"summary_large_image\" \/>\n<meta name=\"twitter:label1\" content=\"Yazan:\" \/>\n\t<meta name=\"twitter:data1\" content=\"admin\" \/>\n\t<meta name=\"twitter:label2\" content=\"Tahmini okuma s\u00fcresi\" \/>\n\t<meta name=\"twitter:data2\" content=\"1 dakika\" \/>\n<script type=\"application\/ld+json\" class=\"yoast-schema-graph\">{\"@context\":\"https:\\\/\\\/schema.org\",\"@graph\":[{\"@type\":\"Article\",\"@id\":\"https:\\\/\\\/kibrisdakik.com\\\/?p=99824#article\",\"isPartOf\":{\"@id\":\"https:\\\/\\\/kibrisdakik.com\\\/?p=99824\"},\"author\":{\"name\":\"admin\",\"@id\":\"https:\\\/\\\/kibrisdakik.com\\\/#\\\/schema\\\/person\\\/9cd9d437bbb44f72b73ba127e06d8e79\"},\"headline\":\"\u00d6ZERDA\u011e, BALKAN ANAYASA MAHKEMELER\u0130 FORUMU\u2019NA KATILDI\",\"datePublished\":\"2025-11-17T13:06:10+00:00\",\"mainEntityOfPage\":{\"@id\":\"https:\\\/\\\/kibrisdakik.com\\\/?p=99824\"},\"wordCount\":110,\"commentCount\":0,\"image\":{\"@id\":\"https:\\\/\\\/kibrisdakik.com\\\/?p=99824#primaryimage\"},\"thumbnailUrl\":\"https:\\\/\\\/kibrisdakik.com\\\/wp-content\\\/uploads\\\/2025\\\/11\\\/mha-sari-beyaz-915.png\",\"articleSection\":[\"K\u0131br\u0131s\"],\"inLanguage\":\"tr\",\"potentialAction\":[{\"@type\":\"CommentAction\",\"name\":\"Comment\",\"target\":[\"https:\\\/\\\/kibrisdakik.com\\\/?p=99824#respond\"]}]},{\"@type\":\"WebPage\",\"@id\":\"https:\\\/\\\/kibrisdakik.com\\\/?p=99824\",\"url\":\"https:\\\/\\\/kibrisdakik.com\\\/?p=99824\",\"name\":\"\u00d6ZERDA\u011e, BALKAN ANAYASA MAHKEMELER\u0130 FORUMU\u2019NA KATILDI -\",\"isPartOf\":{\"@id\":\"https:\\\/\\\/kibrisdakik.com\\\/#website\"},\"primaryImageOfPage\":{\"@id\":\"https:\\\/\\\/kibrisdakik.com\\\/?p=99824#primaryimage\"},\"image\":{\"@id\":\"https:\\\/\\\/kibrisdakik.com\\\/?p=99824#primaryimage\"},\"thumbnailUrl\":\"https:\\\/\\\/kibrisdakik.com\\\/wp-content\\\/uploads\\\/2025\\\/11\\\/mha-sari-beyaz-915.png\",\"datePublished\":\"2025-11-17T13:06:10+00:00\",\"author\":{\"@id\":\"https:\\\/\\\/kibrisdakik.com\\\/#\\\/schema\\\/person\\\/9cd9d437bbb44f72b73ba127e06d8e79\"},\"breadcrumb\":{\"@id\":\"https:\\\/\\\/kibrisdakik.com\\\/?p=99824#breadcrumb\"},\"inLanguage\":\"tr\",\"potentialAction\":[{\"@type\":\"ReadAction\",\"target\":[\"https:\\\/\\\/kibrisdakik.com\\\/?p=99824\"]}]},{\"@type\":\"ImageObject\",\"inLanguage\":\"tr\",\"@id\":\"https:\\\/\\\/kibrisdakik.com\\\/?p=99824#primaryimage\",\"url\":\"https:\\\/\\\/kibrisdakik.com\\\/wp-content\\\/uploads\\\/2025\\\/11\\\/mha-sari-beyaz-915.png\",\"contentUrl\":\"https:\\\/\\\/kibrisdakik.com\\\/wp-content\\\/uploads\\\/2025\\\/11\\\/mha-sari-beyaz-915.png\",\"width\":1280,\"height\":720},{\"@type\":\"BreadcrumbList\",\"@id\":\"https:\\\/\\\/kibrisdakik.com\\\/?p=99824#breadcrumb\",\"itemListElement\":[{\"@type\":\"ListItem\",\"position\":1,\"name\":\"Home\",\"item\":\"https:\\\/\\\/kibrisdakik.com\\\/\"},{\"@type\":\"ListItem\",\"position\":2,\"name\":\"\u00d6ZERDA\u011e, BALKAN ANAYASA MAHKEMELER\u0130 FORUMU\u2019NA KATILDI\"}]},{\"@type\":\"WebSite\",\"@id\":\"https:\\\/\\\/kibrisdakik.com\\\/#website\",\"url\":\"https:\\\/\\\/kibrisdakik.com\\\/\",\"name\":\"\",\"description\":\"Tam vaktinde haber\",\"potentialAction\":[{\"@type\":\"SearchAction\",\"target\":{\"@type\":\"EntryPoint\",\"urlTemplate\":\"https:\\\/\\\/kibrisdakik.com\\\/?s={search_term_string}\"},\"query-input\":{\"@type\":\"PropertyValueSpecification\",\"valueRequired\":true,\"valueName\":\"search_term_string\"}}],\"inLanguage\":\"tr\"},{\"@type\":\"Person\",\"@id\":\"https:\\\/\\\/kibrisdakik.com\\\/#\\\/schema\\\/person\\\/9cd9d437bbb44f72b73ba127e06d8e79\",\"name\":\"admin\",\"image\":{\"@type\":\"ImageObject\",\"inLanguage\":\"tr\",\"@id\":\"https:\\\/\\\/secure.gravatar.com\\\/avatar\\\/ccc17943b9d660506c869530f897617f7cb1c21a4bf30023f252596d83e1f007?s=96&d=mm&r=g\",\"url\":\"https:\\\/\\\/secure.gravatar.com\\\/avatar\\\/ccc17943b9d660506c869530f897617f7cb1c21a4bf30023f252596d83e1f007?s=96&d=mm&r=g\",\"contentUrl\":\"https:\\\/\\\/secure.gravatar.com\\\/avatar\\\/ccc17943b9d660506c869530f897617f7cb1c21a4bf30023f252596d83e1f007?s=96&d=mm&r=g\",\"caption\":\"admin\"},\"sameAs\":[\"https:\\\/\\\/kibrisdakik.com\"],\"url\":\"https:\\\/\\\/kibrisdakik.com\\\/?author=1\"}]}<\/script>\n<!-- \/ Yoast SEO plugin. -->","yoast_head_json":{"title":"\u00d6ZERDA\u011e, BALKAN ANAYASA MAHKEMELER\u0130 FORUMU\u2019NA KATILDI -","robots":{"index":"index","follow":"follow","max-snippet":"max-snippet:-1","max-image-preview":"max-image-preview:large","max-video-preview":"max-video-preview:-1"},"canonical":"https:\/\/kibrisdakik.com\/?p=99824","og_locale":"tr_TR","og_type":"article","og_title":"\u00d6ZERDA\u011e, BALKAN ANAYASA MAHKEMELER\u0130 FORUMU\u2019NA KATILDI -","og_description":"Y\u00fcksek Mahkeme Ba\u015fkan\u0131 Bertan \u00d6zerda\u011f 13-16 Kas\u0131m 2025 tarihinde Antalya\u2019da ger\u00e7ekle\u015ftirilen Balkan Anayasa Mahkemeleri Forumu\u2019nun 3. Ola\u011fan Toplant\u0131s\u0131na kat\u0131ld\u0131. \u00d6zerda\u011f forum kapsam\u0131nda, \u0130nsan Haklar\u0131n\u0131n Standardizasyonu ve Anayasa Yarg\u0131s\u0131n\u0131n Rol\u00fc konulu uluslararas\u0131 konferansta konu\u015fma yapt\u0131. Konferansa, ev sahibi T\u00fcrkiye Cumhuriyeti Anayasa Mahkemesi\u2019nin yan\u0131 s\u0131ra Azerbaycan, Arnavutluk, Bulgaristan, Bosna-Hersek, Kosova, Romanya, H\u0131rvatistan, Kuzey Makedonya, Karada\u011f, Moldova Anayasa","og_url":"https:\/\/kibrisdakik.com\/?p=99824","article_published_time":"2025-11-17T13:06:10+00:00","og_image":[{"width":1280,"height":720,"url":"https:\/\/kibrisdakik.com\/wp-content\/uploads\/2025\/11\/mha-sari-beyaz-915.png","type":"image\/png"}],"author":"admin","twitter_card":"summary_large_image","twitter_misc":{"Yazan:":"admin","Tahmini okuma s\u00fcresi":"1 dakika"},"schema":{"@context":"https:\/\/schema.org","@graph":[{"@type":"Article","@id":"https:\/\/kibrisdakik.com\/?p=99824#article","isPartOf":{"@id":"https:\/\/kibrisdakik.com\/?p=99824"},"author":{"name":"admin","@id":"https:\/\/kibrisdakik.com\/#\/schema\/person\/9cd9d437bbb44f72b73ba127e06d8e79"},"headline":"\u00d6ZERDA\u011e, BALKAN ANAYASA MAHKEMELER\u0130 FORUMU\u2019NA KATILDI","datePublished":"2025-11-17T13:06:10+00:00","mainEntityOfPage":{"@id":"https:\/\/kibrisdakik.com\/?p=99824"},"wordCount":110,"commentCount":0,"image":{"@id":"https:\/\/kibrisdakik.com\/?p=99824#primaryimage"},"thumbnailUrl":"https:\/\/kibrisdakik.com\/wp-content\/uploads\/2025\/11\/mha-sari-beyaz-915.png","articleSection":["K\u0131br\u0131s"],"inLanguage":"tr","potentialAction":[{"@type":"CommentAction","name":"Comment","target":["https:\/\/kibrisdakik.com\/?p=99824#respond"]}]},{"@type":"WebPage","@id":"https:\/\/kibrisdakik.com\/?p=99824","url":"https:\/\/kibrisdakik.com\/?p=99824","name":"\u00d6ZERDA\u011e, BALKAN ANAYASA MAHKEMELER\u0130 FORUMU\u2019NA KATILDI -","isPartOf":{"@id":"https:\/\/kibrisdakik.com\/#website"},"primaryImageOfPage":{"@id":"https:\/\/kibrisdakik.com\/?p=99824#primaryimage"},"image":{"@id":"https:\/\/kibrisdakik.com\/?p=99824#primaryimage"},"thumbnailUrl":"https:\/\/kibrisdakik.com\/wp-content\/uploads\/2025\/11\/mha-sari-beyaz-915.png","datePublished":"2025-11-17T13:06:10+00:00","author":{"@id":"https:\/\/kibrisdakik.com\/#\/schema\/person\/9cd9d437bbb44f72b73ba127e06d8e79"},"breadcrumb":{"@id":"https:\/\/kibrisdakik.com\/?p=99824#breadcrumb"},"inLanguage":"tr","potentialAction":[{"@type":"ReadAction","target":["https:\/\/kibrisdakik.com\/?p=99824"]}]},{"@type":"ImageObject","inLanguage":"tr","@id":"https:\/\/kibrisdakik.com\/?p=99824#primaryimage","url":"https:\/\/kibrisdakik.com\/wp-content\/uploads\/2025\/11\/mha-sari-beyaz-915.png","contentUrl":"https:\/\/kibrisdakik.com\/wp-content\/uploads\/2025\/11\/mha-sari-beyaz-915.png","width":1280,"height":720},{"@type":"BreadcrumbList","@id":"https:\/\/kibrisdakik.com\/?p=99824#breadcrumb","itemListElement":[{"@type":"ListItem","position":1,"name":"Home","item":"https:\/\/kibrisdakik.com\/"},{"@type":"ListItem","position":2,"name":"\u00d6ZERDA\u011e, BALKAN ANAYASA MAHKEMELER\u0130 FORUMU\u2019NA KATILDI"}]},{"@type":"WebSite","@id":"https:\/\/kibrisdakik.com\/#website","url":"https:\/\/kibrisdakik.com\/","name":"","description":"Tam vaktinde haber","potentialAction":[{"@type":"SearchAction","target":{"@type":"EntryPoint","urlTemplate":"https:\/\/kibrisdakik.com\/?s={search_term_string}"},"query-input":{"@type":"PropertyValueSpecification","valueRequired":true,"valueName":"search_term_string"}}],"inLanguage":"tr"},{"@type":"Person","@id":"https:\/\/kibrisdakik.com\/#\/schema\/person\/9cd9d437bbb44f72b73ba127e06d8e79","name":"admin","image":{"@type":"ImageObject","inLanguage":"tr","@id":"https:\/\/secure.gravatar.com\/avatar\/ccc17943b9d660506c869530f897617f7cb1c21a4bf30023f252596d83e1f007?s=96&d=mm&r=g","url":"https:\/\/secure.gravatar.com\/avatar\/ccc17943b9d660506c869530f897617f7cb1c21a4bf30023f252596d83e1f007?s=96&d=mm&r=g","contentUrl":"https:\/\/secure.gravatar.com\/avatar\/ccc17943b9d660506c869530f897617f7cb1c21a4bf30023f252596d83e1f007?s=96&d=mm&r=g","caption":"admin"},"sameAs":["https:\/\/kibrisdakik.com"],"url":"https:\/\/kibrisdakik.com\/?author=1"}]}},"_links":{"self":[{"href":"https:\/\/kibrisdakik.com\/index.php?rest_route=\/wp\/v2\/posts\/99824","targetHints":{"allow":["GET"]}}],"collection":[{"href":"https:\/\/kibrisdakik.com\/index.php?rest_route=\/wp\/v2\/posts"}],"about":[{"href":"https:\/\/kibrisdakik.com\/index.php?rest_route=\/wp\/v2\/types\/post"}],"author":[{"embeddable":true,"href":"https:\/\/kibrisdakik.com\/index.php?rest_route=\/wp\/v2\/users\/1"}],"replies":[{"embeddable":true,"href":"https:\/\/kibrisdakik.com\/index.php?rest_route=%2Fwp%2Fv2%2Fcomments&post=99824"}],"version-history":[{"count":0,"href":"https:\/\/kibrisdakik.com\/index.php?rest_route=\/wp\/v2\/posts\/99824\/revisions"}],"wp:featuredmedia":[{"embeddable":true,"href":"https:\/\/kibrisdakik.com\/index.php?rest_route=\/wp\/v2\/media\/99825"}],"wp:attachment":[{"href":"https:\/\/kibrisdakik.com\/index.php?rest_route=%2Fwp%2Fv2%2Fmedia&parent=99824"}],"wp:term":[{"taxonomy":"category","embeddable":true,"href":"https:\/\/kibrisdakik.com\/index.php?rest_route=%2Fwp%2Fv2%2Fcategories&post=99824"},{"taxonomy":"post_tag","embeddable":true,"href":"https:\/\/kibrisdakik.com\/index.php?rest_route=%2Fwp%2Fv2%2Ftags&post=99824"}],"curies":[{"name":"wp","href":"https:\/\/api.w.org\/{rel}","templated":true}]}}