{"id":229,"count":1,"description":"","link":"https:\/\/kibrisdakik.com\/?tag=allah-kelaminin-insanlik-ile-bulustugu-gecedir","name":"Allah kelam\u0131n\u0131n insanl\u0131k ile bulu\u015ftu\u011fu gecedir","slug":"allah-kelaminin-insanlik-ile-bulustugu-gecedir","taxonomy":"post_tag","meta":[],"yoast_head":"<!-- This site is optimized with the Yoast SEO plugin v27.5 - https:\/\/yoast.com\/product\/yoast-seo-wordpress\/ -->\n<title>Allah kelam\u0131n\u0131n insanl\u0131k ile bulu\u015ftu\u011fu gecedir Archives -<\/title>\n<meta name=\"robots\" content=\"index, follow, max-snippet:-1, max-image-preview:large, max-video-preview:-1\" \/>\n<link rel=\"canonical\" href=\"https:\/\/kibrisdakik.com\/?tag=allah-kelaminin-insanlik-ile-bulustugu-gecedir\" \/>\n<meta property=\"og:locale\" content=\"tr_TR\" \/>\n<meta property=\"og:type\" content=\"article\" \/>\n<meta property=\"og:title\" content=\"Allah kelam\u0131n\u0131n insanl\u0131k ile bulu\u015ftu\u011fu gecedir Archives -\" \/>\n<meta property=\"og:url\" content=\"https:\/\/kibrisdakik.com\/?tag=allah-kelaminin-insanlik-ile-bulustugu-gecedir\" \/>\n<meta name=\"twitter:card\" content=\"summary_large_image\" \/>\n<script type=\"application\/ld+json\" class=\"yoast-schema-graph\">{\"@context\":\"https:\\\/\\\/schema.org\",\"@graph\":[{\"@type\":\"CollectionPage\",\"@id\":\"https:\\\/\\\/kibrisdakik.com\\\/?tag=allah-kelaminin-insanlik-ile-bulustugu-gecedir\",\"url\":\"https:\\\/\\\/kibrisdakik.com\\\/?tag=allah-kelaminin-insanlik-ile-bulustugu-gecedir\",\"name\":\"Allah kelam\u0131n\u0131n insanl\u0131k ile bulu\u015ftu\u011fu gecedir Archives -\",\"isPartOf\":{\"@id\":\"https:\\\/\\\/kibrisdakik.com\\\/#website\"},\"breadcrumb\":{\"@id\":\"https:\\\/\\\/kibrisdakik.com\\\/?tag=allah-kelaminin-insanlik-ile-bulustugu-gecedir#breadcrumb\"},\"inLanguage\":\"tr\"},{\"@type\":\"BreadcrumbList\",\"@id\":\"https:\\\/\\\/kibrisdakik.com\\\/?tag=allah-kelaminin-insanlik-ile-bulustugu-gecedir#breadcrumb\",\"itemListElement\":[{\"@type\":\"ListItem\",\"position\":1,\"name\":\"Home\",\"item\":\"https:\\\/\\\/kibrisdakik.com\\\/\"},{\"@type\":\"ListItem\",\"position\":2,\"name\":\"Allah kelam\u0131n\u0131n insanl\u0131k ile bulu\u015ftu\u011fu gecedir\"}]},{\"@type\":\"WebSite\",\"@id\":\"https:\\\/\\\/kibrisdakik.com\\\/#website\",\"url\":\"https:\\\/\\\/kibrisdakik.com\\\/\",\"name\":\"\",\"description\":\"Tam vaktinde haber\",\"potentialAction\":[{\"@type\":\"SearchAction\",\"target\":{\"@type\":\"EntryPoint\",\"urlTemplate\":\"https:\\\/\\\/kibrisdakik.com\\\/?s={search_term_string}\"},\"query-input\":{\"@type\":\"PropertyValueSpecification\",\"valueRequired\":true,\"valueName\":\"search_term_string\"}}],\"inLanguage\":\"tr\"}]}<\/script>\n<!-- \/ Yoast SEO plugin. -->","yoast_head_json":{"title":"Allah kelam\u0131n\u0131n insanl\u0131k ile bulu\u015ftu\u011fu gecedir Archives -","robots":{"index":"index","follow":"follow","max-snippet":"max-snippet:-1","max-image-preview":"max-image-preview:large","max-video-preview":"max-video-preview:-1"},"canonical":"https:\/\/kibrisdakik.com\/?tag=allah-kelaminin-insanlik-ile-bulustugu-gecedir","og_locale":"tr_TR","og_type":"article","og_title":"Allah kelam\u0131n\u0131n insanl\u0131k ile bulu\u015ftu\u011fu gecedir Archives -","og_url":"https:\/\/kibrisdakik.com\/?tag=allah-kelaminin-insanlik-ile-bulustugu-gecedir","twitter_card":"summary_large_image","schema":{"@context":"https:\/\/schema.org","@graph":[{"@type":"CollectionPage","@id":"https:\/\/kibrisdakik.com\/?tag=allah-kelaminin-insanlik-ile-bulustugu-gecedir","url":"https:\/\/kibrisdakik.com\/?tag=allah-kelaminin-insanlik-ile-bulustugu-gecedir","name":"Allah kelam\u0131n\u0131n insanl\u0131k ile bulu\u015ftu\u011fu gecedir Archives -","isPartOf":{"@id":"https:\/\/kibrisdakik.com\/#website"},"breadcrumb":{"@id":"https:\/\/kibrisdakik.com\/?tag=allah-kelaminin-insanlik-ile-bulustugu-gecedir#breadcrumb"},"inLanguage":"tr"},{"@type":"BreadcrumbList","@id":"https:\/\/kibrisdakik.com\/?tag=allah-kelaminin-insanlik-ile-bulustugu-gecedir#breadcrumb","itemListElement":[{"@type":"ListItem","position":1,"name":"Home","item":"https:\/\/kibrisdakik.com\/"},{"@type":"ListItem","position":2,"name":"Allah kelam\u0131n\u0131n insanl\u0131k ile bulu\u015ftu\u011fu gecedir"}]},{"@type":"WebSite","@id":"https:\/\/kibrisdakik.com\/#website","url":"https:\/\/kibrisdakik.com\/","name":"","description":"Tam vaktinde haber","potentialAction":[{"@type":"SearchAction","target":{"@type":"EntryPoint","urlTemplate":"https:\/\/kibrisdakik.com\/?s={search_term_string}"},"query-input":{"@type":"PropertyValueSpecification","valueRequired":true,"valueName":"search_term_string"}}],"inLanguage":"tr"}]}},"_links":{"self":[{"href":"https:\/\/kibrisdakik.com\/index.php?rest_route=\/wp\/v2\/tags\/229","targetHints":{"allow":["GET"]}}],"collection":[{"href":"https:\/\/kibrisdakik.com\/index.php?rest_route=\/wp\/v2\/tags"}],"about":[{"href":"https:\/\/kibrisdakik.com\/index.php?rest_route=\/wp\/v2\/taxonomies\/post_tag"}],"wp:post_type":[{"href":"https:\/\/kibrisdakik.com\/index.php?rest_route=%2Fwp%2Fv2%2Fposts&tags=229"}],"curies":[{"name":"wp","href":"https:\/\/api.w.org\/{rel}","templated":true}]}}